{"id":7702,"date":"2025-02-19T03:49:37","date_gmt":"2025-02-19T06:49:37","guid":{"rendered":"https:\/\/diariodepe.com.br\/cri\/?p=7702"},"modified":"2025-02-19T03:49:37","modified_gmt":"2025-02-19T06:49:37","slug":"quanto-mais-dependentes-forem-as-filipinas-menor-sera-suaseguranca","status":"publish","type":"post","link":"https:\/\/diariodepe.com.br\/cri\/2025\/02\/19\/quanto-mais-dependentes-forem-as-filipinas-menor-sera-suaseguranca\/","title":{"rendered":"Quanto mais \u201cdependentes\u201d forem as Filipinas, menor ser\u00e1 sua\u201cseguran\u00e7a\u201d"},"content":{"rendered":"<p><img decoding=\"async\" src=\"https:\/\/38picres.cgtn.com\/photoAlbum\/page\/performance\/img\/2025\/2\/14\/1739516884381_3.jpg\" width=\"100%\" height=\"auto\" \/><\/p>\n<p>Recentemente, altos funcion\u00e1rios das Filipinas reiteraram a compra do sistema de m\u00edsseis de m\u00e9dio alcance Typhon implantado pelos Estados Unidos em territ\u00f3rio filipino, associando a quest\u00e3o do mar do Sul da China tamb\u00e9m a essa instala\u00e7\u00e3o b\u00e9lica. As Filipinas poder\u00e3o obter a seguran\u00e7a que desejam tentando desestabilizar a quest\u00e3o do Mar do Sul da China por meio de for\u00e7as externas?<\/p>\n<p>As Filipinas buscam acelerar a moderniza\u00e7\u00e3o de sua defesa nacional por meio do\u00a0apoio\u00a0estrangeiro\u00a0e at\u00e9 mesmo esperam obter assist\u00eancia\u00a0direta\u00a0de seus aliados e parceiros ocidentais. Ao fazer isso, est\u00e3o confiando seus interesses de seguran\u00e7a nacional quase inteiramente\u00a0a terceiros.<\/p>\n<p>Para o governo filipino, a estrat\u00e9gia de \u201cdepender\u00a0de\u00a0grandes pot\u00eancias\u201d\u00a0pode trazer uma sensa\u00e7\u00e3o de seguran\u00e7a. Mas isso \u00e9 apenas uma ilus\u00e3o do governo filipino e das for\u00e7as\u00a0de\u00a0direita do pa\u00eds.<\/p>\n<p>Os analistas argumentam que a generosa promessa de seguran\u00e7a dos Estados Unidos para as Filipinas n\u00e3o passa de dissuas\u00e3o estrat\u00e9gica e considera\u00e7\u00e3o diplom\u00e1tica.<\/p>\n<p><img decoding=\"async\" src=\"https:\/\/38picres.cgtn.com\/photoAlbum\/page\/performance\/img\/2025\/2\/14\/1739516892989_145.jpg\" width=\"100%\" height=\"auto\" \/><\/p>\n<p>A estrat\u00e9gia de \u201cdepend\u00eancia\u201d\u00a0do governo filipino pode trazer \u201cconforto\u201d\u00a0para os tomadores de decis\u00e3o, mas n\u00e3o traz seguran\u00e7a para as Filipinas e at\u00e9 mesmo\u00a0pode levar a graves consequ\u00eancias. Uma\u00a0repercuss\u00e3o direta \u00e9 o impacto negativo sobre as institui\u00e7\u00f5es de seguran\u00e7a regional lideradas pelos\u00a0pa\u00edses da Associa\u00e7\u00e3o das Na\u00e7\u00f5es do Sudeste Asi\u00e1tico (Asean).<\/p>\n<p>Durante muito tempo, a Asean buscou a estrat\u00e9gia de \u201cequil\u00edbrio entre grandes pot\u00eancias\u201d e uma estrutura de seguran\u00e7a baseada no multilateralismo. Isso oferece um alicerce para que os pa\u00edses do Sudeste Asi\u00e1tico evitem uma nova Guerra Fria e enfrentem conjuntamente os desafios de seguran\u00e7a.<\/p>\n<p>Por outro lado, as Filipinas est\u00e3o tentando\u00a0alcan\u00e7ar benef\u00edcios indevidos com a ajuda de pa\u00edses fora da regi\u00e3o, provocando cont\u00ednuas disputas e causando problemas. At\u00e9 usaram\u00a0a quest\u00e3o do\u00a0mar do Sul da China como pretexto para os EUA implantarem o sistema de m\u00edsseis de m\u00e9dio alcance. Na realidade, as Filipinas est\u00e3o\u00a0transformando\u00a0o mar do Sul da China em um \u201cbarril de p\u00f3lvora\u201d.<\/p>\n<p>As Filipinas n\u00e3o poder\u00e3o garantir sua pr\u00f3pria seguran\u00e7a, mas apenas desastres, se ficaram na depend\u00eancia do Ocidente e deixarem sua defesa nacional na m\u00e3o de terceiros.<\/p>\n","protected":false},"excerpt":{"rendered":"<p>Recentemente, altos funcion\u00e1rios das Filipinas reiteraram a compra do sistema de m\u00edsseis de m\u00e9dio alcance Typhon implantado pelos Estados Unidos em territ\u00f3rio filipino, associando a quest\u00e3o do mar do Sul da China tamb\u00e9m a essa instala\u00e7\u00e3o b\u00e9lica. As Filipinas poder\u00e3o&#8230;<\/p>\n","protected":false},"author":2,"featured_media":0,"comment_status":"open","ping_status":"open","sticky":false,"template":"","format":"standard","meta":{"footnotes":""},"categories":[7],"tags":[],"class_list":["post-7702","post","type-post","status-publish","format-standard","hentry","category-visao"],"yoast_head":"<!-- This site is optimized with the Yoast SEO plugin v27.4 - https:\/\/yoast.com\/product\/yoast-seo-wordpress\/ -->\n<title>Quanto mais \u201cdependentes\u201d forem as Filipinas, menor ser\u00e1 sua\u201cseguran\u00e7a\u201d - CRI e Diario de Pernambuco<\/title>\n<meta name=\"robots\" content=\"index, follow, max-snippet:-1, max-image-preview:large, max-video-preview:-1\" \/>\n<link rel=\"canonical\" href=\"https:\/\/diariodepe.com.br\/cri\/2025\/02\/19\/quanto-mais-dependentes-forem-as-filipinas-menor-sera-suaseguranca\/\" \/>\n<meta property=\"og:locale\" content=\"pt_BR\" \/>\n<meta property=\"og:type\" content=\"article\" \/>\n<meta property=\"og:title\" content=\"Quanto mais \u201cdependentes\u201d forem as Filipinas, menor ser\u00e1 sua\u201cseguran\u00e7a\u201d - CRI e Diario de Pernambuco\" \/>\n<meta property=\"og:description\" content=\"Recentemente, altos funcion\u00e1rios das Filipinas reiteraram a compra do sistema de m\u00edsseis de m\u00e9dio alcance Typhon implantado pelos Estados Unidos em territ\u00f3rio filipino, associando a quest\u00e3o do mar do Sul da China tamb\u00e9m a essa instala\u00e7\u00e3o b\u00e9lica. As Filipinas poder\u00e3o...\" \/>\n<meta property=\"og:url\" content=\"https:\/\/diariodepe.com.br\/cri\/2025\/02\/19\/quanto-mais-dependentes-forem-as-filipinas-menor-sera-suaseguranca\/\" \/>\n<meta property=\"og:site_name\" content=\"CRI e Diario de Pernambuco\" \/>\n<meta property=\"article:published_time\" content=\"2025-02-19T06:49:37+00:00\" \/>\n<meta property=\"og:image\" content=\"https:\/\/38picres.cgtn.com\/photoAlbum\/page\/performance\/img\/2025\/2\/14\/1739516884381_3.jpg\" \/>\n<meta name=\"author\" content=\"Ismael Lucas S. Pereira\" \/>\n<meta name=\"twitter:card\" content=\"summary_large_image\" \/>\n<meta name=\"twitter:label1\" content=\"Escrito por\" \/>\n\t<meta name=\"twitter:data1\" content=\"Ismael Lucas S. Pereira\" \/>\n\t<meta name=\"twitter:label2\" content=\"Est. tempo de leitura\" \/>\n\t<meta name=\"twitter:data2\" content=\"3 minutos\" \/>\n<script type=\"application\/ld+json\" class=\"yoast-schema-graph\">{\"@context\":\"https:\\\/\\\/schema.org\",\"@graph\":[{\"@type\":\"Article\",\"@id\":\"https:\\\/\\\/diariodepe.com.br\\\/cri\\\/2025\\\/02\\\/19\\\/quanto-mais-dependentes-forem-as-filipinas-menor-sera-suaseguranca\\\/#article\",\"isPartOf\":{\"@id\":\"https:\\\/\\\/diariodepe.com.br\\\/cri\\\/2025\\\/02\\\/19\\\/quanto-mais-dependentes-forem-as-filipinas-menor-sera-suaseguranca\\\/\"},\"author\":{\"name\":\"Ismael Lucas S. Pereira\",\"@id\":\"https:\\\/\\\/diariodepe.com.br\\\/cri\\\/#\\\/schema\\\/person\\\/121bb28d84f1a5b1205ef4ce9c2e0c6b\"},\"headline\":\"Quanto mais \u201cdependentes\u201d forem as Filipinas, menor ser\u00e1 sua\u201cseguran\u00e7a\u201d\",\"datePublished\":\"2025-02-19T06:49:37+00:00\",\"mainEntityOfPage\":{\"@id\":\"https:\\\/\\\/diariodepe.com.br\\\/cri\\\/2025\\\/02\\\/19\\\/quanto-mais-dependentes-forem-as-filipinas-menor-sera-suaseguranca\\\/\"},\"wordCount\":421,\"commentCount\":0,\"publisher\":{\"@id\":\"https:\\\/\\\/diariodepe.com.br\\\/cri\\\/#organization\"},\"image\":{\"@id\":\"https:\\\/\\\/diariodepe.com.br\\\/cri\\\/2025\\\/02\\\/19\\\/quanto-mais-dependentes-forem-as-filipinas-menor-sera-suaseguranca\\\/#primaryimage\"},\"thumbnailUrl\":\"https:\\\/\\\/38picres.cgtn.com\\\/photoAlbum\\\/page\\\/performance\\\/img\\\/2025\\\/2\\\/14\\\/1739516884381_3.jpg\",\"articleSection\":[\"Vis\u00e3o\"],\"inLanguage\":\"pt-BR\",\"potentialAction\":[{\"@type\":\"CommentAction\",\"name\":\"Comment\",\"target\":[\"https:\\\/\\\/diariodepe.com.br\\\/cri\\\/2025\\\/02\\\/19\\\/quanto-mais-dependentes-forem-as-filipinas-menor-sera-suaseguranca\\\/#respond\"]}]},{\"@type\":\"WebPage\",\"@id\":\"https:\\\/\\\/diariodepe.com.br\\\/cri\\\/2025\\\/02\\\/19\\\/quanto-mais-dependentes-forem-as-filipinas-menor-sera-suaseguranca\\\/\",\"url\":\"https:\\\/\\\/diariodepe.com.br\\\/cri\\\/2025\\\/02\\\/19\\\/quanto-mais-dependentes-forem-as-filipinas-menor-sera-suaseguranca\\\/\",\"name\":\"Quanto mais \u201cdependentes\u201d forem as Filipinas, menor ser\u00e1 sua\u201cseguran\u00e7a\u201d - CRI e Diario de Pernambuco\",\"isPartOf\":{\"@id\":\"https:\\\/\\\/diariodepe.com.br\\\/cri\\\/#website\"},\"primaryImageOfPage\":{\"@id\":\"https:\\\/\\\/diariodepe.com.br\\\/cri\\\/2025\\\/02\\\/19\\\/quanto-mais-dependentes-forem-as-filipinas-menor-sera-suaseguranca\\\/#primaryimage\"},\"image\":{\"@id\":\"https:\\\/\\\/diariodepe.com.br\\\/cri\\\/2025\\\/02\\\/19\\\/quanto-mais-dependentes-forem-as-filipinas-menor-sera-suaseguranca\\\/#primaryimage\"},\"thumbnailUrl\":\"https:\\\/\\\/38picres.cgtn.com\\\/photoAlbum\\\/page\\\/performance\\\/img\\\/2025\\\/2\\\/14\\\/1739516884381_3.jpg\",\"datePublished\":\"2025-02-19T06:49:37+00:00\",\"breadcrumb\":{\"@id\":\"https:\\\/\\\/diariodepe.com.br\\\/cri\\\/2025\\\/02\\\/19\\\/quanto-mais-dependentes-forem-as-filipinas-menor-sera-suaseguranca\\\/#breadcrumb\"},\"inLanguage\":\"pt-BR\",\"potentialAction\":[{\"@type\":\"ReadAction\",\"target\":[\"https:\\\/\\\/diariodepe.com.br\\\/cri\\\/2025\\\/02\\\/19\\\/quanto-mais-dependentes-forem-as-filipinas-menor-sera-suaseguranca\\\/\"]}]},{\"@type\":\"ImageObject\",\"inLanguage\":\"pt-BR\",\"@id\":\"https:\\\/\\\/diariodepe.com.br\\\/cri\\\/2025\\\/02\\\/19\\\/quanto-mais-dependentes-forem-as-filipinas-menor-sera-suaseguranca\\\/#primaryimage\",\"url\":\"https:\\\/\\\/38picres.cgtn.com\\\/photoAlbum\\\/page\\\/performance\\\/img\\\/2025\\\/2\\\/14\\\/1739516884381_3.jpg\",\"contentUrl\":\"https:\\\/\\\/38picres.cgtn.com\\\/photoAlbum\\\/page\\\/performance\\\/img\\\/2025\\\/2\\\/14\\\/1739516884381_3.jpg\"},{\"@type\":\"BreadcrumbList\",\"@id\":\"https:\\\/\\\/diariodepe.com.br\\\/cri\\\/2025\\\/02\\\/19\\\/quanto-mais-dependentes-forem-as-filipinas-menor-sera-suaseguranca\\\/#breadcrumb\",\"itemListElement\":[{\"@type\":\"ListItem\",\"position\":1,\"name\":\"In\u00edcio\",\"item\":\"https:\\\/\\\/diariodepe.com.br\\\/cri\\\/\"},{\"@type\":\"ListItem\",\"position\":2,\"name\":\"Quanto mais \u201cdependentes\u201d forem as Filipinas, menor ser\u00e1 sua\u201cseguran\u00e7a\u201d\"}]},{\"@type\":\"WebSite\",\"@id\":\"https:\\\/\\\/diariodepe.com.br\\\/cri\\\/#website\",\"url\":\"https:\\\/\\\/diariodepe.com.br\\\/cri\\\/\",\"name\":\"CRI e Diario de Pernambuco\",\"description\":\"R\u00e1dio Internacional da China\",\"publisher\":{\"@id\":\"https:\\\/\\\/diariodepe.com.br\\\/cri\\\/#organization\"},\"potentialAction\":[{\"@type\":\"SearchAction\",\"target\":{\"@type\":\"EntryPoint\",\"urlTemplate\":\"https:\\\/\\\/diariodepe.com.br\\\/cri\\\/?s={search_term_string}\"},\"query-input\":{\"@type\":\"PropertyValueSpecification\",\"valueRequired\":true,\"valueName\":\"search_term_string\"}}],\"inLanguage\":\"pt-BR\"},{\"@type\":\"Organization\",\"@id\":\"https:\\\/\\\/diariodepe.com.br\\\/cri\\\/#organization\",\"name\":\"CRI e Diario de Pernambuco\",\"url\":\"https:\\\/\\\/diariodepe.com.br\\\/cri\\\/\",\"logo\":{\"@type\":\"ImageObject\",\"inLanguage\":\"pt-BR\",\"@id\":\"https:\\\/\\\/diariodepe.com.br\\\/cri\\\/#\\\/schema\\\/logo\\\/image\\\/\",\"url\":\"https:\\\/\\\/diariodepe.com.br\\\/cri\\\/wp-content\\\/uploads\\\/sites\\\/2\\\/2022\\\/12\\\/cropped-Logo.jpg\",\"contentUrl\":\"https:\\\/\\\/diariodepe.com.br\\\/cri\\\/wp-content\\\/uploads\\\/sites\\\/2\\\/2022\\\/12\\\/cropped-Logo.jpg\",\"width\":700,\"height\":59,\"caption\":\"CRI e Diario de Pernambuco\"},\"image\":{\"@id\":\"https:\\\/\\\/diariodepe.com.br\\\/cri\\\/#\\\/schema\\\/logo\\\/image\\\/\"}},{\"@type\":\"Person\",\"@id\":\"https:\\\/\\\/diariodepe.com.br\\\/cri\\\/#\\\/schema\\\/person\\\/121bb28d84f1a5b1205ef4ce9c2e0c6b\",\"name\":\"Ismael Lucas S. Pereira\",\"image\":{\"@type\":\"ImageObject\",\"inLanguage\":\"pt-BR\",\"@id\":\"https:\\\/\\\/secure.gravatar.com\\\/avatar\\\/887a0f3b5a7ceea963a48499fb883ffce6b5037362def025c52c2505b15d63e4?s=96&d=mm&r=g\",\"url\":\"https:\\\/\\\/secure.gravatar.com\\\/avatar\\\/887a0f3b5a7ceea963a48499fb883ffce6b5037362def025c52c2505b15d63e4?s=96&d=mm&r=g\",\"contentUrl\":\"https:\\\/\\\/secure.gravatar.com\\\/avatar\\\/887a0f3b5a7ceea963a48499fb883ffce6b5037362def025c52c2505b15d63e4?s=96&d=mm&r=g\",\"caption\":\"Ismael Lucas S. Pereira\"},\"url\":\"https:\\\/\\\/diariodepe.com.br\\\/cri\\\/author\\\/ismael-lucas\\\/\"}]}<\/script>\n<!-- \/ Yoast SEO plugin. -->","yoast_head_json":{"title":"Quanto mais \u201cdependentes\u201d forem as Filipinas, menor ser\u00e1 sua\u201cseguran\u00e7a\u201d - CRI e Diario de Pernambuco","robots":{"index":"index","follow":"follow","max-snippet":"max-snippet:-1","max-image-preview":"max-image-preview:large","max-video-preview":"max-video-preview:-1"},"canonical":"https:\/\/diariodepe.com.br\/cri\/2025\/02\/19\/quanto-mais-dependentes-forem-as-filipinas-menor-sera-suaseguranca\/","og_locale":"pt_BR","og_type":"article","og_title":"Quanto mais \u201cdependentes\u201d forem as Filipinas, menor ser\u00e1 sua\u201cseguran\u00e7a\u201d - CRI e Diario de Pernambuco","og_description":"Recentemente, altos funcion\u00e1rios das Filipinas reiteraram a compra do sistema de m\u00edsseis de m\u00e9dio alcance Typhon implantado pelos Estados Unidos em territ\u00f3rio filipino, associando a quest\u00e3o do mar do Sul da China tamb\u00e9m a essa instala\u00e7\u00e3o b\u00e9lica. As Filipinas poder\u00e3o...","og_url":"https:\/\/diariodepe.com.br\/cri\/2025\/02\/19\/quanto-mais-dependentes-forem-as-filipinas-menor-sera-suaseguranca\/","og_site_name":"CRI e Diario de Pernambuco","article_published_time":"2025-02-19T06:49:37+00:00","og_image":[{"url":"https:\/\/38picres.cgtn.com\/photoAlbum\/page\/performance\/img\/2025\/2\/14\/1739516884381_3.jpg","type":"","width":"","height":""}],"author":"Ismael Lucas S. Pereira","twitter_card":"summary_large_image","twitter_misc":{"Escrito por":"Ismael Lucas S. Pereira","Est. tempo de leitura":"3 minutos"},"schema":{"@context":"https:\/\/schema.org","@graph":[{"@type":"Article","@id":"https:\/\/diariodepe.com.br\/cri\/2025\/02\/19\/quanto-mais-dependentes-forem-as-filipinas-menor-sera-suaseguranca\/#article","isPartOf":{"@id":"https:\/\/diariodepe.com.br\/cri\/2025\/02\/19\/quanto-mais-dependentes-forem-as-filipinas-menor-sera-suaseguranca\/"},"author":{"name":"Ismael Lucas S. Pereira","@id":"https:\/\/diariodepe.com.br\/cri\/#\/schema\/person\/121bb28d84f1a5b1205ef4ce9c2e0c6b"},"headline":"Quanto mais \u201cdependentes\u201d forem as Filipinas, menor ser\u00e1 sua\u201cseguran\u00e7a\u201d","datePublished":"2025-02-19T06:49:37+00:00","mainEntityOfPage":{"@id":"https:\/\/diariodepe.com.br\/cri\/2025\/02\/19\/quanto-mais-dependentes-forem-as-filipinas-menor-sera-suaseguranca\/"},"wordCount":421,"commentCount":0,"publisher":{"@id":"https:\/\/diariodepe.com.br\/cri\/#organization"},"image":{"@id":"https:\/\/diariodepe.com.br\/cri\/2025\/02\/19\/quanto-mais-dependentes-forem-as-filipinas-menor-sera-suaseguranca\/#primaryimage"},"thumbnailUrl":"https:\/\/38picres.cgtn.com\/photoAlbum\/page\/performance\/img\/2025\/2\/14\/1739516884381_3.jpg","articleSection":["Vis\u00e3o"],"inLanguage":"pt-BR","potentialAction":[{"@type":"CommentAction","name":"Comment","target":["https:\/\/diariodepe.com.br\/cri\/2025\/02\/19\/quanto-mais-dependentes-forem-as-filipinas-menor-sera-suaseguranca\/#respond"]}]},{"@type":"WebPage","@id":"https:\/\/diariodepe.com.br\/cri\/2025\/02\/19\/quanto-mais-dependentes-forem-as-filipinas-menor-sera-suaseguranca\/","url":"https:\/\/diariodepe.com.br\/cri\/2025\/02\/19\/quanto-mais-dependentes-forem-as-filipinas-menor-sera-suaseguranca\/","name":"Quanto mais \u201cdependentes\u201d forem as Filipinas, menor ser\u00e1 sua\u201cseguran\u00e7a\u201d - CRI e Diario de Pernambuco","isPartOf":{"@id":"https:\/\/diariodepe.com.br\/cri\/#website"},"primaryImageOfPage":{"@id":"https:\/\/diariodepe.com.br\/cri\/2025\/02\/19\/quanto-mais-dependentes-forem-as-filipinas-menor-sera-suaseguranca\/#primaryimage"},"image":{"@id":"https:\/\/diariodepe.com.br\/cri\/2025\/02\/19\/quanto-mais-dependentes-forem-as-filipinas-menor-sera-suaseguranca\/#primaryimage"},"thumbnailUrl":"https:\/\/38picres.cgtn.com\/photoAlbum\/page\/performance\/img\/2025\/2\/14\/1739516884381_3.jpg","datePublished":"2025-02-19T06:49:37+00:00","breadcrumb":{"@id":"https:\/\/diariodepe.com.br\/cri\/2025\/02\/19\/quanto-mais-dependentes-forem-as-filipinas-menor-sera-suaseguranca\/#breadcrumb"},"inLanguage":"pt-BR","potentialAction":[{"@type":"ReadAction","target":["https:\/\/diariodepe.com.br\/cri\/2025\/02\/19\/quanto-mais-dependentes-forem-as-filipinas-menor-sera-suaseguranca\/"]}]},{"@type":"ImageObject","inLanguage":"pt-BR","@id":"https:\/\/diariodepe.com.br\/cri\/2025\/02\/19\/quanto-mais-dependentes-forem-as-filipinas-menor-sera-suaseguranca\/#primaryimage","url":"https:\/\/38picres.cgtn.com\/photoAlbum\/page\/performance\/img\/2025\/2\/14\/1739516884381_3.jpg","contentUrl":"https:\/\/38picres.cgtn.com\/photoAlbum\/page\/performance\/img\/2025\/2\/14\/1739516884381_3.jpg"},{"@type":"BreadcrumbList","@id":"https:\/\/diariodepe.com.br\/cri\/2025\/02\/19\/quanto-mais-dependentes-forem-as-filipinas-menor-sera-suaseguranca\/#breadcrumb","itemListElement":[{"@type":"ListItem","position":1,"name":"In\u00edcio","item":"https:\/\/diariodepe.com.br\/cri\/"},{"@type":"ListItem","position":2,"name":"Quanto mais \u201cdependentes\u201d forem as Filipinas, menor ser\u00e1 sua\u201cseguran\u00e7a\u201d"}]},{"@type":"WebSite","@id":"https:\/\/diariodepe.com.br\/cri\/#website","url":"https:\/\/diariodepe.com.br\/cri\/","name":"CRI e Diario de Pernambuco","description":"R\u00e1dio Internacional da China","publisher":{"@id":"https:\/\/diariodepe.com.br\/cri\/#organization"},"potentialAction":[{"@type":"SearchAction","target":{"@type":"EntryPoint","urlTemplate":"https:\/\/diariodepe.com.br\/cri\/?s={search_term_string}"},"query-input":{"@type":"PropertyValueSpecification","valueRequired":true,"valueName":"search_term_string"}}],"inLanguage":"pt-BR"},{"@type":"Organization","@id":"https:\/\/diariodepe.com.br\/cri\/#organization","name":"CRI e Diario de Pernambuco","url":"https:\/\/diariodepe.com.br\/cri\/","logo":{"@type":"ImageObject","inLanguage":"pt-BR","@id":"https:\/\/diariodepe.com.br\/cri\/#\/schema\/logo\/image\/","url":"https:\/\/diariodepe.com.br\/cri\/wp-content\/uploads\/sites\/2\/2022\/12\/cropped-Logo.jpg","contentUrl":"https:\/\/diariodepe.com.br\/cri\/wp-content\/uploads\/sites\/2\/2022\/12\/cropped-Logo.jpg","width":700,"height":59,"caption":"CRI e Diario de Pernambuco"},"image":{"@id":"https:\/\/diariodepe.com.br\/cri\/#\/schema\/logo\/image\/"}},{"@type":"Person","@id":"https:\/\/diariodepe.com.br\/cri\/#\/schema\/person\/121bb28d84f1a5b1205ef4ce9c2e0c6b","name":"Ismael Lucas S. Pereira","image":{"@type":"ImageObject","inLanguage":"pt-BR","@id":"https:\/\/secure.gravatar.com\/avatar\/887a0f3b5a7ceea963a48499fb883ffce6b5037362def025c52c2505b15d63e4?s=96&d=mm&r=g","url":"https:\/\/secure.gravatar.com\/avatar\/887a0f3b5a7ceea963a48499fb883ffce6b5037362def025c52c2505b15d63e4?s=96&d=mm&r=g","contentUrl":"https:\/\/secure.gravatar.com\/avatar\/887a0f3b5a7ceea963a48499fb883ffce6b5037362def025c52c2505b15d63e4?s=96&d=mm&r=g","caption":"Ismael Lucas S. Pereira"},"url":"https:\/\/diariodepe.com.br\/cri\/author\/ismael-lucas\/"}]}},"cc_featured_image_caption":{"caption_text":false,"source_text":false,"source_url":false},"amp_enabled":true,"_links":{"self":[{"href":"https:\/\/diariodepe.com.br\/cri\/wp-json\/wp\/v2\/posts\/7702","targetHints":{"allow":["GET"]}}],"collection":[{"href":"https:\/\/diariodepe.com.br\/cri\/wp-json\/wp\/v2\/posts"}],"about":[{"href":"https:\/\/diariodepe.com.br\/cri\/wp-json\/wp\/v2\/types\/post"}],"author":[{"embeddable":true,"href":"https:\/\/diariodepe.com.br\/cri\/wp-json\/wp\/v2\/users\/2"}],"replies":[{"embeddable":true,"href":"https:\/\/diariodepe.com.br\/cri\/wp-json\/wp\/v2\/comments?post=7702"}],"version-history":[{"count":1,"href":"https:\/\/diariodepe.com.br\/cri\/wp-json\/wp\/v2\/posts\/7702\/revisions"}],"predecessor-version":[{"id":7703,"href":"https:\/\/diariodepe.com.br\/cri\/wp-json\/wp\/v2\/posts\/7702\/revisions\/7703"}],"wp:attachment":[{"href":"https:\/\/diariodepe.com.br\/cri\/wp-json\/wp\/v2\/media?parent=7702"}],"wp:term":[{"taxonomy":"category","embeddable":true,"href":"https:\/\/diariodepe.com.br\/cri\/wp-json\/wp\/v2\/categories?post=7702"},{"taxonomy":"post_tag","embeddable":true,"href":"https:\/\/diariodepe.com.br\/cri\/wp-json\/wp\/v2\/tags?post=7702"}],"curies":[{"name":"wp","href":"https:\/\/api.w.org\/{rel}","templated":true}]}}