{"id":7699,"date":"2025-02-19T03:47:47","date_gmt":"2025-02-19T06:47:47","guid":{"rendered":"https:\/\/diariodepe.com.br\/cri\/?p=7699"},"modified":"2025-02-19T03:48:30","modified_gmt":"2025-02-19T06:48:30","slug":"cerimonia-de-gala-do-festival-das-lanternas-de-2025-do-cmg-ganha-repercussao-positiva","status":"publish","type":"post","link":"https:\/\/diariodepe.com.br\/cri\/2025\/02\/19\/cerimonia-de-gala-do-festival-das-lanternas-de-2025-do-cmg-ganha-repercussao-positiva\/","title":{"rendered":"Cerim\u00f4nia de Gala do Festival das Lanternas de 2025 do CMG ganha repercuss\u00e3o positiva"},"content":{"rendered":"<p><span lang=\"PT\">A cerim\u00f4nia de Gala do Festival das Lanternas de 2025, oferecida pelo Grupo de M\u00eddia da China (CMG, na sigla em ingl\u00eas), foi transmitida na noite do dia 12 com grande sucesso. Entre a lista dos termos mais procurados na internet, 168 termos eram relacionados \u00e0 festividade.<\/span><\/p>\n<p><img decoding=\"async\" src=\"https:\/\/38picres.cgtn.com\/photoAlbum\/page\/performance\/img\/2025\/2\/13\/1739444885452_332.jpg\" width=\"100%\" height=\"auto\" \/><\/p>\n<p><span lang=\"PT\">A transmiss\u00e3o ao vivo atingiu um total de 459 milh\u00f5es de pessoas, um aumento de 30% em rela\u00e7\u00e3o ao ano passado. O n\u00famero de espectadores na TV chegou a 189 milh\u00f5es, representando um acr\u00e9scimo de 12% comparativamente a 2024, enquanto o n\u00famero de transmiss\u00f5es ao vivo em novas m\u00eddias foi 270 milh\u00f5es, um aumento de 47%. Al\u00e9m disso, 1.500 tel\u00f5es em mais de 100 cidades do pa\u00eds transmitiram a cerim\u00f4nia em ultra-alta defini\u00e7\u00e3o 8K. A China Global Television Network (CGTN), parte do CMG, apresentou conte\u00fados sobre a ocasi\u00e3o em 82 idiomas. V\u00eddeos e cartazes foram divulgados em 16 pa\u00edses, incluindo Alemanha, It\u00e1lia, R\u00fassia e Ar\u00e1bia Saudita. Tudo isso transmitu a alegria festival do povo chin\u00eas a internautas de todo o mundo.<\/span><\/p>\n<p><img decoding=\"async\" src=\"https:\/\/38picres.cgtn.com\/photoAlbum\/page\/performance\/img\/2025\/2\/13\/1739444928315_629.jpg\" width=\"100%\" height=\"auto\" \/><\/p>\n","protected":false},"excerpt":{"rendered":"<p>A cerim\u00f4nia de Gala do Festival das Lanternas de 2025, oferecida pelo Grupo de M\u00eddia da China (CMG, na sigla em ingl\u00eas), foi transmitida na noite do dia 12 com grande sucesso. Entre a lista dos termos mais procurados na&#8230;<\/p>\n","protected":false},"author":2,"featured_media":0,"comment_status":"open","ping_status":"open","sticky":false,"template":"","format":"standard","meta":{"footnotes":""},"categories":[3],"tags":[],"class_list":["post-7699","post","type-post","status-publish","format-standard","hentry","category-china"],"yoast_head":"<!-- This site is optimized with the Yoast SEO plugin v27.4 - https:\/\/yoast.com\/product\/yoast-seo-wordpress\/ -->\n<title>Cerim\u00f4nia de Gala do Festival das Lanternas de 2025 do CMG ganha repercuss\u00e3o positiva - CRI e Diario de Pernambuco<\/title>\n<meta name=\"robots\" content=\"index, follow, max-snippet:-1, max-image-preview:large, max-video-preview:-1\" \/>\n<link rel=\"canonical\" href=\"https:\/\/diariodepe.com.br\/cri\/2025\/02\/19\/cerimonia-de-gala-do-festival-das-lanternas-de-2025-do-cmg-ganha-repercussao-positiva\/\" \/>\n<meta property=\"og:locale\" content=\"pt_BR\" \/>\n<meta property=\"og:type\" content=\"article\" \/>\n<meta property=\"og:title\" content=\"Cerim\u00f4nia de Gala do Festival das Lanternas de 2025 do CMG ganha repercuss\u00e3o positiva - CRI e Diario de Pernambuco\" \/>\n<meta property=\"og:description\" content=\"A cerim\u00f4nia de Gala do Festival das Lanternas de 2025, oferecida pelo Grupo de M\u00eddia da China (CMG, na sigla em ingl\u00eas), foi transmitida na noite do dia 12 com grande sucesso. Entre a lista dos termos mais procurados na...\" \/>\n<meta property=\"og:url\" content=\"https:\/\/diariodepe.com.br\/cri\/2025\/02\/19\/cerimonia-de-gala-do-festival-das-lanternas-de-2025-do-cmg-ganha-repercussao-positiva\/\" \/>\n<meta property=\"og:site_name\" content=\"CRI e Diario de Pernambuco\" \/>\n<meta property=\"article:published_time\" content=\"2025-02-19T06:47:47+00:00\" \/>\n<meta property=\"article:modified_time\" content=\"2025-02-19T06:48:30+00:00\" \/>\n<meta property=\"og:image\" content=\"https:\/\/38picres.cgtn.com\/photoAlbum\/page\/performance\/img\/2025\/2\/13\/1739444885452_332.jpg\" \/>\n<meta name=\"author\" content=\"Ismael Lucas S. Pereira\" \/>\n<meta name=\"twitter:card\" content=\"summary_large_image\" \/>\n<meta name=\"twitter:label1\" content=\"Escrito por\" \/>\n\t<meta name=\"twitter:data1\" content=\"Ismael Lucas S. Pereira\" \/>\n\t<meta name=\"twitter:label2\" content=\"Est. tempo de leitura\" \/>\n\t<meta name=\"twitter:data2\" content=\"2 minutos\" \/>\n<script type=\"application\/ld+json\" class=\"yoast-schema-graph\">{\"@context\":\"https:\\\/\\\/schema.org\",\"@graph\":[{\"@type\":\"Article\",\"@id\":\"https:\\\/\\\/diariodepe.com.br\\\/cri\\\/2025\\\/02\\\/19\\\/cerimonia-de-gala-do-festival-das-lanternas-de-2025-do-cmg-ganha-repercussao-positiva\\\/#article\",\"isPartOf\":{\"@id\":\"https:\\\/\\\/diariodepe.com.br\\\/cri\\\/2025\\\/02\\\/19\\\/cerimonia-de-gala-do-festival-das-lanternas-de-2025-do-cmg-ganha-repercussao-positiva\\\/\"},\"author\":{\"name\":\"Ismael Lucas S. Pereira\",\"@id\":\"https:\\\/\\\/diariodepe.com.br\\\/cri\\\/#\\\/schema\\\/person\\\/121bb28d84f1a5b1205ef4ce9c2e0c6b\"},\"headline\":\"Cerim\u00f4nia de Gala do Festival das Lanternas de 2025 do CMG ganha repercuss\u00e3o positiva\",\"datePublished\":\"2025-02-19T06:47:47+00:00\",\"dateModified\":\"2025-02-19T06:48:30+00:00\",\"mainEntityOfPage\":{\"@id\":\"https:\\\/\\\/diariodepe.com.br\\\/cri\\\/2025\\\/02\\\/19\\\/cerimonia-de-gala-do-festival-das-lanternas-de-2025-do-cmg-ganha-repercussao-positiva\\\/\"},\"wordCount\":194,\"commentCount\":0,\"publisher\":{\"@id\":\"https:\\\/\\\/diariodepe.com.br\\\/cri\\\/#organization\"},\"image\":{\"@id\":\"https:\\\/\\\/diariodepe.com.br\\\/cri\\\/2025\\\/02\\\/19\\\/cerimonia-de-gala-do-festival-das-lanternas-de-2025-do-cmg-ganha-repercussao-positiva\\\/#primaryimage\"},\"thumbnailUrl\":\"https:\\\/\\\/38picres.cgtn.com\\\/photoAlbum\\\/page\\\/performance\\\/img\\\/2025\\\/2\\\/13\\\/1739444885452_332.jpg\",\"articleSection\":[\"China\"],\"inLanguage\":\"pt-BR\",\"potentialAction\":[{\"@type\":\"CommentAction\",\"name\":\"Comment\",\"target\":[\"https:\\\/\\\/diariodepe.com.br\\\/cri\\\/2025\\\/02\\\/19\\\/cerimonia-de-gala-do-festival-das-lanternas-de-2025-do-cmg-ganha-repercussao-positiva\\\/#respond\"]}]},{\"@type\":\"WebPage\",\"@id\":\"https:\\\/\\\/diariodepe.com.br\\\/cri\\\/2025\\\/02\\\/19\\\/cerimonia-de-gala-do-festival-das-lanternas-de-2025-do-cmg-ganha-repercussao-positiva\\\/\",\"url\":\"https:\\\/\\\/diariodepe.com.br\\\/cri\\\/2025\\\/02\\\/19\\\/cerimonia-de-gala-do-festival-das-lanternas-de-2025-do-cmg-ganha-repercussao-positiva\\\/\",\"name\":\"Cerim\u00f4nia de Gala do Festival das Lanternas de 2025 do CMG ganha repercuss\u00e3o positiva - CRI e Diario de Pernambuco\",\"isPartOf\":{\"@id\":\"https:\\\/\\\/diariodepe.com.br\\\/cri\\\/#website\"},\"primaryImageOfPage\":{\"@id\":\"https:\\\/\\\/diariodepe.com.br\\\/cri\\\/2025\\\/02\\\/19\\\/cerimonia-de-gala-do-festival-das-lanternas-de-2025-do-cmg-ganha-repercussao-positiva\\\/#primaryimage\"},\"image\":{\"@id\":\"https:\\\/\\\/diariodepe.com.br\\\/cri\\\/2025\\\/02\\\/19\\\/cerimonia-de-gala-do-festival-das-lanternas-de-2025-do-cmg-ganha-repercussao-positiva\\\/#primaryimage\"},\"thumbnailUrl\":\"https:\\\/\\\/38picres.cgtn.com\\\/photoAlbum\\\/page\\\/performance\\\/img\\\/2025\\\/2\\\/13\\\/1739444885452_332.jpg\",\"datePublished\":\"2025-02-19T06:47:47+00:00\",\"dateModified\":\"2025-02-19T06:48:30+00:00\",\"breadcrumb\":{\"@id\":\"https:\\\/\\\/diariodepe.com.br\\\/cri\\\/2025\\\/02\\\/19\\\/cerimonia-de-gala-do-festival-das-lanternas-de-2025-do-cmg-ganha-repercussao-positiva\\\/#breadcrumb\"},\"inLanguage\":\"pt-BR\",\"potentialAction\":[{\"@type\":\"ReadAction\",\"target\":[\"https:\\\/\\\/diariodepe.com.br\\\/cri\\\/2025\\\/02\\\/19\\\/cerimonia-de-gala-do-festival-das-lanternas-de-2025-do-cmg-ganha-repercussao-positiva\\\/\"]}]},{\"@type\":\"ImageObject\",\"inLanguage\":\"pt-BR\",\"@id\":\"https:\\\/\\\/diariodepe.com.br\\\/cri\\\/2025\\\/02\\\/19\\\/cerimonia-de-gala-do-festival-das-lanternas-de-2025-do-cmg-ganha-repercussao-positiva\\\/#primaryimage\",\"url\":\"https:\\\/\\\/38picres.cgtn.com\\\/photoAlbum\\\/page\\\/performance\\\/img\\\/2025\\\/2\\\/13\\\/1739444885452_332.jpg\",\"contentUrl\":\"https:\\\/\\\/38picres.cgtn.com\\\/photoAlbum\\\/page\\\/performance\\\/img\\\/2025\\\/2\\\/13\\\/1739444885452_332.jpg\"},{\"@type\":\"BreadcrumbList\",\"@id\":\"https:\\\/\\\/diariodepe.com.br\\\/cri\\\/2025\\\/02\\\/19\\\/cerimonia-de-gala-do-festival-das-lanternas-de-2025-do-cmg-ganha-repercussao-positiva\\\/#breadcrumb\",\"itemListElement\":[{\"@type\":\"ListItem\",\"position\":1,\"name\":\"In\u00edcio\",\"item\":\"https:\\\/\\\/diariodepe.com.br\\\/cri\\\/\"},{\"@type\":\"ListItem\",\"position\":2,\"name\":\"Cerim\u00f4nia de Gala do Festival das Lanternas de 2025 do CMG ganha repercuss\u00e3o positiva\"}]},{\"@type\":\"WebSite\",\"@id\":\"https:\\\/\\\/diariodepe.com.br\\\/cri\\\/#website\",\"url\":\"https:\\\/\\\/diariodepe.com.br\\\/cri\\\/\",\"name\":\"CRI e Diario de Pernambuco\",\"description\":\"R\u00e1dio Internacional da China\",\"publisher\":{\"@id\":\"https:\\\/\\\/diariodepe.com.br\\\/cri\\\/#organization\"},\"potentialAction\":[{\"@type\":\"SearchAction\",\"target\":{\"@type\":\"EntryPoint\",\"urlTemplate\":\"https:\\\/\\\/diariodepe.com.br\\\/cri\\\/?s={search_term_string}\"},\"query-input\":{\"@type\":\"PropertyValueSpecification\",\"valueRequired\":true,\"valueName\":\"search_term_string\"}}],\"inLanguage\":\"pt-BR\"},{\"@type\":\"Organization\",\"@id\":\"https:\\\/\\\/diariodepe.com.br\\\/cri\\\/#organization\",\"name\":\"CRI e Diario de Pernambuco\",\"url\":\"https:\\\/\\\/diariodepe.com.br\\\/cri\\\/\",\"logo\":{\"@type\":\"ImageObject\",\"inLanguage\":\"pt-BR\",\"@id\":\"https:\\\/\\\/diariodepe.com.br\\\/cri\\\/#\\\/schema\\\/logo\\\/image\\\/\",\"url\":\"https:\\\/\\\/diariodepe.com.br\\\/cri\\\/wp-content\\\/uploads\\\/sites\\\/2\\\/2022\\\/12\\\/cropped-Logo.jpg\",\"contentUrl\":\"https:\\\/\\\/diariodepe.com.br\\\/cri\\\/wp-content\\\/uploads\\\/sites\\\/2\\\/2022\\\/12\\\/cropped-Logo.jpg\",\"width\":700,\"height\":59,\"caption\":\"CRI e Diario de Pernambuco\"},\"image\":{\"@id\":\"https:\\\/\\\/diariodepe.com.br\\\/cri\\\/#\\\/schema\\\/logo\\\/image\\\/\"}},{\"@type\":\"Person\",\"@id\":\"https:\\\/\\\/diariodepe.com.br\\\/cri\\\/#\\\/schema\\\/person\\\/121bb28d84f1a5b1205ef4ce9c2e0c6b\",\"name\":\"Ismael Lucas S. Pereira\",\"image\":{\"@type\":\"ImageObject\",\"inLanguage\":\"pt-BR\",\"@id\":\"https:\\\/\\\/secure.gravatar.com\\\/avatar\\\/887a0f3b5a7ceea963a48499fb883ffce6b5037362def025c52c2505b15d63e4?s=96&d=mm&r=g\",\"url\":\"https:\\\/\\\/secure.gravatar.com\\\/avatar\\\/887a0f3b5a7ceea963a48499fb883ffce6b5037362def025c52c2505b15d63e4?s=96&d=mm&r=g\",\"contentUrl\":\"https:\\\/\\\/secure.gravatar.com\\\/avatar\\\/887a0f3b5a7ceea963a48499fb883ffce6b5037362def025c52c2505b15d63e4?s=96&d=mm&r=g\",\"caption\":\"Ismael Lucas S. Pereira\"},\"url\":\"https:\\\/\\\/diariodepe.com.br\\\/cri\\\/author\\\/ismael-lucas\\\/\"}]}<\/script>\n<!-- \/ Yoast SEO plugin. -->","yoast_head_json":{"title":"Cerim\u00f4nia de Gala do Festival das Lanternas de 2025 do CMG ganha repercuss\u00e3o positiva - CRI e Diario de Pernambuco","robots":{"index":"index","follow":"follow","max-snippet":"max-snippet:-1","max-image-preview":"max-image-preview:large","max-video-preview":"max-video-preview:-1"},"canonical":"https:\/\/diariodepe.com.br\/cri\/2025\/02\/19\/cerimonia-de-gala-do-festival-das-lanternas-de-2025-do-cmg-ganha-repercussao-positiva\/","og_locale":"pt_BR","og_type":"article","og_title":"Cerim\u00f4nia de Gala do Festival das Lanternas de 2025 do CMG ganha repercuss\u00e3o positiva - CRI e Diario de Pernambuco","og_description":"A cerim\u00f4nia de Gala do Festival das Lanternas de 2025, oferecida pelo Grupo de M\u00eddia da China (CMG, na sigla em ingl\u00eas), foi transmitida na noite do dia 12 com grande sucesso. Entre a lista dos termos mais procurados na...","og_url":"https:\/\/diariodepe.com.br\/cri\/2025\/02\/19\/cerimonia-de-gala-do-festival-das-lanternas-de-2025-do-cmg-ganha-repercussao-positiva\/","og_site_name":"CRI e Diario de Pernambuco","article_published_time":"2025-02-19T06:47:47+00:00","article_modified_time":"2025-02-19T06:48:30+00:00","og_image":[{"url":"https:\/\/38picres.cgtn.com\/photoAlbum\/page\/performance\/img\/2025\/2\/13\/1739444885452_332.jpg","type":"","width":"","height":""}],"author":"Ismael Lucas S. Pereira","twitter_card":"summary_large_image","twitter_misc":{"Escrito por":"Ismael Lucas S. Pereira","Est. tempo de leitura":"2 minutos"},"schema":{"@context":"https:\/\/schema.org","@graph":[{"@type":"Article","@id":"https:\/\/diariodepe.com.br\/cri\/2025\/02\/19\/cerimonia-de-gala-do-festival-das-lanternas-de-2025-do-cmg-ganha-repercussao-positiva\/#article","isPartOf":{"@id":"https:\/\/diariodepe.com.br\/cri\/2025\/02\/19\/cerimonia-de-gala-do-festival-das-lanternas-de-2025-do-cmg-ganha-repercussao-positiva\/"},"author":{"name":"Ismael Lucas S. Pereira","@id":"https:\/\/diariodepe.com.br\/cri\/#\/schema\/person\/121bb28d84f1a5b1205ef4ce9c2e0c6b"},"headline":"Cerim\u00f4nia de Gala do Festival das Lanternas de 2025 do CMG ganha repercuss\u00e3o positiva","datePublished":"2025-02-19T06:47:47+00:00","dateModified":"2025-02-19T06:48:30+00:00","mainEntityOfPage":{"@id":"https:\/\/diariodepe.com.br\/cri\/2025\/02\/19\/cerimonia-de-gala-do-festival-das-lanternas-de-2025-do-cmg-ganha-repercussao-positiva\/"},"wordCount":194,"commentCount":0,"publisher":{"@id":"https:\/\/diariodepe.com.br\/cri\/#organization"},"image":{"@id":"https:\/\/diariodepe.com.br\/cri\/2025\/02\/19\/cerimonia-de-gala-do-festival-das-lanternas-de-2025-do-cmg-ganha-repercussao-positiva\/#primaryimage"},"thumbnailUrl":"https:\/\/38picres.cgtn.com\/photoAlbum\/page\/performance\/img\/2025\/2\/13\/1739444885452_332.jpg","articleSection":["China"],"inLanguage":"pt-BR","potentialAction":[{"@type":"CommentAction","name":"Comment","target":["https:\/\/diariodepe.com.br\/cri\/2025\/02\/19\/cerimonia-de-gala-do-festival-das-lanternas-de-2025-do-cmg-ganha-repercussao-positiva\/#respond"]}]},{"@type":"WebPage","@id":"https:\/\/diariodepe.com.br\/cri\/2025\/02\/19\/cerimonia-de-gala-do-festival-das-lanternas-de-2025-do-cmg-ganha-repercussao-positiva\/","url":"https:\/\/diariodepe.com.br\/cri\/2025\/02\/19\/cerimonia-de-gala-do-festival-das-lanternas-de-2025-do-cmg-ganha-repercussao-positiva\/","name":"Cerim\u00f4nia de Gala do Festival das Lanternas de 2025 do CMG ganha repercuss\u00e3o positiva - CRI e Diario de Pernambuco","isPartOf":{"@id":"https:\/\/diariodepe.com.br\/cri\/#website"},"primaryImageOfPage":{"@id":"https:\/\/diariodepe.com.br\/cri\/2025\/02\/19\/cerimonia-de-gala-do-festival-das-lanternas-de-2025-do-cmg-ganha-repercussao-positiva\/#primaryimage"},"image":{"@id":"https:\/\/diariodepe.com.br\/cri\/2025\/02\/19\/cerimonia-de-gala-do-festival-das-lanternas-de-2025-do-cmg-ganha-repercussao-positiva\/#primaryimage"},"thumbnailUrl":"https:\/\/38picres.cgtn.com\/photoAlbum\/page\/performance\/img\/2025\/2\/13\/1739444885452_332.jpg","datePublished":"2025-02-19T06:47:47+00:00","dateModified":"2025-02-19T06:48:30+00:00","breadcrumb":{"@id":"https:\/\/diariodepe.com.br\/cri\/2025\/02\/19\/cerimonia-de-gala-do-festival-das-lanternas-de-2025-do-cmg-ganha-repercussao-positiva\/#breadcrumb"},"inLanguage":"pt-BR","potentialAction":[{"@type":"ReadAction","target":["https:\/\/diariodepe.com.br\/cri\/2025\/02\/19\/cerimonia-de-gala-do-festival-das-lanternas-de-2025-do-cmg-ganha-repercussao-positiva\/"]}]},{"@type":"ImageObject","inLanguage":"pt-BR","@id":"https:\/\/diariodepe.com.br\/cri\/2025\/02\/19\/cerimonia-de-gala-do-festival-das-lanternas-de-2025-do-cmg-ganha-repercussao-positiva\/#primaryimage","url":"https:\/\/38picres.cgtn.com\/photoAlbum\/page\/performance\/img\/2025\/2\/13\/1739444885452_332.jpg","contentUrl":"https:\/\/38picres.cgtn.com\/photoAlbum\/page\/performance\/img\/2025\/2\/13\/1739444885452_332.jpg"},{"@type":"BreadcrumbList","@id":"https:\/\/diariodepe.com.br\/cri\/2025\/02\/19\/cerimonia-de-gala-do-festival-das-lanternas-de-2025-do-cmg-ganha-repercussao-positiva\/#breadcrumb","itemListElement":[{"@type":"ListItem","position":1,"name":"In\u00edcio","item":"https:\/\/diariodepe.com.br\/cri\/"},{"@type":"ListItem","position":2,"name":"Cerim\u00f4nia de Gala do Festival das Lanternas de 2025 do CMG ganha repercuss\u00e3o positiva"}]},{"@type":"WebSite","@id":"https:\/\/diariodepe.com.br\/cri\/#website","url":"https:\/\/diariodepe.com.br\/cri\/","name":"CRI e Diario de Pernambuco","description":"R\u00e1dio Internacional da China","publisher":{"@id":"https:\/\/diariodepe.com.br\/cri\/#organization"},"potentialAction":[{"@type":"SearchAction","target":{"@type":"EntryPoint","urlTemplate":"https:\/\/diariodepe.com.br\/cri\/?s={search_term_string}"},"query-input":{"@type":"PropertyValueSpecification","valueRequired":true,"valueName":"search_term_string"}}],"inLanguage":"pt-BR"},{"@type":"Organization","@id":"https:\/\/diariodepe.com.br\/cri\/#organization","name":"CRI e Diario de Pernambuco","url":"https:\/\/diariodepe.com.br\/cri\/","logo":{"@type":"ImageObject","inLanguage":"pt-BR","@id":"https:\/\/diariodepe.com.br\/cri\/#\/schema\/logo\/image\/","url":"https:\/\/diariodepe.com.br\/cri\/wp-content\/uploads\/sites\/2\/2022\/12\/cropped-Logo.jpg","contentUrl":"https:\/\/diariodepe.com.br\/cri\/wp-content\/uploads\/sites\/2\/2022\/12\/cropped-Logo.jpg","width":700,"height":59,"caption":"CRI e Diario de Pernambuco"},"image":{"@id":"https:\/\/diariodepe.com.br\/cri\/#\/schema\/logo\/image\/"}},{"@type":"Person","@id":"https:\/\/diariodepe.com.br\/cri\/#\/schema\/person\/121bb28d84f1a5b1205ef4ce9c2e0c6b","name":"Ismael Lucas S. Pereira","image":{"@type":"ImageObject","inLanguage":"pt-BR","@id":"https:\/\/secure.gravatar.com\/avatar\/887a0f3b5a7ceea963a48499fb883ffce6b5037362def025c52c2505b15d63e4?s=96&d=mm&r=g","url":"https:\/\/secure.gravatar.com\/avatar\/887a0f3b5a7ceea963a48499fb883ffce6b5037362def025c52c2505b15d63e4?s=96&d=mm&r=g","contentUrl":"https:\/\/secure.gravatar.com\/avatar\/887a0f3b5a7ceea963a48499fb883ffce6b5037362def025c52c2505b15d63e4?s=96&d=mm&r=g","caption":"Ismael Lucas S. Pereira"},"url":"https:\/\/diariodepe.com.br\/cri\/author\/ismael-lucas\/"}]}},"cc_featured_image_caption":{"caption_text":false,"source_text":false,"source_url":false},"amp_enabled":true,"_links":{"self":[{"href":"https:\/\/diariodepe.com.br\/cri\/wp-json\/wp\/v2\/posts\/7699","targetHints":{"allow":["GET"]}}],"collection":[{"href":"https:\/\/diariodepe.com.br\/cri\/wp-json\/wp\/v2\/posts"}],"about":[{"href":"https:\/\/diariodepe.com.br\/cri\/wp-json\/wp\/v2\/types\/post"}],"author":[{"embeddable":true,"href":"https:\/\/diariodepe.com.br\/cri\/wp-json\/wp\/v2\/users\/2"}],"replies":[{"embeddable":true,"href":"https:\/\/diariodepe.com.br\/cri\/wp-json\/wp\/v2\/comments?post=7699"}],"version-history":[{"count":2,"href":"https:\/\/diariodepe.com.br\/cri\/wp-json\/wp\/v2\/posts\/7699\/revisions"}],"predecessor-version":[{"id":7701,"href":"https:\/\/diariodepe.com.br\/cri\/wp-json\/wp\/v2\/posts\/7699\/revisions\/7701"}],"wp:attachment":[{"href":"https:\/\/diariodepe.com.br\/cri\/wp-json\/wp\/v2\/media?parent=7699"}],"wp:term":[{"taxonomy":"category","embeddable":true,"href":"https:\/\/diariodepe.com.br\/cri\/wp-json\/wp\/v2\/categories?post=7699"},{"taxonomy":"post_tag","embeddable":true,"href":"https:\/\/diariodepe.com.br\/cri\/wp-json\/wp\/v2\/tags?post=7699"}],"curies":[{"name":"wp","href":"https:\/\/api.w.org\/{rel}","templated":true}]}}