{"id":769,"date":"2023-03-08T04:12:34","date_gmt":"2023-03-08T07:12:34","guid":{"rendered":"https:\/\/diariodepe.com.br\/cri\/?p=769"},"modified":"2023-03-08T04:12:34","modified_gmt":"2023-03-08T07:12:34","slug":"as-duas-sessoes-de-2023-apontam-desenvolvimento-acelerado-e-mais-modernizacao-chinesa","status":"publish","type":"post","link":"https:\/\/diariodepe.com.br\/cri\/2023\/03\/08\/as-duas-sessoes-de-2023-apontam-desenvolvimento-acelerado-e-mais-modernizacao-chinesa\/","title":{"rendered":"As Duas Sess\u00f5es de 2023 apontam desenvolvimento acelerado e mais moderniza\u00e7\u00e3o chinesa"},"content":{"rendered":"<p data-spm-anchor-id=\"C01117136916.PUoYIZHP5ADB.0.i2\">Come\u00e7aram no \u00faltimo fim de semana (4 e 5 de mar\u00e7o) dois eventos magnos da democracia socialista na China: a 1 Sess\u00e3o Anual do 14\u00ba do Comit\u00ea Nacional da Confer\u00eancia Consultiva Pol\u00edtica do Povo Chin\u00eas (CCPPCh), a mais alta organiza\u00e7\u00e3o consultiva da Rep\u00fablica Popular da China, express\u00e3o da democracia popular, da unidade do povo e da vontade nacional; e a 1 Sess\u00e3o Anual da 14\u00aa Assembleia Popular Nacional (APN), o \u00f3rg\u00e3o legislativo, que elabora e aprova as leis que regulam a vida do pa\u00eds e consubstanciam a a\u00e7\u00e3o multissetorial do governo.<\/p>\n<p>At\u00e9 o pr\u00f3ximo dia 13 de mar\u00e7o, as Duas Sess\u00f5es concentram as aten\u00e7\u00f5es do povo chin\u00eas, que alimenta as mais positivas expectativas sobre as medidas que ser\u00e3o aprovadas, com impacto no desenvolvimento econ\u00f4mico-social do pa\u00eds e no aperfei\u00e7oamento das institui\u00e7\u00f5es.<\/p>\n<p>As Duas Sess\u00f5es de 2023 dar\u00e3o impulso \u00e0 implementa\u00e7\u00e3o das decis\u00f5es do 20\u00ba Congresso Nacional do Partido Comunista da China, que orientou no sentido da moderniza\u00e7\u00e3o chinesa. Nelas est\u00e3o concentradas as grandes virtudes do socialismo com caracter\u00edsticas chinesas na nova era, nelas se expressam as grandes aspira\u00e7\u00f5es do povo chin\u00eas, a for\u00e7a das suas ideias e a capacidade das suas institui\u00e7\u00f5es.<\/p>\n<p>As delibera\u00e7\u00f5es da CCPPCh e da APN sinalizam no sentido da retomada do crescimento acelerado e da moderniza\u00e7\u00e3o chinesa. Nos \u00faltimos tr\u00eas anos ocorreram fatos inesperados e desafiadores. N\u00e3o foram poucos os impactos da pandemia de Covid-19, assim como os efeitos da instabilidade global, das turbul\u00eancias pol\u00edticas mundiais e dos conflitos geopol\u00edticos.<\/p>\n<p>Felizmente, gra\u00e7as \u00e0s justas orienta\u00e7\u00f5es do Partido Comunista da China e do Governo da Rep\u00fablica Popular da China, o pa\u00eds alcan\u00e7ou importante vit\u00f3ria sobre a pandemia e avan\u00e7ou na constru\u00e7\u00e3o de uma sociedade moderadamente pr\u00f3spera.<\/p>\n<p>No informe apresentado pelo primeiro-ministro Li Keqiang h\u00e1 impressionantes dados socioecon\u00f4micos que demonstram a pujan\u00e7a do desenvolvimento da China. Ao fazer o balan\u00e7o dos \u00faltimos cinco anos de governo, o primeiro-ministro informou que o PIB do pa\u00eds aumentou para 18 trilh\u00f5es de d\u00f3lares, a uma taxa m\u00e9dia de crescimento anual de 5,2%. O crescimento da economia resultou na cria\u00e7\u00e3o de 12,7 milh\u00f5es de novos empregos em cidades e regi\u00f5es urbanas. A vitalidade da pol\u00edtica social do governo se expressou na retirada da pobreza de cerca de 100 milh\u00f5es de residentes de \u00e1reas rurais. Destaque-se que 32 milh\u00f5es de trabalhadores que deixaram a pobreza conseguiram empregos. Evidencia-se que o aspecto mais nobre da constru\u00e7\u00e3o do socialismo com caracter\u00edsticas chinesas \u00e9 a busca do desenvolvimento econ\u00f4mico com resultados positivos na vida do povo. \u00c9 um dos maiores exemplos de que na China o povo est\u00e1 em primeiro lugar e os direitos humanos s\u00e3o assegurados naquilo que estes t\u00eam de essencial &#8211; o direito \u00e0 vida.<\/p>\n<p>Not\u00edcia auspiciosa trazida pelo primeiro-ministro Li Keqiang no informe que apresentou durante a sess\u00e3o inaugural da Assembleia Popular Nacional \u00e9 a fixa\u00e7\u00e3o da meta de crescimento do PIB em cerca de 5% para 2023, numa clara demonstra\u00e7\u00e3o de que o pa\u00eds est\u00e1 confiante na recupera\u00e7\u00e3o econ\u00f4mica e que esta ter\u00e1 reflexo direto no emprego. Ser\u00e3o criados mais de 12 milh\u00f5es de novos empregos em cidades e regi\u00f5es urbanas. Esta meta de crescimento aponta tamb\u00e9m na dire\u00e7\u00e3o do equil\u00edbrio da economia, em meio \u00e0s incertezas que pairam sobre todos os pa\u00edses ainda imersos na instabilidade econ\u00f4mica. Este aspecto salienta-se ainda mais quando se observa o quadro de inseguran\u00e7a geopol\u00edtica devido ao conflito militar no Leste da Europa e a outros focos de turbul\u00eancia em diferentes partes do mundo, por provoca\u00e7\u00e3o de pot\u00eancias que aspiram \u00e0 hegemonia em detrimento da paz mundial e da autodetermina\u00e7\u00e3o dos povos.<\/p>\n<p>A meta de crescimento fixada ratifica que a China se mant\u00e9m como uma das principais economias do mundo, com crescimento robusto, em contraste com os perigos de recess\u00e3o ou baixo crescimento de grandes economias como a dos EUA e da Uni\u00e3o Europeia.<\/p>\n<p>Dessa maneira, a China continua dando uma grande contribui\u00e7\u00e3o para o mundo, porquanto, com essa meta de crescimento, o pa\u00eds permanece como um importante impulsionador do crescimento econ\u00f4mico global.<\/p>\n<p>O informe do primeiro-ministro chin\u00eas tamb\u00e9m traz not\u00edcias alvissareiras sobre a acelera\u00e7\u00e3o do processo de moderniza\u00e7\u00e3o do sistema industrial. Li Keqiang fez um chamamento por esfor\u00e7os a fim de alcan\u00e7ar avan\u00e7os nas tecnologias essenciais em campos-chave, o que deve resultar em maiores esfor\u00e7os para explorar e desenvolver importantes recursos energ\u00e9ticos e minerais, descobrir mais reservas e aumentar a produ\u00e7\u00e3o.<\/p>\n<p>No per\u00edodo que se abre agora, a China vai acelerar a digitaliza\u00e7\u00e3o das ind\u00fastrias tradicionais e das pequenas e m\u00e9dias empresas para torn\u00e1-las mais modernas, mais inteligentes e mais ecol\u00f3gicas. Pesquisa e desenvolvimento e a aplica\u00e7\u00e3o de tecnologias de ponta devem ser acelerados, e deve melhorar o sistema log\u00edstico moderno. Tais orienta\u00e7\u00f5es assumem import\u00e2ncia crucial para o desenvolvimento do pa\u00eds, principalmente quando se constata que est\u00e1 em curso uma brutal ofensiva externa para reprimir e conter a China.<\/p>\n<p>O primeiro-ministro apontou outras metas com largo alcance social, como a preven\u00e7\u00e3o epidemiol\u00f3gica, a promo\u00e7\u00e3o e atualiza\u00e7\u00e3o de vacinas e o desenvolvimento de novos medicamentos para garantir as necessidades de cuidados m\u00e9dicos da popula\u00e7\u00e3o; a revitaliza\u00e7\u00e3o rural, com a promo\u00e7\u00e3o de ind\u00fastrias rurais com caracter\u00edsticas locais para criar mais canais de aumento da renda rural e a transforma\u00e7\u00e3o verde, promovendo a conserva\u00e7\u00e3o energ\u00e9tica e a redu\u00e7\u00e3o de carbono em \u00e1reas-chave.<\/p>\n<p>A decis\u00e3o do governo em priorizar a quest\u00e3o social se manifesta tamb\u00e9m no apoio previsto \u00e0 compra da primeira casa ou a melhoria da situa\u00e7\u00e3o habitacional, al\u00e9m de ajudar a resolver os problemas de moradia dos jovens e dos novos residentes urbanos; \u00e0 educa\u00e7\u00e3o de alta qualidade e \u00e0 seguridade social, fortalecendo a garantia de servi\u00e7os de atendimento a idosos.<\/p>\n<p>A China re\u00fane plenas condi\u00e7\u00f5es para acelerar a cria\u00e7\u00e3o de um novo paradigma de desenvolvimento em prol do crescimento de alta qualidade, construir um pa\u00eds socialista modernizado e forte em todos os sentidos, cujo conceito de desenvolvimento \u00e9 centrado nas pessoas.<\/p>\n<p>Igualmente, no momento em que a humanidade enfrenta grandes perigos, resultantes de turbul\u00eancias e conflitos pol\u00edticos e militares, h\u00e1 grande interesse dos povos e na\u00e7\u00f5es quanto ao papel da China em prol do desenvolvimento e da paz no mundo.<\/p>\n<p>Na abertura da sess\u00e3o da APN, teve destaque na alocu\u00e7\u00e3o do primeiro-ministro a reafirma\u00e7\u00e3o de que o governo defende o princ\u00edpio \u201cuma s\u00f3 China\u201d. Li Keqiang enfatizou que o governo chin\u00eas continuar\u00e1 a tomar medidas decididas para opor-se \u00e0 \u201cindepend\u00eancia de Taiwan\u201d e promover a reunifica\u00e7\u00e3o. &#8220;Vamos promover o desenvolvimento pac\u00edfico das rela\u00e7\u00f5es nos dois lados do estreito de Taiwan, visando impulsionar um processo de reunifica\u00e7\u00e3o pac\u00edfica da p\u00e1tria&#8221;, enfatizou.<\/p>\n<p>Como se v\u00ea, a partir da realiza\u00e7\u00e3o das Duas Sess\u00f5es, ganha impulso a mobiliza\u00e7\u00e3o do povo chin\u00eas para realizar os grandes objetivos do 20\u00ba Congresso Nacional do Partido Comunista da China, tra\u00e7ados pelo secret\u00e1rio-geral do Comit\u00ea Central do PCCh e presidente da Rep\u00fablica, Xi Jinping. \u201cO tema \u00e9 erguer a grande bandeira do socialismo com caracter\u00edsticas chinesas, implementar plenamente o Pensamento sobre o Socialismo com Caracter\u00edsticas Chinesas na Nova Era, levar adiante o grande esp\u00edrito fundador do Partido, manter-se confiante e construir for\u00e7a, defendendo os princ\u00edpios fundamentais e abrindo novos caminhos, avan\u00e7ando com iniciativa e coragem, e lutando em unidade para construir um pa\u00eds socialista moderno em todos os aspectos e promover o grande rejuvenescimento da na\u00e7\u00e3o chinesa em todas as frentes\u201d, disse o l\u00edder chin\u00eas no informe ao 20\u00ba Congresso Nacional do PCCh, em outubro do ano passado.<\/p>\n","protected":false},"excerpt":{"rendered":"<p>Come\u00e7aram no \u00faltimo fim de semana (4 e 5 de mar\u00e7o) dois eventos magnos da democracia socialista na China: a 1 Sess\u00e3o Anual do 14\u00ba do Comit\u00ea Nacional da Confer\u00eancia Consultiva Pol\u00edtica do Povo Chin\u00eas (CCPPCh), a mais alta organiza\u00e7\u00e3o&#8230;<\/p>\n","protected":false},"author":2,"featured_media":0,"comment_status":"open","ping_status":"open","sticky":false,"template":"","format":"standard","meta":{"footnotes":""},"categories":[7],"tags":[],"class_list":["post-769","post","type-post","status-publish","format-standard","hentry","category-visao"],"yoast_head":"<!-- This site is optimized with the Yoast SEO plugin v27.4 - https:\/\/yoast.com\/product\/yoast-seo-wordpress\/ -->\n<title>As Duas Sess\u00f5es de 2023 apontam desenvolvimento acelerado e mais moderniza\u00e7\u00e3o chinesa - CRI e Diario de Pernambuco<\/title>\n<meta name=\"robots\" content=\"index, follow, max-snippet:-1, max-image-preview:large, max-video-preview:-1\" \/>\n<link rel=\"canonical\" href=\"https:\/\/diariodepe.com.br\/cri\/2023\/03\/08\/as-duas-sessoes-de-2023-apontam-desenvolvimento-acelerado-e-mais-modernizacao-chinesa\/\" \/>\n<meta property=\"og:locale\" content=\"pt_BR\" \/>\n<meta property=\"og:type\" content=\"article\" \/>\n<meta property=\"og:title\" content=\"As Duas Sess\u00f5es de 2023 apontam desenvolvimento acelerado e mais moderniza\u00e7\u00e3o chinesa - CRI e Diario de Pernambuco\" \/>\n<meta property=\"og:description\" content=\"Come\u00e7aram no \u00faltimo fim de semana (4 e 5 de mar\u00e7o) dois eventos magnos da democracia socialista na China: a 1 Sess\u00e3o Anual do 14\u00ba do Comit\u00ea Nacional da Confer\u00eancia Consultiva Pol\u00edtica do Povo Chin\u00eas (CCPPCh), a mais alta organiza\u00e7\u00e3o...\" \/>\n<meta property=\"og:url\" content=\"https:\/\/diariodepe.com.br\/cri\/2023\/03\/08\/as-duas-sessoes-de-2023-apontam-desenvolvimento-acelerado-e-mais-modernizacao-chinesa\/\" \/>\n<meta property=\"og:site_name\" content=\"CRI e Diario de Pernambuco\" \/>\n<meta property=\"article:published_time\" content=\"2023-03-08T07:12:34+00:00\" \/>\n<meta name=\"author\" content=\"Ismael Lucas S. Pereira\" \/>\n<meta name=\"twitter:card\" content=\"summary_large_image\" \/>\n<meta name=\"twitter:label1\" content=\"Escrito por\" \/>\n\t<meta name=\"twitter:data1\" content=\"Ismael Lucas S. Pereira\" \/>\n\t<meta name=\"twitter:label2\" content=\"Est. tempo de leitura\" \/>\n\t<meta name=\"twitter:data2\" content=\"7 minutos\" \/>\n<script type=\"application\/ld+json\" class=\"yoast-schema-graph\">{\"@context\":\"https:\\\/\\\/schema.org\",\"@graph\":[{\"@type\":\"Article\",\"@id\":\"https:\\\/\\\/diariodepe.com.br\\\/cri\\\/2023\\\/03\\\/08\\\/as-duas-sessoes-de-2023-apontam-desenvolvimento-acelerado-e-mais-modernizacao-chinesa\\\/#article\",\"isPartOf\":{\"@id\":\"https:\\\/\\\/diariodepe.com.br\\\/cri\\\/2023\\\/03\\\/08\\\/as-duas-sessoes-de-2023-apontam-desenvolvimento-acelerado-e-mais-modernizacao-chinesa\\\/\"},\"author\":{\"name\":\"Ismael Lucas S. Pereira\",\"@id\":\"https:\\\/\\\/diariodepe.com.br\\\/cri\\\/#\\\/schema\\\/person\\\/121bb28d84f1a5b1205ef4ce9c2e0c6b\"},\"headline\":\"As Duas Sess\u00f5es de 2023 apontam desenvolvimento acelerado e mais moderniza\u00e7\u00e3o chinesa\",\"datePublished\":\"2023-03-08T07:12:34+00:00\",\"mainEntityOfPage\":{\"@id\":\"https:\\\/\\\/diariodepe.com.br\\\/cri\\\/2023\\\/03\\\/08\\\/as-duas-sessoes-de-2023-apontam-desenvolvimento-acelerado-e-mais-modernizacao-chinesa\\\/\"},\"wordCount\":1370,\"commentCount\":0,\"publisher\":{\"@id\":\"https:\\\/\\\/diariodepe.com.br\\\/cri\\\/#organization\"},\"articleSection\":[\"Vis\u00e3o\"],\"inLanguage\":\"pt-BR\",\"potentialAction\":[{\"@type\":\"CommentAction\",\"name\":\"Comment\",\"target\":[\"https:\\\/\\\/diariodepe.com.br\\\/cri\\\/2023\\\/03\\\/08\\\/as-duas-sessoes-de-2023-apontam-desenvolvimento-acelerado-e-mais-modernizacao-chinesa\\\/#respond\"]}]},{\"@type\":\"WebPage\",\"@id\":\"https:\\\/\\\/diariodepe.com.br\\\/cri\\\/2023\\\/03\\\/08\\\/as-duas-sessoes-de-2023-apontam-desenvolvimento-acelerado-e-mais-modernizacao-chinesa\\\/\",\"url\":\"https:\\\/\\\/diariodepe.com.br\\\/cri\\\/2023\\\/03\\\/08\\\/as-duas-sessoes-de-2023-apontam-desenvolvimento-acelerado-e-mais-modernizacao-chinesa\\\/\",\"name\":\"As Duas Sess\u00f5es de 2023 apontam desenvolvimento acelerado e mais moderniza\u00e7\u00e3o chinesa - CRI e Diario de Pernambuco\",\"isPartOf\":{\"@id\":\"https:\\\/\\\/diariodepe.com.br\\\/cri\\\/#website\"},\"datePublished\":\"2023-03-08T07:12:34+00:00\",\"breadcrumb\":{\"@id\":\"https:\\\/\\\/diariodepe.com.br\\\/cri\\\/2023\\\/03\\\/08\\\/as-duas-sessoes-de-2023-apontam-desenvolvimento-acelerado-e-mais-modernizacao-chinesa\\\/#breadcrumb\"},\"inLanguage\":\"pt-BR\",\"potentialAction\":[{\"@type\":\"ReadAction\",\"target\":[\"https:\\\/\\\/diariodepe.com.br\\\/cri\\\/2023\\\/03\\\/08\\\/as-duas-sessoes-de-2023-apontam-desenvolvimento-acelerado-e-mais-modernizacao-chinesa\\\/\"]}]},{\"@type\":\"BreadcrumbList\",\"@id\":\"https:\\\/\\\/diariodepe.com.br\\\/cri\\\/2023\\\/03\\\/08\\\/as-duas-sessoes-de-2023-apontam-desenvolvimento-acelerado-e-mais-modernizacao-chinesa\\\/#breadcrumb\",\"itemListElement\":[{\"@type\":\"ListItem\",\"position\":1,\"name\":\"In\u00edcio\",\"item\":\"https:\\\/\\\/diariodepe.com.br\\\/cri\\\/\"},{\"@type\":\"ListItem\",\"position\":2,\"name\":\"As Duas Sess\u00f5es de 2023 apontam desenvolvimento acelerado e mais moderniza\u00e7\u00e3o chinesa\"}]},{\"@type\":\"WebSite\",\"@id\":\"https:\\\/\\\/diariodepe.com.br\\\/cri\\\/#website\",\"url\":\"https:\\\/\\\/diariodepe.com.br\\\/cri\\\/\",\"name\":\"CRI e Diario de Pernambuco\",\"description\":\"R\u00e1dio Internacional da China\",\"publisher\":{\"@id\":\"https:\\\/\\\/diariodepe.com.br\\\/cri\\\/#organization\"},\"potentialAction\":[{\"@type\":\"SearchAction\",\"target\":{\"@type\":\"EntryPoint\",\"urlTemplate\":\"https:\\\/\\\/diariodepe.com.br\\\/cri\\\/?s={search_term_string}\"},\"query-input\":{\"@type\":\"PropertyValueSpecification\",\"valueRequired\":true,\"valueName\":\"search_term_string\"}}],\"inLanguage\":\"pt-BR\"},{\"@type\":\"Organization\",\"@id\":\"https:\\\/\\\/diariodepe.com.br\\\/cri\\\/#organization\",\"name\":\"CRI e Diario de Pernambuco\",\"url\":\"https:\\\/\\\/diariodepe.com.br\\\/cri\\\/\",\"logo\":{\"@type\":\"ImageObject\",\"inLanguage\":\"pt-BR\",\"@id\":\"https:\\\/\\\/diariodepe.com.br\\\/cri\\\/#\\\/schema\\\/logo\\\/image\\\/\",\"url\":\"https:\\\/\\\/diariodepe.com.br\\\/cri\\\/wp-content\\\/uploads\\\/sites\\\/2\\\/2022\\\/12\\\/cropped-Logo.jpg\",\"contentUrl\":\"https:\\\/\\\/diariodepe.com.br\\\/cri\\\/wp-content\\\/uploads\\\/sites\\\/2\\\/2022\\\/12\\\/cropped-Logo.jpg\",\"width\":700,\"height\":59,\"caption\":\"CRI e Diario de Pernambuco\"},\"image\":{\"@id\":\"https:\\\/\\\/diariodepe.com.br\\\/cri\\\/#\\\/schema\\\/logo\\\/image\\\/\"}},{\"@type\":\"Person\",\"@id\":\"https:\\\/\\\/diariodepe.com.br\\\/cri\\\/#\\\/schema\\\/person\\\/121bb28d84f1a5b1205ef4ce9c2e0c6b\",\"name\":\"Ismael Lucas S. Pereira\",\"image\":{\"@type\":\"ImageObject\",\"inLanguage\":\"pt-BR\",\"@id\":\"https:\\\/\\\/secure.gravatar.com\\\/avatar\\\/887a0f3b5a7ceea963a48499fb883ffce6b5037362def025c52c2505b15d63e4?s=96&d=mm&r=g\",\"url\":\"https:\\\/\\\/secure.gravatar.com\\\/avatar\\\/887a0f3b5a7ceea963a48499fb883ffce6b5037362def025c52c2505b15d63e4?s=96&d=mm&r=g\",\"contentUrl\":\"https:\\\/\\\/secure.gravatar.com\\\/avatar\\\/887a0f3b5a7ceea963a48499fb883ffce6b5037362def025c52c2505b15d63e4?s=96&d=mm&r=g\",\"caption\":\"Ismael Lucas S. Pereira\"},\"url\":\"https:\\\/\\\/diariodepe.com.br\\\/cri\\\/author\\\/ismael-lucas\\\/\"}]}<\/script>\n<!-- \/ Yoast SEO plugin. -->","yoast_head_json":{"title":"As Duas Sess\u00f5es de 2023 apontam desenvolvimento acelerado e mais moderniza\u00e7\u00e3o chinesa - CRI e Diario de Pernambuco","robots":{"index":"index","follow":"follow","max-snippet":"max-snippet:-1","max-image-preview":"max-image-preview:large","max-video-preview":"max-video-preview:-1"},"canonical":"https:\/\/diariodepe.com.br\/cri\/2023\/03\/08\/as-duas-sessoes-de-2023-apontam-desenvolvimento-acelerado-e-mais-modernizacao-chinesa\/","og_locale":"pt_BR","og_type":"article","og_title":"As Duas Sess\u00f5es de 2023 apontam desenvolvimento acelerado e mais moderniza\u00e7\u00e3o chinesa - CRI e Diario de Pernambuco","og_description":"Come\u00e7aram no \u00faltimo fim de semana (4 e 5 de mar\u00e7o) dois eventos magnos da democracia socialista na China: a 1 Sess\u00e3o Anual do 14\u00ba do Comit\u00ea Nacional da Confer\u00eancia Consultiva Pol\u00edtica do Povo Chin\u00eas (CCPPCh), a mais alta organiza\u00e7\u00e3o...","og_url":"https:\/\/diariodepe.com.br\/cri\/2023\/03\/08\/as-duas-sessoes-de-2023-apontam-desenvolvimento-acelerado-e-mais-modernizacao-chinesa\/","og_site_name":"CRI e Diario de Pernambuco","article_published_time":"2023-03-08T07:12:34+00:00","author":"Ismael Lucas S. Pereira","twitter_card":"summary_large_image","twitter_misc":{"Escrito por":"Ismael Lucas S. Pereira","Est. tempo de leitura":"7 minutos"},"schema":{"@context":"https:\/\/schema.org","@graph":[{"@type":"Article","@id":"https:\/\/diariodepe.com.br\/cri\/2023\/03\/08\/as-duas-sessoes-de-2023-apontam-desenvolvimento-acelerado-e-mais-modernizacao-chinesa\/#article","isPartOf":{"@id":"https:\/\/diariodepe.com.br\/cri\/2023\/03\/08\/as-duas-sessoes-de-2023-apontam-desenvolvimento-acelerado-e-mais-modernizacao-chinesa\/"},"author":{"name":"Ismael Lucas S. Pereira","@id":"https:\/\/diariodepe.com.br\/cri\/#\/schema\/person\/121bb28d84f1a5b1205ef4ce9c2e0c6b"},"headline":"As Duas Sess\u00f5es de 2023 apontam desenvolvimento acelerado e mais moderniza\u00e7\u00e3o chinesa","datePublished":"2023-03-08T07:12:34+00:00","mainEntityOfPage":{"@id":"https:\/\/diariodepe.com.br\/cri\/2023\/03\/08\/as-duas-sessoes-de-2023-apontam-desenvolvimento-acelerado-e-mais-modernizacao-chinesa\/"},"wordCount":1370,"commentCount":0,"publisher":{"@id":"https:\/\/diariodepe.com.br\/cri\/#organization"},"articleSection":["Vis\u00e3o"],"inLanguage":"pt-BR","potentialAction":[{"@type":"CommentAction","name":"Comment","target":["https:\/\/diariodepe.com.br\/cri\/2023\/03\/08\/as-duas-sessoes-de-2023-apontam-desenvolvimento-acelerado-e-mais-modernizacao-chinesa\/#respond"]}]},{"@type":"WebPage","@id":"https:\/\/diariodepe.com.br\/cri\/2023\/03\/08\/as-duas-sessoes-de-2023-apontam-desenvolvimento-acelerado-e-mais-modernizacao-chinesa\/","url":"https:\/\/diariodepe.com.br\/cri\/2023\/03\/08\/as-duas-sessoes-de-2023-apontam-desenvolvimento-acelerado-e-mais-modernizacao-chinesa\/","name":"As Duas Sess\u00f5es de 2023 apontam desenvolvimento acelerado e mais moderniza\u00e7\u00e3o chinesa - CRI e Diario de Pernambuco","isPartOf":{"@id":"https:\/\/diariodepe.com.br\/cri\/#website"},"datePublished":"2023-03-08T07:12:34+00:00","breadcrumb":{"@id":"https:\/\/diariodepe.com.br\/cri\/2023\/03\/08\/as-duas-sessoes-de-2023-apontam-desenvolvimento-acelerado-e-mais-modernizacao-chinesa\/#breadcrumb"},"inLanguage":"pt-BR","potentialAction":[{"@type":"ReadAction","target":["https:\/\/diariodepe.com.br\/cri\/2023\/03\/08\/as-duas-sessoes-de-2023-apontam-desenvolvimento-acelerado-e-mais-modernizacao-chinesa\/"]}]},{"@type":"BreadcrumbList","@id":"https:\/\/diariodepe.com.br\/cri\/2023\/03\/08\/as-duas-sessoes-de-2023-apontam-desenvolvimento-acelerado-e-mais-modernizacao-chinesa\/#breadcrumb","itemListElement":[{"@type":"ListItem","position":1,"name":"In\u00edcio","item":"https:\/\/diariodepe.com.br\/cri\/"},{"@type":"ListItem","position":2,"name":"As Duas Sess\u00f5es de 2023 apontam desenvolvimento acelerado e mais moderniza\u00e7\u00e3o chinesa"}]},{"@type":"WebSite","@id":"https:\/\/diariodepe.com.br\/cri\/#website","url":"https:\/\/diariodepe.com.br\/cri\/","name":"CRI e Diario de Pernambuco","description":"R\u00e1dio Internacional da China","publisher":{"@id":"https:\/\/diariodepe.com.br\/cri\/#organization"},"potentialAction":[{"@type":"SearchAction","target":{"@type":"EntryPoint","urlTemplate":"https:\/\/diariodepe.com.br\/cri\/?s={search_term_string}"},"query-input":{"@type":"PropertyValueSpecification","valueRequired":true,"valueName":"search_term_string"}}],"inLanguage":"pt-BR"},{"@type":"Organization","@id":"https:\/\/diariodepe.com.br\/cri\/#organization","name":"CRI e Diario de Pernambuco","url":"https:\/\/diariodepe.com.br\/cri\/","logo":{"@type":"ImageObject","inLanguage":"pt-BR","@id":"https:\/\/diariodepe.com.br\/cri\/#\/schema\/logo\/image\/","url":"https:\/\/diariodepe.com.br\/cri\/wp-content\/uploads\/sites\/2\/2022\/12\/cropped-Logo.jpg","contentUrl":"https:\/\/diariodepe.com.br\/cri\/wp-content\/uploads\/sites\/2\/2022\/12\/cropped-Logo.jpg","width":700,"height":59,"caption":"CRI e Diario de Pernambuco"},"image":{"@id":"https:\/\/diariodepe.com.br\/cri\/#\/schema\/logo\/image\/"}},{"@type":"Person","@id":"https:\/\/diariodepe.com.br\/cri\/#\/schema\/person\/121bb28d84f1a5b1205ef4ce9c2e0c6b","name":"Ismael Lucas S. Pereira","image":{"@type":"ImageObject","inLanguage":"pt-BR","@id":"https:\/\/secure.gravatar.com\/avatar\/887a0f3b5a7ceea963a48499fb883ffce6b5037362def025c52c2505b15d63e4?s=96&d=mm&r=g","url":"https:\/\/secure.gravatar.com\/avatar\/887a0f3b5a7ceea963a48499fb883ffce6b5037362def025c52c2505b15d63e4?s=96&d=mm&r=g","contentUrl":"https:\/\/secure.gravatar.com\/avatar\/887a0f3b5a7ceea963a48499fb883ffce6b5037362def025c52c2505b15d63e4?s=96&d=mm&r=g","caption":"Ismael Lucas S. Pereira"},"url":"https:\/\/diariodepe.com.br\/cri\/author\/ismael-lucas\/"}]}},"cc_featured_image_caption":{"caption_text":false,"source_text":false,"source_url":false},"amp_enabled":true,"_links":{"self":[{"href":"https:\/\/diariodepe.com.br\/cri\/wp-json\/wp\/v2\/posts\/769","targetHints":{"allow":["GET"]}}],"collection":[{"href":"https:\/\/diariodepe.com.br\/cri\/wp-json\/wp\/v2\/posts"}],"about":[{"href":"https:\/\/diariodepe.com.br\/cri\/wp-json\/wp\/v2\/types\/post"}],"author":[{"embeddable":true,"href":"https:\/\/diariodepe.com.br\/cri\/wp-json\/wp\/v2\/users\/2"}],"replies":[{"embeddable":true,"href":"https:\/\/diariodepe.com.br\/cri\/wp-json\/wp\/v2\/comments?post=769"}],"version-history":[{"count":1,"href":"https:\/\/diariodepe.com.br\/cri\/wp-json\/wp\/v2\/posts\/769\/revisions"}],"predecessor-version":[{"id":770,"href":"https:\/\/diariodepe.com.br\/cri\/wp-json\/wp\/v2\/posts\/769\/revisions\/770"}],"wp:attachment":[{"href":"https:\/\/diariodepe.com.br\/cri\/wp-json\/wp\/v2\/media?parent=769"}],"wp:term":[{"taxonomy":"category","embeddable":true,"href":"https:\/\/diariodepe.com.br\/cri\/wp-json\/wp\/v2\/categories?post=769"},{"taxonomy":"post_tag","embeddable":true,"href":"https:\/\/diariodepe.com.br\/cri\/wp-json\/wp\/v2\/tags?post=769"}],"curies":[{"name":"wp","href":"https:\/\/api.w.org\/{rel}","templated":true}]}}