{"id":7684,"date":"2025-02-19T00:00:38","date_gmt":"2025-02-19T03:00:38","guid":{"rendered":"https:\/\/diariodepe.com.br\/cri\/?p=7684"},"modified":"2025-02-19T00:04:10","modified_gmt":"2025-02-19T03:04:10","slug":"xi-jinping-destaca-desenvolvimento-saudavel-e-de-alta-qualidade-do-setor-privado-chines","status":"publish","type":"post","link":"https:\/\/diariodepe.com.br\/cri\/2025\/02\/19\/xi-jinping-destaca-desenvolvimento-saudavel-e-de-alta-qualidade-do-setor-privado-chines\/","title":{"rendered":"Xi Jinping destaca desenvolvimento saud\u00e1vel e de alta qualidade do setor privado chin\u00eas"},"content":{"rendered":"<p><span lang=\"PT-BR\">O presidente da China, Xi Jinping, enfatizou, ao participar de um simp\u00f3sio com empresas privadas nesta segunda-feira (17), em Beijing, que as diretrizes e pol\u00edticas fundamentais do Partido Comunista da China (PCCh) e do Estado para o desenvolvimento da economia privada j\u00e1 foram incorporadas ao sistema do socialismo com caracter\u00edsticas chinesas e ser\u00e3o mantidas e implementadas de forma consistente.<\/span><\/p>\n<p><span lang=\"PT-BR\">Xi Jinping, tamb\u00e9m secret\u00e1rio-geral do Comit\u00ea Central do PCCh e presidente da Comiss\u00e3o Militar Central, destacou que o setor tem amplas perspectivas de desenvolvimento e grandes oportunidades na jornada da nova era.<\/span><\/p>\n<p><img decoding=\"async\" src=\"https:\/\/38picres.cgtn.com\/photoAlbum\/page\/performance\/img\/2025\/2\/17\/1739799227513_588.jpg\" width=\"100%\" height=\"auto\" \/><\/p>\n<p><span lang=\"PT-BR\">Segundo o presidente chin\u00eas, \u201ceste \u00e9 o momento certo para que as empresas privadas e os empres\u00e1rios demonstrem seu potencial. \u00c9 necess\u00e1rio unificar pensamentos, fortalecer a confian\u00e7a e promover o desenvolvimento saud\u00e1vel e de alta qualidade da economia privada\u201d.<\/span><\/p>\n<p><span lang=\"PT-BR\">O l\u00edder chin\u00eas observou que as dificuldades e os desafios enfrentados atualmente pelo setor surgiram no processo de reforma, desenvolvimento e na transforma\u00e7\u00e3o industrial. Essas limita\u00e7\u00f5es s\u00e3o parciais e n\u00e3o gerais, tempor\u00e1rias e n\u00e3o permanentes, al\u00e9m de serem super\u00e1veis e n\u00e3o insol\u00faveis, apontou Xi Jinping. \u201cTodos devem ver o futuro em meio \u00e0s dificuldades e os desafios e aumentar sua confian\u00e7a no desenvolvimento\u201d<\/span><span lang=\"PT\">, disse ele.<\/span><\/p>\n<p><img decoding=\"async\" src=\"https:\/\/38picres.cgtn.com\/photoAlbum\/page\/performance\/img\/2025\/2\/17\/1739799254769_650.jpeg\" width=\"100%\" height=\"auto\" \/><\/p>\n<p><span lang=\"PT-BR\">O presidente ressaltou ainda a import\u00e2ncia de seguir firmemente o caminho do desenvolvimento de alta qualidade, refor\u00e7ar a inova\u00e7\u00e3o independente, transformar os modelos de crescimento e aprimorar continuamente a qualidade, a efici\u00eancia e a competitividade essencial das empresas.<\/span><\/p>\n<p><span lang=\"PT-BR\">Xi Jinping tamb\u00e9m destacou a necessidade de contribuir mais para promover a inova\u00e7\u00e3o cient\u00edfica e tecnol\u00f3gica, fomentar novas for\u00e7as produtivas de qualidade, construir um sistema industrial moderno, impulsionar integralmente a revitaliza\u00e7\u00e3o rural e o desenvolvimento coordenado das regi\u00f5es, al\u00e9m de garantir e melhorar a vida das pessoas.<\/span><\/p>\n","protected":false},"excerpt":{"rendered":"<p>O presidente da China, Xi Jinping, enfatizou, ao participar de um simp\u00f3sio com empresas privadas nesta segunda-feira (17), em Beijing, que as diretrizes e pol\u00edticas fundamentais do Partido Comunista da China (PCCh) e do Estado para o desenvolvimento da economia&#8230;<\/p>\n","protected":false},"author":2,"featured_media":7689,"comment_status":"open","ping_status":"open","sticky":false,"template":"","format":"standard","meta":{"footnotes":""},"categories":[5],"tags":[],"class_list":["post-7684","post","type-post","status-publish","format-standard","has-post-thumbnail","hentry","category-destaques-capa"],"yoast_head":"<!-- This site is optimized with the Yoast SEO plugin v27.4 - https:\/\/yoast.com\/product\/yoast-seo-wordpress\/ -->\n<title>Xi Jinping destaca desenvolvimento saud\u00e1vel e de alta qualidade do setor privado chin\u00eas - CRI e Diario de Pernambuco<\/title>\n<meta name=\"robots\" content=\"index, follow, max-snippet:-1, max-image-preview:large, max-video-preview:-1\" \/>\n<link rel=\"canonical\" href=\"https:\/\/diariodepe.com.br\/cri\/2025\/02\/19\/xi-jinping-destaca-desenvolvimento-saudavel-e-de-alta-qualidade-do-setor-privado-chines\/\" \/>\n<meta property=\"og:locale\" content=\"pt_BR\" \/>\n<meta property=\"og:type\" content=\"article\" \/>\n<meta property=\"og:title\" content=\"Xi Jinping destaca desenvolvimento saud\u00e1vel e de alta qualidade do setor privado chin\u00eas - CRI e Diario de Pernambuco\" \/>\n<meta property=\"og:description\" content=\"O presidente da China, Xi Jinping, enfatizou, ao participar de um simp\u00f3sio com empresas privadas nesta segunda-feira (17), em Beijing, que as diretrizes e pol\u00edticas fundamentais do Partido Comunista da China (PCCh) e do Estado para o desenvolvimento da economia...\" \/>\n<meta property=\"og:url\" content=\"https:\/\/diariodepe.com.br\/cri\/2025\/02\/19\/xi-jinping-destaca-desenvolvimento-saudavel-e-de-alta-qualidade-do-setor-privado-chines\/\" \/>\n<meta property=\"og:site_name\" content=\"CRI e Diario de Pernambuco\" \/>\n<meta property=\"article:published_time\" content=\"2025-02-19T03:00:38+00:00\" \/>\n<meta property=\"article:modified_time\" content=\"2025-02-19T03:04:10+00:00\" \/>\n<meta property=\"og:image\" content=\"https:\/\/diariodepe.com.br\/cri\/wp-content\/uploads\/sites\/2\/2025\/02\/1739799203186_273.png\" \/>\n\t<meta property=\"og:image:width\" content=\"900\" \/>\n\t<meta property=\"og:image:height\" content=\"613\" \/>\n\t<meta property=\"og:image:type\" content=\"image\/png\" \/>\n<meta name=\"author\" content=\"Ismael Lucas S. Pereira\" \/>\n<meta name=\"twitter:card\" content=\"summary_large_image\" \/>\n<meta name=\"twitter:label1\" content=\"Escrito por\" \/>\n\t<meta name=\"twitter:data1\" content=\"Ismael Lucas S. Pereira\" \/>\n\t<meta name=\"twitter:label2\" content=\"Est. tempo de leitura\" \/>\n\t<meta name=\"twitter:data2\" content=\"2 minutos\" \/>\n<script type=\"application\/ld+json\" class=\"yoast-schema-graph\">{\"@context\":\"https:\\\/\\\/schema.org\",\"@graph\":[{\"@type\":\"Article\",\"@id\":\"https:\\\/\\\/diariodepe.com.br\\\/cri\\\/2025\\\/02\\\/19\\\/xi-jinping-destaca-desenvolvimento-saudavel-e-de-alta-qualidade-do-setor-privado-chines\\\/#article\",\"isPartOf\":{\"@id\":\"https:\\\/\\\/diariodepe.com.br\\\/cri\\\/2025\\\/02\\\/19\\\/xi-jinping-destaca-desenvolvimento-saudavel-e-de-alta-qualidade-do-setor-privado-chines\\\/\"},\"author\":{\"name\":\"Ismael Lucas S. Pereira\",\"@id\":\"https:\\\/\\\/diariodepe.com.br\\\/cri\\\/#\\\/schema\\\/person\\\/121bb28d84f1a5b1205ef4ce9c2e0c6b\"},\"headline\":\"Xi Jinping destaca desenvolvimento saud\u00e1vel e de alta qualidade do setor privado chin\u00eas\",\"datePublished\":\"2025-02-19T03:00:38+00:00\",\"dateModified\":\"2025-02-19T03:04:10+00:00\",\"mainEntityOfPage\":{\"@id\":\"https:\\\/\\\/diariodepe.com.br\\\/cri\\\/2025\\\/02\\\/19\\\/xi-jinping-destaca-desenvolvimento-saudavel-e-de-alta-qualidade-do-setor-privado-chines\\\/\"},\"wordCount\":329,\"commentCount\":0,\"publisher\":{\"@id\":\"https:\\\/\\\/diariodepe.com.br\\\/cri\\\/#organization\"},\"image\":{\"@id\":\"https:\\\/\\\/diariodepe.com.br\\\/cri\\\/2025\\\/02\\\/19\\\/xi-jinping-destaca-desenvolvimento-saudavel-e-de-alta-qualidade-do-setor-privado-chines\\\/#primaryimage\"},\"thumbnailUrl\":\"https:\\\/\\\/diariodepe.com.br\\\/cri\\\/wp-content\\\/uploads\\\/sites\\\/2\\\/2025\\\/02\\\/1739799203186_273.png\",\"articleSection\":[\"Destaques Capa\"],\"inLanguage\":\"pt-BR\",\"potentialAction\":[{\"@type\":\"CommentAction\",\"name\":\"Comment\",\"target\":[\"https:\\\/\\\/diariodepe.com.br\\\/cri\\\/2025\\\/02\\\/19\\\/xi-jinping-destaca-desenvolvimento-saudavel-e-de-alta-qualidade-do-setor-privado-chines\\\/#respond\"]}]},{\"@type\":\"WebPage\",\"@id\":\"https:\\\/\\\/diariodepe.com.br\\\/cri\\\/2025\\\/02\\\/19\\\/xi-jinping-destaca-desenvolvimento-saudavel-e-de-alta-qualidade-do-setor-privado-chines\\\/\",\"url\":\"https:\\\/\\\/diariodepe.com.br\\\/cri\\\/2025\\\/02\\\/19\\\/xi-jinping-destaca-desenvolvimento-saudavel-e-de-alta-qualidade-do-setor-privado-chines\\\/\",\"name\":\"Xi Jinping destaca desenvolvimento saud\u00e1vel e de alta qualidade do setor privado chin\u00eas - CRI e Diario de Pernambuco\",\"isPartOf\":{\"@id\":\"https:\\\/\\\/diariodepe.com.br\\\/cri\\\/#website\"},\"primaryImageOfPage\":{\"@id\":\"https:\\\/\\\/diariodepe.com.br\\\/cri\\\/2025\\\/02\\\/19\\\/xi-jinping-destaca-desenvolvimento-saudavel-e-de-alta-qualidade-do-setor-privado-chines\\\/#primaryimage\"},\"image\":{\"@id\":\"https:\\\/\\\/diariodepe.com.br\\\/cri\\\/2025\\\/02\\\/19\\\/xi-jinping-destaca-desenvolvimento-saudavel-e-de-alta-qualidade-do-setor-privado-chines\\\/#primaryimage\"},\"thumbnailUrl\":\"https:\\\/\\\/diariodepe.com.br\\\/cri\\\/wp-content\\\/uploads\\\/sites\\\/2\\\/2025\\\/02\\\/1739799203186_273.png\",\"datePublished\":\"2025-02-19T03:00:38+00:00\",\"dateModified\":\"2025-02-19T03:04:10+00:00\",\"breadcrumb\":{\"@id\":\"https:\\\/\\\/diariodepe.com.br\\\/cri\\\/2025\\\/02\\\/19\\\/xi-jinping-destaca-desenvolvimento-saudavel-e-de-alta-qualidade-do-setor-privado-chines\\\/#breadcrumb\"},\"inLanguage\":\"pt-BR\",\"potentialAction\":[{\"@type\":\"ReadAction\",\"target\":[\"https:\\\/\\\/diariodepe.com.br\\\/cri\\\/2025\\\/02\\\/19\\\/xi-jinping-destaca-desenvolvimento-saudavel-e-de-alta-qualidade-do-setor-privado-chines\\\/\"]}]},{\"@type\":\"ImageObject\",\"inLanguage\":\"pt-BR\",\"@id\":\"https:\\\/\\\/diariodepe.com.br\\\/cri\\\/2025\\\/02\\\/19\\\/xi-jinping-destaca-desenvolvimento-saudavel-e-de-alta-qualidade-do-setor-privado-chines\\\/#primaryimage\",\"url\":\"https:\\\/\\\/diariodepe.com.br\\\/cri\\\/wp-content\\\/uploads\\\/sites\\\/2\\\/2025\\\/02\\\/1739799203186_273.png\",\"contentUrl\":\"https:\\\/\\\/diariodepe.com.br\\\/cri\\\/wp-content\\\/uploads\\\/sites\\\/2\\\/2025\\\/02\\\/1739799203186_273.png\",\"width\":900,\"height\":613},{\"@type\":\"BreadcrumbList\",\"@id\":\"https:\\\/\\\/diariodepe.com.br\\\/cri\\\/2025\\\/02\\\/19\\\/xi-jinping-destaca-desenvolvimento-saudavel-e-de-alta-qualidade-do-setor-privado-chines\\\/#breadcrumb\",\"itemListElement\":[{\"@type\":\"ListItem\",\"position\":1,\"name\":\"In\u00edcio\",\"item\":\"https:\\\/\\\/diariodepe.com.br\\\/cri\\\/\"},{\"@type\":\"ListItem\",\"position\":2,\"name\":\"Xi Jinping destaca desenvolvimento saud\u00e1vel e de alta qualidade do setor privado chin\u00eas\"}]},{\"@type\":\"WebSite\",\"@id\":\"https:\\\/\\\/diariodepe.com.br\\\/cri\\\/#website\",\"url\":\"https:\\\/\\\/diariodepe.com.br\\\/cri\\\/\",\"name\":\"CRI e Diario de Pernambuco\",\"description\":\"R\u00e1dio Internacional da China\",\"publisher\":{\"@id\":\"https:\\\/\\\/diariodepe.com.br\\\/cri\\\/#organization\"},\"potentialAction\":[{\"@type\":\"SearchAction\",\"target\":{\"@type\":\"EntryPoint\",\"urlTemplate\":\"https:\\\/\\\/diariodepe.com.br\\\/cri\\\/?s={search_term_string}\"},\"query-input\":{\"@type\":\"PropertyValueSpecification\",\"valueRequired\":true,\"valueName\":\"search_term_string\"}}],\"inLanguage\":\"pt-BR\"},{\"@type\":\"Organization\",\"@id\":\"https:\\\/\\\/diariodepe.com.br\\\/cri\\\/#organization\",\"name\":\"CRI e Diario de Pernambuco\",\"url\":\"https:\\\/\\\/diariodepe.com.br\\\/cri\\\/\",\"logo\":{\"@type\":\"ImageObject\",\"inLanguage\":\"pt-BR\",\"@id\":\"https:\\\/\\\/diariodepe.com.br\\\/cri\\\/#\\\/schema\\\/logo\\\/image\\\/\",\"url\":\"https:\\\/\\\/diariodepe.com.br\\\/cri\\\/wp-content\\\/uploads\\\/sites\\\/2\\\/2022\\\/12\\\/cropped-Logo.jpg\",\"contentUrl\":\"https:\\\/\\\/diariodepe.com.br\\\/cri\\\/wp-content\\\/uploads\\\/sites\\\/2\\\/2022\\\/12\\\/cropped-Logo.jpg\",\"width\":700,\"height\":59,\"caption\":\"CRI e Diario de Pernambuco\"},\"image\":{\"@id\":\"https:\\\/\\\/diariodepe.com.br\\\/cri\\\/#\\\/schema\\\/logo\\\/image\\\/\"}},{\"@type\":\"Person\",\"@id\":\"https:\\\/\\\/diariodepe.com.br\\\/cri\\\/#\\\/schema\\\/person\\\/121bb28d84f1a5b1205ef4ce9c2e0c6b\",\"name\":\"Ismael Lucas S. Pereira\",\"image\":{\"@type\":\"ImageObject\",\"inLanguage\":\"pt-BR\",\"@id\":\"https:\\\/\\\/secure.gravatar.com\\\/avatar\\\/887a0f3b5a7ceea963a48499fb883ffce6b5037362def025c52c2505b15d63e4?s=96&d=mm&r=g\",\"url\":\"https:\\\/\\\/secure.gravatar.com\\\/avatar\\\/887a0f3b5a7ceea963a48499fb883ffce6b5037362def025c52c2505b15d63e4?s=96&d=mm&r=g\",\"contentUrl\":\"https:\\\/\\\/secure.gravatar.com\\\/avatar\\\/887a0f3b5a7ceea963a48499fb883ffce6b5037362def025c52c2505b15d63e4?s=96&d=mm&r=g\",\"caption\":\"Ismael Lucas S. Pereira\"},\"url\":\"https:\\\/\\\/diariodepe.com.br\\\/cri\\\/author\\\/ismael-lucas\\\/\"}]}<\/script>\n<!-- \/ Yoast SEO plugin. -->","yoast_head_json":{"title":"Xi Jinping destaca desenvolvimento saud\u00e1vel e de alta qualidade do setor privado chin\u00eas - CRI e Diario de Pernambuco","robots":{"index":"index","follow":"follow","max-snippet":"max-snippet:-1","max-image-preview":"max-image-preview:large","max-video-preview":"max-video-preview:-1"},"canonical":"https:\/\/diariodepe.com.br\/cri\/2025\/02\/19\/xi-jinping-destaca-desenvolvimento-saudavel-e-de-alta-qualidade-do-setor-privado-chines\/","og_locale":"pt_BR","og_type":"article","og_title":"Xi Jinping destaca desenvolvimento saud\u00e1vel e de alta qualidade do setor privado chin\u00eas - CRI e Diario de Pernambuco","og_description":"O presidente da China, Xi Jinping, enfatizou, ao participar de um simp\u00f3sio com empresas privadas nesta segunda-feira (17), em Beijing, que as diretrizes e pol\u00edticas fundamentais do Partido Comunista da China (PCCh) e do Estado para o desenvolvimento da economia...","og_url":"https:\/\/diariodepe.com.br\/cri\/2025\/02\/19\/xi-jinping-destaca-desenvolvimento-saudavel-e-de-alta-qualidade-do-setor-privado-chines\/","og_site_name":"CRI e Diario de Pernambuco","article_published_time":"2025-02-19T03:00:38+00:00","article_modified_time":"2025-02-19T03:04:10+00:00","og_image":[{"width":900,"height":613,"url":"https:\/\/diariodepe.com.br\/cri\/wp-content\/uploads\/sites\/2\/2025\/02\/1739799203186_273.png","type":"image\/png"}],"author":"Ismael Lucas S. Pereira","twitter_card":"summary_large_image","twitter_misc":{"Escrito por":"Ismael Lucas S. Pereira","Est. tempo de leitura":"2 minutos"},"schema":{"@context":"https:\/\/schema.org","@graph":[{"@type":"Article","@id":"https:\/\/diariodepe.com.br\/cri\/2025\/02\/19\/xi-jinping-destaca-desenvolvimento-saudavel-e-de-alta-qualidade-do-setor-privado-chines\/#article","isPartOf":{"@id":"https:\/\/diariodepe.com.br\/cri\/2025\/02\/19\/xi-jinping-destaca-desenvolvimento-saudavel-e-de-alta-qualidade-do-setor-privado-chines\/"},"author":{"name":"Ismael Lucas S. Pereira","@id":"https:\/\/diariodepe.com.br\/cri\/#\/schema\/person\/121bb28d84f1a5b1205ef4ce9c2e0c6b"},"headline":"Xi Jinping destaca desenvolvimento saud\u00e1vel e de alta qualidade do setor privado chin\u00eas","datePublished":"2025-02-19T03:00:38+00:00","dateModified":"2025-02-19T03:04:10+00:00","mainEntityOfPage":{"@id":"https:\/\/diariodepe.com.br\/cri\/2025\/02\/19\/xi-jinping-destaca-desenvolvimento-saudavel-e-de-alta-qualidade-do-setor-privado-chines\/"},"wordCount":329,"commentCount":0,"publisher":{"@id":"https:\/\/diariodepe.com.br\/cri\/#organization"},"image":{"@id":"https:\/\/diariodepe.com.br\/cri\/2025\/02\/19\/xi-jinping-destaca-desenvolvimento-saudavel-e-de-alta-qualidade-do-setor-privado-chines\/#primaryimage"},"thumbnailUrl":"https:\/\/diariodepe.com.br\/cri\/wp-content\/uploads\/sites\/2\/2025\/02\/1739799203186_273.png","articleSection":["Destaques Capa"],"inLanguage":"pt-BR","potentialAction":[{"@type":"CommentAction","name":"Comment","target":["https:\/\/diariodepe.com.br\/cri\/2025\/02\/19\/xi-jinping-destaca-desenvolvimento-saudavel-e-de-alta-qualidade-do-setor-privado-chines\/#respond"]}]},{"@type":"WebPage","@id":"https:\/\/diariodepe.com.br\/cri\/2025\/02\/19\/xi-jinping-destaca-desenvolvimento-saudavel-e-de-alta-qualidade-do-setor-privado-chines\/","url":"https:\/\/diariodepe.com.br\/cri\/2025\/02\/19\/xi-jinping-destaca-desenvolvimento-saudavel-e-de-alta-qualidade-do-setor-privado-chines\/","name":"Xi Jinping destaca desenvolvimento saud\u00e1vel e de alta qualidade do setor privado chin\u00eas - CRI e Diario de Pernambuco","isPartOf":{"@id":"https:\/\/diariodepe.com.br\/cri\/#website"},"primaryImageOfPage":{"@id":"https:\/\/diariodepe.com.br\/cri\/2025\/02\/19\/xi-jinping-destaca-desenvolvimento-saudavel-e-de-alta-qualidade-do-setor-privado-chines\/#primaryimage"},"image":{"@id":"https:\/\/diariodepe.com.br\/cri\/2025\/02\/19\/xi-jinping-destaca-desenvolvimento-saudavel-e-de-alta-qualidade-do-setor-privado-chines\/#primaryimage"},"thumbnailUrl":"https:\/\/diariodepe.com.br\/cri\/wp-content\/uploads\/sites\/2\/2025\/02\/1739799203186_273.png","datePublished":"2025-02-19T03:00:38+00:00","dateModified":"2025-02-19T03:04:10+00:00","breadcrumb":{"@id":"https:\/\/diariodepe.com.br\/cri\/2025\/02\/19\/xi-jinping-destaca-desenvolvimento-saudavel-e-de-alta-qualidade-do-setor-privado-chines\/#breadcrumb"},"inLanguage":"pt-BR","potentialAction":[{"@type":"ReadAction","target":["https:\/\/diariodepe.com.br\/cri\/2025\/02\/19\/xi-jinping-destaca-desenvolvimento-saudavel-e-de-alta-qualidade-do-setor-privado-chines\/"]}]},{"@type":"ImageObject","inLanguage":"pt-BR","@id":"https:\/\/diariodepe.com.br\/cri\/2025\/02\/19\/xi-jinping-destaca-desenvolvimento-saudavel-e-de-alta-qualidade-do-setor-privado-chines\/#primaryimage","url":"https:\/\/diariodepe.com.br\/cri\/wp-content\/uploads\/sites\/2\/2025\/02\/1739799203186_273.png","contentUrl":"https:\/\/diariodepe.com.br\/cri\/wp-content\/uploads\/sites\/2\/2025\/02\/1739799203186_273.png","width":900,"height":613},{"@type":"BreadcrumbList","@id":"https:\/\/diariodepe.com.br\/cri\/2025\/02\/19\/xi-jinping-destaca-desenvolvimento-saudavel-e-de-alta-qualidade-do-setor-privado-chines\/#breadcrumb","itemListElement":[{"@type":"ListItem","position":1,"name":"In\u00edcio","item":"https:\/\/diariodepe.com.br\/cri\/"},{"@type":"ListItem","position":2,"name":"Xi Jinping destaca desenvolvimento saud\u00e1vel e de alta qualidade do setor privado chin\u00eas"}]},{"@type":"WebSite","@id":"https:\/\/diariodepe.com.br\/cri\/#website","url":"https:\/\/diariodepe.com.br\/cri\/","name":"CRI e Diario de Pernambuco","description":"R\u00e1dio Internacional da China","publisher":{"@id":"https:\/\/diariodepe.com.br\/cri\/#organization"},"potentialAction":[{"@type":"SearchAction","target":{"@type":"EntryPoint","urlTemplate":"https:\/\/diariodepe.com.br\/cri\/?s={search_term_string}"},"query-input":{"@type":"PropertyValueSpecification","valueRequired":true,"valueName":"search_term_string"}}],"inLanguage":"pt-BR"},{"@type":"Organization","@id":"https:\/\/diariodepe.com.br\/cri\/#organization","name":"CRI e Diario de Pernambuco","url":"https:\/\/diariodepe.com.br\/cri\/","logo":{"@type":"ImageObject","inLanguage":"pt-BR","@id":"https:\/\/diariodepe.com.br\/cri\/#\/schema\/logo\/image\/","url":"https:\/\/diariodepe.com.br\/cri\/wp-content\/uploads\/sites\/2\/2022\/12\/cropped-Logo.jpg","contentUrl":"https:\/\/diariodepe.com.br\/cri\/wp-content\/uploads\/sites\/2\/2022\/12\/cropped-Logo.jpg","width":700,"height":59,"caption":"CRI e Diario de Pernambuco"},"image":{"@id":"https:\/\/diariodepe.com.br\/cri\/#\/schema\/logo\/image\/"}},{"@type":"Person","@id":"https:\/\/diariodepe.com.br\/cri\/#\/schema\/person\/121bb28d84f1a5b1205ef4ce9c2e0c6b","name":"Ismael Lucas S. Pereira","image":{"@type":"ImageObject","inLanguage":"pt-BR","@id":"https:\/\/secure.gravatar.com\/avatar\/887a0f3b5a7ceea963a48499fb883ffce6b5037362def025c52c2505b15d63e4?s=96&d=mm&r=g","url":"https:\/\/secure.gravatar.com\/avatar\/887a0f3b5a7ceea963a48499fb883ffce6b5037362def025c52c2505b15d63e4?s=96&d=mm&r=g","contentUrl":"https:\/\/secure.gravatar.com\/avatar\/887a0f3b5a7ceea963a48499fb883ffce6b5037362def025c52c2505b15d63e4?s=96&d=mm&r=g","caption":"Ismael Lucas S. Pereira"},"url":"https:\/\/diariodepe.com.br\/cri\/author\/ismael-lucas\/"}]}},"cc_featured_image_caption":{"caption_text":false,"source_text":false,"source_url":false},"amp_enabled":true,"_links":{"self":[{"href":"https:\/\/diariodepe.com.br\/cri\/wp-json\/wp\/v2\/posts\/7684","targetHints":{"allow":["GET"]}}],"collection":[{"href":"https:\/\/diariodepe.com.br\/cri\/wp-json\/wp\/v2\/posts"}],"about":[{"href":"https:\/\/diariodepe.com.br\/cri\/wp-json\/wp\/v2\/types\/post"}],"author":[{"embeddable":true,"href":"https:\/\/diariodepe.com.br\/cri\/wp-json\/wp\/v2\/users\/2"}],"replies":[{"embeddable":true,"href":"https:\/\/diariodepe.com.br\/cri\/wp-json\/wp\/v2\/comments?post=7684"}],"version-history":[{"count":2,"href":"https:\/\/diariodepe.com.br\/cri\/wp-json\/wp\/v2\/posts\/7684\/revisions"}],"predecessor-version":[{"id":7691,"href":"https:\/\/diariodepe.com.br\/cri\/wp-json\/wp\/v2\/posts\/7684\/revisions\/7691"}],"wp:featuredmedia":[{"embeddable":true,"href":"https:\/\/diariodepe.com.br\/cri\/wp-json\/wp\/v2\/media\/7689"}],"wp:attachment":[{"href":"https:\/\/diariodepe.com.br\/cri\/wp-json\/wp\/v2\/media?parent=7684"}],"wp:term":[{"taxonomy":"category","embeddable":true,"href":"https:\/\/diariodepe.com.br\/cri\/wp-json\/wp\/v2\/categories?post=7684"},{"taxonomy":"post_tag","embeddable":true,"href":"https:\/\/diariodepe.com.br\/cri\/wp-json\/wp\/v2\/tags?post=7684"}],"curies":[{"name":"wp","href":"https:\/\/api.w.org\/{rel}","templated":true}]}}