{"id":7682,"date":"2025-02-18T23:59:33","date_gmt":"2025-02-19T02:59:33","guid":{"rendered":"https:\/\/diariodepe.com.br\/cri\/?p=7682"},"modified":"2025-02-19T00:05:04","modified_gmt":"2025-02-19T03:05:04","slug":"chanceler-chines-pede-mais-cooperacao-com-brasil","status":"publish","type":"post","link":"https:\/\/diariodepe.com.br\/cri\/2025\/02\/18\/chanceler-chines-pede-mais-cooperacao-com-brasil\/","title":{"rendered":"Chanceler chin\u00eas pede mais coopera\u00e7\u00e3o com Brasil"},"content":{"rendered":"<p>O ministro das Rela\u00e7\u00f5es Exteriores da China, Wang Yi, expressou no s\u00e1bado a disposi\u00e7\u00e3o da China de promover mais conquistas em v\u00e1rios campos da coopera\u00e7\u00e3o China-Brasil.<\/p>\n<p>Wang, tamb\u00e9m membro do Bir\u00f4 Pol\u00edtico do Comit\u00ea Central do Partido Comunista da China, fez as declara\u00e7\u00f5es durante uma reuni\u00e3o com Celso Amorim, assessor especial do presidente do Brasil, no marco da Confer\u00eancia de Seguran\u00e7a de Munique.<\/p>\n<p>Wang disse que o presidente chin\u00eas, Xi Jinping, fez uma visita hist\u00f3rica ao Brasil no ano passado e alcan\u00e7ou uma s\u00e9rie de consensos importantes com o presidente brasileiro, Luiz In\u00e1cio Lula da Silva, sobre a constru\u00e7\u00e3o da comunidade China-Brasil com um futuro compartilhado, demonstrando o significado contempor\u00e2neo e o valor estrat\u00e9gico das rela\u00e7\u00f5es China-Brasil.<\/p>\n<p>A sinergia entre a Iniciativa Cintur\u00e3o e Rota e as estrat\u00e9gias de desenvolvimento do Brasil injetou um forte impulso na coopera\u00e7\u00e3o China-Brasil, acrescentou.<\/p>\n<p>Como importantes pot\u00eancias globais e for\u00e7as representativas do Sul Global, a China e o Brasil, enfrentando um mundo turbulento e entrela\u00e7ado, mantiveram o foco estrat\u00e9gico e trabalharam juntos para contribuir para a promo\u00e7\u00e3o da paz, estabilidade e desenvolvimento mundiais, observou Wang.<\/p>\n<p>A China est\u00e1 disposta a trabalhar com o Brasil para implementar o consenso alcan\u00e7ado pelos dois chefes de Estado, promover mais conquistas em v\u00e1rios campos de coopera\u00e7\u00e3o, praticar o verdadeiro multilateralismo, defender o papel central das Na\u00e7\u00f5es Unidas e salvaguardar os direitos e interesses leg\u00edtimos dos pa\u00edses do Sul Global, disse ele.<\/p>\n<p>Amorim disse que a visita de Estado do presidente Xi Jinping ao Brasil no ano passado foi de grande significado, demonstrando a vis\u00e3o dos dois chefes de Estado e consolidando a profunda amizade entre o Brasil e a China.<\/p>\n<p>A visita tamb\u00e9m promover\u00e1 mais conquistas na coopera\u00e7\u00e3o pr\u00e1tica entre o Brasil e a China em v\u00e1rios campos, disse Amorim.<\/p>\n<p>O Brasil est\u00e1 disposto a trabalhar com a China para acelerar a implementa\u00e7\u00e3o do consenso alcan\u00e7ado pelos dois chefes de Estado, construir uma comunidade Brasil-China mais justa e sustent\u00e1vel com um futuro compartilhado e salvaguardar conjuntamente a equidade e a justi\u00e7a internacionais, acrescentou.<\/p>\n<p>Os dois lados expressaram sua disposi\u00e7\u00e3o de fortalecer a comunica\u00e7\u00e3o e a coordena\u00e7\u00e3o e aprofundar a coopera\u00e7\u00e3o no \u00e2mbito do BRICS e entre a China e os pa\u00edses latino-americanos.<\/p>\n<p>Ambos os lados reconheceram o trabalho da plataforma &#8220;Amigos da Paz&#8221; e se comprometeram a continuar a desempenhar um papel construtivo na promo\u00e7\u00e3o de uma solu\u00e7\u00e3o pol\u00edtica para a crise na Ucr\u00e2nia.<\/p>\n","protected":false},"excerpt":{"rendered":"<p>O ministro das Rela\u00e7\u00f5es Exteriores da China, Wang Yi, expressou no s\u00e1bado a disposi\u00e7\u00e3o da China de promover mais conquistas em v\u00e1rios campos da coopera\u00e7\u00e3o China-Brasil. Wang, tamb\u00e9m membro do Bir\u00f4 Pol\u00edtico do Comit\u00ea Central do Partido Comunista da China,&#8230;<\/p>\n","protected":false},"author":2,"featured_media":7692,"comment_status":"open","ping_status":"open","sticky":false,"template":"","format":"standard","meta":{"footnotes":""},"categories":[5,8],"tags":[],"class_list":["post-7682","post","type-post","status-publish","format-standard","has-post-thumbnail","hentry","category-destaques-capa","category-internacional"],"yoast_head":"<!-- This site is optimized with the Yoast SEO plugin v27.4 - https:\/\/yoast.com\/product\/yoast-seo-wordpress\/ -->\n<title>Chanceler chin\u00eas pede mais coopera\u00e7\u00e3o com Brasil - CRI e Diario de Pernambuco<\/title>\n<meta name=\"robots\" content=\"index, follow, max-snippet:-1, max-image-preview:large, max-video-preview:-1\" \/>\n<link rel=\"canonical\" href=\"https:\/\/diariodepe.com.br\/cri\/2025\/02\/18\/chanceler-chines-pede-mais-cooperacao-com-brasil\/\" \/>\n<meta property=\"og:locale\" content=\"pt_BR\" \/>\n<meta property=\"og:type\" content=\"article\" \/>\n<meta property=\"og:title\" content=\"Chanceler chin\u00eas pede mais coopera\u00e7\u00e3o com Brasil - CRI e Diario de Pernambuco\" \/>\n<meta property=\"og:description\" content=\"O ministro das Rela\u00e7\u00f5es Exteriores da China, Wang Yi, expressou no s\u00e1bado a disposi\u00e7\u00e3o da China de promover mais conquistas em v\u00e1rios campos da coopera\u00e7\u00e3o China-Brasil. Wang, tamb\u00e9m membro do Bir\u00f4 Pol\u00edtico do Comit\u00ea Central do Partido Comunista da China,...\" \/>\n<meta property=\"og:url\" content=\"https:\/\/diariodepe.com.br\/cri\/2025\/02\/18\/chanceler-chines-pede-mais-cooperacao-com-brasil\/\" \/>\n<meta property=\"og:site_name\" content=\"CRI e Diario de Pernambuco\" \/>\n<meta property=\"article:published_time\" content=\"2025-02-19T02:59:33+00:00\" \/>\n<meta property=\"article:modified_time\" content=\"2025-02-19T03:05:04+00:00\" \/>\n<meta property=\"og:image\" content=\"https:\/\/diariodepe.com.br\/cri\/wp-content\/uploads\/sites\/2\/2025\/02\/1739698908001_426.png\" \/>\n\t<meta property=\"og:image:width\" content=\"1000\" \/>\n\t<meta property=\"og:image:height\" content=\"683\" \/>\n\t<meta property=\"og:image:type\" content=\"image\/png\" \/>\n<meta name=\"author\" content=\"Ismael Lucas S. Pereira\" \/>\n<meta name=\"twitter:card\" content=\"summary_large_image\" \/>\n<meta name=\"twitter:label1\" content=\"Escrito por\" \/>\n\t<meta name=\"twitter:data1\" content=\"Ismael Lucas S. Pereira\" \/>\n\t<meta name=\"twitter:label2\" content=\"Est. tempo de leitura\" \/>\n\t<meta name=\"twitter:data2\" content=\"3 minutos\" \/>\n<script type=\"application\/ld+json\" class=\"yoast-schema-graph\">{\"@context\":\"https:\\\/\\\/schema.org\",\"@graph\":[{\"@type\":\"Article\",\"@id\":\"https:\\\/\\\/diariodepe.com.br\\\/cri\\\/2025\\\/02\\\/18\\\/chanceler-chines-pede-mais-cooperacao-com-brasil\\\/#article\",\"isPartOf\":{\"@id\":\"https:\\\/\\\/diariodepe.com.br\\\/cri\\\/2025\\\/02\\\/18\\\/chanceler-chines-pede-mais-cooperacao-com-brasil\\\/\"},\"author\":{\"name\":\"Ismael Lucas S. Pereira\",\"@id\":\"https:\\\/\\\/diariodepe.com.br\\\/cri\\\/#\\\/schema\\\/person\\\/121bb28d84f1a5b1205ef4ce9c2e0c6b\"},\"headline\":\"Chanceler chin\u00eas pede mais coopera\u00e7\u00e3o com Brasil\",\"datePublished\":\"2025-02-19T02:59:33+00:00\",\"dateModified\":\"2025-02-19T03:05:04+00:00\",\"mainEntityOfPage\":{\"@id\":\"https:\\\/\\\/diariodepe.com.br\\\/cri\\\/2025\\\/02\\\/18\\\/chanceler-chines-pede-mais-cooperacao-com-brasil\\\/\"},\"wordCount\":457,\"commentCount\":0,\"publisher\":{\"@id\":\"https:\\\/\\\/diariodepe.com.br\\\/cri\\\/#organization\"},\"image\":{\"@id\":\"https:\\\/\\\/diariodepe.com.br\\\/cri\\\/2025\\\/02\\\/18\\\/chanceler-chines-pede-mais-cooperacao-com-brasil\\\/#primaryimage\"},\"thumbnailUrl\":\"https:\\\/\\\/diariodepe.com.br\\\/cri\\\/wp-content\\\/uploads\\\/sites\\\/2\\\/2025\\\/02\\\/1739698908001_426.png\",\"articleSection\":[\"Destaques Capa\",\"Internacional\"],\"inLanguage\":\"pt-BR\",\"potentialAction\":[{\"@type\":\"CommentAction\",\"name\":\"Comment\",\"target\":[\"https:\\\/\\\/diariodepe.com.br\\\/cri\\\/2025\\\/02\\\/18\\\/chanceler-chines-pede-mais-cooperacao-com-brasil\\\/#respond\"]}]},{\"@type\":\"WebPage\",\"@id\":\"https:\\\/\\\/diariodepe.com.br\\\/cri\\\/2025\\\/02\\\/18\\\/chanceler-chines-pede-mais-cooperacao-com-brasil\\\/\",\"url\":\"https:\\\/\\\/diariodepe.com.br\\\/cri\\\/2025\\\/02\\\/18\\\/chanceler-chines-pede-mais-cooperacao-com-brasil\\\/\",\"name\":\"Chanceler chin\u00eas pede mais coopera\u00e7\u00e3o com Brasil - CRI e Diario de Pernambuco\",\"isPartOf\":{\"@id\":\"https:\\\/\\\/diariodepe.com.br\\\/cri\\\/#website\"},\"primaryImageOfPage\":{\"@id\":\"https:\\\/\\\/diariodepe.com.br\\\/cri\\\/2025\\\/02\\\/18\\\/chanceler-chines-pede-mais-cooperacao-com-brasil\\\/#primaryimage\"},\"image\":{\"@id\":\"https:\\\/\\\/diariodepe.com.br\\\/cri\\\/2025\\\/02\\\/18\\\/chanceler-chines-pede-mais-cooperacao-com-brasil\\\/#primaryimage\"},\"thumbnailUrl\":\"https:\\\/\\\/diariodepe.com.br\\\/cri\\\/wp-content\\\/uploads\\\/sites\\\/2\\\/2025\\\/02\\\/1739698908001_426.png\",\"datePublished\":\"2025-02-19T02:59:33+00:00\",\"dateModified\":\"2025-02-19T03:05:04+00:00\",\"breadcrumb\":{\"@id\":\"https:\\\/\\\/diariodepe.com.br\\\/cri\\\/2025\\\/02\\\/18\\\/chanceler-chines-pede-mais-cooperacao-com-brasil\\\/#breadcrumb\"},\"inLanguage\":\"pt-BR\",\"potentialAction\":[{\"@type\":\"ReadAction\",\"target\":[\"https:\\\/\\\/diariodepe.com.br\\\/cri\\\/2025\\\/02\\\/18\\\/chanceler-chines-pede-mais-cooperacao-com-brasil\\\/\"]}]},{\"@type\":\"ImageObject\",\"inLanguage\":\"pt-BR\",\"@id\":\"https:\\\/\\\/diariodepe.com.br\\\/cri\\\/2025\\\/02\\\/18\\\/chanceler-chines-pede-mais-cooperacao-com-brasil\\\/#primaryimage\",\"url\":\"https:\\\/\\\/diariodepe.com.br\\\/cri\\\/wp-content\\\/uploads\\\/sites\\\/2\\\/2025\\\/02\\\/1739698908001_426.png\",\"contentUrl\":\"https:\\\/\\\/diariodepe.com.br\\\/cri\\\/wp-content\\\/uploads\\\/sites\\\/2\\\/2025\\\/02\\\/1739698908001_426.png\",\"width\":1000,\"height\":683},{\"@type\":\"BreadcrumbList\",\"@id\":\"https:\\\/\\\/diariodepe.com.br\\\/cri\\\/2025\\\/02\\\/18\\\/chanceler-chines-pede-mais-cooperacao-com-brasil\\\/#breadcrumb\",\"itemListElement\":[{\"@type\":\"ListItem\",\"position\":1,\"name\":\"In\u00edcio\",\"item\":\"https:\\\/\\\/diariodepe.com.br\\\/cri\\\/\"},{\"@type\":\"ListItem\",\"position\":2,\"name\":\"Chanceler chin\u00eas pede mais coopera\u00e7\u00e3o com Brasil\"}]},{\"@type\":\"WebSite\",\"@id\":\"https:\\\/\\\/diariodepe.com.br\\\/cri\\\/#website\",\"url\":\"https:\\\/\\\/diariodepe.com.br\\\/cri\\\/\",\"name\":\"CRI e Diario de Pernambuco\",\"description\":\"R\u00e1dio Internacional da China\",\"publisher\":{\"@id\":\"https:\\\/\\\/diariodepe.com.br\\\/cri\\\/#organization\"},\"potentialAction\":[{\"@type\":\"SearchAction\",\"target\":{\"@type\":\"EntryPoint\",\"urlTemplate\":\"https:\\\/\\\/diariodepe.com.br\\\/cri\\\/?s={search_term_string}\"},\"query-input\":{\"@type\":\"PropertyValueSpecification\",\"valueRequired\":true,\"valueName\":\"search_term_string\"}}],\"inLanguage\":\"pt-BR\"},{\"@type\":\"Organization\",\"@id\":\"https:\\\/\\\/diariodepe.com.br\\\/cri\\\/#organization\",\"name\":\"CRI e Diario de Pernambuco\",\"url\":\"https:\\\/\\\/diariodepe.com.br\\\/cri\\\/\",\"logo\":{\"@type\":\"ImageObject\",\"inLanguage\":\"pt-BR\",\"@id\":\"https:\\\/\\\/diariodepe.com.br\\\/cri\\\/#\\\/schema\\\/logo\\\/image\\\/\",\"url\":\"https:\\\/\\\/diariodepe.com.br\\\/cri\\\/wp-content\\\/uploads\\\/sites\\\/2\\\/2022\\\/12\\\/cropped-Logo.jpg\",\"contentUrl\":\"https:\\\/\\\/diariodepe.com.br\\\/cri\\\/wp-content\\\/uploads\\\/sites\\\/2\\\/2022\\\/12\\\/cropped-Logo.jpg\",\"width\":700,\"height\":59,\"caption\":\"CRI e Diario de Pernambuco\"},\"image\":{\"@id\":\"https:\\\/\\\/diariodepe.com.br\\\/cri\\\/#\\\/schema\\\/logo\\\/image\\\/\"}},{\"@type\":\"Person\",\"@id\":\"https:\\\/\\\/diariodepe.com.br\\\/cri\\\/#\\\/schema\\\/person\\\/121bb28d84f1a5b1205ef4ce9c2e0c6b\",\"name\":\"Ismael Lucas S. Pereira\",\"image\":{\"@type\":\"ImageObject\",\"inLanguage\":\"pt-BR\",\"@id\":\"https:\\\/\\\/secure.gravatar.com\\\/avatar\\\/887a0f3b5a7ceea963a48499fb883ffce6b5037362def025c52c2505b15d63e4?s=96&d=mm&r=g\",\"url\":\"https:\\\/\\\/secure.gravatar.com\\\/avatar\\\/887a0f3b5a7ceea963a48499fb883ffce6b5037362def025c52c2505b15d63e4?s=96&d=mm&r=g\",\"contentUrl\":\"https:\\\/\\\/secure.gravatar.com\\\/avatar\\\/887a0f3b5a7ceea963a48499fb883ffce6b5037362def025c52c2505b15d63e4?s=96&d=mm&r=g\",\"caption\":\"Ismael Lucas S. Pereira\"},\"url\":\"https:\\\/\\\/diariodepe.com.br\\\/cri\\\/author\\\/ismael-lucas\\\/\"}]}<\/script>\n<!-- \/ Yoast SEO plugin. -->","yoast_head_json":{"title":"Chanceler chin\u00eas pede mais coopera\u00e7\u00e3o com Brasil - CRI e Diario de Pernambuco","robots":{"index":"index","follow":"follow","max-snippet":"max-snippet:-1","max-image-preview":"max-image-preview:large","max-video-preview":"max-video-preview:-1"},"canonical":"https:\/\/diariodepe.com.br\/cri\/2025\/02\/18\/chanceler-chines-pede-mais-cooperacao-com-brasil\/","og_locale":"pt_BR","og_type":"article","og_title":"Chanceler chin\u00eas pede mais coopera\u00e7\u00e3o com Brasil - CRI e Diario de Pernambuco","og_description":"O ministro das Rela\u00e7\u00f5es Exteriores da China, Wang Yi, expressou no s\u00e1bado a disposi\u00e7\u00e3o da China de promover mais conquistas em v\u00e1rios campos da coopera\u00e7\u00e3o China-Brasil. Wang, tamb\u00e9m membro do Bir\u00f4 Pol\u00edtico do Comit\u00ea Central do Partido Comunista da China,...","og_url":"https:\/\/diariodepe.com.br\/cri\/2025\/02\/18\/chanceler-chines-pede-mais-cooperacao-com-brasil\/","og_site_name":"CRI e Diario de Pernambuco","article_published_time":"2025-02-19T02:59:33+00:00","article_modified_time":"2025-02-19T03:05:04+00:00","og_image":[{"width":1000,"height":683,"url":"https:\/\/diariodepe.com.br\/cri\/wp-content\/uploads\/sites\/2\/2025\/02\/1739698908001_426.png","type":"image\/png"}],"author":"Ismael Lucas S. Pereira","twitter_card":"summary_large_image","twitter_misc":{"Escrito por":"Ismael Lucas S. Pereira","Est. tempo de leitura":"3 minutos"},"schema":{"@context":"https:\/\/schema.org","@graph":[{"@type":"Article","@id":"https:\/\/diariodepe.com.br\/cri\/2025\/02\/18\/chanceler-chines-pede-mais-cooperacao-com-brasil\/#article","isPartOf":{"@id":"https:\/\/diariodepe.com.br\/cri\/2025\/02\/18\/chanceler-chines-pede-mais-cooperacao-com-brasil\/"},"author":{"name":"Ismael Lucas S. Pereira","@id":"https:\/\/diariodepe.com.br\/cri\/#\/schema\/person\/121bb28d84f1a5b1205ef4ce9c2e0c6b"},"headline":"Chanceler chin\u00eas pede mais coopera\u00e7\u00e3o com Brasil","datePublished":"2025-02-19T02:59:33+00:00","dateModified":"2025-02-19T03:05:04+00:00","mainEntityOfPage":{"@id":"https:\/\/diariodepe.com.br\/cri\/2025\/02\/18\/chanceler-chines-pede-mais-cooperacao-com-brasil\/"},"wordCount":457,"commentCount":0,"publisher":{"@id":"https:\/\/diariodepe.com.br\/cri\/#organization"},"image":{"@id":"https:\/\/diariodepe.com.br\/cri\/2025\/02\/18\/chanceler-chines-pede-mais-cooperacao-com-brasil\/#primaryimage"},"thumbnailUrl":"https:\/\/diariodepe.com.br\/cri\/wp-content\/uploads\/sites\/2\/2025\/02\/1739698908001_426.png","articleSection":["Destaques Capa","Internacional"],"inLanguage":"pt-BR","potentialAction":[{"@type":"CommentAction","name":"Comment","target":["https:\/\/diariodepe.com.br\/cri\/2025\/02\/18\/chanceler-chines-pede-mais-cooperacao-com-brasil\/#respond"]}]},{"@type":"WebPage","@id":"https:\/\/diariodepe.com.br\/cri\/2025\/02\/18\/chanceler-chines-pede-mais-cooperacao-com-brasil\/","url":"https:\/\/diariodepe.com.br\/cri\/2025\/02\/18\/chanceler-chines-pede-mais-cooperacao-com-brasil\/","name":"Chanceler chin\u00eas pede mais coopera\u00e7\u00e3o com Brasil - CRI e Diario de Pernambuco","isPartOf":{"@id":"https:\/\/diariodepe.com.br\/cri\/#website"},"primaryImageOfPage":{"@id":"https:\/\/diariodepe.com.br\/cri\/2025\/02\/18\/chanceler-chines-pede-mais-cooperacao-com-brasil\/#primaryimage"},"image":{"@id":"https:\/\/diariodepe.com.br\/cri\/2025\/02\/18\/chanceler-chines-pede-mais-cooperacao-com-brasil\/#primaryimage"},"thumbnailUrl":"https:\/\/diariodepe.com.br\/cri\/wp-content\/uploads\/sites\/2\/2025\/02\/1739698908001_426.png","datePublished":"2025-02-19T02:59:33+00:00","dateModified":"2025-02-19T03:05:04+00:00","breadcrumb":{"@id":"https:\/\/diariodepe.com.br\/cri\/2025\/02\/18\/chanceler-chines-pede-mais-cooperacao-com-brasil\/#breadcrumb"},"inLanguage":"pt-BR","potentialAction":[{"@type":"ReadAction","target":["https:\/\/diariodepe.com.br\/cri\/2025\/02\/18\/chanceler-chines-pede-mais-cooperacao-com-brasil\/"]}]},{"@type":"ImageObject","inLanguage":"pt-BR","@id":"https:\/\/diariodepe.com.br\/cri\/2025\/02\/18\/chanceler-chines-pede-mais-cooperacao-com-brasil\/#primaryimage","url":"https:\/\/diariodepe.com.br\/cri\/wp-content\/uploads\/sites\/2\/2025\/02\/1739698908001_426.png","contentUrl":"https:\/\/diariodepe.com.br\/cri\/wp-content\/uploads\/sites\/2\/2025\/02\/1739698908001_426.png","width":1000,"height":683},{"@type":"BreadcrumbList","@id":"https:\/\/diariodepe.com.br\/cri\/2025\/02\/18\/chanceler-chines-pede-mais-cooperacao-com-brasil\/#breadcrumb","itemListElement":[{"@type":"ListItem","position":1,"name":"In\u00edcio","item":"https:\/\/diariodepe.com.br\/cri\/"},{"@type":"ListItem","position":2,"name":"Chanceler chin\u00eas pede mais coopera\u00e7\u00e3o com Brasil"}]},{"@type":"WebSite","@id":"https:\/\/diariodepe.com.br\/cri\/#website","url":"https:\/\/diariodepe.com.br\/cri\/","name":"CRI e Diario de Pernambuco","description":"R\u00e1dio Internacional da China","publisher":{"@id":"https:\/\/diariodepe.com.br\/cri\/#organization"},"potentialAction":[{"@type":"SearchAction","target":{"@type":"EntryPoint","urlTemplate":"https:\/\/diariodepe.com.br\/cri\/?s={search_term_string}"},"query-input":{"@type":"PropertyValueSpecification","valueRequired":true,"valueName":"search_term_string"}}],"inLanguage":"pt-BR"},{"@type":"Organization","@id":"https:\/\/diariodepe.com.br\/cri\/#organization","name":"CRI e Diario de Pernambuco","url":"https:\/\/diariodepe.com.br\/cri\/","logo":{"@type":"ImageObject","inLanguage":"pt-BR","@id":"https:\/\/diariodepe.com.br\/cri\/#\/schema\/logo\/image\/","url":"https:\/\/diariodepe.com.br\/cri\/wp-content\/uploads\/sites\/2\/2022\/12\/cropped-Logo.jpg","contentUrl":"https:\/\/diariodepe.com.br\/cri\/wp-content\/uploads\/sites\/2\/2022\/12\/cropped-Logo.jpg","width":700,"height":59,"caption":"CRI e Diario de Pernambuco"},"image":{"@id":"https:\/\/diariodepe.com.br\/cri\/#\/schema\/logo\/image\/"}},{"@type":"Person","@id":"https:\/\/diariodepe.com.br\/cri\/#\/schema\/person\/121bb28d84f1a5b1205ef4ce9c2e0c6b","name":"Ismael Lucas S. Pereira","image":{"@type":"ImageObject","inLanguage":"pt-BR","@id":"https:\/\/secure.gravatar.com\/avatar\/887a0f3b5a7ceea963a48499fb883ffce6b5037362def025c52c2505b15d63e4?s=96&d=mm&r=g","url":"https:\/\/secure.gravatar.com\/avatar\/887a0f3b5a7ceea963a48499fb883ffce6b5037362def025c52c2505b15d63e4?s=96&d=mm&r=g","contentUrl":"https:\/\/secure.gravatar.com\/avatar\/887a0f3b5a7ceea963a48499fb883ffce6b5037362def025c52c2505b15d63e4?s=96&d=mm&r=g","caption":"Ismael Lucas S. Pereira"},"url":"https:\/\/diariodepe.com.br\/cri\/author\/ismael-lucas\/"}]}},"cc_featured_image_caption":{"caption_text":false,"source_text":false,"source_url":false},"amp_enabled":true,"_links":{"self":[{"href":"https:\/\/diariodepe.com.br\/cri\/wp-json\/wp\/v2\/posts\/7682","targetHints":{"allow":["GET"]}}],"collection":[{"href":"https:\/\/diariodepe.com.br\/cri\/wp-json\/wp\/v2\/posts"}],"about":[{"href":"https:\/\/diariodepe.com.br\/cri\/wp-json\/wp\/v2\/types\/post"}],"author":[{"embeddable":true,"href":"https:\/\/diariodepe.com.br\/cri\/wp-json\/wp\/v2\/users\/2"}],"replies":[{"embeddable":true,"href":"https:\/\/diariodepe.com.br\/cri\/wp-json\/wp\/v2\/comments?post=7682"}],"version-history":[{"count":2,"href":"https:\/\/diariodepe.com.br\/cri\/wp-json\/wp\/v2\/posts\/7682\/revisions"}],"predecessor-version":[{"id":7693,"href":"https:\/\/diariodepe.com.br\/cri\/wp-json\/wp\/v2\/posts\/7682\/revisions\/7693"}],"wp:featuredmedia":[{"embeddable":true,"href":"https:\/\/diariodepe.com.br\/cri\/wp-json\/wp\/v2\/media\/7692"}],"wp:attachment":[{"href":"https:\/\/diariodepe.com.br\/cri\/wp-json\/wp\/v2\/media?parent=7682"}],"wp:term":[{"taxonomy":"category","embeddable":true,"href":"https:\/\/diariodepe.com.br\/cri\/wp-json\/wp\/v2\/categories?post=7682"},{"taxonomy":"post_tag","embeddable":true,"href":"https:\/\/diariodepe.com.br\/cri\/wp-json\/wp\/v2\/tags?post=7682"}],"curies":[{"name":"wp","href":"https:\/\/api.w.org\/{rel}","templated":true}]}}