{"id":7669,"date":"2025-02-12T23:37:41","date_gmt":"2025-02-13T02:37:41","guid":{"rendered":"https:\/\/diariodepe.com.br\/cri\/?p=7669"},"modified":"2025-02-12T23:37:41","modified_gmt":"2025-02-13T02:37:41","slug":"china-amplia-politica-de-isencao-de-visto-de-transito","status":"publish","type":"post","link":"https:\/\/diariodepe.com.br\/cri\/2025\/02\/12\/china-amplia-politica-de-isencao-de-visto-de-transito\/","title":{"rendered":"China amplia pol\u00edtica de isen\u00e7\u00e3o de visto de tr\u00e2nsito"},"content":{"rendered":"<p><img decoding=\"async\" src=\"https:\/\/38picres.cgtn.com\/photoAlbum\/page\/performance\/img\/2024\/12\/18\/1734525080775_182.jpg\" width=\"100%\" height=\"auto\" \/><\/p>\n<p><span lang=\"PT-BR\">A China anunciou nesta ter\u00e7a-feira (17) uma flexibiliza\u00e7\u00e3o significativa de sua pol\u00edtica de isen\u00e7\u00e3o de visto em tr\u00e2nsito, estendendo das 72 e 144 horas atuais para 240 horas (10 dias) o per\u00edodo de estadia em quest\u00e3o para as nacionalidades eleg\u00edveis.<\/span><\/p>\n<p><span lang=\"PT-BR\">Paralelamente, foram adicionados 21 novos pontos de entrada e sa\u00edda para o pessoal isento de visto em tr\u00e2nsito, com um total de 60 portos liberados em 24 prov\u00edncias, regi\u00f5es e munic\u00edpios centrais, ampliando as op\u00e7\u00f5es de locais de visita\u00e7\u00e3o para os viajantes.<\/span><\/p>\n<p><span lang=\"PT-BR\">Portadores de passaportes de 54 pa\u00edses que estiverem em tr\u00e2nsito da China para um terceiro pa\u00eds (ou regi\u00e3o) poder\u00e3o aproveitar a atualiza\u00e7\u00e3o da pol\u00edtica de perman\u00eancia. Atualmente, a China j\u00e1 tem acordos de isen\u00e7\u00e3o de visto m\u00fatua com 157 pa\u00edses e regi\u00f5es.<\/span><\/p>\n<p><span lang=\"PT-BR\">Um coment\u00e1rio da ag\u00eancia de not\u00edcias brit\u00e2nica Reuters ressaltou que a libera\u00e7\u00e3o chinesa de requisitos de visto para os viajantes estrangeiros encoraja as pessoas a visitarem a segunda maior economia do mundo.<\/span><\/p>\n<p><span lang=\"PT-BR\">Por tr\u00e1s do visto est\u00e3o os esfor\u00e7os da China para continuar expandindo sua abertura ao mundo. Os dados mostram que, nos primeiros 11 meses deste ano, 29.218 milh\u00f5es de estrangeiros entraram na China pelos portos alfandeg\u00e1rios do pa\u00eds, um aumento de 86,2% em rela\u00e7\u00e3o ao ano anterior. Entre eles, 17,446 milh\u00f5es entraram na China sem visto, um incremento de 123,3% comparando o mesmo per\u00edodo de 2023.<\/span><\/p>\n<p><span lang=\"PT-BR\">O alto n\u00edvel de abertura da China promoveu a circula\u00e7\u00e3o de pessoal, capitais e mercadorias, injetando um dinamismo precioso ao mundo.<\/span><\/p>\n<p><span lang=\"PT-BR\">A hospitalidade e a simpatia s\u00e3o o jeito chin\u00eas de tratar os outros, e a abertura e inclus\u00e3o s\u00e3o a maneira como a China interage com o mundo.<\/span><\/p>\n<p><span lang=\"PT-BR\">Desde a expans\u00e3o da entrada sem visto at\u00e9 a expans\u00e3o cont\u00ednua do acesso ao mercado e a otimiza\u00e7\u00e3o do ambiente de neg\u00f3cios, a China est\u00e1 continuamente promovendo uma abertura de alto n\u00edvel para o mundo exterior. Damos boas-vindas a mais amigos estrangeiros para virem \u00e0 China, conhecerem e entenderem o pa\u00eds e compartilharem as oportunidades de benef\u00edcios rec\u00edprocos.<\/span><\/p>\n","protected":false},"excerpt":{"rendered":"<p>A China anunciou nesta ter\u00e7a-feira (17) uma flexibiliza\u00e7\u00e3o significativa de sua pol\u00edtica de isen\u00e7\u00e3o de visto em tr\u00e2nsito, estendendo das 72 e 144 horas atuais para 240 horas (10 dias) o per\u00edodo de estadia em quest\u00e3o para as nacionalidades eleg\u00edveis&#8230;.<\/p>\n","protected":false},"author":2,"featured_media":0,"comment_status":"open","ping_status":"open","sticky":false,"template":"","format":"standard","meta":{"footnotes":""},"categories":[7],"tags":[],"class_list":["post-7669","post","type-post","status-publish","format-standard","hentry","category-visao"],"yoast_head":"<!-- This site is optimized with the Yoast SEO plugin v27.4 - https:\/\/yoast.com\/product\/yoast-seo-wordpress\/ -->\n<title>China amplia pol\u00edtica de isen\u00e7\u00e3o de visto de tr\u00e2nsito - CRI e Diario de Pernambuco<\/title>\n<meta name=\"robots\" content=\"index, follow, max-snippet:-1, max-image-preview:large, max-video-preview:-1\" \/>\n<link rel=\"canonical\" href=\"https:\/\/diariodepe.com.br\/cri\/2025\/02\/12\/china-amplia-politica-de-isencao-de-visto-de-transito\/\" \/>\n<meta property=\"og:locale\" content=\"pt_BR\" \/>\n<meta property=\"og:type\" content=\"article\" \/>\n<meta property=\"og:title\" content=\"China amplia pol\u00edtica de isen\u00e7\u00e3o de visto de tr\u00e2nsito - CRI e Diario de Pernambuco\" \/>\n<meta property=\"og:description\" content=\"A China anunciou nesta ter\u00e7a-feira (17) uma flexibiliza\u00e7\u00e3o significativa de sua pol\u00edtica de isen\u00e7\u00e3o de visto em tr\u00e2nsito, estendendo das 72 e 144 horas atuais para 240 horas (10 dias) o per\u00edodo de estadia em quest\u00e3o para as nacionalidades eleg\u00edveis....\" \/>\n<meta property=\"og:url\" content=\"https:\/\/diariodepe.com.br\/cri\/2025\/02\/12\/china-amplia-politica-de-isencao-de-visto-de-transito\/\" \/>\n<meta property=\"og:site_name\" content=\"CRI e Diario de Pernambuco\" \/>\n<meta property=\"article:published_time\" content=\"2025-02-13T02:37:41+00:00\" \/>\n<meta property=\"og:image\" content=\"https:\/\/38picres.cgtn.com\/photoAlbum\/page\/performance\/img\/2024\/12\/18\/1734525080775_182.jpg\" \/>\n<meta name=\"author\" content=\"Ismael Lucas S. Pereira\" \/>\n<meta name=\"twitter:card\" content=\"summary_large_image\" \/>\n<meta name=\"twitter:label1\" content=\"Escrito por\" \/>\n\t<meta name=\"twitter:data1\" content=\"Ismael Lucas S. Pereira\" \/>\n\t<meta name=\"twitter:label2\" content=\"Est. tempo de leitura\" \/>\n\t<meta name=\"twitter:data2\" content=\"3 minutos\" \/>\n<script type=\"application\/ld+json\" class=\"yoast-schema-graph\">{\"@context\":\"https:\\\/\\\/schema.org\",\"@graph\":[{\"@type\":\"Article\",\"@id\":\"https:\\\/\\\/diariodepe.com.br\\\/cri\\\/2025\\\/02\\\/12\\\/china-amplia-politica-de-isencao-de-visto-de-transito\\\/#article\",\"isPartOf\":{\"@id\":\"https:\\\/\\\/diariodepe.com.br\\\/cri\\\/2025\\\/02\\\/12\\\/china-amplia-politica-de-isencao-de-visto-de-transito\\\/\"},\"author\":{\"name\":\"Ismael Lucas S. Pereira\",\"@id\":\"https:\\\/\\\/diariodepe.com.br\\\/cri\\\/#\\\/schema\\\/person\\\/121bb28d84f1a5b1205ef4ce9c2e0c6b\"},\"headline\":\"China amplia pol\u00edtica de isen\u00e7\u00e3o de visto de tr\u00e2nsito\",\"datePublished\":\"2025-02-13T02:37:41+00:00\",\"mainEntityOfPage\":{\"@id\":\"https:\\\/\\\/diariodepe.com.br\\\/cri\\\/2025\\\/02\\\/12\\\/china-amplia-politica-de-isencao-de-visto-de-transito\\\/\"},\"wordCount\":380,\"commentCount\":0,\"publisher\":{\"@id\":\"https:\\\/\\\/diariodepe.com.br\\\/cri\\\/#organization\"},\"image\":{\"@id\":\"https:\\\/\\\/diariodepe.com.br\\\/cri\\\/2025\\\/02\\\/12\\\/china-amplia-politica-de-isencao-de-visto-de-transito\\\/#primaryimage\"},\"thumbnailUrl\":\"https:\\\/\\\/38picres.cgtn.com\\\/photoAlbum\\\/page\\\/performance\\\/img\\\/2024\\\/12\\\/18\\\/1734525080775_182.jpg\",\"articleSection\":[\"Vis\u00e3o\"],\"inLanguage\":\"pt-BR\",\"potentialAction\":[{\"@type\":\"CommentAction\",\"name\":\"Comment\",\"target\":[\"https:\\\/\\\/diariodepe.com.br\\\/cri\\\/2025\\\/02\\\/12\\\/china-amplia-politica-de-isencao-de-visto-de-transito\\\/#respond\"]}]},{\"@type\":\"WebPage\",\"@id\":\"https:\\\/\\\/diariodepe.com.br\\\/cri\\\/2025\\\/02\\\/12\\\/china-amplia-politica-de-isencao-de-visto-de-transito\\\/\",\"url\":\"https:\\\/\\\/diariodepe.com.br\\\/cri\\\/2025\\\/02\\\/12\\\/china-amplia-politica-de-isencao-de-visto-de-transito\\\/\",\"name\":\"China amplia pol\u00edtica de isen\u00e7\u00e3o de visto de tr\u00e2nsito - CRI e Diario de Pernambuco\",\"isPartOf\":{\"@id\":\"https:\\\/\\\/diariodepe.com.br\\\/cri\\\/#website\"},\"primaryImageOfPage\":{\"@id\":\"https:\\\/\\\/diariodepe.com.br\\\/cri\\\/2025\\\/02\\\/12\\\/china-amplia-politica-de-isencao-de-visto-de-transito\\\/#primaryimage\"},\"image\":{\"@id\":\"https:\\\/\\\/diariodepe.com.br\\\/cri\\\/2025\\\/02\\\/12\\\/china-amplia-politica-de-isencao-de-visto-de-transito\\\/#primaryimage\"},\"thumbnailUrl\":\"https:\\\/\\\/38picres.cgtn.com\\\/photoAlbum\\\/page\\\/performance\\\/img\\\/2024\\\/12\\\/18\\\/1734525080775_182.jpg\",\"datePublished\":\"2025-02-13T02:37:41+00:00\",\"breadcrumb\":{\"@id\":\"https:\\\/\\\/diariodepe.com.br\\\/cri\\\/2025\\\/02\\\/12\\\/china-amplia-politica-de-isencao-de-visto-de-transito\\\/#breadcrumb\"},\"inLanguage\":\"pt-BR\",\"potentialAction\":[{\"@type\":\"ReadAction\",\"target\":[\"https:\\\/\\\/diariodepe.com.br\\\/cri\\\/2025\\\/02\\\/12\\\/china-amplia-politica-de-isencao-de-visto-de-transito\\\/\"]}]},{\"@type\":\"ImageObject\",\"inLanguage\":\"pt-BR\",\"@id\":\"https:\\\/\\\/diariodepe.com.br\\\/cri\\\/2025\\\/02\\\/12\\\/china-amplia-politica-de-isencao-de-visto-de-transito\\\/#primaryimage\",\"url\":\"https:\\\/\\\/38picres.cgtn.com\\\/photoAlbum\\\/page\\\/performance\\\/img\\\/2024\\\/12\\\/18\\\/1734525080775_182.jpg\",\"contentUrl\":\"https:\\\/\\\/38picres.cgtn.com\\\/photoAlbum\\\/page\\\/performance\\\/img\\\/2024\\\/12\\\/18\\\/1734525080775_182.jpg\"},{\"@type\":\"BreadcrumbList\",\"@id\":\"https:\\\/\\\/diariodepe.com.br\\\/cri\\\/2025\\\/02\\\/12\\\/china-amplia-politica-de-isencao-de-visto-de-transito\\\/#breadcrumb\",\"itemListElement\":[{\"@type\":\"ListItem\",\"position\":1,\"name\":\"In\u00edcio\",\"item\":\"https:\\\/\\\/diariodepe.com.br\\\/cri\\\/\"},{\"@type\":\"ListItem\",\"position\":2,\"name\":\"China amplia pol\u00edtica de isen\u00e7\u00e3o de visto de tr\u00e2nsito\"}]},{\"@type\":\"WebSite\",\"@id\":\"https:\\\/\\\/diariodepe.com.br\\\/cri\\\/#website\",\"url\":\"https:\\\/\\\/diariodepe.com.br\\\/cri\\\/\",\"name\":\"CRI e Diario de Pernambuco\",\"description\":\"R\u00e1dio Internacional da China\",\"publisher\":{\"@id\":\"https:\\\/\\\/diariodepe.com.br\\\/cri\\\/#organization\"},\"potentialAction\":[{\"@type\":\"SearchAction\",\"target\":{\"@type\":\"EntryPoint\",\"urlTemplate\":\"https:\\\/\\\/diariodepe.com.br\\\/cri\\\/?s={search_term_string}\"},\"query-input\":{\"@type\":\"PropertyValueSpecification\",\"valueRequired\":true,\"valueName\":\"search_term_string\"}}],\"inLanguage\":\"pt-BR\"},{\"@type\":\"Organization\",\"@id\":\"https:\\\/\\\/diariodepe.com.br\\\/cri\\\/#organization\",\"name\":\"CRI e Diario de Pernambuco\",\"url\":\"https:\\\/\\\/diariodepe.com.br\\\/cri\\\/\",\"logo\":{\"@type\":\"ImageObject\",\"inLanguage\":\"pt-BR\",\"@id\":\"https:\\\/\\\/diariodepe.com.br\\\/cri\\\/#\\\/schema\\\/logo\\\/image\\\/\",\"url\":\"https:\\\/\\\/diariodepe.com.br\\\/cri\\\/wp-content\\\/uploads\\\/sites\\\/2\\\/2022\\\/12\\\/cropped-Logo.jpg\",\"contentUrl\":\"https:\\\/\\\/diariodepe.com.br\\\/cri\\\/wp-content\\\/uploads\\\/sites\\\/2\\\/2022\\\/12\\\/cropped-Logo.jpg\",\"width\":700,\"height\":59,\"caption\":\"CRI e Diario de Pernambuco\"},\"image\":{\"@id\":\"https:\\\/\\\/diariodepe.com.br\\\/cri\\\/#\\\/schema\\\/logo\\\/image\\\/\"}},{\"@type\":\"Person\",\"@id\":\"https:\\\/\\\/diariodepe.com.br\\\/cri\\\/#\\\/schema\\\/person\\\/121bb28d84f1a5b1205ef4ce9c2e0c6b\",\"name\":\"Ismael Lucas S. Pereira\",\"image\":{\"@type\":\"ImageObject\",\"inLanguage\":\"pt-BR\",\"@id\":\"https:\\\/\\\/secure.gravatar.com\\\/avatar\\\/887a0f3b5a7ceea963a48499fb883ffce6b5037362def025c52c2505b15d63e4?s=96&d=mm&r=g\",\"url\":\"https:\\\/\\\/secure.gravatar.com\\\/avatar\\\/887a0f3b5a7ceea963a48499fb883ffce6b5037362def025c52c2505b15d63e4?s=96&d=mm&r=g\",\"contentUrl\":\"https:\\\/\\\/secure.gravatar.com\\\/avatar\\\/887a0f3b5a7ceea963a48499fb883ffce6b5037362def025c52c2505b15d63e4?s=96&d=mm&r=g\",\"caption\":\"Ismael Lucas S. Pereira\"},\"url\":\"https:\\\/\\\/diariodepe.com.br\\\/cri\\\/author\\\/ismael-lucas\\\/\"}]}<\/script>\n<!-- \/ Yoast SEO plugin. -->","yoast_head_json":{"title":"China amplia pol\u00edtica de isen\u00e7\u00e3o de visto de tr\u00e2nsito - CRI e Diario de Pernambuco","robots":{"index":"index","follow":"follow","max-snippet":"max-snippet:-1","max-image-preview":"max-image-preview:large","max-video-preview":"max-video-preview:-1"},"canonical":"https:\/\/diariodepe.com.br\/cri\/2025\/02\/12\/china-amplia-politica-de-isencao-de-visto-de-transito\/","og_locale":"pt_BR","og_type":"article","og_title":"China amplia pol\u00edtica de isen\u00e7\u00e3o de visto de tr\u00e2nsito - CRI e Diario de Pernambuco","og_description":"A China anunciou nesta ter\u00e7a-feira (17) uma flexibiliza\u00e7\u00e3o significativa de sua pol\u00edtica de isen\u00e7\u00e3o de visto em tr\u00e2nsito, estendendo das 72 e 144 horas atuais para 240 horas (10 dias) o per\u00edodo de estadia em quest\u00e3o para as nacionalidades eleg\u00edveis....","og_url":"https:\/\/diariodepe.com.br\/cri\/2025\/02\/12\/china-amplia-politica-de-isencao-de-visto-de-transito\/","og_site_name":"CRI e Diario de Pernambuco","article_published_time":"2025-02-13T02:37:41+00:00","og_image":[{"url":"https:\/\/38picres.cgtn.com\/photoAlbum\/page\/performance\/img\/2024\/12\/18\/1734525080775_182.jpg","type":"","width":"","height":""}],"author":"Ismael Lucas S. Pereira","twitter_card":"summary_large_image","twitter_misc":{"Escrito por":"Ismael Lucas S. Pereira","Est. tempo de leitura":"3 minutos"},"schema":{"@context":"https:\/\/schema.org","@graph":[{"@type":"Article","@id":"https:\/\/diariodepe.com.br\/cri\/2025\/02\/12\/china-amplia-politica-de-isencao-de-visto-de-transito\/#article","isPartOf":{"@id":"https:\/\/diariodepe.com.br\/cri\/2025\/02\/12\/china-amplia-politica-de-isencao-de-visto-de-transito\/"},"author":{"name":"Ismael Lucas S. Pereira","@id":"https:\/\/diariodepe.com.br\/cri\/#\/schema\/person\/121bb28d84f1a5b1205ef4ce9c2e0c6b"},"headline":"China amplia pol\u00edtica de isen\u00e7\u00e3o de visto de tr\u00e2nsito","datePublished":"2025-02-13T02:37:41+00:00","mainEntityOfPage":{"@id":"https:\/\/diariodepe.com.br\/cri\/2025\/02\/12\/china-amplia-politica-de-isencao-de-visto-de-transito\/"},"wordCount":380,"commentCount":0,"publisher":{"@id":"https:\/\/diariodepe.com.br\/cri\/#organization"},"image":{"@id":"https:\/\/diariodepe.com.br\/cri\/2025\/02\/12\/china-amplia-politica-de-isencao-de-visto-de-transito\/#primaryimage"},"thumbnailUrl":"https:\/\/38picres.cgtn.com\/photoAlbum\/page\/performance\/img\/2024\/12\/18\/1734525080775_182.jpg","articleSection":["Vis\u00e3o"],"inLanguage":"pt-BR","potentialAction":[{"@type":"CommentAction","name":"Comment","target":["https:\/\/diariodepe.com.br\/cri\/2025\/02\/12\/china-amplia-politica-de-isencao-de-visto-de-transito\/#respond"]}]},{"@type":"WebPage","@id":"https:\/\/diariodepe.com.br\/cri\/2025\/02\/12\/china-amplia-politica-de-isencao-de-visto-de-transito\/","url":"https:\/\/diariodepe.com.br\/cri\/2025\/02\/12\/china-amplia-politica-de-isencao-de-visto-de-transito\/","name":"China amplia pol\u00edtica de isen\u00e7\u00e3o de visto de tr\u00e2nsito - CRI e Diario de Pernambuco","isPartOf":{"@id":"https:\/\/diariodepe.com.br\/cri\/#website"},"primaryImageOfPage":{"@id":"https:\/\/diariodepe.com.br\/cri\/2025\/02\/12\/china-amplia-politica-de-isencao-de-visto-de-transito\/#primaryimage"},"image":{"@id":"https:\/\/diariodepe.com.br\/cri\/2025\/02\/12\/china-amplia-politica-de-isencao-de-visto-de-transito\/#primaryimage"},"thumbnailUrl":"https:\/\/38picres.cgtn.com\/photoAlbum\/page\/performance\/img\/2024\/12\/18\/1734525080775_182.jpg","datePublished":"2025-02-13T02:37:41+00:00","breadcrumb":{"@id":"https:\/\/diariodepe.com.br\/cri\/2025\/02\/12\/china-amplia-politica-de-isencao-de-visto-de-transito\/#breadcrumb"},"inLanguage":"pt-BR","potentialAction":[{"@type":"ReadAction","target":["https:\/\/diariodepe.com.br\/cri\/2025\/02\/12\/china-amplia-politica-de-isencao-de-visto-de-transito\/"]}]},{"@type":"ImageObject","inLanguage":"pt-BR","@id":"https:\/\/diariodepe.com.br\/cri\/2025\/02\/12\/china-amplia-politica-de-isencao-de-visto-de-transito\/#primaryimage","url":"https:\/\/38picres.cgtn.com\/photoAlbum\/page\/performance\/img\/2024\/12\/18\/1734525080775_182.jpg","contentUrl":"https:\/\/38picres.cgtn.com\/photoAlbum\/page\/performance\/img\/2024\/12\/18\/1734525080775_182.jpg"},{"@type":"BreadcrumbList","@id":"https:\/\/diariodepe.com.br\/cri\/2025\/02\/12\/china-amplia-politica-de-isencao-de-visto-de-transito\/#breadcrumb","itemListElement":[{"@type":"ListItem","position":1,"name":"In\u00edcio","item":"https:\/\/diariodepe.com.br\/cri\/"},{"@type":"ListItem","position":2,"name":"China amplia pol\u00edtica de isen\u00e7\u00e3o de visto de tr\u00e2nsito"}]},{"@type":"WebSite","@id":"https:\/\/diariodepe.com.br\/cri\/#website","url":"https:\/\/diariodepe.com.br\/cri\/","name":"CRI e Diario de Pernambuco","description":"R\u00e1dio Internacional da China","publisher":{"@id":"https:\/\/diariodepe.com.br\/cri\/#organization"},"potentialAction":[{"@type":"SearchAction","target":{"@type":"EntryPoint","urlTemplate":"https:\/\/diariodepe.com.br\/cri\/?s={search_term_string}"},"query-input":{"@type":"PropertyValueSpecification","valueRequired":true,"valueName":"search_term_string"}}],"inLanguage":"pt-BR"},{"@type":"Organization","@id":"https:\/\/diariodepe.com.br\/cri\/#organization","name":"CRI e Diario de Pernambuco","url":"https:\/\/diariodepe.com.br\/cri\/","logo":{"@type":"ImageObject","inLanguage":"pt-BR","@id":"https:\/\/diariodepe.com.br\/cri\/#\/schema\/logo\/image\/","url":"https:\/\/diariodepe.com.br\/cri\/wp-content\/uploads\/sites\/2\/2022\/12\/cropped-Logo.jpg","contentUrl":"https:\/\/diariodepe.com.br\/cri\/wp-content\/uploads\/sites\/2\/2022\/12\/cropped-Logo.jpg","width":700,"height":59,"caption":"CRI e Diario de Pernambuco"},"image":{"@id":"https:\/\/diariodepe.com.br\/cri\/#\/schema\/logo\/image\/"}},{"@type":"Person","@id":"https:\/\/diariodepe.com.br\/cri\/#\/schema\/person\/121bb28d84f1a5b1205ef4ce9c2e0c6b","name":"Ismael Lucas S. Pereira","image":{"@type":"ImageObject","inLanguage":"pt-BR","@id":"https:\/\/secure.gravatar.com\/avatar\/887a0f3b5a7ceea963a48499fb883ffce6b5037362def025c52c2505b15d63e4?s=96&d=mm&r=g","url":"https:\/\/secure.gravatar.com\/avatar\/887a0f3b5a7ceea963a48499fb883ffce6b5037362def025c52c2505b15d63e4?s=96&d=mm&r=g","contentUrl":"https:\/\/secure.gravatar.com\/avatar\/887a0f3b5a7ceea963a48499fb883ffce6b5037362def025c52c2505b15d63e4?s=96&d=mm&r=g","caption":"Ismael Lucas S. Pereira"},"url":"https:\/\/diariodepe.com.br\/cri\/author\/ismael-lucas\/"}]}},"cc_featured_image_caption":{"caption_text":false,"source_text":false,"source_url":false},"amp_enabled":true,"_links":{"self":[{"href":"https:\/\/diariodepe.com.br\/cri\/wp-json\/wp\/v2\/posts\/7669","targetHints":{"allow":["GET"]}}],"collection":[{"href":"https:\/\/diariodepe.com.br\/cri\/wp-json\/wp\/v2\/posts"}],"about":[{"href":"https:\/\/diariodepe.com.br\/cri\/wp-json\/wp\/v2\/types\/post"}],"author":[{"embeddable":true,"href":"https:\/\/diariodepe.com.br\/cri\/wp-json\/wp\/v2\/users\/2"}],"replies":[{"embeddable":true,"href":"https:\/\/diariodepe.com.br\/cri\/wp-json\/wp\/v2\/comments?post=7669"}],"version-history":[{"count":1,"href":"https:\/\/diariodepe.com.br\/cri\/wp-json\/wp\/v2\/posts\/7669\/revisions"}],"predecessor-version":[{"id":7670,"href":"https:\/\/diariodepe.com.br\/cri\/wp-json\/wp\/v2\/posts\/7669\/revisions\/7670"}],"wp:attachment":[{"href":"https:\/\/diariodepe.com.br\/cri\/wp-json\/wp\/v2\/media?parent=7669"}],"wp:term":[{"taxonomy":"category","embeddable":true,"href":"https:\/\/diariodepe.com.br\/cri\/wp-json\/wp\/v2\/categories?post=7669"},{"taxonomy":"post_tag","embeddable":true,"href":"https:\/\/diariodepe.com.br\/cri\/wp-json\/wp\/v2\/tags?post=7669"}],"curies":[{"name":"wp","href":"https:\/\/api.w.org\/{rel}","templated":true}]}}