{"id":7667,"date":"2025-02-12T23:23:09","date_gmt":"2025-02-13T02:23:09","guid":{"rendered":"https:\/\/diariodepe.com.br\/cri\/?p=7667"},"modified":"2025-02-12T23:23:09","modified_gmt":"2025-02-13T02:23:09","slug":"economia-chinesa-entra-em-ano-da-serpente-com-pe-direito-gracas-ao-festival-da-primavera-2","status":"publish","type":"post","link":"https:\/\/diariodepe.com.br\/cri\/2025\/02\/12\/economia-chinesa-entra-em-ano-da-serpente-com-pe-direito-gracas-ao-festival-da-primavera-2\/","title":{"rendered":"Economia chinesa entra em Ano da Serpente com p\u00e9 direito gra\u00e7as ao Festival da Primavera"},"content":{"rendered":"<p>O Festival da Primavera deste ano foi o primeiro a ser celebrado como patrim\u00f4nio cultural imaterial da humanidade, durante o qual o entusiasmo dos chineses pelo consumo foi liberado de forma centralizada.<\/p>\n<p>Na China, foram realizadas 501 milh\u00f5es de viagens dom\u00e9sticas,\u00a0com um\u00a0gasto total\u00a0de\u00a0677 bilh\u00f5es de yuans, representando aumentos de 5,9% e 7,0%,\u00a0na compara\u00e7\u00e3o anual. As autoridades de\u00a0controle fronteiri\u00e7o do pa\u00eds\u00a0registraram 14,37 milh\u00f5es de entradas e sa\u00eddas, alta de 6,3% em rela\u00e7\u00e3o ao Festival da Primavera do ano passado. Al\u00e9m disso, o\u00a0setor cinematogr\u00e1fico chin\u00eas tamb\u00e9m bateu recordes em bilheteria e audi\u00eancia durante o feriad\u00e3o. O consumo no Festival da Primavera teve um boom e a economia chinesa ingressou com p\u00e9 direito no Ano da Serpente.<\/p>\n<p>No entanto, a China n\u00e3o foi o \u00fanico pa\u00eds que se beneficiou\u00a0da recupera\u00e7\u00e3o econ\u00f4mica em torno do Festival da Primavera.\u00a0O\u00a0festival tamb\u00e9m foi comemorado por um quinto da popula\u00e7\u00e3o mundial\u00a0das mais diversas formas. Nas plataformas chinesas de m\u00eddia social\u00a0como o\u00a0Red Note, muitos usu\u00e1rios\u00a0estrangeiros\u00a0fizeram postagens sobre aprender\u00a0a escrever d\u00edsticos,\u00a0preparar ravi\u00f3li\u00a0e\u00a0assistir \u00e0 tradicional gala televisiva, demonstrando uma verdadeira imers\u00e3o nas festividades.<\/p>\n<p><img decoding=\"async\" src=\"https:\/\/38picres.cgtn.com\/photoAlbum\/page\/performance\/img\/2025\/2\/6\/1738813103005_155.jpg\" width=\"100%\" height=\"auto\" \/><\/p>\n<p>Al\u00e9m disso, as pol\u00edticas de facilita\u00e7\u00e3o de vistos\u00a0causaram um verdadeiro boom de viagens para a China. A combina\u00e7\u00e3o \u201cChina Travel\u201d\u00a0e \u201cChinese New Year\u201d\u00a0desencadeou uma onda de turismo internacional em todo o mundo. De acordo com\u00a0dados, o n\u00famero de turistas estrangeiros que comemoram o Ano Novo Chin\u00eas na China saltou\u00a0150% em compara\u00e7\u00e3o com 2024, atingindo um novo recorde. Ao mesmo tempo, os turistas chineses viajaram para mais de 2.100 cidades\u00a0em todo o mundo.<\/p>\n<p>Nesse contexto, o Fundo Monet\u00e1rio Internacional elevou a previs\u00e3o de expans\u00e3o para a economia chinesa em 2025 e 2026. V\u00e1rias institui\u00e7\u00f5es financeiras internacionais tamb\u00e9m expressaram otimismo\u00a0sobre o mercado chin\u00eas em suas\u00a0expectativas\u00a0de investimentos globais para\u00a02025.<\/p>\n<p>Atrav\u00e9s do Festival da Primavera, o mundo p\u00f4de ver uma China mais aberta e inclusiva, al\u00e9m de testemunhar a vitalidade e o dinamismo de sua economia. Com o aprofundamento da reforma e a amplia\u00e7\u00e3o da abertura, a China continuar\u00e1 promovendo a recupera\u00e7\u00e3o econ\u00f4mica, proporcionando igualmente benef\u00edcios a todo o mundo.<\/p>\n","protected":false},"excerpt":{"rendered":"<p>O Festival da Primavera deste ano foi o primeiro a ser celebrado como patrim\u00f4nio cultural imaterial da humanidade, durante o qual o entusiasmo dos chineses pelo consumo foi liberado de forma centralizada. Na China, foram realizadas 501 milh\u00f5es de viagens&#8230;<\/p>\n","protected":false},"author":2,"featured_media":0,"comment_status":"open","ping_status":"open","sticky":false,"template":"","format":"standard","meta":{"footnotes":""},"categories":[7],"tags":[],"class_list":["post-7667","post","type-post","status-publish","format-standard","hentry","category-visao"],"yoast_head":"<!-- This site is optimized with the Yoast SEO plugin v27.4 - https:\/\/yoast.com\/product\/yoast-seo-wordpress\/ -->\n<title>Economia chinesa entra em Ano da Serpente com p\u00e9 direito gra\u00e7as ao Festival da Primavera - CRI e Diario de Pernambuco<\/title>\n<meta name=\"robots\" content=\"index, follow, max-snippet:-1, max-image-preview:large, max-video-preview:-1\" \/>\n<link rel=\"canonical\" href=\"https:\/\/diariodepe.com.br\/cri\/2025\/02\/12\/economia-chinesa-entra-em-ano-da-serpente-com-pe-direito-gracas-ao-festival-da-primavera-2\/\" \/>\n<meta property=\"og:locale\" content=\"pt_BR\" \/>\n<meta property=\"og:type\" content=\"article\" \/>\n<meta property=\"og:title\" content=\"Economia chinesa entra em Ano da Serpente com p\u00e9 direito gra\u00e7as ao Festival da Primavera - CRI e Diario de Pernambuco\" \/>\n<meta property=\"og:description\" content=\"O Festival da Primavera deste ano foi o primeiro a ser celebrado como patrim\u00f4nio cultural imaterial da humanidade, durante o qual o entusiasmo dos chineses pelo consumo foi liberado de forma centralizada. Na China, foram realizadas 501 milh\u00f5es de viagens...\" \/>\n<meta property=\"og:url\" content=\"https:\/\/diariodepe.com.br\/cri\/2025\/02\/12\/economia-chinesa-entra-em-ano-da-serpente-com-pe-direito-gracas-ao-festival-da-primavera-2\/\" \/>\n<meta property=\"og:site_name\" content=\"CRI e Diario de Pernambuco\" \/>\n<meta property=\"article:published_time\" content=\"2025-02-13T02:23:09+00:00\" \/>\n<meta property=\"og:image\" content=\"https:\/\/38picres.cgtn.com\/photoAlbum\/page\/performance\/img\/2025\/2\/6\/1738813103005_155.jpg\" \/>\n<meta name=\"author\" content=\"Ismael Lucas S. Pereira\" \/>\n<meta name=\"twitter:card\" content=\"summary_large_image\" \/>\n<meta name=\"twitter:label1\" content=\"Escrito por\" \/>\n\t<meta name=\"twitter:data1\" content=\"Ismael Lucas S. Pereira\" \/>\n\t<meta name=\"twitter:label2\" content=\"Est. tempo de leitura\" \/>\n\t<meta name=\"twitter:data2\" content=\"3 minutos\" \/>\n<script type=\"application\/ld+json\" class=\"yoast-schema-graph\">{\"@context\":\"https:\\\/\\\/schema.org\",\"@graph\":[{\"@type\":\"Article\",\"@id\":\"https:\\\/\\\/diariodepe.com.br\\\/cri\\\/2025\\\/02\\\/12\\\/economia-chinesa-entra-em-ano-da-serpente-com-pe-direito-gracas-ao-festival-da-primavera-2\\\/#article\",\"isPartOf\":{\"@id\":\"https:\\\/\\\/diariodepe.com.br\\\/cri\\\/2025\\\/02\\\/12\\\/economia-chinesa-entra-em-ano-da-serpente-com-pe-direito-gracas-ao-festival-da-primavera-2\\\/\"},\"author\":{\"name\":\"Ismael Lucas S. Pereira\",\"@id\":\"https:\\\/\\\/diariodepe.com.br\\\/cri\\\/#\\\/schema\\\/person\\\/121bb28d84f1a5b1205ef4ce9c2e0c6b\"},\"headline\":\"Economia chinesa entra em Ano da Serpente com p\u00e9 direito gra\u00e7as ao Festival da Primavera\",\"datePublished\":\"2025-02-13T02:23:09+00:00\",\"mainEntityOfPage\":{\"@id\":\"https:\\\/\\\/diariodepe.com.br\\\/cri\\\/2025\\\/02\\\/12\\\/economia-chinesa-entra-em-ano-da-serpente-com-pe-direito-gracas-ao-festival-da-primavera-2\\\/\"},\"wordCount\":409,\"commentCount\":0,\"publisher\":{\"@id\":\"https:\\\/\\\/diariodepe.com.br\\\/cri\\\/#organization\"},\"image\":{\"@id\":\"https:\\\/\\\/diariodepe.com.br\\\/cri\\\/2025\\\/02\\\/12\\\/economia-chinesa-entra-em-ano-da-serpente-com-pe-direito-gracas-ao-festival-da-primavera-2\\\/#primaryimage\"},\"thumbnailUrl\":\"https:\\\/\\\/38picres.cgtn.com\\\/photoAlbum\\\/page\\\/performance\\\/img\\\/2025\\\/2\\\/6\\\/1738813103005_155.jpg\",\"articleSection\":[\"Vis\u00e3o\"],\"inLanguage\":\"pt-BR\",\"potentialAction\":[{\"@type\":\"CommentAction\",\"name\":\"Comment\",\"target\":[\"https:\\\/\\\/diariodepe.com.br\\\/cri\\\/2025\\\/02\\\/12\\\/economia-chinesa-entra-em-ano-da-serpente-com-pe-direito-gracas-ao-festival-da-primavera-2\\\/#respond\"]}]},{\"@type\":\"WebPage\",\"@id\":\"https:\\\/\\\/diariodepe.com.br\\\/cri\\\/2025\\\/02\\\/12\\\/economia-chinesa-entra-em-ano-da-serpente-com-pe-direito-gracas-ao-festival-da-primavera-2\\\/\",\"url\":\"https:\\\/\\\/diariodepe.com.br\\\/cri\\\/2025\\\/02\\\/12\\\/economia-chinesa-entra-em-ano-da-serpente-com-pe-direito-gracas-ao-festival-da-primavera-2\\\/\",\"name\":\"Economia chinesa entra em Ano da Serpente com p\u00e9 direito gra\u00e7as ao Festival da Primavera - CRI e Diario de Pernambuco\",\"isPartOf\":{\"@id\":\"https:\\\/\\\/diariodepe.com.br\\\/cri\\\/#website\"},\"primaryImageOfPage\":{\"@id\":\"https:\\\/\\\/diariodepe.com.br\\\/cri\\\/2025\\\/02\\\/12\\\/economia-chinesa-entra-em-ano-da-serpente-com-pe-direito-gracas-ao-festival-da-primavera-2\\\/#primaryimage\"},\"image\":{\"@id\":\"https:\\\/\\\/diariodepe.com.br\\\/cri\\\/2025\\\/02\\\/12\\\/economia-chinesa-entra-em-ano-da-serpente-com-pe-direito-gracas-ao-festival-da-primavera-2\\\/#primaryimage\"},\"thumbnailUrl\":\"https:\\\/\\\/38picres.cgtn.com\\\/photoAlbum\\\/page\\\/performance\\\/img\\\/2025\\\/2\\\/6\\\/1738813103005_155.jpg\",\"datePublished\":\"2025-02-13T02:23:09+00:00\",\"breadcrumb\":{\"@id\":\"https:\\\/\\\/diariodepe.com.br\\\/cri\\\/2025\\\/02\\\/12\\\/economia-chinesa-entra-em-ano-da-serpente-com-pe-direito-gracas-ao-festival-da-primavera-2\\\/#breadcrumb\"},\"inLanguage\":\"pt-BR\",\"potentialAction\":[{\"@type\":\"ReadAction\",\"target\":[\"https:\\\/\\\/diariodepe.com.br\\\/cri\\\/2025\\\/02\\\/12\\\/economia-chinesa-entra-em-ano-da-serpente-com-pe-direito-gracas-ao-festival-da-primavera-2\\\/\"]}]},{\"@type\":\"ImageObject\",\"inLanguage\":\"pt-BR\",\"@id\":\"https:\\\/\\\/diariodepe.com.br\\\/cri\\\/2025\\\/02\\\/12\\\/economia-chinesa-entra-em-ano-da-serpente-com-pe-direito-gracas-ao-festival-da-primavera-2\\\/#primaryimage\",\"url\":\"https:\\\/\\\/38picres.cgtn.com\\\/photoAlbum\\\/page\\\/performance\\\/img\\\/2025\\\/2\\\/6\\\/1738813103005_155.jpg\",\"contentUrl\":\"https:\\\/\\\/38picres.cgtn.com\\\/photoAlbum\\\/page\\\/performance\\\/img\\\/2025\\\/2\\\/6\\\/1738813103005_155.jpg\"},{\"@type\":\"BreadcrumbList\",\"@id\":\"https:\\\/\\\/diariodepe.com.br\\\/cri\\\/2025\\\/02\\\/12\\\/economia-chinesa-entra-em-ano-da-serpente-com-pe-direito-gracas-ao-festival-da-primavera-2\\\/#breadcrumb\",\"itemListElement\":[{\"@type\":\"ListItem\",\"position\":1,\"name\":\"In\u00edcio\",\"item\":\"https:\\\/\\\/diariodepe.com.br\\\/cri\\\/\"},{\"@type\":\"ListItem\",\"position\":2,\"name\":\"Economia chinesa entra em Ano da Serpente com p\u00e9 direito gra\u00e7as ao Festival da Primavera\"}]},{\"@type\":\"WebSite\",\"@id\":\"https:\\\/\\\/diariodepe.com.br\\\/cri\\\/#website\",\"url\":\"https:\\\/\\\/diariodepe.com.br\\\/cri\\\/\",\"name\":\"CRI e Diario de Pernambuco\",\"description\":\"R\u00e1dio Internacional da China\",\"publisher\":{\"@id\":\"https:\\\/\\\/diariodepe.com.br\\\/cri\\\/#organization\"},\"potentialAction\":[{\"@type\":\"SearchAction\",\"target\":{\"@type\":\"EntryPoint\",\"urlTemplate\":\"https:\\\/\\\/diariodepe.com.br\\\/cri\\\/?s={search_term_string}\"},\"query-input\":{\"@type\":\"PropertyValueSpecification\",\"valueRequired\":true,\"valueName\":\"search_term_string\"}}],\"inLanguage\":\"pt-BR\"},{\"@type\":\"Organization\",\"@id\":\"https:\\\/\\\/diariodepe.com.br\\\/cri\\\/#organization\",\"name\":\"CRI e Diario de Pernambuco\",\"url\":\"https:\\\/\\\/diariodepe.com.br\\\/cri\\\/\",\"logo\":{\"@type\":\"ImageObject\",\"inLanguage\":\"pt-BR\",\"@id\":\"https:\\\/\\\/diariodepe.com.br\\\/cri\\\/#\\\/schema\\\/logo\\\/image\\\/\",\"url\":\"https:\\\/\\\/diariodepe.com.br\\\/cri\\\/wp-content\\\/uploads\\\/sites\\\/2\\\/2022\\\/12\\\/cropped-Logo.jpg\",\"contentUrl\":\"https:\\\/\\\/diariodepe.com.br\\\/cri\\\/wp-content\\\/uploads\\\/sites\\\/2\\\/2022\\\/12\\\/cropped-Logo.jpg\",\"width\":700,\"height\":59,\"caption\":\"CRI e Diario de Pernambuco\"},\"image\":{\"@id\":\"https:\\\/\\\/diariodepe.com.br\\\/cri\\\/#\\\/schema\\\/logo\\\/image\\\/\"}},{\"@type\":\"Person\",\"@id\":\"https:\\\/\\\/diariodepe.com.br\\\/cri\\\/#\\\/schema\\\/person\\\/121bb28d84f1a5b1205ef4ce9c2e0c6b\",\"name\":\"Ismael Lucas S. Pereira\",\"image\":{\"@type\":\"ImageObject\",\"inLanguage\":\"pt-BR\",\"@id\":\"https:\\\/\\\/secure.gravatar.com\\\/avatar\\\/887a0f3b5a7ceea963a48499fb883ffce6b5037362def025c52c2505b15d63e4?s=96&d=mm&r=g\",\"url\":\"https:\\\/\\\/secure.gravatar.com\\\/avatar\\\/887a0f3b5a7ceea963a48499fb883ffce6b5037362def025c52c2505b15d63e4?s=96&d=mm&r=g\",\"contentUrl\":\"https:\\\/\\\/secure.gravatar.com\\\/avatar\\\/887a0f3b5a7ceea963a48499fb883ffce6b5037362def025c52c2505b15d63e4?s=96&d=mm&r=g\",\"caption\":\"Ismael Lucas S. Pereira\"},\"url\":\"https:\\\/\\\/diariodepe.com.br\\\/cri\\\/author\\\/ismael-lucas\\\/\"}]}<\/script>\n<!-- \/ Yoast SEO plugin. -->","yoast_head_json":{"title":"Economia chinesa entra em Ano da Serpente com p\u00e9 direito gra\u00e7as ao Festival da Primavera - CRI e Diario de Pernambuco","robots":{"index":"index","follow":"follow","max-snippet":"max-snippet:-1","max-image-preview":"max-image-preview:large","max-video-preview":"max-video-preview:-1"},"canonical":"https:\/\/diariodepe.com.br\/cri\/2025\/02\/12\/economia-chinesa-entra-em-ano-da-serpente-com-pe-direito-gracas-ao-festival-da-primavera-2\/","og_locale":"pt_BR","og_type":"article","og_title":"Economia chinesa entra em Ano da Serpente com p\u00e9 direito gra\u00e7as ao Festival da Primavera - CRI e Diario de Pernambuco","og_description":"O Festival da Primavera deste ano foi o primeiro a ser celebrado como patrim\u00f4nio cultural imaterial da humanidade, durante o qual o entusiasmo dos chineses pelo consumo foi liberado de forma centralizada. Na China, foram realizadas 501 milh\u00f5es de viagens...","og_url":"https:\/\/diariodepe.com.br\/cri\/2025\/02\/12\/economia-chinesa-entra-em-ano-da-serpente-com-pe-direito-gracas-ao-festival-da-primavera-2\/","og_site_name":"CRI e Diario de Pernambuco","article_published_time":"2025-02-13T02:23:09+00:00","og_image":[{"url":"https:\/\/38picres.cgtn.com\/photoAlbum\/page\/performance\/img\/2025\/2\/6\/1738813103005_155.jpg","type":"","width":"","height":""}],"author":"Ismael Lucas S. Pereira","twitter_card":"summary_large_image","twitter_misc":{"Escrito por":"Ismael Lucas S. Pereira","Est. tempo de leitura":"3 minutos"},"schema":{"@context":"https:\/\/schema.org","@graph":[{"@type":"Article","@id":"https:\/\/diariodepe.com.br\/cri\/2025\/02\/12\/economia-chinesa-entra-em-ano-da-serpente-com-pe-direito-gracas-ao-festival-da-primavera-2\/#article","isPartOf":{"@id":"https:\/\/diariodepe.com.br\/cri\/2025\/02\/12\/economia-chinesa-entra-em-ano-da-serpente-com-pe-direito-gracas-ao-festival-da-primavera-2\/"},"author":{"name":"Ismael Lucas S. Pereira","@id":"https:\/\/diariodepe.com.br\/cri\/#\/schema\/person\/121bb28d84f1a5b1205ef4ce9c2e0c6b"},"headline":"Economia chinesa entra em Ano da Serpente com p\u00e9 direito gra\u00e7as ao Festival da Primavera","datePublished":"2025-02-13T02:23:09+00:00","mainEntityOfPage":{"@id":"https:\/\/diariodepe.com.br\/cri\/2025\/02\/12\/economia-chinesa-entra-em-ano-da-serpente-com-pe-direito-gracas-ao-festival-da-primavera-2\/"},"wordCount":409,"commentCount":0,"publisher":{"@id":"https:\/\/diariodepe.com.br\/cri\/#organization"},"image":{"@id":"https:\/\/diariodepe.com.br\/cri\/2025\/02\/12\/economia-chinesa-entra-em-ano-da-serpente-com-pe-direito-gracas-ao-festival-da-primavera-2\/#primaryimage"},"thumbnailUrl":"https:\/\/38picres.cgtn.com\/photoAlbum\/page\/performance\/img\/2025\/2\/6\/1738813103005_155.jpg","articleSection":["Vis\u00e3o"],"inLanguage":"pt-BR","potentialAction":[{"@type":"CommentAction","name":"Comment","target":["https:\/\/diariodepe.com.br\/cri\/2025\/02\/12\/economia-chinesa-entra-em-ano-da-serpente-com-pe-direito-gracas-ao-festival-da-primavera-2\/#respond"]}]},{"@type":"WebPage","@id":"https:\/\/diariodepe.com.br\/cri\/2025\/02\/12\/economia-chinesa-entra-em-ano-da-serpente-com-pe-direito-gracas-ao-festival-da-primavera-2\/","url":"https:\/\/diariodepe.com.br\/cri\/2025\/02\/12\/economia-chinesa-entra-em-ano-da-serpente-com-pe-direito-gracas-ao-festival-da-primavera-2\/","name":"Economia chinesa entra em Ano da Serpente com p\u00e9 direito gra\u00e7as ao Festival da Primavera - CRI e Diario de Pernambuco","isPartOf":{"@id":"https:\/\/diariodepe.com.br\/cri\/#website"},"primaryImageOfPage":{"@id":"https:\/\/diariodepe.com.br\/cri\/2025\/02\/12\/economia-chinesa-entra-em-ano-da-serpente-com-pe-direito-gracas-ao-festival-da-primavera-2\/#primaryimage"},"image":{"@id":"https:\/\/diariodepe.com.br\/cri\/2025\/02\/12\/economia-chinesa-entra-em-ano-da-serpente-com-pe-direito-gracas-ao-festival-da-primavera-2\/#primaryimage"},"thumbnailUrl":"https:\/\/38picres.cgtn.com\/photoAlbum\/page\/performance\/img\/2025\/2\/6\/1738813103005_155.jpg","datePublished":"2025-02-13T02:23:09+00:00","breadcrumb":{"@id":"https:\/\/diariodepe.com.br\/cri\/2025\/02\/12\/economia-chinesa-entra-em-ano-da-serpente-com-pe-direito-gracas-ao-festival-da-primavera-2\/#breadcrumb"},"inLanguage":"pt-BR","potentialAction":[{"@type":"ReadAction","target":["https:\/\/diariodepe.com.br\/cri\/2025\/02\/12\/economia-chinesa-entra-em-ano-da-serpente-com-pe-direito-gracas-ao-festival-da-primavera-2\/"]}]},{"@type":"ImageObject","inLanguage":"pt-BR","@id":"https:\/\/diariodepe.com.br\/cri\/2025\/02\/12\/economia-chinesa-entra-em-ano-da-serpente-com-pe-direito-gracas-ao-festival-da-primavera-2\/#primaryimage","url":"https:\/\/38picres.cgtn.com\/photoAlbum\/page\/performance\/img\/2025\/2\/6\/1738813103005_155.jpg","contentUrl":"https:\/\/38picres.cgtn.com\/photoAlbum\/page\/performance\/img\/2025\/2\/6\/1738813103005_155.jpg"},{"@type":"BreadcrumbList","@id":"https:\/\/diariodepe.com.br\/cri\/2025\/02\/12\/economia-chinesa-entra-em-ano-da-serpente-com-pe-direito-gracas-ao-festival-da-primavera-2\/#breadcrumb","itemListElement":[{"@type":"ListItem","position":1,"name":"In\u00edcio","item":"https:\/\/diariodepe.com.br\/cri\/"},{"@type":"ListItem","position":2,"name":"Economia chinesa entra em Ano da Serpente com p\u00e9 direito gra\u00e7as ao Festival da Primavera"}]},{"@type":"WebSite","@id":"https:\/\/diariodepe.com.br\/cri\/#website","url":"https:\/\/diariodepe.com.br\/cri\/","name":"CRI e Diario de Pernambuco","description":"R\u00e1dio Internacional da China","publisher":{"@id":"https:\/\/diariodepe.com.br\/cri\/#organization"},"potentialAction":[{"@type":"SearchAction","target":{"@type":"EntryPoint","urlTemplate":"https:\/\/diariodepe.com.br\/cri\/?s={search_term_string}"},"query-input":{"@type":"PropertyValueSpecification","valueRequired":true,"valueName":"search_term_string"}}],"inLanguage":"pt-BR"},{"@type":"Organization","@id":"https:\/\/diariodepe.com.br\/cri\/#organization","name":"CRI e Diario de Pernambuco","url":"https:\/\/diariodepe.com.br\/cri\/","logo":{"@type":"ImageObject","inLanguage":"pt-BR","@id":"https:\/\/diariodepe.com.br\/cri\/#\/schema\/logo\/image\/","url":"https:\/\/diariodepe.com.br\/cri\/wp-content\/uploads\/sites\/2\/2022\/12\/cropped-Logo.jpg","contentUrl":"https:\/\/diariodepe.com.br\/cri\/wp-content\/uploads\/sites\/2\/2022\/12\/cropped-Logo.jpg","width":700,"height":59,"caption":"CRI e Diario de Pernambuco"},"image":{"@id":"https:\/\/diariodepe.com.br\/cri\/#\/schema\/logo\/image\/"}},{"@type":"Person","@id":"https:\/\/diariodepe.com.br\/cri\/#\/schema\/person\/121bb28d84f1a5b1205ef4ce9c2e0c6b","name":"Ismael Lucas S. Pereira","image":{"@type":"ImageObject","inLanguage":"pt-BR","@id":"https:\/\/secure.gravatar.com\/avatar\/887a0f3b5a7ceea963a48499fb883ffce6b5037362def025c52c2505b15d63e4?s=96&d=mm&r=g","url":"https:\/\/secure.gravatar.com\/avatar\/887a0f3b5a7ceea963a48499fb883ffce6b5037362def025c52c2505b15d63e4?s=96&d=mm&r=g","contentUrl":"https:\/\/secure.gravatar.com\/avatar\/887a0f3b5a7ceea963a48499fb883ffce6b5037362def025c52c2505b15d63e4?s=96&d=mm&r=g","caption":"Ismael Lucas S. Pereira"},"url":"https:\/\/diariodepe.com.br\/cri\/author\/ismael-lucas\/"}]}},"cc_featured_image_caption":{"caption_text":false,"source_text":false,"source_url":false},"amp_enabled":true,"_links":{"self":[{"href":"https:\/\/diariodepe.com.br\/cri\/wp-json\/wp\/v2\/posts\/7667","targetHints":{"allow":["GET"]}}],"collection":[{"href":"https:\/\/diariodepe.com.br\/cri\/wp-json\/wp\/v2\/posts"}],"about":[{"href":"https:\/\/diariodepe.com.br\/cri\/wp-json\/wp\/v2\/types\/post"}],"author":[{"embeddable":true,"href":"https:\/\/diariodepe.com.br\/cri\/wp-json\/wp\/v2\/users\/2"}],"replies":[{"embeddable":true,"href":"https:\/\/diariodepe.com.br\/cri\/wp-json\/wp\/v2\/comments?post=7667"}],"version-history":[{"count":1,"href":"https:\/\/diariodepe.com.br\/cri\/wp-json\/wp\/v2\/posts\/7667\/revisions"}],"predecessor-version":[{"id":7668,"href":"https:\/\/diariodepe.com.br\/cri\/wp-json\/wp\/v2\/posts\/7667\/revisions\/7668"}],"wp:attachment":[{"href":"https:\/\/diariodepe.com.br\/cri\/wp-json\/wp\/v2\/media?parent=7667"}],"wp:term":[{"taxonomy":"category","embeddable":true,"href":"https:\/\/diariodepe.com.br\/cri\/wp-json\/wp\/v2\/categories?post=7667"},{"taxonomy":"post_tag","embeddable":true,"href":"https:\/\/diariodepe.com.br\/cri\/wp-json\/wp\/v2\/tags?post=7667"}],"curies":[{"name":"wp","href":"https:\/\/api.w.org\/{rel}","templated":true}]}}