{"id":7629,"date":"2025-02-12T04:12:17","date_gmt":"2025-02-12T07:12:17","guid":{"rendered":"https:\/\/diariodepe.com.br\/cri\/?p=7629"},"modified":"2025-02-12T04:12:17","modified_gmt":"2025-02-12T07:12:17","slug":"festival-da-primavera-de-ano-novo-chines-a-festival-global","status":"publish","type":"post","link":"https:\/\/diariodepe.com.br\/cri\/2025\/02\/12\/festival-da-primavera-de-ano-novo-chines-a-festival-global\/","title":{"rendered":"Festival da Primavera: de \u201cAno Novo Chin\u00eas\u201d a \u201cFestival Global\u201d"},"content":{"rendered":"<p><span lang=\"PT\">O Festival da Primavera \u00e9 a celebra\u00e7\u00e3o tradicional mais antiga e importante da China. No final de 2023, foi designado como feriado da Organiza\u00e7\u00e3o das Na\u00e7\u00f5es Unidas (ONU). No final de 2024, o \u201cFestival da Primavera, pr\u00e1tica social do povo chin\u00eas em celebra\u00e7\u00e3o ao ano novo tradicional\u201d foi inclu\u00eddo pela UNESCO na Lista do Patrim\u00f4nio Cultural Imaterial da Humanidade. Isso significa que o Festival da Primavera e a cultura chinesa ganharam amplo reconhecimento no mundo. Elementos do patrim\u00f4nio cultural imaterial do pa\u00eds est\u00e3o sendo especialmente enfatizados nas celebra\u00e7\u00f5es do Festival da Primavera deste ano.<\/span><\/p>\n<p><span lang=\"PT\">Nos \u00faltimos dias, muitos pa\u00edses e organiza\u00e7\u00f5es internacionais realizaram exposi\u00e7\u00f5es, performances e atividades ligadas ao patrim\u00f4nio cultural imaterial da China, incluindo dan\u00e7as de drag\u00f5es e le\u00f5es, fogos de artif\u00edcio, jantares e festas. Pessoas do mundo inteiro est\u00e3o sentindo a alegria e a paz do povo chin\u00eas ao passar o Ano Novo.<\/span><\/p>\n<p><span lang=\"PT\">O Festival da Primavera tamb\u00e9m se tornou um s\u00edmbolo da cultura chinesa, internacionalmente reconhecido e apreciado. Atualmente, quase 20 pa\u00edses definiram a data como feriado legal.<\/span><\/p>\n<p><span lang=\"PT\">Especialistas apontam que isso se deve ao fato de que a cultura do Festival da Primavera \u00e9 inclusiva e adapt\u00e1vel. Os valores que ela transmite, como harmonia familiar, respeito aos idosos e amor \u00e0s crian\u00e7as, s\u00e3o facilmente reconhecidos. Os conceitos de coexist\u00eancia harmoniosa e paz mundial refletem os valores comuns de toda a humanidade. Por outro lado, com o aprofundamento da globaliza\u00e7\u00e3o, as trocas culturais entre os pa\u00edses est\u00e3o se tornando mais frequentes, especialmente o r\u00e1pido desenvolvimento da m\u00eddia moderna e da Internet, que acelerou a populariza\u00e7\u00e3o da cultura dessa festividade.<\/span><\/p>\n<p><span lang=\"PT\">Atrav\u00e9s do Festival da Primavera, o mundo tem visto uma China aberta e inclusiva e testemunhado o r\u00e1pido desenvolvimento do pa\u00eds. Isso se reflete na cerim\u00f4nia de Gala do Festival da Primavera, um show produzido e transmitido pelo China Media Group (CMG). Mais de 2.900 ve\u00edculos de comunica\u00e7\u00e3o em mais de 200 pa\u00edses e regi\u00f5es retransmitiram e o evento.<\/span><\/p>\n<p><img decoding=\"async\" src=\"https:\/\/38picres.cgtn.com\/photoAlbum\/page\/performance\/img\/2025\/1\/29\/1738154863690_7.jpg\" width=\"100%\" height=\"auto\" \/><\/p>\n<p><span lang=\"PT\">Na cultura tradicional chinesa, a serpente simboliza sabedoria, tenacidade e vitalidade. Com a chegada do Ano da Serpente, o mundo continua enfrentando uma s\u00e9rie de desafios complexos e severos, incluindo conflitos geopol\u00edticos intensificados. Em 2025, celebra-se o 80\u00ba anivers\u00e1rio da funda\u00e7\u00e3o da ONU. Neste ano de significado especial, o planeta demanda energia e for\u00e7a.<\/span><\/p>\n<p><span lang=\"PT\">Em sua mensagem para o Ano da Serpente, o secret\u00e1rio-geral da ONU, Ant\u00f3nio Guterres, agradeceu \u00e0 China e ao povo chin\u00eas pelo seu firme apoio \u00e0s Na\u00e7\u00f5es Unidas, ao multilateralismo e \u00e0 coopera\u00e7\u00e3o global, e ressaltou que \u201cneste momento dif\u00edcil para o mundo, essas qualidades da serpente nos guiar\u00e3o para renovar nosso compromisso com a paz, a igualdade e a justi\u00e7a\u201d.<\/span><\/p>\n<p><span lang=\"PT\">O entusiasmo do povo chin\u00eas em celebrar seu Ano Novo tradicional, dar boas-vindas ao novo e preservar a paz mundial est\u00e1 sendo transmitido \u00e0 comunidade internacional por meio do Festival da Primavera, que pertence n\u00e3o apenas aos chineses, mas tamb\u00e9m ao mundo inteiro.<\/span><\/p>\n","protected":false},"excerpt":{"rendered":"<p>O Festival da Primavera \u00e9 a celebra\u00e7\u00e3o tradicional mais antiga e importante da China. No final de 2023, foi designado como feriado da Organiza\u00e7\u00e3o das Na\u00e7\u00f5es Unidas (ONU). No final de 2024, o \u201cFestival da Primavera, pr\u00e1tica social do povo&#8230;<\/p>\n","protected":false},"author":2,"featured_media":0,"comment_status":"open","ping_status":"open","sticky":false,"template":"","format":"standard","meta":{"footnotes":""},"categories":[7],"tags":[],"class_list":["post-7629","post","type-post","status-publish","format-standard","hentry","category-visao"],"yoast_head":"<!-- This site is optimized with the Yoast SEO plugin v27.4 - https:\/\/yoast.com\/product\/yoast-seo-wordpress\/ -->\n<title>Festival da Primavera: de \u201cAno Novo Chin\u00eas\u201d a \u201cFestival Global\u201d - CRI e Diario de Pernambuco<\/title>\n<meta name=\"robots\" content=\"index, follow, max-snippet:-1, max-image-preview:large, max-video-preview:-1\" \/>\n<link rel=\"canonical\" href=\"https:\/\/diariodepe.com.br\/cri\/2025\/02\/12\/festival-da-primavera-de-ano-novo-chines-a-festival-global\/\" \/>\n<meta property=\"og:locale\" content=\"pt_BR\" \/>\n<meta property=\"og:type\" content=\"article\" \/>\n<meta property=\"og:title\" content=\"Festival da Primavera: de \u201cAno Novo Chin\u00eas\u201d a \u201cFestival Global\u201d - CRI e Diario de Pernambuco\" \/>\n<meta property=\"og:description\" content=\"O Festival da Primavera \u00e9 a celebra\u00e7\u00e3o tradicional mais antiga e importante da China. No final de 2023, foi designado como feriado da Organiza\u00e7\u00e3o das Na\u00e7\u00f5es Unidas (ONU). No final de 2024, o \u201cFestival da Primavera, pr\u00e1tica social do povo...\" \/>\n<meta property=\"og:url\" content=\"https:\/\/diariodepe.com.br\/cri\/2025\/02\/12\/festival-da-primavera-de-ano-novo-chines-a-festival-global\/\" \/>\n<meta property=\"og:site_name\" content=\"CRI e Diario de Pernambuco\" \/>\n<meta property=\"article:published_time\" content=\"2025-02-12T07:12:17+00:00\" \/>\n<meta property=\"og:image\" content=\"https:\/\/38picres.cgtn.com\/photoAlbum\/page\/performance\/img\/2025\/1\/29\/1738154863690_7.jpg\" \/>\n<meta name=\"author\" content=\"Ismael Lucas S. Pereira\" \/>\n<meta name=\"twitter:card\" content=\"summary_large_image\" \/>\n<meta name=\"twitter:label1\" content=\"Escrito por\" \/>\n\t<meta name=\"twitter:data1\" content=\"Ismael Lucas S. Pereira\" \/>\n\t<meta name=\"twitter:label2\" content=\"Est. tempo de leitura\" \/>\n\t<meta name=\"twitter:data2\" content=\"3 minutos\" \/>\n<script type=\"application\/ld+json\" class=\"yoast-schema-graph\">{\"@context\":\"https:\\\/\\\/schema.org\",\"@graph\":[{\"@type\":\"Article\",\"@id\":\"https:\\\/\\\/diariodepe.com.br\\\/cri\\\/2025\\\/02\\\/12\\\/festival-da-primavera-de-ano-novo-chines-a-festival-global\\\/#article\",\"isPartOf\":{\"@id\":\"https:\\\/\\\/diariodepe.com.br\\\/cri\\\/2025\\\/02\\\/12\\\/festival-da-primavera-de-ano-novo-chines-a-festival-global\\\/\"},\"author\":{\"name\":\"Ismael Lucas S. Pereira\",\"@id\":\"https:\\\/\\\/diariodepe.com.br\\\/cri\\\/#\\\/schema\\\/person\\\/121bb28d84f1a5b1205ef4ce9c2e0c6b\"},\"headline\":\"Festival da Primavera: de \u201cAno Novo Chin\u00eas\u201d a \u201cFestival Global\u201d\",\"datePublished\":\"2025-02-12T07:12:17+00:00\",\"mainEntityOfPage\":{\"@id\":\"https:\\\/\\\/diariodepe.com.br\\\/cri\\\/2025\\\/02\\\/12\\\/festival-da-primavera-de-ano-novo-chines-a-festival-global\\\/\"},\"wordCount\":537,\"commentCount\":0,\"publisher\":{\"@id\":\"https:\\\/\\\/diariodepe.com.br\\\/cri\\\/#organization\"},\"image\":{\"@id\":\"https:\\\/\\\/diariodepe.com.br\\\/cri\\\/2025\\\/02\\\/12\\\/festival-da-primavera-de-ano-novo-chines-a-festival-global\\\/#primaryimage\"},\"thumbnailUrl\":\"https:\\\/\\\/38picres.cgtn.com\\\/photoAlbum\\\/page\\\/performance\\\/img\\\/2025\\\/1\\\/29\\\/1738154863690_7.jpg\",\"articleSection\":[\"Vis\u00e3o\"],\"inLanguage\":\"pt-BR\",\"potentialAction\":[{\"@type\":\"CommentAction\",\"name\":\"Comment\",\"target\":[\"https:\\\/\\\/diariodepe.com.br\\\/cri\\\/2025\\\/02\\\/12\\\/festival-da-primavera-de-ano-novo-chines-a-festival-global\\\/#respond\"]}]},{\"@type\":\"WebPage\",\"@id\":\"https:\\\/\\\/diariodepe.com.br\\\/cri\\\/2025\\\/02\\\/12\\\/festival-da-primavera-de-ano-novo-chines-a-festival-global\\\/\",\"url\":\"https:\\\/\\\/diariodepe.com.br\\\/cri\\\/2025\\\/02\\\/12\\\/festival-da-primavera-de-ano-novo-chines-a-festival-global\\\/\",\"name\":\"Festival da Primavera: de \u201cAno Novo Chin\u00eas\u201d a \u201cFestival Global\u201d - CRI e Diario de Pernambuco\",\"isPartOf\":{\"@id\":\"https:\\\/\\\/diariodepe.com.br\\\/cri\\\/#website\"},\"primaryImageOfPage\":{\"@id\":\"https:\\\/\\\/diariodepe.com.br\\\/cri\\\/2025\\\/02\\\/12\\\/festival-da-primavera-de-ano-novo-chines-a-festival-global\\\/#primaryimage\"},\"image\":{\"@id\":\"https:\\\/\\\/diariodepe.com.br\\\/cri\\\/2025\\\/02\\\/12\\\/festival-da-primavera-de-ano-novo-chines-a-festival-global\\\/#primaryimage\"},\"thumbnailUrl\":\"https:\\\/\\\/38picres.cgtn.com\\\/photoAlbum\\\/page\\\/performance\\\/img\\\/2025\\\/1\\\/29\\\/1738154863690_7.jpg\",\"datePublished\":\"2025-02-12T07:12:17+00:00\",\"breadcrumb\":{\"@id\":\"https:\\\/\\\/diariodepe.com.br\\\/cri\\\/2025\\\/02\\\/12\\\/festival-da-primavera-de-ano-novo-chines-a-festival-global\\\/#breadcrumb\"},\"inLanguage\":\"pt-BR\",\"potentialAction\":[{\"@type\":\"ReadAction\",\"target\":[\"https:\\\/\\\/diariodepe.com.br\\\/cri\\\/2025\\\/02\\\/12\\\/festival-da-primavera-de-ano-novo-chines-a-festival-global\\\/\"]}]},{\"@type\":\"ImageObject\",\"inLanguage\":\"pt-BR\",\"@id\":\"https:\\\/\\\/diariodepe.com.br\\\/cri\\\/2025\\\/02\\\/12\\\/festival-da-primavera-de-ano-novo-chines-a-festival-global\\\/#primaryimage\",\"url\":\"https:\\\/\\\/38picres.cgtn.com\\\/photoAlbum\\\/page\\\/performance\\\/img\\\/2025\\\/1\\\/29\\\/1738154863690_7.jpg\",\"contentUrl\":\"https:\\\/\\\/38picres.cgtn.com\\\/photoAlbum\\\/page\\\/performance\\\/img\\\/2025\\\/1\\\/29\\\/1738154863690_7.jpg\"},{\"@type\":\"BreadcrumbList\",\"@id\":\"https:\\\/\\\/diariodepe.com.br\\\/cri\\\/2025\\\/02\\\/12\\\/festival-da-primavera-de-ano-novo-chines-a-festival-global\\\/#breadcrumb\",\"itemListElement\":[{\"@type\":\"ListItem\",\"position\":1,\"name\":\"In\u00edcio\",\"item\":\"https:\\\/\\\/diariodepe.com.br\\\/cri\\\/\"},{\"@type\":\"ListItem\",\"position\":2,\"name\":\"Festival da Primavera: de \u201cAno Novo Chin\u00eas\u201d a \u201cFestival Global\u201d\"}]},{\"@type\":\"WebSite\",\"@id\":\"https:\\\/\\\/diariodepe.com.br\\\/cri\\\/#website\",\"url\":\"https:\\\/\\\/diariodepe.com.br\\\/cri\\\/\",\"name\":\"CRI e Diario de Pernambuco\",\"description\":\"R\u00e1dio Internacional da China\",\"publisher\":{\"@id\":\"https:\\\/\\\/diariodepe.com.br\\\/cri\\\/#organization\"},\"potentialAction\":[{\"@type\":\"SearchAction\",\"target\":{\"@type\":\"EntryPoint\",\"urlTemplate\":\"https:\\\/\\\/diariodepe.com.br\\\/cri\\\/?s={search_term_string}\"},\"query-input\":{\"@type\":\"PropertyValueSpecification\",\"valueRequired\":true,\"valueName\":\"search_term_string\"}}],\"inLanguage\":\"pt-BR\"},{\"@type\":\"Organization\",\"@id\":\"https:\\\/\\\/diariodepe.com.br\\\/cri\\\/#organization\",\"name\":\"CRI e Diario de Pernambuco\",\"url\":\"https:\\\/\\\/diariodepe.com.br\\\/cri\\\/\",\"logo\":{\"@type\":\"ImageObject\",\"inLanguage\":\"pt-BR\",\"@id\":\"https:\\\/\\\/diariodepe.com.br\\\/cri\\\/#\\\/schema\\\/logo\\\/image\\\/\",\"url\":\"https:\\\/\\\/diariodepe.com.br\\\/cri\\\/wp-content\\\/uploads\\\/sites\\\/2\\\/2022\\\/12\\\/cropped-Logo.jpg\",\"contentUrl\":\"https:\\\/\\\/diariodepe.com.br\\\/cri\\\/wp-content\\\/uploads\\\/sites\\\/2\\\/2022\\\/12\\\/cropped-Logo.jpg\",\"width\":700,\"height\":59,\"caption\":\"CRI e Diario de Pernambuco\"},\"image\":{\"@id\":\"https:\\\/\\\/diariodepe.com.br\\\/cri\\\/#\\\/schema\\\/logo\\\/image\\\/\"}},{\"@type\":\"Person\",\"@id\":\"https:\\\/\\\/diariodepe.com.br\\\/cri\\\/#\\\/schema\\\/person\\\/121bb28d84f1a5b1205ef4ce9c2e0c6b\",\"name\":\"Ismael Lucas S. Pereira\",\"image\":{\"@type\":\"ImageObject\",\"inLanguage\":\"pt-BR\",\"@id\":\"https:\\\/\\\/secure.gravatar.com\\\/avatar\\\/887a0f3b5a7ceea963a48499fb883ffce6b5037362def025c52c2505b15d63e4?s=96&d=mm&r=g\",\"url\":\"https:\\\/\\\/secure.gravatar.com\\\/avatar\\\/887a0f3b5a7ceea963a48499fb883ffce6b5037362def025c52c2505b15d63e4?s=96&d=mm&r=g\",\"contentUrl\":\"https:\\\/\\\/secure.gravatar.com\\\/avatar\\\/887a0f3b5a7ceea963a48499fb883ffce6b5037362def025c52c2505b15d63e4?s=96&d=mm&r=g\",\"caption\":\"Ismael Lucas S. Pereira\"},\"url\":\"https:\\\/\\\/diariodepe.com.br\\\/cri\\\/author\\\/ismael-lucas\\\/\"}]}<\/script>\n<!-- \/ Yoast SEO plugin. -->","yoast_head_json":{"title":"Festival da Primavera: de \u201cAno Novo Chin\u00eas\u201d a \u201cFestival Global\u201d - CRI e Diario de Pernambuco","robots":{"index":"index","follow":"follow","max-snippet":"max-snippet:-1","max-image-preview":"max-image-preview:large","max-video-preview":"max-video-preview:-1"},"canonical":"https:\/\/diariodepe.com.br\/cri\/2025\/02\/12\/festival-da-primavera-de-ano-novo-chines-a-festival-global\/","og_locale":"pt_BR","og_type":"article","og_title":"Festival da Primavera: de \u201cAno Novo Chin\u00eas\u201d a \u201cFestival Global\u201d - CRI e Diario de Pernambuco","og_description":"O Festival da Primavera \u00e9 a celebra\u00e7\u00e3o tradicional mais antiga e importante da China. No final de 2023, foi designado como feriado da Organiza\u00e7\u00e3o das Na\u00e7\u00f5es Unidas (ONU). No final de 2024, o \u201cFestival da Primavera, pr\u00e1tica social do povo...","og_url":"https:\/\/diariodepe.com.br\/cri\/2025\/02\/12\/festival-da-primavera-de-ano-novo-chines-a-festival-global\/","og_site_name":"CRI e Diario de Pernambuco","article_published_time":"2025-02-12T07:12:17+00:00","og_image":[{"url":"https:\/\/38picres.cgtn.com\/photoAlbum\/page\/performance\/img\/2025\/1\/29\/1738154863690_7.jpg","type":"","width":"","height":""}],"author":"Ismael Lucas S. Pereira","twitter_card":"summary_large_image","twitter_misc":{"Escrito por":"Ismael Lucas S. Pereira","Est. tempo de leitura":"3 minutos"},"schema":{"@context":"https:\/\/schema.org","@graph":[{"@type":"Article","@id":"https:\/\/diariodepe.com.br\/cri\/2025\/02\/12\/festival-da-primavera-de-ano-novo-chines-a-festival-global\/#article","isPartOf":{"@id":"https:\/\/diariodepe.com.br\/cri\/2025\/02\/12\/festival-da-primavera-de-ano-novo-chines-a-festival-global\/"},"author":{"name":"Ismael Lucas S. Pereira","@id":"https:\/\/diariodepe.com.br\/cri\/#\/schema\/person\/121bb28d84f1a5b1205ef4ce9c2e0c6b"},"headline":"Festival da Primavera: de \u201cAno Novo Chin\u00eas\u201d a \u201cFestival Global\u201d","datePublished":"2025-02-12T07:12:17+00:00","mainEntityOfPage":{"@id":"https:\/\/diariodepe.com.br\/cri\/2025\/02\/12\/festival-da-primavera-de-ano-novo-chines-a-festival-global\/"},"wordCount":537,"commentCount":0,"publisher":{"@id":"https:\/\/diariodepe.com.br\/cri\/#organization"},"image":{"@id":"https:\/\/diariodepe.com.br\/cri\/2025\/02\/12\/festival-da-primavera-de-ano-novo-chines-a-festival-global\/#primaryimage"},"thumbnailUrl":"https:\/\/38picres.cgtn.com\/photoAlbum\/page\/performance\/img\/2025\/1\/29\/1738154863690_7.jpg","articleSection":["Vis\u00e3o"],"inLanguage":"pt-BR","potentialAction":[{"@type":"CommentAction","name":"Comment","target":["https:\/\/diariodepe.com.br\/cri\/2025\/02\/12\/festival-da-primavera-de-ano-novo-chines-a-festival-global\/#respond"]}]},{"@type":"WebPage","@id":"https:\/\/diariodepe.com.br\/cri\/2025\/02\/12\/festival-da-primavera-de-ano-novo-chines-a-festival-global\/","url":"https:\/\/diariodepe.com.br\/cri\/2025\/02\/12\/festival-da-primavera-de-ano-novo-chines-a-festival-global\/","name":"Festival da Primavera: de \u201cAno Novo Chin\u00eas\u201d a \u201cFestival Global\u201d - CRI e Diario de Pernambuco","isPartOf":{"@id":"https:\/\/diariodepe.com.br\/cri\/#website"},"primaryImageOfPage":{"@id":"https:\/\/diariodepe.com.br\/cri\/2025\/02\/12\/festival-da-primavera-de-ano-novo-chines-a-festival-global\/#primaryimage"},"image":{"@id":"https:\/\/diariodepe.com.br\/cri\/2025\/02\/12\/festival-da-primavera-de-ano-novo-chines-a-festival-global\/#primaryimage"},"thumbnailUrl":"https:\/\/38picres.cgtn.com\/photoAlbum\/page\/performance\/img\/2025\/1\/29\/1738154863690_7.jpg","datePublished":"2025-02-12T07:12:17+00:00","breadcrumb":{"@id":"https:\/\/diariodepe.com.br\/cri\/2025\/02\/12\/festival-da-primavera-de-ano-novo-chines-a-festival-global\/#breadcrumb"},"inLanguage":"pt-BR","potentialAction":[{"@type":"ReadAction","target":["https:\/\/diariodepe.com.br\/cri\/2025\/02\/12\/festival-da-primavera-de-ano-novo-chines-a-festival-global\/"]}]},{"@type":"ImageObject","inLanguage":"pt-BR","@id":"https:\/\/diariodepe.com.br\/cri\/2025\/02\/12\/festival-da-primavera-de-ano-novo-chines-a-festival-global\/#primaryimage","url":"https:\/\/38picres.cgtn.com\/photoAlbum\/page\/performance\/img\/2025\/1\/29\/1738154863690_7.jpg","contentUrl":"https:\/\/38picres.cgtn.com\/photoAlbum\/page\/performance\/img\/2025\/1\/29\/1738154863690_7.jpg"},{"@type":"BreadcrumbList","@id":"https:\/\/diariodepe.com.br\/cri\/2025\/02\/12\/festival-da-primavera-de-ano-novo-chines-a-festival-global\/#breadcrumb","itemListElement":[{"@type":"ListItem","position":1,"name":"In\u00edcio","item":"https:\/\/diariodepe.com.br\/cri\/"},{"@type":"ListItem","position":2,"name":"Festival da Primavera: de \u201cAno Novo Chin\u00eas\u201d a \u201cFestival Global\u201d"}]},{"@type":"WebSite","@id":"https:\/\/diariodepe.com.br\/cri\/#website","url":"https:\/\/diariodepe.com.br\/cri\/","name":"CRI e Diario de Pernambuco","description":"R\u00e1dio Internacional da China","publisher":{"@id":"https:\/\/diariodepe.com.br\/cri\/#organization"},"potentialAction":[{"@type":"SearchAction","target":{"@type":"EntryPoint","urlTemplate":"https:\/\/diariodepe.com.br\/cri\/?s={search_term_string}"},"query-input":{"@type":"PropertyValueSpecification","valueRequired":true,"valueName":"search_term_string"}}],"inLanguage":"pt-BR"},{"@type":"Organization","@id":"https:\/\/diariodepe.com.br\/cri\/#organization","name":"CRI e Diario de Pernambuco","url":"https:\/\/diariodepe.com.br\/cri\/","logo":{"@type":"ImageObject","inLanguage":"pt-BR","@id":"https:\/\/diariodepe.com.br\/cri\/#\/schema\/logo\/image\/","url":"https:\/\/diariodepe.com.br\/cri\/wp-content\/uploads\/sites\/2\/2022\/12\/cropped-Logo.jpg","contentUrl":"https:\/\/diariodepe.com.br\/cri\/wp-content\/uploads\/sites\/2\/2022\/12\/cropped-Logo.jpg","width":700,"height":59,"caption":"CRI e Diario de Pernambuco"},"image":{"@id":"https:\/\/diariodepe.com.br\/cri\/#\/schema\/logo\/image\/"}},{"@type":"Person","@id":"https:\/\/diariodepe.com.br\/cri\/#\/schema\/person\/121bb28d84f1a5b1205ef4ce9c2e0c6b","name":"Ismael Lucas S. Pereira","image":{"@type":"ImageObject","inLanguage":"pt-BR","@id":"https:\/\/secure.gravatar.com\/avatar\/887a0f3b5a7ceea963a48499fb883ffce6b5037362def025c52c2505b15d63e4?s=96&d=mm&r=g","url":"https:\/\/secure.gravatar.com\/avatar\/887a0f3b5a7ceea963a48499fb883ffce6b5037362def025c52c2505b15d63e4?s=96&d=mm&r=g","contentUrl":"https:\/\/secure.gravatar.com\/avatar\/887a0f3b5a7ceea963a48499fb883ffce6b5037362def025c52c2505b15d63e4?s=96&d=mm&r=g","caption":"Ismael Lucas S. Pereira"},"url":"https:\/\/diariodepe.com.br\/cri\/author\/ismael-lucas\/"}]}},"cc_featured_image_caption":{"caption_text":false,"source_text":false,"source_url":false},"amp_enabled":true,"_links":{"self":[{"href":"https:\/\/diariodepe.com.br\/cri\/wp-json\/wp\/v2\/posts\/7629","targetHints":{"allow":["GET"]}}],"collection":[{"href":"https:\/\/diariodepe.com.br\/cri\/wp-json\/wp\/v2\/posts"}],"about":[{"href":"https:\/\/diariodepe.com.br\/cri\/wp-json\/wp\/v2\/types\/post"}],"author":[{"embeddable":true,"href":"https:\/\/diariodepe.com.br\/cri\/wp-json\/wp\/v2\/users\/2"}],"replies":[{"embeddable":true,"href":"https:\/\/diariodepe.com.br\/cri\/wp-json\/wp\/v2\/comments?post=7629"}],"version-history":[{"count":1,"href":"https:\/\/diariodepe.com.br\/cri\/wp-json\/wp\/v2\/posts\/7629\/revisions"}],"predecessor-version":[{"id":7630,"href":"https:\/\/diariodepe.com.br\/cri\/wp-json\/wp\/v2\/posts\/7629\/revisions\/7630"}],"wp:attachment":[{"href":"https:\/\/diariodepe.com.br\/cri\/wp-json\/wp\/v2\/media?parent=7629"}],"wp:term":[{"taxonomy":"category","embeddable":true,"href":"https:\/\/diariodepe.com.br\/cri\/wp-json\/wp\/v2\/categories?post=7629"},{"taxonomy":"post_tag","embeddable":true,"href":"https:\/\/diariodepe.com.br\/cri\/wp-json\/wp\/v2\/tags?post=7629"}],"curies":[{"name":"wp","href":"https:\/\/api.w.org\/{rel}","templated":true}]}}