{"id":7625,"date":"2025-02-12T04:11:05","date_gmt":"2025-02-12T07:11:05","guid":{"rendered":"https:\/\/diariodepe.com.br\/cri\/?p=7625"},"modified":"2025-02-12T04:11:05","modified_gmt":"2025-02-12T07:11:05","slug":"lideres-estrangeiros-e-responsaveis-das-organizacoes-internacionais-felicitam-ano-novo-chines","status":"publish","type":"post","link":"https:\/\/diariodepe.com.br\/cri\/2025\/02\/12\/lideres-estrangeiros-e-responsaveis-das-organizacoes-internacionais-felicitam-ano-novo-chines\/","title":{"rendered":"L\u00edderes estrangeiros e respons\u00e1veis das organiza\u00e7\u00f5es internacionais felicitam Ano Novo Chin\u00eas"},"content":{"rendered":"<p><span lang=\"PT\">Ao acolher o Ano Novo Chin\u00eas, respons\u00e1veis de v\u00e1rias organiza\u00e7\u00f5es internacionais e l\u00edderes estrangeiros enviaram felicita\u00e7\u00f5es ao povo chin\u00eas.<\/span><\/p>\n<p><span lang=\"PT\">Audrey Azoulay, diretora-geral da UNESCO: \u201cFeliz Ano Novo, queridos amigos. Em nome da UNESCO, gostaria de expressar meus mais calorosos votos a voc\u00eas por ocasi\u00e3o do Ano da Serpente. Desejo a\u00a0<\/span><span lang=\"EN-US\">voc\u00eas\u00a0<\/span><span lang=\"PT\">e\u00a0<\/span><span lang=\"EN-US\">suas fam\u00edlias<\/span><span lang=\"PT\">\u00a0felicidade, sa\u00fade e prosperidade. Como diretor-geral da UNESCO, gostaria de\u00a0<\/span><span lang=\"EN-US\">parabeniz\u00e1-los<\/span><span lang=\"PT\">\u00a0ainda mais porque, h\u00e1 algumas semanas,\u00a0<\/span><span lang=\"EN-US\">adicionamos<\/span><span lang=\"PT\">\u00a0o Ano Novo Chin\u00eas na Lista do Patrim\u00f4nio Cultural Imaterial da Humanidade<\/span><span lang=\"EN-US\">, o que<\/span><span lang=\"PT\">\u00a0reflete a capacidade deste festival de expressar as profundas liga\u00e7\u00f5es entre as comunidades chinesas ao redor do mundo. Mas, al\u00e9m disso, entre n\u00f3s, o Ano Novo Chin\u00eas j\u00e1 se tornou um costume global, e nossas celebra\u00e7\u00f5es espalham uma mensagem de alegria e paz ao mundo inteiro.\u201d<\/span><\/p>\n<p><span lang=\"PT\">Isaac Herzog, president de Israel: \u201cPela ocasi\u00e3o do Ano Novo Chin\u00eas, gostaria que voc\u00ea aceite meus parab\u00e9ns mais sinceros e votos mais caloroso. Feliz Festival da Primavera!<\/span><span lang=\"EN-US\">\u201d<\/span><\/p>\n","protected":false},"excerpt":{"rendered":"<p>Ao acolher o Ano Novo Chin\u00eas, respons\u00e1veis de v\u00e1rias organiza\u00e7\u00f5es internacionais e l\u00edderes estrangeiros enviaram felicita\u00e7\u00f5es ao povo chin\u00eas. Audrey Azoulay, diretora-geral da UNESCO: \u201cFeliz Ano Novo, queridos amigos. Em nome da UNESCO, gostaria de expressar meus mais calorosos votos&#8230;<\/p>\n","protected":false},"author":2,"featured_media":0,"comment_status":"open","ping_status":"open","sticky":false,"template":"","format":"standard","meta":{"footnotes":""},"categories":[3],"tags":[],"class_list":["post-7625","post","type-post","status-publish","format-standard","hentry","category-china"],"yoast_head":"<!-- This site is optimized with the Yoast SEO plugin v27.4 - https:\/\/yoast.com\/product\/yoast-seo-wordpress\/ -->\n<title>L\u00edderes estrangeiros e respons\u00e1veis das organiza\u00e7\u00f5es internacionais felicitam Ano Novo Chin\u00eas - CRI e Diario de Pernambuco<\/title>\n<meta name=\"robots\" content=\"index, follow, max-snippet:-1, max-image-preview:large, max-video-preview:-1\" \/>\n<link rel=\"canonical\" href=\"https:\/\/diariodepe.com.br\/cri\/2025\/02\/12\/lideres-estrangeiros-e-responsaveis-das-organizacoes-internacionais-felicitam-ano-novo-chines\/\" \/>\n<meta property=\"og:locale\" content=\"pt_BR\" \/>\n<meta property=\"og:type\" content=\"article\" \/>\n<meta property=\"og:title\" content=\"L\u00edderes estrangeiros e respons\u00e1veis das organiza\u00e7\u00f5es internacionais felicitam Ano Novo Chin\u00eas - CRI e Diario de Pernambuco\" \/>\n<meta property=\"og:description\" content=\"Ao acolher o Ano Novo Chin\u00eas, respons\u00e1veis de v\u00e1rias organiza\u00e7\u00f5es internacionais e l\u00edderes estrangeiros enviaram felicita\u00e7\u00f5es ao povo chin\u00eas. Audrey Azoulay, diretora-geral da UNESCO: \u201cFeliz Ano Novo, queridos amigos. Em nome da UNESCO, gostaria de expressar meus mais calorosos votos...\" \/>\n<meta property=\"og:url\" content=\"https:\/\/diariodepe.com.br\/cri\/2025\/02\/12\/lideres-estrangeiros-e-responsaveis-das-organizacoes-internacionais-felicitam-ano-novo-chines\/\" \/>\n<meta property=\"og:site_name\" content=\"CRI e Diario de Pernambuco\" \/>\n<meta property=\"article:published_time\" content=\"2025-02-12T07:11:05+00:00\" \/>\n<meta name=\"author\" content=\"Ismael Lucas S. Pereira\" \/>\n<meta name=\"twitter:card\" content=\"summary_large_image\" \/>\n<meta name=\"twitter:label1\" content=\"Escrito por\" \/>\n\t<meta name=\"twitter:data1\" content=\"Ismael Lucas S. Pereira\" \/>\n\t<meta name=\"twitter:label2\" content=\"Est. tempo de leitura\" \/>\n\t<meta name=\"twitter:data2\" content=\"1 minuto\" \/>\n<script type=\"application\/ld+json\" class=\"yoast-schema-graph\">{\"@context\":\"https:\\\/\\\/schema.org\",\"@graph\":[{\"@type\":\"Article\",\"@id\":\"https:\\\/\\\/diariodepe.com.br\\\/cri\\\/2025\\\/02\\\/12\\\/lideres-estrangeiros-e-responsaveis-das-organizacoes-internacionais-felicitam-ano-novo-chines\\\/#article\",\"isPartOf\":{\"@id\":\"https:\\\/\\\/diariodepe.com.br\\\/cri\\\/2025\\\/02\\\/12\\\/lideres-estrangeiros-e-responsaveis-das-organizacoes-internacionais-felicitam-ano-novo-chines\\\/\"},\"author\":{\"name\":\"Ismael Lucas S. Pereira\",\"@id\":\"https:\\\/\\\/diariodepe.com.br\\\/cri\\\/#\\\/schema\\\/person\\\/121bb28d84f1a5b1205ef4ce9c2e0c6b\"},\"headline\":\"L\u00edderes estrangeiros e respons\u00e1veis das organiza\u00e7\u00f5es internacionais felicitam Ano Novo Chin\u00eas\",\"datePublished\":\"2025-02-12T07:11:05+00:00\",\"mainEntityOfPage\":{\"@id\":\"https:\\\/\\\/diariodepe.com.br\\\/cri\\\/2025\\\/02\\\/12\\\/lideres-estrangeiros-e-responsaveis-das-organizacoes-internacionais-felicitam-ano-novo-chines\\\/\"},\"wordCount\":197,\"commentCount\":0,\"publisher\":{\"@id\":\"https:\\\/\\\/diariodepe.com.br\\\/cri\\\/#organization\"},\"articleSection\":[\"China\"],\"inLanguage\":\"pt-BR\",\"potentialAction\":[{\"@type\":\"CommentAction\",\"name\":\"Comment\",\"target\":[\"https:\\\/\\\/diariodepe.com.br\\\/cri\\\/2025\\\/02\\\/12\\\/lideres-estrangeiros-e-responsaveis-das-organizacoes-internacionais-felicitam-ano-novo-chines\\\/#respond\"]}]},{\"@type\":\"WebPage\",\"@id\":\"https:\\\/\\\/diariodepe.com.br\\\/cri\\\/2025\\\/02\\\/12\\\/lideres-estrangeiros-e-responsaveis-das-organizacoes-internacionais-felicitam-ano-novo-chines\\\/\",\"url\":\"https:\\\/\\\/diariodepe.com.br\\\/cri\\\/2025\\\/02\\\/12\\\/lideres-estrangeiros-e-responsaveis-das-organizacoes-internacionais-felicitam-ano-novo-chines\\\/\",\"name\":\"L\u00edderes estrangeiros e respons\u00e1veis das organiza\u00e7\u00f5es internacionais felicitam Ano Novo Chin\u00eas - CRI e Diario de Pernambuco\",\"isPartOf\":{\"@id\":\"https:\\\/\\\/diariodepe.com.br\\\/cri\\\/#website\"},\"datePublished\":\"2025-02-12T07:11:05+00:00\",\"breadcrumb\":{\"@id\":\"https:\\\/\\\/diariodepe.com.br\\\/cri\\\/2025\\\/02\\\/12\\\/lideres-estrangeiros-e-responsaveis-das-organizacoes-internacionais-felicitam-ano-novo-chines\\\/#breadcrumb\"},\"inLanguage\":\"pt-BR\",\"potentialAction\":[{\"@type\":\"ReadAction\",\"target\":[\"https:\\\/\\\/diariodepe.com.br\\\/cri\\\/2025\\\/02\\\/12\\\/lideres-estrangeiros-e-responsaveis-das-organizacoes-internacionais-felicitam-ano-novo-chines\\\/\"]}]},{\"@type\":\"BreadcrumbList\",\"@id\":\"https:\\\/\\\/diariodepe.com.br\\\/cri\\\/2025\\\/02\\\/12\\\/lideres-estrangeiros-e-responsaveis-das-organizacoes-internacionais-felicitam-ano-novo-chines\\\/#breadcrumb\",\"itemListElement\":[{\"@type\":\"ListItem\",\"position\":1,\"name\":\"In\u00edcio\",\"item\":\"https:\\\/\\\/diariodepe.com.br\\\/cri\\\/\"},{\"@type\":\"ListItem\",\"position\":2,\"name\":\"L\u00edderes estrangeiros e respons\u00e1veis das organiza\u00e7\u00f5es internacionais felicitam Ano Novo Chin\u00eas\"}]},{\"@type\":\"WebSite\",\"@id\":\"https:\\\/\\\/diariodepe.com.br\\\/cri\\\/#website\",\"url\":\"https:\\\/\\\/diariodepe.com.br\\\/cri\\\/\",\"name\":\"CRI e Diario de Pernambuco\",\"description\":\"R\u00e1dio Internacional da China\",\"publisher\":{\"@id\":\"https:\\\/\\\/diariodepe.com.br\\\/cri\\\/#organization\"},\"potentialAction\":[{\"@type\":\"SearchAction\",\"target\":{\"@type\":\"EntryPoint\",\"urlTemplate\":\"https:\\\/\\\/diariodepe.com.br\\\/cri\\\/?s={search_term_string}\"},\"query-input\":{\"@type\":\"PropertyValueSpecification\",\"valueRequired\":true,\"valueName\":\"search_term_string\"}}],\"inLanguage\":\"pt-BR\"},{\"@type\":\"Organization\",\"@id\":\"https:\\\/\\\/diariodepe.com.br\\\/cri\\\/#organization\",\"name\":\"CRI e Diario de Pernambuco\",\"url\":\"https:\\\/\\\/diariodepe.com.br\\\/cri\\\/\",\"logo\":{\"@type\":\"ImageObject\",\"inLanguage\":\"pt-BR\",\"@id\":\"https:\\\/\\\/diariodepe.com.br\\\/cri\\\/#\\\/schema\\\/logo\\\/image\\\/\",\"url\":\"https:\\\/\\\/diariodepe.com.br\\\/cri\\\/wp-content\\\/uploads\\\/sites\\\/2\\\/2022\\\/12\\\/cropped-Logo.jpg\",\"contentUrl\":\"https:\\\/\\\/diariodepe.com.br\\\/cri\\\/wp-content\\\/uploads\\\/sites\\\/2\\\/2022\\\/12\\\/cropped-Logo.jpg\",\"width\":700,\"height\":59,\"caption\":\"CRI e Diario de Pernambuco\"},\"image\":{\"@id\":\"https:\\\/\\\/diariodepe.com.br\\\/cri\\\/#\\\/schema\\\/logo\\\/image\\\/\"}},{\"@type\":\"Person\",\"@id\":\"https:\\\/\\\/diariodepe.com.br\\\/cri\\\/#\\\/schema\\\/person\\\/121bb28d84f1a5b1205ef4ce9c2e0c6b\",\"name\":\"Ismael Lucas S. Pereira\",\"image\":{\"@type\":\"ImageObject\",\"inLanguage\":\"pt-BR\",\"@id\":\"https:\\\/\\\/secure.gravatar.com\\\/avatar\\\/887a0f3b5a7ceea963a48499fb883ffce6b5037362def025c52c2505b15d63e4?s=96&d=mm&r=g\",\"url\":\"https:\\\/\\\/secure.gravatar.com\\\/avatar\\\/887a0f3b5a7ceea963a48499fb883ffce6b5037362def025c52c2505b15d63e4?s=96&d=mm&r=g\",\"contentUrl\":\"https:\\\/\\\/secure.gravatar.com\\\/avatar\\\/887a0f3b5a7ceea963a48499fb883ffce6b5037362def025c52c2505b15d63e4?s=96&d=mm&r=g\",\"caption\":\"Ismael Lucas S. Pereira\"},\"url\":\"https:\\\/\\\/diariodepe.com.br\\\/cri\\\/author\\\/ismael-lucas\\\/\"}]}<\/script>\n<!-- \/ Yoast SEO plugin. -->","yoast_head_json":{"title":"L\u00edderes estrangeiros e respons\u00e1veis das organiza\u00e7\u00f5es internacionais felicitam Ano Novo Chin\u00eas - CRI e Diario de Pernambuco","robots":{"index":"index","follow":"follow","max-snippet":"max-snippet:-1","max-image-preview":"max-image-preview:large","max-video-preview":"max-video-preview:-1"},"canonical":"https:\/\/diariodepe.com.br\/cri\/2025\/02\/12\/lideres-estrangeiros-e-responsaveis-das-organizacoes-internacionais-felicitam-ano-novo-chines\/","og_locale":"pt_BR","og_type":"article","og_title":"L\u00edderes estrangeiros e respons\u00e1veis das organiza\u00e7\u00f5es internacionais felicitam Ano Novo Chin\u00eas - CRI e Diario de Pernambuco","og_description":"Ao acolher o Ano Novo Chin\u00eas, respons\u00e1veis de v\u00e1rias organiza\u00e7\u00f5es internacionais e l\u00edderes estrangeiros enviaram felicita\u00e7\u00f5es ao povo chin\u00eas. Audrey Azoulay, diretora-geral da UNESCO: \u201cFeliz Ano Novo, queridos amigos. Em nome da UNESCO, gostaria de expressar meus mais calorosos votos...","og_url":"https:\/\/diariodepe.com.br\/cri\/2025\/02\/12\/lideres-estrangeiros-e-responsaveis-das-organizacoes-internacionais-felicitam-ano-novo-chines\/","og_site_name":"CRI e Diario de Pernambuco","article_published_time":"2025-02-12T07:11:05+00:00","author":"Ismael Lucas S. Pereira","twitter_card":"summary_large_image","twitter_misc":{"Escrito por":"Ismael Lucas S. Pereira","Est. tempo de leitura":"1 minuto"},"schema":{"@context":"https:\/\/schema.org","@graph":[{"@type":"Article","@id":"https:\/\/diariodepe.com.br\/cri\/2025\/02\/12\/lideres-estrangeiros-e-responsaveis-das-organizacoes-internacionais-felicitam-ano-novo-chines\/#article","isPartOf":{"@id":"https:\/\/diariodepe.com.br\/cri\/2025\/02\/12\/lideres-estrangeiros-e-responsaveis-das-organizacoes-internacionais-felicitam-ano-novo-chines\/"},"author":{"name":"Ismael Lucas S. Pereira","@id":"https:\/\/diariodepe.com.br\/cri\/#\/schema\/person\/121bb28d84f1a5b1205ef4ce9c2e0c6b"},"headline":"L\u00edderes estrangeiros e respons\u00e1veis das organiza\u00e7\u00f5es internacionais felicitam Ano Novo Chin\u00eas","datePublished":"2025-02-12T07:11:05+00:00","mainEntityOfPage":{"@id":"https:\/\/diariodepe.com.br\/cri\/2025\/02\/12\/lideres-estrangeiros-e-responsaveis-das-organizacoes-internacionais-felicitam-ano-novo-chines\/"},"wordCount":197,"commentCount":0,"publisher":{"@id":"https:\/\/diariodepe.com.br\/cri\/#organization"},"articleSection":["China"],"inLanguage":"pt-BR","potentialAction":[{"@type":"CommentAction","name":"Comment","target":["https:\/\/diariodepe.com.br\/cri\/2025\/02\/12\/lideres-estrangeiros-e-responsaveis-das-organizacoes-internacionais-felicitam-ano-novo-chines\/#respond"]}]},{"@type":"WebPage","@id":"https:\/\/diariodepe.com.br\/cri\/2025\/02\/12\/lideres-estrangeiros-e-responsaveis-das-organizacoes-internacionais-felicitam-ano-novo-chines\/","url":"https:\/\/diariodepe.com.br\/cri\/2025\/02\/12\/lideres-estrangeiros-e-responsaveis-das-organizacoes-internacionais-felicitam-ano-novo-chines\/","name":"L\u00edderes estrangeiros e respons\u00e1veis das organiza\u00e7\u00f5es internacionais felicitam Ano Novo Chin\u00eas - CRI e Diario de Pernambuco","isPartOf":{"@id":"https:\/\/diariodepe.com.br\/cri\/#website"},"datePublished":"2025-02-12T07:11:05+00:00","breadcrumb":{"@id":"https:\/\/diariodepe.com.br\/cri\/2025\/02\/12\/lideres-estrangeiros-e-responsaveis-das-organizacoes-internacionais-felicitam-ano-novo-chines\/#breadcrumb"},"inLanguage":"pt-BR","potentialAction":[{"@type":"ReadAction","target":["https:\/\/diariodepe.com.br\/cri\/2025\/02\/12\/lideres-estrangeiros-e-responsaveis-das-organizacoes-internacionais-felicitam-ano-novo-chines\/"]}]},{"@type":"BreadcrumbList","@id":"https:\/\/diariodepe.com.br\/cri\/2025\/02\/12\/lideres-estrangeiros-e-responsaveis-das-organizacoes-internacionais-felicitam-ano-novo-chines\/#breadcrumb","itemListElement":[{"@type":"ListItem","position":1,"name":"In\u00edcio","item":"https:\/\/diariodepe.com.br\/cri\/"},{"@type":"ListItem","position":2,"name":"L\u00edderes estrangeiros e respons\u00e1veis das organiza\u00e7\u00f5es internacionais felicitam Ano Novo Chin\u00eas"}]},{"@type":"WebSite","@id":"https:\/\/diariodepe.com.br\/cri\/#website","url":"https:\/\/diariodepe.com.br\/cri\/","name":"CRI e Diario de Pernambuco","description":"R\u00e1dio Internacional da China","publisher":{"@id":"https:\/\/diariodepe.com.br\/cri\/#organization"},"potentialAction":[{"@type":"SearchAction","target":{"@type":"EntryPoint","urlTemplate":"https:\/\/diariodepe.com.br\/cri\/?s={search_term_string}"},"query-input":{"@type":"PropertyValueSpecification","valueRequired":true,"valueName":"search_term_string"}}],"inLanguage":"pt-BR"},{"@type":"Organization","@id":"https:\/\/diariodepe.com.br\/cri\/#organization","name":"CRI e Diario de Pernambuco","url":"https:\/\/diariodepe.com.br\/cri\/","logo":{"@type":"ImageObject","inLanguage":"pt-BR","@id":"https:\/\/diariodepe.com.br\/cri\/#\/schema\/logo\/image\/","url":"https:\/\/diariodepe.com.br\/cri\/wp-content\/uploads\/sites\/2\/2022\/12\/cropped-Logo.jpg","contentUrl":"https:\/\/diariodepe.com.br\/cri\/wp-content\/uploads\/sites\/2\/2022\/12\/cropped-Logo.jpg","width":700,"height":59,"caption":"CRI e Diario de Pernambuco"},"image":{"@id":"https:\/\/diariodepe.com.br\/cri\/#\/schema\/logo\/image\/"}},{"@type":"Person","@id":"https:\/\/diariodepe.com.br\/cri\/#\/schema\/person\/121bb28d84f1a5b1205ef4ce9c2e0c6b","name":"Ismael Lucas S. Pereira","image":{"@type":"ImageObject","inLanguage":"pt-BR","@id":"https:\/\/secure.gravatar.com\/avatar\/887a0f3b5a7ceea963a48499fb883ffce6b5037362def025c52c2505b15d63e4?s=96&d=mm&r=g","url":"https:\/\/secure.gravatar.com\/avatar\/887a0f3b5a7ceea963a48499fb883ffce6b5037362def025c52c2505b15d63e4?s=96&d=mm&r=g","contentUrl":"https:\/\/secure.gravatar.com\/avatar\/887a0f3b5a7ceea963a48499fb883ffce6b5037362def025c52c2505b15d63e4?s=96&d=mm&r=g","caption":"Ismael Lucas S. Pereira"},"url":"https:\/\/diariodepe.com.br\/cri\/author\/ismael-lucas\/"}]}},"cc_featured_image_caption":{"caption_text":false,"source_text":false,"source_url":false},"amp_enabled":true,"_links":{"self":[{"href":"https:\/\/diariodepe.com.br\/cri\/wp-json\/wp\/v2\/posts\/7625","targetHints":{"allow":["GET"]}}],"collection":[{"href":"https:\/\/diariodepe.com.br\/cri\/wp-json\/wp\/v2\/posts"}],"about":[{"href":"https:\/\/diariodepe.com.br\/cri\/wp-json\/wp\/v2\/types\/post"}],"author":[{"embeddable":true,"href":"https:\/\/diariodepe.com.br\/cri\/wp-json\/wp\/v2\/users\/2"}],"replies":[{"embeddable":true,"href":"https:\/\/diariodepe.com.br\/cri\/wp-json\/wp\/v2\/comments?post=7625"}],"version-history":[{"count":1,"href":"https:\/\/diariodepe.com.br\/cri\/wp-json\/wp\/v2\/posts\/7625\/revisions"}],"predecessor-version":[{"id":7626,"href":"https:\/\/diariodepe.com.br\/cri\/wp-json\/wp\/v2\/posts\/7625\/revisions\/7626"}],"wp:attachment":[{"href":"https:\/\/diariodepe.com.br\/cri\/wp-json\/wp\/v2\/media?parent=7625"}],"wp:term":[{"taxonomy":"category","embeddable":true,"href":"https:\/\/diariodepe.com.br\/cri\/wp-json\/wp\/v2\/categories?post=7625"},{"taxonomy":"post_tag","embeddable":true,"href":"https:\/\/diariodepe.com.br\/cri\/wp-json\/wp\/v2\/tags?post=7625"}],"curies":[{"name":"wp","href":"https:\/\/api.w.org\/{rel}","templated":true}]}}