{"id":7619,"date":"2025-02-12T04:09:04","date_gmt":"2025-02-12T07:09:04","guid":{"rendered":"https:\/\/diariodepe.com.br\/cri\/?p=7619"},"modified":"2025-02-12T04:09:04","modified_gmt":"2025-02-12T07:09:04","slug":"cmg-promove-gala-do-festival-da-primavera-nos-emirados-arabes-unidos","status":"publish","type":"post","link":"https:\/\/diariodepe.com.br\/cri\/2025\/02\/12\/cmg-promove-gala-do-festival-da-primavera-nos-emirados-arabes-unidos\/","title":{"rendered":"CMG promove Gala do Festival da Primavera nos Emirados \u00c1rabes Unidos"},"content":{"rendered":"<p><img decoding=\"async\" src=\"https:\/\/38picres.cgtn.com\/photoAlbum\/page\/performance\/img\/2025\/1\/27\/1737966542359_883.jpg\" width=\"100%\" height=\"auto\" \/><\/p>\n<p><span lang=\"PT-BR\">A a\u00e7\u00e3o \u201c<i>Prel\u00fadio da Gala do Festival da Primavera<\/i>\u201d, organizada pelo Grupo de M\u00eddia da C<\/span><span lang=\"PT\">hina\u00a0<\/span><span lang=\"PT-BR\">(CMG, na\u00a0<\/span><span lang=\"PT\">sigla em ingl\u00eas<\/span><span lang=\"PT-BR\">), foi realizada no dia 26 em Abu Dhabi, nos Emirados \u00c1rabes Unidos. O vice-chefe do Departamento de\u00a0<\/span><span lang=\"PT\">Comunica\u00e7\u00e3o do Comit\u00ea Central do Partido Comunista da China\u00a0<\/span><span lang=\"PT-BR\">(PCCh) e presidente do CMG, Shen Haixiong, proferiu um discurso via v\u00eddeo. O e<\/span><span lang=\"PT\">mbaixador da China nos\u00a0<\/span><span lang=\"PT-BR\">Emirados \u00c1rabes Unidos, Zhang Yiming, compareceu ao evento e discursou na ocasi\u00e3o. Cerca de 300 convidados, incluindo representantes de m\u00eddia de ambos os pa\u00edses e de institui\u00e7\u00f5es chinesas que atuam no local, bem como v\u00e1rias personalidades de diversos setores marcaram presen\u00e7a.<\/span><\/p>\n<p><img decoding=\"async\" src=\"https:\/\/38picres.cgtn.com\/photoAlbum\/page\/performance\/img\/2025\/1\/27\/1737966551116_158.jpg\" width=\"100%\" height=\"auto\" \/><\/p>\n<p><span lang=\"PT\">Shen Haixiong afirmou que o Festival da Primavera \u00e9 um dos feriados tradicionais mais importantes para a na\u00e7\u00e3o chinesa, sendo uma grande celebra\u00e7\u00e3o que integra a diversificada cultura do pa\u00eds. Atualmente, o Festival \u00e9 reconhecido e amado em todo o mundo. O CMG realiza a Gala do Festival da Primavera h\u00e1 42 anos, transformando-a em uma programa\u00e7\u00e3o indispens\u00e1vel para mais de um bilh\u00e3o de chineses na v\u00e9spera do Ano Novo, al\u00e9m de ser uma mem\u00f3ria cultural para os que vivem fora da China.<\/span><\/p>\n<p><img decoding=\"async\" src=\"https:\/\/38picres.cgtn.com\/photoAlbum\/page\/performance\/img\/2025\/1\/27\/1737966573637_921.png\" width=\"100%\" height=\"auto\" \/><\/p>\n<p><span lang=\"PT-BR\">A edi\u00e7\u00e3o deste ano ser\u00e1 a primeira ap\u00f3s o festival se tornar Patrim\u00f4nio Cultural Imaterial da Humanidade. O CMG aproveitar\u00e1 seus recursos lingu\u00edsticos para transmitir o evento em 82 idiomas, assim como aplicar\u00e1 as tecnologias \u201c5G+4K\/8K+IA\u201d para proporcionar um banquete visual e cultural repleto de &#8220;alegria, felicidade e prosperidade&#8221; aos espetadores globais.<\/span><\/p>\n<p><img decoding=\"async\" src=\"https:\/\/38picres.cgtn.com\/photoAlbum\/page\/performance\/img\/2025\/1\/27\/1737966583462_408.jpg\" width=\"100%\" height=\"auto\" \/><\/p>\n<p><span lang=\"PT-BR\">O embaixador Zhang Yiming destacou que a Gala do Festival da Primavera j\u00e1 se tornou um s\u00edmbolo cultural e um elo afetivo. No ano passado, quando se comemorou o 40\u00ba anivers\u00e1rio do estabelecimento das rela\u00e7\u00f5es diplom\u00e1ticas entre a China e os Emirados \u00c1rabes Unidos, os dois pa\u00edses realizaram uma s\u00e9rie de eventos culturais. Ele deixou o convite para que mais amigos dos Emirados \u00c1rabes Unidos visitem a China para vivenciar sua rica cultura.<\/span><\/p>\n","protected":false},"excerpt":{"rendered":"<p>A a\u00e7\u00e3o \u201cPrel\u00fadio da Gala do Festival da Primavera\u201d, organizada pelo Grupo de M\u00eddia da China\u00a0(CMG, na\u00a0sigla em ingl\u00eas), foi realizada no dia 26 em Abu Dhabi, nos Emirados \u00c1rabes Unidos. O vice-chefe do Departamento de\u00a0Comunica\u00e7\u00e3o do Comit\u00ea Central do&#8230;<\/p>\n","protected":false},"author":2,"featured_media":0,"comment_status":"open","ping_status":"open","sticky":false,"template":"","format":"standard","meta":{"footnotes":""},"categories":[8],"tags":[],"class_list":["post-7619","post","type-post","status-publish","format-standard","hentry","category-internacional"],"yoast_head":"<!-- This site is optimized with the Yoast SEO plugin v27.4 - https:\/\/yoast.com\/product\/yoast-seo-wordpress\/ -->\n<title>CMG promove Gala do Festival da Primavera nos Emirados \u00c1rabes Unidos - CRI e Diario de Pernambuco<\/title>\n<meta name=\"robots\" content=\"index, follow, max-snippet:-1, max-image-preview:large, max-video-preview:-1\" \/>\n<link rel=\"canonical\" href=\"https:\/\/diariodepe.com.br\/cri\/2025\/02\/12\/cmg-promove-gala-do-festival-da-primavera-nos-emirados-arabes-unidos\/\" \/>\n<meta property=\"og:locale\" content=\"pt_BR\" \/>\n<meta property=\"og:type\" content=\"article\" \/>\n<meta property=\"og:title\" content=\"CMG promove Gala do Festival da Primavera nos Emirados \u00c1rabes Unidos - CRI e Diario de Pernambuco\" \/>\n<meta property=\"og:description\" content=\"A a\u00e7\u00e3o \u201cPrel\u00fadio da Gala do Festival da Primavera\u201d, organizada pelo Grupo de M\u00eddia da China\u00a0(CMG, na\u00a0sigla em ingl\u00eas), foi realizada no dia 26 em Abu Dhabi, nos Emirados \u00c1rabes Unidos. O vice-chefe do Departamento de\u00a0Comunica\u00e7\u00e3o do Comit\u00ea Central do...\" \/>\n<meta property=\"og:url\" content=\"https:\/\/diariodepe.com.br\/cri\/2025\/02\/12\/cmg-promove-gala-do-festival-da-primavera-nos-emirados-arabes-unidos\/\" \/>\n<meta property=\"og:site_name\" content=\"CRI e Diario de Pernambuco\" \/>\n<meta property=\"article:published_time\" content=\"2025-02-12T07:09:04+00:00\" \/>\n<meta property=\"og:image\" content=\"https:\/\/38picres.cgtn.com\/photoAlbum\/page\/performance\/img\/2025\/1\/27\/1737966542359_883.jpg\" \/>\n<meta name=\"author\" content=\"Ismael Lucas S. Pereira\" \/>\n<meta name=\"twitter:card\" content=\"summary_large_image\" \/>\n<meta name=\"twitter:label1\" content=\"Escrito por\" \/>\n\t<meta name=\"twitter:data1\" content=\"Ismael Lucas S. Pereira\" \/>\n\t<meta name=\"twitter:label2\" content=\"Est. tempo de leitura\" \/>\n\t<meta name=\"twitter:data2\" content=\"3 minutos\" \/>\n<script type=\"application\/ld+json\" class=\"yoast-schema-graph\">{\"@context\":\"https:\\\/\\\/schema.org\",\"@graph\":[{\"@type\":\"Article\",\"@id\":\"https:\\\/\\\/diariodepe.com.br\\\/cri\\\/2025\\\/02\\\/12\\\/cmg-promove-gala-do-festival-da-primavera-nos-emirados-arabes-unidos\\\/#article\",\"isPartOf\":{\"@id\":\"https:\\\/\\\/diariodepe.com.br\\\/cri\\\/2025\\\/02\\\/12\\\/cmg-promove-gala-do-festival-da-primavera-nos-emirados-arabes-unidos\\\/\"},\"author\":{\"name\":\"Ismael Lucas S. Pereira\",\"@id\":\"https:\\\/\\\/diariodepe.com.br\\\/cri\\\/#\\\/schema\\\/person\\\/121bb28d84f1a5b1205ef4ce9c2e0c6b\"},\"headline\":\"CMG promove Gala do Festival da Primavera nos Emirados \u00c1rabes Unidos\",\"datePublished\":\"2025-02-12T07:09:04+00:00\",\"mainEntityOfPage\":{\"@id\":\"https:\\\/\\\/diariodepe.com.br\\\/cri\\\/2025\\\/02\\\/12\\\/cmg-promove-gala-do-festival-da-primavera-nos-emirados-arabes-unidos\\\/\"},\"wordCount\":353,\"commentCount\":0,\"publisher\":{\"@id\":\"https:\\\/\\\/diariodepe.com.br\\\/cri\\\/#organization\"},\"image\":{\"@id\":\"https:\\\/\\\/diariodepe.com.br\\\/cri\\\/2025\\\/02\\\/12\\\/cmg-promove-gala-do-festival-da-primavera-nos-emirados-arabes-unidos\\\/#primaryimage\"},\"thumbnailUrl\":\"https:\\\/\\\/38picres.cgtn.com\\\/photoAlbum\\\/page\\\/performance\\\/img\\\/2025\\\/1\\\/27\\\/1737966542359_883.jpg\",\"articleSection\":[\"Internacional\"],\"inLanguage\":\"pt-BR\",\"potentialAction\":[{\"@type\":\"CommentAction\",\"name\":\"Comment\",\"target\":[\"https:\\\/\\\/diariodepe.com.br\\\/cri\\\/2025\\\/02\\\/12\\\/cmg-promove-gala-do-festival-da-primavera-nos-emirados-arabes-unidos\\\/#respond\"]}]},{\"@type\":\"WebPage\",\"@id\":\"https:\\\/\\\/diariodepe.com.br\\\/cri\\\/2025\\\/02\\\/12\\\/cmg-promove-gala-do-festival-da-primavera-nos-emirados-arabes-unidos\\\/\",\"url\":\"https:\\\/\\\/diariodepe.com.br\\\/cri\\\/2025\\\/02\\\/12\\\/cmg-promove-gala-do-festival-da-primavera-nos-emirados-arabes-unidos\\\/\",\"name\":\"CMG promove Gala do Festival da Primavera nos Emirados \u00c1rabes Unidos - CRI e Diario de Pernambuco\",\"isPartOf\":{\"@id\":\"https:\\\/\\\/diariodepe.com.br\\\/cri\\\/#website\"},\"primaryImageOfPage\":{\"@id\":\"https:\\\/\\\/diariodepe.com.br\\\/cri\\\/2025\\\/02\\\/12\\\/cmg-promove-gala-do-festival-da-primavera-nos-emirados-arabes-unidos\\\/#primaryimage\"},\"image\":{\"@id\":\"https:\\\/\\\/diariodepe.com.br\\\/cri\\\/2025\\\/02\\\/12\\\/cmg-promove-gala-do-festival-da-primavera-nos-emirados-arabes-unidos\\\/#primaryimage\"},\"thumbnailUrl\":\"https:\\\/\\\/38picres.cgtn.com\\\/photoAlbum\\\/page\\\/performance\\\/img\\\/2025\\\/1\\\/27\\\/1737966542359_883.jpg\",\"datePublished\":\"2025-02-12T07:09:04+00:00\",\"breadcrumb\":{\"@id\":\"https:\\\/\\\/diariodepe.com.br\\\/cri\\\/2025\\\/02\\\/12\\\/cmg-promove-gala-do-festival-da-primavera-nos-emirados-arabes-unidos\\\/#breadcrumb\"},\"inLanguage\":\"pt-BR\",\"potentialAction\":[{\"@type\":\"ReadAction\",\"target\":[\"https:\\\/\\\/diariodepe.com.br\\\/cri\\\/2025\\\/02\\\/12\\\/cmg-promove-gala-do-festival-da-primavera-nos-emirados-arabes-unidos\\\/\"]}]},{\"@type\":\"ImageObject\",\"inLanguage\":\"pt-BR\",\"@id\":\"https:\\\/\\\/diariodepe.com.br\\\/cri\\\/2025\\\/02\\\/12\\\/cmg-promove-gala-do-festival-da-primavera-nos-emirados-arabes-unidos\\\/#primaryimage\",\"url\":\"https:\\\/\\\/38picres.cgtn.com\\\/photoAlbum\\\/page\\\/performance\\\/img\\\/2025\\\/1\\\/27\\\/1737966542359_883.jpg\",\"contentUrl\":\"https:\\\/\\\/38picres.cgtn.com\\\/photoAlbum\\\/page\\\/performance\\\/img\\\/2025\\\/1\\\/27\\\/1737966542359_883.jpg\"},{\"@type\":\"BreadcrumbList\",\"@id\":\"https:\\\/\\\/diariodepe.com.br\\\/cri\\\/2025\\\/02\\\/12\\\/cmg-promove-gala-do-festival-da-primavera-nos-emirados-arabes-unidos\\\/#breadcrumb\",\"itemListElement\":[{\"@type\":\"ListItem\",\"position\":1,\"name\":\"In\u00edcio\",\"item\":\"https:\\\/\\\/diariodepe.com.br\\\/cri\\\/\"},{\"@type\":\"ListItem\",\"position\":2,\"name\":\"CMG promove Gala do Festival da Primavera nos Emirados \u00c1rabes Unidos\"}]},{\"@type\":\"WebSite\",\"@id\":\"https:\\\/\\\/diariodepe.com.br\\\/cri\\\/#website\",\"url\":\"https:\\\/\\\/diariodepe.com.br\\\/cri\\\/\",\"name\":\"CRI e Diario de Pernambuco\",\"description\":\"R\u00e1dio Internacional da China\",\"publisher\":{\"@id\":\"https:\\\/\\\/diariodepe.com.br\\\/cri\\\/#organization\"},\"potentialAction\":[{\"@type\":\"SearchAction\",\"target\":{\"@type\":\"EntryPoint\",\"urlTemplate\":\"https:\\\/\\\/diariodepe.com.br\\\/cri\\\/?s={search_term_string}\"},\"query-input\":{\"@type\":\"PropertyValueSpecification\",\"valueRequired\":true,\"valueName\":\"search_term_string\"}}],\"inLanguage\":\"pt-BR\"},{\"@type\":\"Organization\",\"@id\":\"https:\\\/\\\/diariodepe.com.br\\\/cri\\\/#organization\",\"name\":\"CRI e Diario de Pernambuco\",\"url\":\"https:\\\/\\\/diariodepe.com.br\\\/cri\\\/\",\"logo\":{\"@type\":\"ImageObject\",\"inLanguage\":\"pt-BR\",\"@id\":\"https:\\\/\\\/diariodepe.com.br\\\/cri\\\/#\\\/schema\\\/logo\\\/image\\\/\",\"url\":\"https:\\\/\\\/diariodepe.com.br\\\/cri\\\/wp-content\\\/uploads\\\/sites\\\/2\\\/2022\\\/12\\\/cropped-Logo.jpg\",\"contentUrl\":\"https:\\\/\\\/diariodepe.com.br\\\/cri\\\/wp-content\\\/uploads\\\/sites\\\/2\\\/2022\\\/12\\\/cropped-Logo.jpg\",\"width\":700,\"height\":59,\"caption\":\"CRI e Diario de Pernambuco\"},\"image\":{\"@id\":\"https:\\\/\\\/diariodepe.com.br\\\/cri\\\/#\\\/schema\\\/logo\\\/image\\\/\"}},{\"@type\":\"Person\",\"@id\":\"https:\\\/\\\/diariodepe.com.br\\\/cri\\\/#\\\/schema\\\/person\\\/121bb28d84f1a5b1205ef4ce9c2e0c6b\",\"name\":\"Ismael Lucas S. Pereira\",\"image\":{\"@type\":\"ImageObject\",\"inLanguage\":\"pt-BR\",\"@id\":\"https:\\\/\\\/secure.gravatar.com\\\/avatar\\\/887a0f3b5a7ceea963a48499fb883ffce6b5037362def025c52c2505b15d63e4?s=96&d=mm&r=g\",\"url\":\"https:\\\/\\\/secure.gravatar.com\\\/avatar\\\/887a0f3b5a7ceea963a48499fb883ffce6b5037362def025c52c2505b15d63e4?s=96&d=mm&r=g\",\"contentUrl\":\"https:\\\/\\\/secure.gravatar.com\\\/avatar\\\/887a0f3b5a7ceea963a48499fb883ffce6b5037362def025c52c2505b15d63e4?s=96&d=mm&r=g\",\"caption\":\"Ismael Lucas S. Pereira\"},\"url\":\"https:\\\/\\\/diariodepe.com.br\\\/cri\\\/author\\\/ismael-lucas\\\/\"}]}<\/script>\n<!-- \/ Yoast SEO plugin. -->","yoast_head_json":{"title":"CMG promove Gala do Festival da Primavera nos Emirados \u00c1rabes Unidos - CRI e Diario de Pernambuco","robots":{"index":"index","follow":"follow","max-snippet":"max-snippet:-1","max-image-preview":"max-image-preview:large","max-video-preview":"max-video-preview:-1"},"canonical":"https:\/\/diariodepe.com.br\/cri\/2025\/02\/12\/cmg-promove-gala-do-festival-da-primavera-nos-emirados-arabes-unidos\/","og_locale":"pt_BR","og_type":"article","og_title":"CMG promove Gala do Festival da Primavera nos Emirados \u00c1rabes Unidos - CRI e Diario de Pernambuco","og_description":"A a\u00e7\u00e3o \u201cPrel\u00fadio da Gala do Festival da Primavera\u201d, organizada pelo Grupo de M\u00eddia da China\u00a0(CMG, na\u00a0sigla em ingl\u00eas), foi realizada no dia 26 em Abu Dhabi, nos Emirados \u00c1rabes Unidos. O vice-chefe do Departamento de\u00a0Comunica\u00e7\u00e3o do Comit\u00ea Central do...","og_url":"https:\/\/diariodepe.com.br\/cri\/2025\/02\/12\/cmg-promove-gala-do-festival-da-primavera-nos-emirados-arabes-unidos\/","og_site_name":"CRI e Diario de Pernambuco","article_published_time":"2025-02-12T07:09:04+00:00","og_image":[{"url":"https:\/\/38picres.cgtn.com\/photoAlbum\/page\/performance\/img\/2025\/1\/27\/1737966542359_883.jpg","type":"","width":"","height":""}],"author":"Ismael Lucas S. Pereira","twitter_card":"summary_large_image","twitter_misc":{"Escrito por":"Ismael Lucas S. Pereira","Est. tempo de leitura":"3 minutos"},"schema":{"@context":"https:\/\/schema.org","@graph":[{"@type":"Article","@id":"https:\/\/diariodepe.com.br\/cri\/2025\/02\/12\/cmg-promove-gala-do-festival-da-primavera-nos-emirados-arabes-unidos\/#article","isPartOf":{"@id":"https:\/\/diariodepe.com.br\/cri\/2025\/02\/12\/cmg-promove-gala-do-festival-da-primavera-nos-emirados-arabes-unidos\/"},"author":{"name":"Ismael Lucas S. Pereira","@id":"https:\/\/diariodepe.com.br\/cri\/#\/schema\/person\/121bb28d84f1a5b1205ef4ce9c2e0c6b"},"headline":"CMG promove Gala do Festival da Primavera nos Emirados \u00c1rabes Unidos","datePublished":"2025-02-12T07:09:04+00:00","mainEntityOfPage":{"@id":"https:\/\/diariodepe.com.br\/cri\/2025\/02\/12\/cmg-promove-gala-do-festival-da-primavera-nos-emirados-arabes-unidos\/"},"wordCount":353,"commentCount":0,"publisher":{"@id":"https:\/\/diariodepe.com.br\/cri\/#organization"},"image":{"@id":"https:\/\/diariodepe.com.br\/cri\/2025\/02\/12\/cmg-promove-gala-do-festival-da-primavera-nos-emirados-arabes-unidos\/#primaryimage"},"thumbnailUrl":"https:\/\/38picres.cgtn.com\/photoAlbum\/page\/performance\/img\/2025\/1\/27\/1737966542359_883.jpg","articleSection":["Internacional"],"inLanguage":"pt-BR","potentialAction":[{"@type":"CommentAction","name":"Comment","target":["https:\/\/diariodepe.com.br\/cri\/2025\/02\/12\/cmg-promove-gala-do-festival-da-primavera-nos-emirados-arabes-unidos\/#respond"]}]},{"@type":"WebPage","@id":"https:\/\/diariodepe.com.br\/cri\/2025\/02\/12\/cmg-promove-gala-do-festival-da-primavera-nos-emirados-arabes-unidos\/","url":"https:\/\/diariodepe.com.br\/cri\/2025\/02\/12\/cmg-promove-gala-do-festival-da-primavera-nos-emirados-arabes-unidos\/","name":"CMG promove Gala do Festival da Primavera nos Emirados \u00c1rabes Unidos - CRI e Diario de Pernambuco","isPartOf":{"@id":"https:\/\/diariodepe.com.br\/cri\/#website"},"primaryImageOfPage":{"@id":"https:\/\/diariodepe.com.br\/cri\/2025\/02\/12\/cmg-promove-gala-do-festival-da-primavera-nos-emirados-arabes-unidos\/#primaryimage"},"image":{"@id":"https:\/\/diariodepe.com.br\/cri\/2025\/02\/12\/cmg-promove-gala-do-festival-da-primavera-nos-emirados-arabes-unidos\/#primaryimage"},"thumbnailUrl":"https:\/\/38picres.cgtn.com\/photoAlbum\/page\/performance\/img\/2025\/1\/27\/1737966542359_883.jpg","datePublished":"2025-02-12T07:09:04+00:00","breadcrumb":{"@id":"https:\/\/diariodepe.com.br\/cri\/2025\/02\/12\/cmg-promove-gala-do-festival-da-primavera-nos-emirados-arabes-unidos\/#breadcrumb"},"inLanguage":"pt-BR","potentialAction":[{"@type":"ReadAction","target":["https:\/\/diariodepe.com.br\/cri\/2025\/02\/12\/cmg-promove-gala-do-festival-da-primavera-nos-emirados-arabes-unidos\/"]}]},{"@type":"ImageObject","inLanguage":"pt-BR","@id":"https:\/\/diariodepe.com.br\/cri\/2025\/02\/12\/cmg-promove-gala-do-festival-da-primavera-nos-emirados-arabes-unidos\/#primaryimage","url":"https:\/\/38picres.cgtn.com\/photoAlbum\/page\/performance\/img\/2025\/1\/27\/1737966542359_883.jpg","contentUrl":"https:\/\/38picres.cgtn.com\/photoAlbum\/page\/performance\/img\/2025\/1\/27\/1737966542359_883.jpg"},{"@type":"BreadcrumbList","@id":"https:\/\/diariodepe.com.br\/cri\/2025\/02\/12\/cmg-promove-gala-do-festival-da-primavera-nos-emirados-arabes-unidos\/#breadcrumb","itemListElement":[{"@type":"ListItem","position":1,"name":"In\u00edcio","item":"https:\/\/diariodepe.com.br\/cri\/"},{"@type":"ListItem","position":2,"name":"CMG promove Gala do Festival da Primavera nos Emirados \u00c1rabes Unidos"}]},{"@type":"WebSite","@id":"https:\/\/diariodepe.com.br\/cri\/#website","url":"https:\/\/diariodepe.com.br\/cri\/","name":"CRI e Diario de Pernambuco","description":"R\u00e1dio Internacional da China","publisher":{"@id":"https:\/\/diariodepe.com.br\/cri\/#organization"},"potentialAction":[{"@type":"SearchAction","target":{"@type":"EntryPoint","urlTemplate":"https:\/\/diariodepe.com.br\/cri\/?s={search_term_string}"},"query-input":{"@type":"PropertyValueSpecification","valueRequired":true,"valueName":"search_term_string"}}],"inLanguage":"pt-BR"},{"@type":"Organization","@id":"https:\/\/diariodepe.com.br\/cri\/#organization","name":"CRI e Diario de Pernambuco","url":"https:\/\/diariodepe.com.br\/cri\/","logo":{"@type":"ImageObject","inLanguage":"pt-BR","@id":"https:\/\/diariodepe.com.br\/cri\/#\/schema\/logo\/image\/","url":"https:\/\/diariodepe.com.br\/cri\/wp-content\/uploads\/sites\/2\/2022\/12\/cropped-Logo.jpg","contentUrl":"https:\/\/diariodepe.com.br\/cri\/wp-content\/uploads\/sites\/2\/2022\/12\/cropped-Logo.jpg","width":700,"height":59,"caption":"CRI e Diario de Pernambuco"},"image":{"@id":"https:\/\/diariodepe.com.br\/cri\/#\/schema\/logo\/image\/"}},{"@type":"Person","@id":"https:\/\/diariodepe.com.br\/cri\/#\/schema\/person\/121bb28d84f1a5b1205ef4ce9c2e0c6b","name":"Ismael Lucas S. Pereira","image":{"@type":"ImageObject","inLanguage":"pt-BR","@id":"https:\/\/secure.gravatar.com\/avatar\/887a0f3b5a7ceea963a48499fb883ffce6b5037362def025c52c2505b15d63e4?s=96&d=mm&r=g","url":"https:\/\/secure.gravatar.com\/avatar\/887a0f3b5a7ceea963a48499fb883ffce6b5037362def025c52c2505b15d63e4?s=96&d=mm&r=g","contentUrl":"https:\/\/secure.gravatar.com\/avatar\/887a0f3b5a7ceea963a48499fb883ffce6b5037362def025c52c2505b15d63e4?s=96&d=mm&r=g","caption":"Ismael Lucas S. Pereira"},"url":"https:\/\/diariodepe.com.br\/cri\/author\/ismael-lucas\/"}]}},"cc_featured_image_caption":{"caption_text":false,"source_text":false,"source_url":false},"amp_enabled":true,"_links":{"self":[{"href":"https:\/\/diariodepe.com.br\/cri\/wp-json\/wp\/v2\/posts\/7619","targetHints":{"allow":["GET"]}}],"collection":[{"href":"https:\/\/diariodepe.com.br\/cri\/wp-json\/wp\/v2\/posts"}],"about":[{"href":"https:\/\/diariodepe.com.br\/cri\/wp-json\/wp\/v2\/types\/post"}],"author":[{"embeddable":true,"href":"https:\/\/diariodepe.com.br\/cri\/wp-json\/wp\/v2\/users\/2"}],"replies":[{"embeddable":true,"href":"https:\/\/diariodepe.com.br\/cri\/wp-json\/wp\/v2\/comments?post=7619"}],"version-history":[{"count":1,"href":"https:\/\/diariodepe.com.br\/cri\/wp-json\/wp\/v2\/posts\/7619\/revisions"}],"predecessor-version":[{"id":7620,"href":"https:\/\/diariodepe.com.br\/cri\/wp-json\/wp\/v2\/posts\/7619\/revisions\/7620"}],"wp:attachment":[{"href":"https:\/\/diariodepe.com.br\/cri\/wp-json\/wp\/v2\/media?parent=7619"}],"wp:term":[{"taxonomy":"category","embeddable":true,"href":"https:\/\/diariodepe.com.br\/cri\/wp-json\/wp\/v2\/categories?post=7619"},{"taxonomy":"post_tag","embeddable":true,"href":"https:\/\/diariodepe.com.br\/cri\/wp-json\/wp\/v2\/tags?post=7619"}],"curies":[{"name":"wp","href":"https:\/\/api.w.org\/{rel}","templated":true}]}}