{"id":7617,"date":"2025-02-12T04:08:03","date_gmt":"2025-02-12T07:08:03","guid":{"rendered":"https:\/\/diariodepe.com.br\/cri\/?p=7617"},"modified":"2025-02-12T04:08:03","modified_gmt":"2025-02-12T07:08:03","slug":"acordo-do-cmg-e-unioes-jornalisticas-internacionais-leva-video-da-gala-do-festival-da-primavera-a-quase-170-paises","status":"publish","type":"post","link":"https:\/\/diariodepe.com.br\/cri\/2025\/02\/12\/acordo-do-cmg-e-unioes-jornalisticas-internacionais-leva-video-da-gala-do-festival-da-primavera-a-quase-170-paises\/","title":{"rendered":"Acordo do CMG e Uni\u00f5es jornal\u00edsticas internacionais leva v\u00eddeo da Gala do Festival da Primavera a quase 170 pa\u00edses"},"content":{"rendered":"<p><img decoding=\"async\" src=\"https:\/\/38picres.cgtn.com\/photoAlbum\/page\/performance\/img\/2025\/1\/26\/1737891651870_203.jpg\" width=\"100%\" height=\"auto\" \/><\/p>\n<p>Com a aproxima\u00e7\u00e3o do Festival da Primavera da China, a ag\u00eancia de not\u00edcias em v\u00eddeo do Grupo de M\u00eddia da China (CMG, na sigla em ingl\u00eas), colaborou pela primeira vez com as cinco principais alian\u00e7as jornal\u00edsticas do mundo, para apresentar a Gala do Ano Novo Chin\u00eas do CMG \u00e0 audi\u00eancia global.<\/p>\n<p>O interc\u00e2mbio para a veicula\u00e7\u00e3o da Gala foi celebrado com a Uni\u00e3o \u00c1sia-Pac\u00edfica de Radiodifus\u00e3o (ABU, na sigla em ingl\u00eas), a Uni\u00e3o de Radiodifus\u00e3o dos Estados \u00c1rabes (ASBU, na sigla em ingl\u00eas), a Uni\u00e3o Africana de Radiodifus\u00e3o (AUB, na sigla em ingl\u00eas), a Rede Europeia de Interc\u00e2mbio de Not\u00edcias (ENEX, na sigla em ingl\u00eas) e a Alian\u00e7a Informativa Latinoamericana (AIL).<\/p>\n<p>Os conte\u00fados fornecidos pelo CMG ser\u00e3o compartilhados por mais de 300 institui\u00e7\u00f5es de comunica\u00e7\u00e3o de 169 pa\u00edses e regi\u00f5es atrav\u00e9s de plataformas das cinco associa\u00e7\u00f5es jornal\u00edsticas internacionais.<\/p>\n<p>A ABU j\u00e1 come\u00e7ou a promo\u00e7\u00e3o da Gala do Festival da Primavera pela sua plataforma de troca de conte\u00fados, compartilhando o significativo evento cultural chin\u00eas com os espectadores da regi\u00e3o.<\/p>\n","protected":false},"excerpt":{"rendered":"<p>Com a aproxima\u00e7\u00e3o do Festival da Primavera da China, a ag\u00eancia de not\u00edcias em v\u00eddeo do Grupo de M\u00eddia da China (CMG, na sigla em ingl\u00eas), colaborou pela primeira vez com as cinco principais alian\u00e7as jornal\u00edsticas do mundo, para apresentar&#8230;<\/p>\n","protected":false},"author":2,"featured_media":0,"comment_status":"open","ping_status":"open","sticky":false,"template":"","format":"standard","meta":{"footnotes":""},"categories":[8],"tags":[],"class_list":["post-7617","post","type-post","status-publish","format-standard","hentry","category-internacional"],"yoast_head":"<!-- This site is optimized with the Yoast SEO plugin v27.4 - https:\/\/yoast.com\/product\/yoast-seo-wordpress\/ -->\n<title>Acordo do CMG e Uni\u00f5es jornal\u00edsticas internacionais leva v\u00eddeo da Gala do Festival da Primavera a quase 170 pa\u00edses - CRI e Diario de Pernambuco<\/title>\n<meta name=\"robots\" content=\"index, follow, max-snippet:-1, max-image-preview:large, max-video-preview:-1\" \/>\n<link rel=\"canonical\" href=\"https:\/\/diariodepe.com.br\/cri\/2025\/02\/12\/acordo-do-cmg-e-unioes-jornalisticas-internacionais-leva-video-da-gala-do-festival-da-primavera-a-quase-170-paises\/\" \/>\n<meta property=\"og:locale\" content=\"pt_BR\" \/>\n<meta property=\"og:type\" content=\"article\" \/>\n<meta property=\"og:title\" content=\"Acordo do CMG e Uni\u00f5es jornal\u00edsticas internacionais leva v\u00eddeo da Gala do Festival da Primavera a quase 170 pa\u00edses - CRI e Diario de Pernambuco\" \/>\n<meta property=\"og:description\" content=\"Com a aproxima\u00e7\u00e3o do Festival da Primavera da China, a ag\u00eancia de not\u00edcias em v\u00eddeo do Grupo de M\u00eddia da China (CMG, na sigla em ingl\u00eas), colaborou pela primeira vez com as cinco principais alian\u00e7as jornal\u00edsticas do mundo, para apresentar...\" \/>\n<meta property=\"og:url\" content=\"https:\/\/diariodepe.com.br\/cri\/2025\/02\/12\/acordo-do-cmg-e-unioes-jornalisticas-internacionais-leva-video-da-gala-do-festival-da-primavera-a-quase-170-paises\/\" \/>\n<meta property=\"og:site_name\" content=\"CRI e Diario de Pernambuco\" \/>\n<meta property=\"article:published_time\" content=\"2025-02-12T07:08:03+00:00\" \/>\n<meta property=\"og:image\" content=\"https:\/\/38picres.cgtn.com\/photoAlbum\/page\/performance\/img\/2025\/1\/26\/1737891651870_203.jpg\" \/>\n<meta name=\"author\" content=\"Ismael Lucas S. Pereira\" \/>\n<meta name=\"twitter:card\" content=\"summary_large_image\" \/>\n<meta name=\"twitter:label1\" content=\"Escrito por\" \/>\n\t<meta name=\"twitter:data1\" content=\"Ismael Lucas S. Pereira\" \/>\n\t<meta name=\"twitter:label2\" content=\"Est. tempo de leitura\" \/>\n\t<meta name=\"twitter:data2\" content=\"2 minutos\" \/>\n<script type=\"application\/ld+json\" class=\"yoast-schema-graph\">{\"@context\":\"https:\\\/\\\/schema.org\",\"@graph\":[{\"@type\":\"Article\",\"@id\":\"https:\\\/\\\/diariodepe.com.br\\\/cri\\\/2025\\\/02\\\/12\\\/acordo-do-cmg-e-unioes-jornalisticas-internacionais-leva-video-da-gala-do-festival-da-primavera-a-quase-170-paises\\\/#article\",\"isPartOf\":{\"@id\":\"https:\\\/\\\/diariodepe.com.br\\\/cri\\\/2025\\\/02\\\/12\\\/acordo-do-cmg-e-unioes-jornalisticas-internacionais-leva-video-da-gala-do-festival-da-primavera-a-quase-170-paises\\\/\"},\"author\":{\"name\":\"Ismael Lucas S. Pereira\",\"@id\":\"https:\\\/\\\/diariodepe.com.br\\\/cri\\\/#\\\/schema\\\/person\\\/121bb28d84f1a5b1205ef4ce9c2e0c6b\"},\"headline\":\"Acordo do CMG e Uni\u00f5es jornal\u00edsticas internacionais leva v\u00eddeo da Gala do Festival da Primavera a quase 170 pa\u00edses\",\"datePublished\":\"2025-02-12T07:08:03+00:00\",\"mainEntityOfPage\":{\"@id\":\"https:\\\/\\\/diariodepe.com.br\\\/cri\\\/2025\\\/02\\\/12\\\/acordo-do-cmg-e-unioes-jornalisticas-internacionais-leva-video-da-gala-do-festival-da-primavera-a-quase-170-paises\\\/\"},\"wordCount\":227,\"commentCount\":0,\"publisher\":{\"@id\":\"https:\\\/\\\/diariodepe.com.br\\\/cri\\\/#organization\"},\"image\":{\"@id\":\"https:\\\/\\\/diariodepe.com.br\\\/cri\\\/2025\\\/02\\\/12\\\/acordo-do-cmg-e-unioes-jornalisticas-internacionais-leva-video-da-gala-do-festival-da-primavera-a-quase-170-paises\\\/#primaryimage\"},\"thumbnailUrl\":\"https:\\\/\\\/38picres.cgtn.com\\\/photoAlbum\\\/page\\\/performance\\\/img\\\/2025\\\/1\\\/26\\\/1737891651870_203.jpg\",\"articleSection\":[\"Internacional\"],\"inLanguage\":\"pt-BR\",\"potentialAction\":[{\"@type\":\"CommentAction\",\"name\":\"Comment\",\"target\":[\"https:\\\/\\\/diariodepe.com.br\\\/cri\\\/2025\\\/02\\\/12\\\/acordo-do-cmg-e-unioes-jornalisticas-internacionais-leva-video-da-gala-do-festival-da-primavera-a-quase-170-paises\\\/#respond\"]}]},{\"@type\":\"WebPage\",\"@id\":\"https:\\\/\\\/diariodepe.com.br\\\/cri\\\/2025\\\/02\\\/12\\\/acordo-do-cmg-e-unioes-jornalisticas-internacionais-leva-video-da-gala-do-festival-da-primavera-a-quase-170-paises\\\/\",\"url\":\"https:\\\/\\\/diariodepe.com.br\\\/cri\\\/2025\\\/02\\\/12\\\/acordo-do-cmg-e-unioes-jornalisticas-internacionais-leva-video-da-gala-do-festival-da-primavera-a-quase-170-paises\\\/\",\"name\":\"Acordo do CMG e Uni\u00f5es jornal\u00edsticas internacionais leva v\u00eddeo da Gala do Festival da Primavera a quase 170 pa\u00edses - CRI e Diario de Pernambuco\",\"isPartOf\":{\"@id\":\"https:\\\/\\\/diariodepe.com.br\\\/cri\\\/#website\"},\"primaryImageOfPage\":{\"@id\":\"https:\\\/\\\/diariodepe.com.br\\\/cri\\\/2025\\\/02\\\/12\\\/acordo-do-cmg-e-unioes-jornalisticas-internacionais-leva-video-da-gala-do-festival-da-primavera-a-quase-170-paises\\\/#primaryimage\"},\"image\":{\"@id\":\"https:\\\/\\\/diariodepe.com.br\\\/cri\\\/2025\\\/02\\\/12\\\/acordo-do-cmg-e-unioes-jornalisticas-internacionais-leva-video-da-gala-do-festival-da-primavera-a-quase-170-paises\\\/#primaryimage\"},\"thumbnailUrl\":\"https:\\\/\\\/38picres.cgtn.com\\\/photoAlbum\\\/page\\\/performance\\\/img\\\/2025\\\/1\\\/26\\\/1737891651870_203.jpg\",\"datePublished\":\"2025-02-12T07:08:03+00:00\",\"breadcrumb\":{\"@id\":\"https:\\\/\\\/diariodepe.com.br\\\/cri\\\/2025\\\/02\\\/12\\\/acordo-do-cmg-e-unioes-jornalisticas-internacionais-leva-video-da-gala-do-festival-da-primavera-a-quase-170-paises\\\/#breadcrumb\"},\"inLanguage\":\"pt-BR\",\"potentialAction\":[{\"@type\":\"ReadAction\",\"target\":[\"https:\\\/\\\/diariodepe.com.br\\\/cri\\\/2025\\\/02\\\/12\\\/acordo-do-cmg-e-unioes-jornalisticas-internacionais-leva-video-da-gala-do-festival-da-primavera-a-quase-170-paises\\\/\"]}]},{\"@type\":\"ImageObject\",\"inLanguage\":\"pt-BR\",\"@id\":\"https:\\\/\\\/diariodepe.com.br\\\/cri\\\/2025\\\/02\\\/12\\\/acordo-do-cmg-e-unioes-jornalisticas-internacionais-leva-video-da-gala-do-festival-da-primavera-a-quase-170-paises\\\/#primaryimage\",\"url\":\"https:\\\/\\\/38picres.cgtn.com\\\/photoAlbum\\\/page\\\/performance\\\/img\\\/2025\\\/1\\\/26\\\/1737891651870_203.jpg\",\"contentUrl\":\"https:\\\/\\\/38picres.cgtn.com\\\/photoAlbum\\\/page\\\/performance\\\/img\\\/2025\\\/1\\\/26\\\/1737891651870_203.jpg\"},{\"@type\":\"BreadcrumbList\",\"@id\":\"https:\\\/\\\/diariodepe.com.br\\\/cri\\\/2025\\\/02\\\/12\\\/acordo-do-cmg-e-unioes-jornalisticas-internacionais-leva-video-da-gala-do-festival-da-primavera-a-quase-170-paises\\\/#breadcrumb\",\"itemListElement\":[{\"@type\":\"ListItem\",\"position\":1,\"name\":\"In\u00edcio\",\"item\":\"https:\\\/\\\/diariodepe.com.br\\\/cri\\\/\"},{\"@type\":\"ListItem\",\"position\":2,\"name\":\"Acordo do CMG e Uni\u00f5es jornal\u00edsticas internacionais leva v\u00eddeo da Gala do Festival da Primavera a quase 170 pa\u00edses\"}]},{\"@type\":\"WebSite\",\"@id\":\"https:\\\/\\\/diariodepe.com.br\\\/cri\\\/#website\",\"url\":\"https:\\\/\\\/diariodepe.com.br\\\/cri\\\/\",\"name\":\"CRI e Diario de Pernambuco\",\"description\":\"R\u00e1dio Internacional da China\",\"publisher\":{\"@id\":\"https:\\\/\\\/diariodepe.com.br\\\/cri\\\/#organization\"},\"potentialAction\":[{\"@type\":\"SearchAction\",\"target\":{\"@type\":\"EntryPoint\",\"urlTemplate\":\"https:\\\/\\\/diariodepe.com.br\\\/cri\\\/?s={search_term_string}\"},\"query-input\":{\"@type\":\"PropertyValueSpecification\",\"valueRequired\":true,\"valueName\":\"search_term_string\"}}],\"inLanguage\":\"pt-BR\"},{\"@type\":\"Organization\",\"@id\":\"https:\\\/\\\/diariodepe.com.br\\\/cri\\\/#organization\",\"name\":\"CRI e Diario de Pernambuco\",\"url\":\"https:\\\/\\\/diariodepe.com.br\\\/cri\\\/\",\"logo\":{\"@type\":\"ImageObject\",\"inLanguage\":\"pt-BR\",\"@id\":\"https:\\\/\\\/diariodepe.com.br\\\/cri\\\/#\\\/schema\\\/logo\\\/image\\\/\",\"url\":\"https:\\\/\\\/diariodepe.com.br\\\/cri\\\/wp-content\\\/uploads\\\/sites\\\/2\\\/2022\\\/12\\\/cropped-Logo.jpg\",\"contentUrl\":\"https:\\\/\\\/diariodepe.com.br\\\/cri\\\/wp-content\\\/uploads\\\/sites\\\/2\\\/2022\\\/12\\\/cropped-Logo.jpg\",\"width\":700,\"height\":59,\"caption\":\"CRI e Diario de Pernambuco\"},\"image\":{\"@id\":\"https:\\\/\\\/diariodepe.com.br\\\/cri\\\/#\\\/schema\\\/logo\\\/image\\\/\"}},{\"@type\":\"Person\",\"@id\":\"https:\\\/\\\/diariodepe.com.br\\\/cri\\\/#\\\/schema\\\/person\\\/121bb28d84f1a5b1205ef4ce9c2e0c6b\",\"name\":\"Ismael Lucas S. Pereira\",\"image\":{\"@type\":\"ImageObject\",\"inLanguage\":\"pt-BR\",\"@id\":\"https:\\\/\\\/secure.gravatar.com\\\/avatar\\\/887a0f3b5a7ceea963a48499fb883ffce6b5037362def025c52c2505b15d63e4?s=96&d=mm&r=g\",\"url\":\"https:\\\/\\\/secure.gravatar.com\\\/avatar\\\/887a0f3b5a7ceea963a48499fb883ffce6b5037362def025c52c2505b15d63e4?s=96&d=mm&r=g\",\"contentUrl\":\"https:\\\/\\\/secure.gravatar.com\\\/avatar\\\/887a0f3b5a7ceea963a48499fb883ffce6b5037362def025c52c2505b15d63e4?s=96&d=mm&r=g\",\"caption\":\"Ismael Lucas S. Pereira\"},\"url\":\"https:\\\/\\\/diariodepe.com.br\\\/cri\\\/author\\\/ismael-lucas\\\/\"}]}<\/script>\n<!-- \/ Yoast SEO plugin. -->","yoast_head_json":{"title":"Acordo do CMG e Uni\u00f5es jornal\u00edsticas internacionais leva v\u00eddeo da Gala do Festival da Primavera a quase 170 pa\u00edses - CRI e Diario de Pernambuco","robots":{"index":"index","follow":"follow","max-snippet":"max-snippet:-1","max-image-preview":"max-image-preview:large","max-video-preview":"max-video-preview:-1"},"canonical":"https:\/\/diariodepe.com.br\/cri\/2025\/02\/12\/acordo-do-cmg-e-unioes-jornalisticas-internacionais-leva-video-da-gala-do-festival-da-primavera-a-quase-170-paises\/","og_locale":"pt_BR","og_type":"article","og_title":"Acordo do CMG e Uni\u00f5es jornal\u00edsticas internacionais leva v\u00eddeo da Gala do Festival da Primavera a quase 170 pa\u00edses - CRI e Diario de Pernambuco","og_description":"Com a aproxima\u00e7\u00e3o do Festival da Primavera da China, a ag\u00eancia de not\u00edcias em v\u00eddeo do Grupo de M\u00eddia da China (CMG, na sigla em ingl\u00eas), colaborou pela primeira vez com as cinco principais alian\u00e7as jornal\u00edsticas do mundo, para apresentar...","og_url":"https:\/\/diariodepe.com.br\/cri\/2025\/02\/12\/acordo-do-cmg-e-unioes-jornalisticas-internacionais-leva-video-da-gala-do-festival-da-primavera-a-quase-170-paises\/","og_site_name":"CRI e Diario de Pernambuco","article_published_time":"2025-02-12T07:08:03+00:00","og_image":[{"url":"https:\/\/38picres.cgtn.com\/photoAlbum\/page\/performance\/img\/2025\/1\/26\/1737891651870_203.jpg","type":"","width":"","height":""}],"author":"Ismael Lucas S. Pereira","twitter_card":"summary_large_image","twitter_misc":{"Escrito por":"Ismael Lucas S. Pereira","Est. tempo de leitura":"2 minutos"},"schema":{"@context":"https:\/\/schema.org","@graph":[{"@type":"Article","@id":"https:\/\/diariodepe.com.br\/cri\/2025\/02\/12\/acordo-do-cmg-e-unioes-jornalisticas-internacionais-leva-video-da-gala-do-festival-da-primavera-a-quase-170-paises\/#article","isPartOf":{"@id":"https:\/\/diariodepe.com.br\/cri\/2025\/02\/12\/acordo-do-cmg-e-unioes-jornalisticas-internacionais-leva-video-da-gala-do-festival-da-primavera-a-quase-170-paises\/"},"author":{"name":"Ismael Lucas S. Pereira","@id":"https:\/\/diariodepe.com.br\/cri\/#\/schema\/person\/121bb28d84f1a5b1205ef4ce9c2e0c6b"},"headline":"Acordo do CMG e Uni\u00f5es jornal\u00edsticas internacionais leva v\u00eddeo da Gala do Festival da Primavera a quase 170 pa\u00edses","datePublished":"2025-02-12T07:08:03+00:00","mainEntityOfPage":{"@id":"https:\/\/diariodepe.com.br\/cri\/2025\/02\/12\/acordo-do-cmg-e-unioes-jornalisticas-internacionais-leva-video-da-gala-do-festival-da-primavera-a-quase-170-paises\/"},"wordCount":227,"commentCount":0,"publisher":{"@id":"https:\/\/diariodepe.com.br\/cri\/#organization"},"image":{"@id":"https:\/\/diariodepe.com.br\/cri\/2025\/02\/12\/acordo-do-cmg-e-unioes-jornalisticas-internacionais-leva-video-da-gala-do-festival-da-primavera-a-quase-170-paises\/#primaryimage"},"thumbnailUrl":"https:\/\/38picres.cgtn.com\/photoAlbum\/page\/performance\/img\/2025\/1\/26\/1737891651870_203.jpg","articleSection":["Internacional"],"inLanguage":"pt-BR","potentialAction":[{"@type":"CommentAction","name":"Comment","target":["https:\/\/diariodepe.com.br\/cri\/2025\/02\/12\/acordo-do-cmg-e-unioes-jornalisticas-internacionais-leva-video-da-gala-do-festival-da-primavera-a-quase-170-paises\/#respond"]}]},{"@type":"WebPage","@id":"https:\/\/diariodepe.com.br\/cri\/2025\/02\/12\/acordo-do-cmg-e-unioes-jornalisticas-internacionais-leva-video-da-gala-do-festival-da-primavera-a-quase-170-paises\/","url":"https:\/\/diariodepe.com.br\/cri\/2025\/02\/12\/acordo-do-cmg-e-unioes-jornalisticas-internacionais-leva-video-da-gala-do-festival-da-primavera-a-quase-170-paises\/","name":"Acordo do CMG e Uni\u00f5es jornal\u00edsticas internacionais leva v\u00eddeo da Gala do Festival da Primavera a quase 170 pa\u00edses - CRI e Diario de Pernambuco","isPartOf":{"@id":"https:\/\/diariodepe.com.br\/cri\/#website"},"primaryImageOfPage":{"@id":"https:\/\/diariodepe.com.br\/cri\/2025\/02\/12\/acordo-do-cmg-e-unioes-jornalisticas-internacionais-leva-video-da-gala-do-festival-da-primavera-a-quase-170-paises\/#primaryimage"},"image":{"@id":"https:\/\/diariodepe.com.br\/cri\/2025\/02\/12\/acordo-do-cmg-e-unioes-jornalisticas-internacionais-leva-video-da-gala-do-festival-da-primavera-a-quase-170-paises\/#primaryimage"},"thumbnailUrl":"https:\/\/38picres.cgtn.com\/photoAlbum\/page\/performance\/img\/2025\/1\/26\/1737891651870_203.jpg","datePublished":"2025-02-12T07:08:03+00:00","breadcrumb":{"@id":"https:\/\/diariodepe.com.br\/cri\/2025\/02\/12\/acordo-do-cmg-e-unioes-jornalisticas-internacionais-leva-video-da-gala-do-festival-da-primavera-a-quase-170-paises\/#breadcrumb"},"inLanguage":"pt-BR","potentialAction":[{"@type":"ReadAction","target":["https:\/\/diariodepe.com.br\/cri\/2025\/02\/12\/acordo-do-cmg-e-unioes-jornalisticas-internacionais-leva-video-da-gala-do-festival-da-primavera-a-quase-170-paises\/"]}]},{"@type":"ImageObject","inLanguage":"pt-BR","@id":"https:\/\/diariodepe.com.br\/cri\/2025\/02\/12\/acordo-do-cmg-e-unioes-jornalisticas-internacionais-leva-video-da-gala-do-festival-da-primavera-a-quase-170-paises\/#primaryimage","url":"https:\/\/38picres.cgtn.com\/photoAlbum\/page\/performance\/img\/2025\/1\/26\/1737891651870_203.jpg","contentUrl":"https:\/\/38picres.cgtn.com\/photoAlbum\/page\/performance\/img\/2025\/1\/26\/1737891651870_203.jpg"},{"@type":"BreadcrumbList","@id":"https:\/\/diariodepe.com.br\/cri\/2025\/02\/12\/acordo-do-cmg-e-unioes-jornalisticas-internacionais-leva-video-da-gala-do-festival-da-primavera-a-quase-170-paises\/#breadcrumb","itemListElement":[{"@type":"ListItem","position":1,"name":"In\u00edcio","item":"https:\/\/diariodepe.com.br\/cri\/"},{"@type":"ListItem","position":2,"name":"Acordo do CMG e Uni\u00f5es jornal\u00edsticas internacionais leva v\u00eddeo da Gala do Festival da Primavera a quase 170 pa\u00edses"}]},{"@type":"WebSite","@id":"https:\/\/diariodepe.com.br\/cri\/#website","url":"https:\/\/diariodepe.com.br\/cri\/","name":"CRI e Diario de Pernambuco","description":"R\u00e1dio Internacional da China","publisher":{"@id":"https:\/\/diariodepe.com.br\/cri\/#organization"},"potentialAction":[{"@type":"SearchAction","target":{"@type":"EntryPoint","urlTemplate":"https:\/\/diariodepe.com.br\/cri\/?s={search_term_string}"},"query-input":{"@type":"PropertyValueSpecification","valueRequired":true,"valueName":"search_term_string"}}],"inLanguage":"pt-BR"},{"@type":"Organization","@id":"https:\/\/diariodepe.com.br\/cri\/#organization","name":"CRI e Diario de Pernambuco","url":"https:\/\/diariodepe.com.br\/cri\/","logo":{"@type":"ImageObject","inLanguage":"pt-BR","@id":"https:\/\/diariodepe.com.br\/cri\/#\/schema\/logo\/image\/","url":"https:\/\/diariodepe.com.br\/cri\/wp-content\/uploads\/sites\/2\/2022\/12\/cropped-Logo.jpg","contentUrl":"https:\/\/diariodepe.com.br\/cri\/wp-content\/uploads\/sites\/2\/2022\/12\/cropped-Logo.jpg","width":700,"height":59,"caption":"CRI e Diario de Pernambuco"},"image":{"@id":"https:\/\/diariodepe.com.br\/cri\/#\/schema\/logo\/image\/"}},{"@type":"Person","@id":"https:\/\/diariodepe.com.br\/cri\/#\/schema\/person\/121bb28d84f1a5b1205ef4ce9c2e0c6b","name":"Ismael Lucas S. Pereira","image":{"@type":"ImageObject","inLanguage":"pt-BR","@id":"https:\/\/secure.gravatar.com\/avatar\/887a0f3b5a7ceea963a48499fb883ffce6b5037362def025c52c2505b15d63e4?s=96&d=mm&r=g","url":"https:\/\/secure.gravatar.com\/avatar\/887a0f3b5a7ceea963a48499fb883ffce6b5037362def025c52c2505b15d63e4?s=96&d=mm&r=g","contentUrl":"https:\/\/secure.gravatar.com\/avatar\/887a0f3b5a7ceea963a48499fb883ffce6b5037362def025c52c2505b15d63e4?s=96&d=mm&r=g","caption":"Ismael Lucas S. Pereira"},"url":"https:\/\/diariodepe.com.br\/cri\/author\/ismael-lucas\/"}]}},"cc_featured_image_caption":{"caption_text":false,"source_text":false,"source_url":false},"amp_enabled":true,"_links":{"self":[{"href":"https:\/\/diariodepe.com.br\/cri\/wp-json\/wp\/v2\/posts\/7617","targetHints":{"allow":["GET"]}}],"collection":[{"href":"https:\/\/diariodepe.com.br\/cri\/wp-json\/wp\/v2\/posts"}],"about":[{"href":"https:\/\/diariodepe.com.br\/cri\/wp-json\/wp\/v2\/types\/post"}],"author":[{"embeddable":true,"href":"https:\/\/diariodepe.com.br\/cri\/wp-json\/wp\/v2\/users\/2"}],"replies":[{"embeddable":true,"href":"https:\/\/diariodepe.com.br\/cri\/wp-json\/wp\/v2\/comments?post=7617"}],"version-history":[{"count":1,"href":"https:\/\/diariodepe.com.br\/cri\/wp-json\/wp\/v2\/posts\/7617\/revisions"}],"predecessor-version":[{"id":7618,"href":"https:\/\/diariodepe.com.br\/cri\/wp-json\/wp\/v2\/posts\/7617\/revisions\/7618"}],"wp:attachment":[{"href":"https:\/\/diariodepe.com.br\/cri\/wp-json\/wp\/v2\/media?parent=7617"}],"wp:term":[{"taxonomy":"category","embeddable":true,"href":"https:\/\/diariodepe.com.br\/cri\/wp-json\/wp\/v2\/categories?post=7617"},{"taxonomy":"post_tag","embeddable":true,"href":"https:\/\/diariodepe.com.br\/cri\/wp-json\/wp\/v2\/tags?post=7617"}],"curies":[{"name":"wp","href":"https:\/\/api.w.org\/{rel}","templated":true}]}}