{"id":7613,"date":"2025-02-12T04:06:49","date_gmt":"2025-02-12T07:06:49","guid":{"rendered":"https:\/\/diariodepe.com.br\/cri\/?p=7613"},"modified":"2025-02-12T04:06:49","modified_gmt":"2025-02-12T07:06:49","slug":"cmg-realiza-acao-promocional-do-festival-da-primavera-em-paris","status":"publish","type":"post","link":"https:\/\/diariodepe.com.br\/cri\/2025\/02\/12\/cmg-realiza-acao-promocional-do-festival-da-primavera-em-paris\/","title":{"rendered":"CMG realiza a\u00e7\u00e3o promocional do Festival da Primavera em Paris"},"content":{"rendered":"<p>O\u00a0Grupo de M\u00eddia da China (CMG, na sigla em ingl\u00eas) realizou no dia 24 deste m\u00eas em Paris, na Fran\u00e7a, o Prel\u00fadio de Gala do Festival da Primavera, que contou com a participa\u00e7\u00e3o de cerca de 200 personalidades de diversos c\u00edrculos sociais\u00a0na capital francesa.<\/p>\n<p>O vice-chefe do Departamento de Comunica\u00e7\u00e3o do Comit\u00ea Central do Partido Comunista da China (PCCh) e presidente do CMG, Shen Haixiong, proferiu um discurso via\u00a0v\u00eddeo. Ele destacou que\u00a0atualmente, o Festival da Primavera\u00a0j\u00e1 \u00e9 reconhecido e apreciado no mundo inteiro, e cerca de um quinto da popula\u00e7\u00e3o mundial celebra\u00a0a data das mais variadas formas. O Festival da Primavera foi acrescentado ao calend\u00e1rio das Na\u00e7\u00f5es Unidas\u00a0e\u00a0listado como Patrim\u00f4nio Cultural Imaterial da Humanidade no ano passado. Shen\u00a0recordou que\u00a0o CMG realiza h\u00e1 42 anos a Gala do Festival da Primavera, o programa cultural e art\u00edstico\u00a0televisivo\u00a0mais assistido do mundo. A edi\u00e7\u00e3o deste ano ser\u00e1 a primeira ap\u00f3s o festival se tornar Patrim\u00f4nio Cultural Imaterial da Humanidade. O CMG aproveitar\u00e1 seus recursos lingu\u00edsticos para transmitir o evento em 82\u00a0idiomas, assim como\u00a0aplicar\u00e1 as tecnologias\u00a0de ponta \u201c5G+4K\/8K+IA\u201d para proporcionar um banquete visual e cultural aos espetadores\u00a0globais.<\/p>\n<p><img decoding=\"async\" src=\"https:\/\/38picres.cgtn.com\/photoAlbum\/page\/performance\/img\/2025\/1\/26\/1737868366890_786.jpg\" width=\"100%\" height=\"auto\" \/><\/p>\n<p>O embaixador chin\u00eas na Fran\u00e7a, Deng Li, salientou\u00a0que o Festival da Primavera pertence \u00e0 China e ao mundo. Atualmente, o Ano Novo Lunar\u00a0\u00e9 considerado\u00a0feriado\u00a0oficial por cerca de 20 pa\u00edses. Esperamos sinceramente que os conflitos em todo o mundo sejam dissipados, que diferentes civiliza\u00e7\u00f5es coexistam harmoniosamente e que\u00a0todos os povos se conhe\u00e7am e se respeitem.<\/p>\n<p>&nbsp;<\/p>\n<p><img decoding=\"async\" src=\"https:\/\/38picres.cgtn.com\/photoAlbum\/page\/performance\/img\/2025\/1\/26\/1737868383164_67.jpg\" width=\"100%\" height=\"auto\" \/><\/p>\n<p>O subdiretor geral\u00a0de Cultura da UNESCO, Ernesto Ottone Ram\u00edrez, parabenizou a China pelo sucesso de sua candidatura para o Festival da Primavera, afirmando que a celebra\u00e7\u00e3o incorpora\u00a0a riqueza da cultura tradicional chinesa e os valores da\u00a0busca do povo chin\u00eas por paz e harmonia.<\/p>\n","protected":false},"excerpt":{"rendered":"<p>O\u00a0Grupo de M\u00eddia da China (CMG, na sigla em ingl\u00eas) realizou no dia 24 deste m\u00eas em Paris, na Fran\u00e7a, o Prel\u00fadio de Gala do Festival da Primavera, que contou com a participa\u00e7\u00e3o de cerca de 200 personalidades de diversos&#8230;<\/p>\n","protected":false},"author":2,"featured_media":0,"comment_status":"open","ping_status":"open","sticky":false,"template":"","format":"standard","meta":{"footnotes":""},"categories":[8],"tags":[],"class_list":["post-7613","post","type-post","status-publish","format-standard","hentry","category-internacional"],"yoast_head":"<!-- This site is optimized with the Yoast SEO plugin v27.4 - https:\/\/yoast.com\/product\/yoast-seo-wordpress\/ -->\n<title>CMG realiza a\u00e7\u00e3o promocional do Festival da Primavera em Paris - CRI e Diario de Pernambuco<\/title>\n<meta name=\"robots\" content=\"index, follow, max-snippet:-1, max-image-preview:large, max-video-preview:-1\" \/>\n<link rel=\"canonical\" href=\"https:\/\/diariodepe.com.br\/cri\/2025\/02\/12\/cmg-realiza-acao-promocional-do-festival-da-primavera-em-paris\/\" \/>\n<meta property=\"og:locale\" content=\"pt_BR\" \/>\n<meta property=\"og:type\" content=\"article\" \/>\n<meta property=\"og:title\" content=\"CMG realiza a\u00e7\u00e3o promocional do Festival da Primavera em Paris - CRI e Diario de Pernambuco\" \/>\n<meta property=\"og:description\" content=\"O\u00a0Grupo de M\u00eddia da China (CMG, na sigla em ingl\u00eas) realizou no dia 24 deste m\u00eas em Paris, na Fran\u00e7a, o Prel\u00fadio de Gala do Festival da Primavera, que contou com a participa\u00e7\u00e3o de cerca de 200 personalidades de diversos...\" \/>\n<meta property=\"og:url\" content=\"https:\/\/diariodepe.com.br\/cri\/2025\/02\/12\/cmg-realiza-acao-promocional-do-festival-da-primavera-em-paris\/\" \/>\n<meta property=\"og:site_name\" content=\"CRI e Diario de Pernambuco\" \/>\n<meta property=\"article:published_time\" content=\"2025-02-12T07:06:49+00:00\" \/>\n<meta property=\"og:image\" content=\"https:\/\/38picres.cgtn.com\/photoAlbum\/page\/performance\/img\/2025\/1\/26\/1737868366890_786.jpg\" \/>\n<meta name=\"author\" content=\"Ismael Lucas S. Pereira\" \/>\n<meta name=\"twitter:card\" content=\"summary_large_image\" \/>\n<meta name=\"twitter:label1\" content=\"Escrito por\" \/>\n\t<meta name=\"twitter:data1\" content=\"Ismael Lucas S. Pereira\" \/>\n\t<meta name=\"twitter:label2\" content=\"Est. tempo de leitura\" \/>\n\t<meta name=\"twitter:data2\" content=\"3 minutos\" \/>\n<script type=\"application\/ld+json\" class=\"yoast-schema-graph\">{\"@context\":\"https:\\\/\\\/schema.org\",\"@graph\":[{\"@type\":\"Article\",\"@id\":\"https:\\\/\\\/diariodepe.com.br\\\/cri\\\/2025\\\/02\\\/12\\\/cmg-realiza-acao-promocional-do-festival-da-primavera-em-paris\\\/#article\",\"isPartOf\":{\"@id\":\"https:\\\/\\\/diariodepe.com.br\\\/cri\\\/2025\\\/02\\\/12\\\/cmg-realiza-acao-promocional-do-festival-da-primavera-em-paris\\\/\"},\"author\":{\"name\":\"Ismael Lucas S. Pereira\",\"@id\":\"https:\\\/\\\/diariodepe.com.br\\\/cri\\\/#\\\/schema\\\/person\\\/121bb28d84f1a5b1205ef4ce9c2e0c6b\"},\"headline\":\"CMG realiza a\u00e7\u00e3o promocional do Festival da Primavera em Paris\",\"datePublished\":\"2025-02-12T07:06:49+00:00\",\"mainEntityOfPage\":{\"@id\":\"https:\\\/\\\/diariodepe.com.br\\\/cri\\\/2025\\\/02\\\/12\\\/cmg-realiza-acao-promocional-do-festival-da-primavera-em-paris\\\/\"},\"wordCount\":336,\"commentCount\":0,\"publisher\":{\"@id\":\"https:\\\/\\\/diariodepe.com.br\\\/cri\\\/#organization\"},\"image\":{\"@id\":\"https:\\\/\\\/diariodepe.com.br\\\/cri\\\/2025\\\/02\\\/12\\\/cmg-realiza-acao-promocional-do-festival-da-primavera-em-paris\\\/#primaryimage\"},\"thumbnailUrl\":\"https:\\\/\\\/38picres.cgtn.com\\\/photoAlbum\\\/page\\\/performance\\\/img\\\/2025\\\/1\\\/26\\\/1737868366890_786.jpg\",\"articleSection\":[\"Internacional\"],\"inLanguage\":\"pt-BR\",\"potentialAction\":[{\"@type\":\"CommentAction\",\"name\":\"Comment\",\"target\":[\"https:\\\/\\\/diariodepe.com.br\\\/cri\\\/2025\\\/02\\\/12\\\/cmg-realiza-acao-promocional-do-festival-da-primavera-em-paris\\\/#respond\"]}]},{\"@type\":\"WebPage\",\"@id\":\"https:\\\/\\\/diariodepe.com.br\\\/cri\\\/2025\\\/02\\\/12\\\/cmg-realiza-acao-promocional-do-festival-da-primavera-em-paris\\\/\",\"url\":\"https:\\\/\\\/diariodepe.com.br\\\/cri\\\/2025\\\/02\\\/12\\\/cmg-realiza-acao-promocional-do-festival-da-primavera-em-paris\\\/\",\"name\":\"CMG realiza a\u00e7\u00e3o promocional do Festival da Primavera em Paris - CRI e Diario de Pernambuco\",\"isPartOf\":{\"@id\":\"https:\\\/\\\/diariodepe.com.br\\\/cri\\\/#website\"},\"primaryImageOfPage\":{\"@id\":\"https:\\\/\\\/diariodepe.com.br\\\/cri\\\/2025\\\/02\\\/12\\\/cmg-realiza-acao-promocional-do-festival-da-primavera-em-paris\\\/#primaryimage\"},\"image\":{\"@id\":\"https:\\\/\\\/diariodepe.com.br\\\/cri\\\/2025\\\/02\\\/12\\\/cmg-realiza-acao-promocional-do-festival-da-primavera-em-paris\\\/#primaryimage\"},\"thumbnailUrl\":\"https:\\\/\\\/38picres.cgtn.com\\\/photoAlbum\\\/page\\\/performance\\\/img\\\/2025\\\/1\\\/26\\\/1737868366890_786.jpg\",\"datePublished\":\"2025-02-12T07:06:49+00:00\",\"breadcrumb\":{\"@id\":\"https:\\\/\\\/diariodepe.com.br\\\/cri\\\/2025\\\/02\\\/12\\\/cmg-realiza-acao-promocional-do-festival-da-primavera-em-paris\\\/#breadcrumb\"},\"inLanguage\":\"pt-BR\",\"potentialAction\":[{\"@type\":\"ReadAction\",\"target\":[\"https:\\\/\\\/diariodepe.com.br\\\/cri\\\/2025\\\/02\\\/12\\\/cmg-realiza-acao-promocional-do-festival-da-primavera-em-paris\\\/\"]}]},{\"@type\":\"ImageObject\",\"inLanguage\":\"pt-BR\",\"@id\":\"https:\\\/\\\/diariodepe.com.br\\\/cri\\\/2025\\\/02\\\/12\\\/cmg-realiza-acao-promocional-do-festival-da-primavera-em-paris\\\/#primaryimage\",\"url\":\"https:\\\/\\\/38picres.cgtn.com\\\/photoAlbum\\\/page\\\/performance\\\/img\\\/2025\\\/1\\\/26\\\/1737868366890_786.jpg\",\"contentUrl\":\"https:\\\/\\\/38picres.cgtn.com\\\/photoAlbum\\\/page\\\/performance\\\/img\\\/2025\\\/1\\\/26\\\/1737868366890_786.jpg\"},{\"@type\":\"BreadcrumbList\",\"@id\":\"https:\\\/\\\/diariodepe.com.br\\\/cri\\\/2025\\\/02\\\/12\\\/cmg-realiza-acao-promocional-do-festival-da-primavera-em-paris\\\/#breadcrumb\",\"itemListElement\":[{\"@type\":\"ListItem\",\"position\":1,\"name\":\"In\u00edcio\",\"item\":\"https:\\\/\\\/diariodepe.com.br\\\/cri\\\/\"},{\"@type\":\"ListItem\",\"position\":2,\"name\":\"CMG realiza a\u00e7\u00e3o promocional do Festival da Primavera em Paris\"}]},{\"@type\":\"WebSite\",\"@id\":\"https:\\\/\\\/diariodepe.com.br\\\/cri\\\/#website\",\"url\":\"https:\\\/\\\/diariodepe.com.br\\\/cri\\\/\",\"name\":\"CRI e Diario de Pernambuco\",\"description\":\"R\u00e1dio Internacional da China\",\"publisher\":{\"@id\":\"https:\\\/\\\/diariodepe.com.br\\\/cri\\\/#organization\"},\"potentialAction\":[{\"@type\":\"SearchAction\",\"target\":{\"@type\":\"EntryPoint\",\"urlTemplate\":\"https:\\\/\\\/diariodepe.com.br\\\/cri\\\/?s={search_term_string}\"},\"query-input\":{\"@type\":\"PropertyValueSpecification\",\"valueRequired\":true,\"valueName\":\"search_term_string\"}}],\"inLanguage\":\"pt-BR\"},{\"@type\":\"Organization\",\"@id\":\"https:\\\/\\\/diariodepe.com.br\\\/cri\\\/#organization\",\"name\":\"CRI e Diario de Pernambuco\",\"url\":\"https:\\\/\\\/diariodepe.com.br\\\/cri\\\/\",\"logo\":{\"@type\":\"ImageObject\",\"inLanguage\":\"pt-BR\",\"@id\":\"https:\\\/\\\/diariodepe.com.br\\\/cri\\\/#\\\/schema\\\/logo\\\/image\\\/\",\"url\":\"https:\\\/\\\/diariodepe.com.br\\\/cri\\\/wp-content\\\/uploads\\\/sites\\\/2\\\/2022\\\/12\\\/cropped-Logo.jpg\",\"contentUrl\":\"https:\\\/\\\/diariodepe.com.br\\\/cri\\\/wp-content\\\/uploads\\\/sites\\\/2\\\/2022\\\/12\\\/cropped-Logo.jpg\",\"width\":700,\"height\":59,\"caption\":\"CRI e Diario de Pernambuco\"},\"image\":{\"@id\":\"https:\\\/\\\/diariodepe.com.br\\\/cri\\\/#\\\/schema\\\/logo\\\/image\\\/\"}},{\"@type\":\"Person\",\"@id\":\"https:\\\/\\\/diariodepe.com.br\\\/cri\\\/#\\\/schema\\\/person\\\/121bb28d84f1a5b1205ef4ce9c2e0c6b\",\"name\":\"Ismael Lucas S. Pereira\",\"image\":{\"@type\":\"ImageObject\",\"inLanguage\":\"pt-BR\",\"@id\":\"https:\\\/\\\/secure.gravatar.com\\\/avatar\\\/887a0f3b5a7ceea963a48499fb883ffce6b5037362def025c52c2505b15d63e4?s=96&d=mm&r=g\",\"url\":\"https:\\\/\\\/secure.gravatar.com\\\/avatar\\\/887a0f3b5a7ceea963a48499fb883ffce6b5037362def025c52c2505b15d63e4?s=96&d=mm&r=g\",\"contentUrl\":\"https:\\\/\\\/secure.gravatar.com\\\/avatar\\\/887a0f3b5a7ceea963a48499fb883ffce6b5037362def025c52c2505b15d63e4?s=96&d=mm&r=g\",\"caption\":\"Ismael Lucas S. Pereira\"},\"url\":\"https:\\\/\\\/diariodepe.com.br\\\/cri\\\/author\\\/ismael-lucas\\\/\"}]}<\/script>\n<!-- \/ Yoast SEO plugin. -->","yoast_head_json":{"title":"CMG realiza a\u00e7\u00e3o promocional do Festival da Primavera em Paris - CRI e Diario de Pernambuco","robots":{"index":"index","follow":"follow","max-snippet":"max-snippet:-1","max-image-preview":"max-image-preview:large","max-video-preview":"max-video-preview:-1"},"canonical":"https:\/\/diariodepe.com.br\/cri\/2025\/02\/12\/cmg-realiza-acao-promocional-do-festival-da-primavera-em-paris\/","og_locale":"pt_BR","og_type":"article","og_title":"CMG realiza a\u00e7\u00e3o promocional do Festival da Primavera em Paris - CRI e Diario de Pernambuco","og_description":"O\u00a0Grupo de M\u00eddia da China (CMG, na sigla em ingl\u00eas) realizou no dia 24 deste m\u00eas em Paris, na Fran\u00e7a, o Prel\u00fadio de Gala do Festival da Primavera, que contou com a participa\u00e7\u00e3o de cerca de 200 personalidades de diversos...","og_url":"https:\/\/diariodepe.com.br\/cri\/2025\/02\/12\/cmg-realiza-acao-promocional-do-festival-da-primavera-em-paris\/","og_site_name":"CRI e Diario de Pernambuco","article_published_time":"2025-02-12T07:06:49+00:00","og_image":[{"url":"https:\/\/38picres.cgtn.com\/photoAlbum\/page\/performance\/img\/2025\/1\/26\/1737868366890_786.jpg","type":"","width":"","height":""}],"author":"Ismael Lucas S. Pereira","twitter_card":"summary_large_image","twitter_misc":{"Escrito por":"Ismael Lucas S. Pereira","Est. tempo de leitura":"3 minutos"},"schema":{"@context":"https:\/\/schema.org","@graph":[{"@type":"Article","@id":"https:\/\/diariodepe.com.br\/cri\/2025\/02\/12\/cmg-realiza-acao-promocional-do-festival-da-primavera-em-paris\/#article","isPartOf":{"@id":"https:\/\/diariodepe.com.br\/cri\/2025\/02\/12\/cmg-realiza-acao-promocional-do-festival-da-primavera-em-paris\/"},"author":{"name":"Ismael Lucas S. Pereira","@id":"https:\/\/diariodepe.com.br\/cri\/#\/schema\/person\/121bb28d84f1a5b1205ef4ce9c2e0c6b"},"headline":"CMG realiza a\u00e7\u00e3o promocional do Festival da Primavera em Paris","datePublished":"2025-02-12T07:06:49+00:00","mainEntityOfPage":{"@id":"https:\/\/diariodepe.com.br\/cri\/2025\/02\/12\/cmg-realiza-acao-promocional-do-festival-da-primavera-em-paris\/"},"wordCount":336,"commentCount":0,"publisher":{"@id":"https:\/\/diariodepe.com.br\/cri\/#organization"},"image":{"@id":"https:\/\/diariodepe.com.br\/cri\/2025\/02\/12\/cmg-realiza-acao-promocional-do-festival-da-primavera-em-paris\/#primaryimage"},"thumbnailUrl":"https:\/\/38picres.cgtn.com\/photoAlbum\/page\/performance\/img\/2025\/1\/26\/1737868366890_786.jpg","articleSection":["Internacional"],"inLanguage":"pt-BR","potentialAction":[{"@type":"CommentAction","name":"Comment","target":["https:\/\/diariodepe.com.br\/cri\/2025\/02\/12\/cmg-realiza-acao-promocional-do-festival-da-primavera-em-paris\/#respond"]}]},{"@type":"WebPage","@id":"https:\/\/diariodepe.com.br\/cri\/2025\/02\/12\/cmg-realiza-acao-promocional-do-festival-da-primavera-em-paris\/","url":"https:\/\/diariodepe.com.br\/cri\/2025\/02\/12\/cmg-realiza-acao-promocional-do-festival-da-primavera-em-paris\/","name":"CMG realiza a\u00e7\u00e3o promocional do Festival da Primavera em Paris - CRI e Diario de Pernambuco","isPartOf":{"@id":"https:\/\/diariodepe.com.br\/cri\/#website"},"primaryImageOfPage":{"@id":"https:\/\/diariodepe.com.br\/cri\/2025\/02\/12\/cmg-realiza-acao-promocional-do-festival-da-primavera-em-paris\/#primaryimage"},"image":{"@id":"https:\/\/diariodepe.com.br\/cri\/2025\/02\/12\/cmg-realiza-acao-promocional-do-festival-da-primavera-em-paris\/#primaryimage"},"thumbnailUrl":"https:\/\/38picres.cgtn.com\/photoAlbum\/page\/performance\/img\/2025\/1\/26\/1737868366890_786.jpg","datePublished":"2025-02-12T07:06:49+00:00","breadcrumb":{"@id":"https:\/\/diariodepe.com.br\/cri\/2025\/02\/12\/cmg-realiza-acao-promocional-do-festival-da-primavera-em-paris\/#breadcrumb"},"inLanguage":"pt-BR","potentialAction":[{"@type":"ReadAction","target":["https:\/\/diariodepe.com.br\/cri\/2025\/02\/12\/cmg-realiza-acao-promocional-do-festival-da-primavera-em-paris\/"]}]},{"@type":"ImageObject","inLanguage":"pt-BR","@id":"https:\/\/diariodepe.com.br\/cri\/2025\/02\/12\/cmg-realiza-acao-promocional-do-festival-da-primavera-em-paris\/#primaryimage","url":"https:\/\/38picres.cgtn.com\/photoAlbum\/page\/performance\/img\/2025\/1\/26\/1737868366890_786.jpg","contentUrl":"https:\/\/38picres.cgtn.com\/photoAlbum\/page\/performance\/img\/2025\/1\/26\/1737868366890_786.jpg"},{"@type":"BreadcrumbList","@id":"https:\/\/diariodepe.com.br\/cri\/2025\/02\/12\/cmg-realiza-acao-promocional-do-festival-da-primavera-em-paris\/#breadcrumb","itemListElement":[{"@type":"ListItem","position":1,"name":"In\u00edcio","item":"https:\/\/diariodepe.com.br\/cri\/"},{"@type":"ListItem","position":2,"name":"CMG realiza a\u00e7\u00e3o promocional do Festival da Primavera em Paris"}]},{"@type":"WebSite","@id":"https:\/\/diariodepe.com.br\/cri\/#website","url":"https:\/\/diariodepe.com.br\/cri\/","name":"CRI e Diario de Pernambuco","description":"R\u00e1dio Internacional da China","publisher":{"@id":"https:\/\/diariodepe.com.br\/cri\/#organization"},"potentialAction":[{"@type":"SearchAction","target":{"@type":"EntryPoint","urlTemplate":"https:\/\/diariodepe.com.br\/cri\/?s={search_term_string}"},"query-input":{"@type":"PropertyValueSpecification","valueRequired":true,"valueName":"search_term_string"}}],"inLanguage":"pt-BR"},{"@type":"Organization","@id":"https:\/\/diariodepe.com.br\/cri\/#organization","name":"CRI e Diario de Pernambuco","url":"https:\/\/diariodepe.com.br\/cri\/","logo":{"@type":"ImageObject","inLanguage":"pt-BR","@id":"https:\/\/diariodepe.com.br\/cri\/#\/schema\/logo\/image\/","url":"https:\/\/diariodepe.com.br\/cri\/wp-content\/uploads\/sites\/2\/2022\/12\/cropped-Logo.jpg","contentUrl":"https:\/\/diariodepe.com.br\/cri\/wp-content\/uploads\/sites\/2\/2022\/12\/cropped-Logo.jpg","width":700,"height":59,"caption":"CRI e Diario de Pernambuco"},"image":{"@id":"https:\/\/diariodepe.com.br\/cri\/#\/schema\/logo\/image\/"}},{"@type":"Person","@id":"https:\/\/diariodepe.com.br\/cri\/#\/schema\/person\/121bb28d84f1a5b1205ef4ce9c2e0c6b","name":"Ismael Lucas S. Pereira","image":{"@type":"ImageObject","inLanguage":"pt-BR","@id":"https:\/\/secure.gravatar.com\/avatar\/887a0f3b5a7ceea963a48499fb883ffce6b5037362def025c52c2505b15d63e4?s=96&d=mm&r=g","url":"https:\/\/secure.gravatar.com\/avatar\/887a0f3b5a7ceea963a48499fb883ffce6b5037362def025c52c2505b15d63e4?s=96&d=mm&r=g","contentUrl":"https:\/\/secure.gravatar.com\/avatar\/887a0f3b5a7ceea963a48499fb883ffce6b5037362def025c52c2505b15d63e4?s=96&d=mm&r=g","caption":"Ismael Lucas S. Pereira"},"url":"https:\/\/diariodepe.com.br\/cri\/author\/ismael-lucas\/"}]}},"cc_featured_image_caption":{"caption_text":false,"source_text":false,"source_url":false},"amp_enabled":true,"_links":{"self":[{"href":"https:\/\/diariodepe.com.br\/cri\/wp-json\/wp\/v2\/posts\/7613","targetHints":{"allow":["GET"]}}],"collection":[{"href":"https:\/\/diariodepe.com.br\/cri\/wp-json\/wp\/v2\/posts"}],"about":[{"href":"https:\/\/diariodepe.com.br\/cri\/wp-json\/wp\/v2\/types\/post"}],"author":[{"embeddable":true,"href":"https:\/\/diariodepe.com.br\/cri\/wp-json\/wp\/v2\/users\/2"}],"replies":[{"embeddable":true,"href":"https:\/\/diariodepe.com.br\/cri\/wp-json\/wp\/v2\/comments?post=7613"}],"version-history":[{"count":1,"href":"https:\/\/diariodepe.com.br\/cri\/wp-json\/wp\/v2\/posts\/7613\/revisions"}],"predecessor-version":[{"id":7614,"href":"https:\/\/diariodepe.com.br\/cri\/wp-json\/wp\/v2\/posts\/7613\/revisions\/7614"}],"wp:attachment":[{"href":"https:\/\/diariodepe.com.br\/cri\/wp-json\/wp\/v2\/media?parent=7613"}],"wp:term":[{"taxonomy":"category","embeddable":true,"href":"https:\/\/diariodepe.com.br\/cri\/wp-json\/wp\/v2\/categories?post=7613"},{"taxonomy":"post_tag","embeddable":true,"href":"https:\/\/diariodepe.com.br\/cri\/wp-json\/wp\/v2\/tags?post=7613"}],"curies":[{"name":"wp","href":"https:\/\/api.w.org\/{rel}","templated":true}]}}