{"id":7604,"date":"2025-02-08T07:15:58","date_gmt":"2025-02-08T10:15:58","guid":{"rendered":"https:\/\/diariodepe.com.br\/cri\/?p=7604"},"modified":"2025-02-08T07:15:58","modified_gmt":"2025-02-08T10:15:58","slug":"relacoes-entre-portugal-e-china-46-anos","status":"publish","type":"post","link":"https:\/\/diariodepe.com.br\/cri\/2025\/02\/08\/relacoes-entre-portugal-e-china-46-anos\/","title":{"rendered":"Rela\u00e7\u00f5es entre Portugal e China &#8211; 46 anos"},"content":{"rendered":"<p><img decoding=\"async\" src=\"https:\/\/38picres.cgtn.com\/photoAlbum\/page\/performance\/img\/2025\/2\/5\/1738743189140_536.jpg\" width=\"100%\" height=\"auto\" \/><\/p>\n<p align=\"center\">Por Rui Lourido, presidente do Observat\u00f3rio da China<\/p>\n<p align=\"justify\">Em 2025, Ano Chin\u00eas da Serpente, Portugal comemora o 46\u00ba anivers\u00e1rio do estabelecimento das rela\u00e7\u00f5es diplom\u00e1ticas oficiais entre o Estado portugu\u00eas e o Estado chin\u00eas. Perante a enorme press\u00e3o do Ocidente contra a China (do\u00a0<i>Decoupling<\/i>\u00a0dos EUA ao\u00a0<i>Dirisking<\/i>\u00a0da Uni\u00e3o Europeia), desejamos que as caracter\u00edsticas tradicionais do Ano Novo Chin\u00eas da Serpente, de sabedoria estrat\u00e9gica e harmonia, se traduzam no aprofundamento do relacionamento entre Portugal e China. Ao contr\u00e1rio de muitos outros pa\u00edses europeus, Portugal tem um patrim\u00f3nio hist\u00f3rico de relacionamento pac\u00edfico, de mais de cinco s\u00e9culos com a China, pelo que tem uma responsabilidade acrescida de dar continuidade a esse relacionamento.<\/p>\n<p align=\"justify\">No passado, Portugal foi pioneiro no desenvolvimento do com\u00e9rcio de produtos preciosos chineses para Portugal e daqui para o resto da Europa e para todos os outros continentes. No contexto atual, de profunda crise econ\u00f3mica europeia, \u00e9 importante a diversifica\u00e7\u00e3o de nossos la\u00e7os, priorizando o desenvolvimento de rela\u00e7\u00f5es econ\u00f3micas, cient\u00edficas, tecnol\u00f3gicas e culturais. Portugal deve apoiar as escolas e universidades na promo\u00e7\u00e3o de programas conjuntos com as universidades da China, de cursos de mandarim e cultura chinesa para os portugueses e de portugu\u00eas para os chineses, al\u00e9m de parcerias cient\u00edficas com v\u00e1rios setores tecnol\u00f3gicos de ponta do pa\u00eds asi\u00e1tico. \u00c9 importante o apoio \u00e0s organiza\u00e7\u00f5es empresariais luso-chinesas, sejam elas empresas de pequeno, m\u00e9dio, ou grande porte. E as associa\u00e7\u00f5es culturais e desportivas devem ser apoiadas nas parcerias e iniciativas conjuntas com as cong\u00e9neres chinesas. Conhecer melhor o outro e a sua cultura \u00e9 o primeiro passo para melhorar a inclus\u00e3o e o progresso sustent\u00e1vel no relacionamento econ\u00f3mico e diplom\u00e1tico.<\/p>\n<p align=\"justify\">Uma maior seguran\u00e7a nas redes de telecomunica\u00e7\u00f5es \u00e9 importante e necess\u00e1ria, mas a transposi\u00e7\u00e3o, para a ordem jur\u00eddica portuguesa, da Diretiva sobre a Seguran\u00e7a das Redes e da Informa\u00e7\u00e3o 2 (Diretiva NIS2) tem vindo a preocupar os empres\u00e1rios portugueses que investiram em infraestruturas 5G da Huawei, acreditando nas autoridades portuguesas que, em 2018, assinaram um protocolo a legitimar a instala\u00e7\u00e3o da 5G da Huawei em Portugal. Muitos pa\u00edses da Uni\u00e3o Europeia t\u00eam vindo a submeter-se \u00e0s press\u00f5es expl\u00edcitas do governo dos EUA. Portugal procura impor crit\u00e9rios n\u00e3o-t\u00e9cnicos, como o pa\u00eds de origem dos fornecedores, o que introduz um fator discriminat\u00f3rio que desvirtua a concorr\u00eancia. Uns e outros t\u00eam com o objetivo principal excluir a China do mercado das telecomunica\u00e7\u00f5es.<\/p>\n<p align=\"justify\">Portugal tem a responsabilidade de promover o relacionamento fraterno com Macau e as suas diferentes comunidades, atrav\u00e9s da Regi\u00e3o Administrativa Especial de Macau. Sam Hou Fai, o novo chefe do Executivo\u00a0da RAEM, comprometeu-se a intensificar os v\u00e1rios instrumentos que o governo central\u00a0da China tem colocado ao dispor de Macau.<\/p>\n<p align=\"justify\">A visita do presidente Xi Jinping a Macau, no 25\u00ba anivers\u00e1rio do retorno de Macau \u00e0 p\u00e1tria, no dia 20 de dezembro de 2024, foi de grande relev\u00e2ncia pol\u00edtica e geoestrat\u00e9gica. Ele fez um rasgado elogio ao governo da RAEM, afirmando que o desenvolvimento e \u00a0a diversifica\u00e7\u00e3o econ\u00f3mica capitalista de Macau comprovam a efic\u00e1cia da pol\u00edtica \u201cum pa\u00eds, dois sistemas\u201d.<\/p>\n<p align=\"justify\">Para Xi, o desenvolvimento e a diversifica\u00e7\u00e3o econ\u00f3mica t\u00eam contribu\u00eddo o facto de Macau e de Hong Kong se integrarem no grande projeto de desenvolvimento da prov\u00edncia de Guangdong, criado pelo governo central da China, designado da Grande Ba\u00eda de Guangdong-Hong Kong-Macau, que congrega outras nove cidades da prov\u00edncia de Guangdong. Para Macau \u00e9 de especial import\u00e2ncia a sua participa\u00e7\u00e3o na Zona de Coopera\u00e7\u00e3o Aprofundada Guangdong-Macau em Hengqin, Zhuhai.<\/p>\n<p align=\"justify\">J\u00e1 em 2003 o governo central da China criou o F\u00f3rum para a Coopera\u00e7\u00e3o Econ\u00f3mica e Comercial entre a China e os Pa\u00edses de L\u00edngua Portuguesa, tamb\u00e9m conhecido como F\u00f3rum Macau, com o objetivo de gerar condi\u00e7\u00f5es para a diversifica\u00e7\u00e3o do tecido econ\u00f3mico de Macau e para a melhoria da qualidade de vida da sua popula\u00e7\u00e3o. A import\u00e2ncia pol\u00edtica e econ\u00f3mica deste F\u00f3rum foi refor\u00e7ada, em abril 2024, com a realiza\u00e7\u00e3o da VI Confer\u00eancia Ministerial, sob o tema \u201cNova Era, Nova Vis\u00e3o\u201d para o tri\u00e9nio 2024-2027.<\/p>\n<p align=\"justify\">Segundo o F\u00f3rum Macau, nos primeiros nove meses de 2024, as exporta\u00e7\u00f5es dos pa\u00edses lus\u00f3fonos para a China revelaram-se como o melhor arranque\u00a0do ano de sempre, com\u00a0um aumento de 2,6%. Neste per\u00edodo, as exporta\u00e7\u00f5es de Portugal para a China subiram 8,9%. Em 2024, a China continuou a ser o maior parceiro comercial de Portugal na \u00c1sia, e o investimento portugu\u00eas na China cresceu de forma constante. Mas, naturalmente, foram as exporta\u00e7\u00f5es do Brasil que mais contribu\u00edram para este valor, ao terem crescido 2,8%. J\u00e1 as trocas comerciais de Janeiro a Novembro de 2024 registaram um aumento hom\u00f3logo de 4,35% (US$ 208,644 bilh\u00f5es ). No \u00e2mbito global, a balan\u00e7a comercial foi bastante favor\u00e1vel aos pa\u00edses de l\u00edngua portuguesa, pois as importa\u00e7\u00f5es chinesas dos pa\u00edses lus\u00f3fonos tiveram um crescimento hom\u00f3logo de 2,26% (US$ 129,94 bilh\u00f5es), e as exporta\u00e7\u00f5es da China para tais na\u00e7\u00f5es, apesar de terem tido um crescimento hom\u00f3logo de 17,45%, contabilizaram US$ 78,704 bilh\u00f5es.<\/p>\n<p align=\"justify\">O Brasil continua a ser o maior parceiro comercial lus\u00f3fono da China, seguido de Angola. Portugal ocupa a terceira posi\u00e7\u00e3o, sendo que o valor das trocas comerciais com a China tem registrado aumentos permanentes. Portugal continua a vender, entre outros, os seus produtos tradicionais, nomeadamente vinho, azeite, flor de sal e produtos de corti\u00e7a. O transporte \u00e9 feito por via mar\u00edtima, mas tamb\u00e9m pela rede ferrovi\u00e1ria que liga a Holanda, percorrendo quase 11.000 quil\u00f3metros (atravessando Alemanha, Pol\u00f3nia, Bielorr\u00fassia, R\u00fassia e Cazaquist\u00e3o), at\u00e9 Chengdu, em Sichuan. A liga\u00e7\u00e3o ferrovi\u00e1ria permite reduzir de quatro meses por mar, para apenas 13 dias por trilhos. O custo \u00e9 tamb\u00e9m apenas um quinto do valor do transporte a\u00e9reo.<\/p>\n<p align=\"justify\">A China desempenha um papel essencial na estabilidade e promo\u00e7\u00e3o da economia mundial. Enquanto segunda economia\u00a0do mundo em\u00a0<i>PIB Per Capita<\/i>\u00a0e primeira em\u00a0<i>Poder de Compra<\/i>\u00a0<i>Comparado\u00a0<\/i>contribuiu, em 2024, com mais de 20% para o desenvolvimento e estabilidade da economia mundial. Kristalina Georgieva, atual Diretora-Geral do Fundo Monet\u00e1rio Internacional, reconheceu a contribui\u00e7\u00e3o da economia chinesa ao referir \u201cEssa not\u00e1vel resili\u00eancia se deve principalmente aos mercados emergentes e aos gastos robustos dos consumidores e do governo\u201d.<\/p>\n<p align=\"justify\">Num mundo em convuls\u00e3o, com guerras em v\u00e1rias geografias, nomeadamente na Europa, no Oriente M\u00e9dio e na \u00c1frica, intensifica-se a crise econ\u00f3mica no continente europeu e no Ocidente, destacando-se o papel estabilizador e pacificador da China. Neste contexto geoestrat\u00e9gico, Portugal mantendo toda a autonomia e as alian\u00e7as tradicionais com o Ocidente, deveria complementarmente acompanhar a atitude dominante dos pa\u00edses lus\u00f3fonos, em especial do Brasil, de intensifica\u00e7\u00e3o das suas rela\u00e7\u00f5es econ\u00f3micas e cient\u00edficas com a China.<\/p>\n","protected":false},"excerpt":{"rendered":"<p>Por Rui Lourido, presidente do Observat\u00f3rio da China Em 2025, Ano Chin\u00eas da Serpente, Portugal comemora o 46\u00ba anivers\u00e1rio do estabelecimento das rela\u00e7\u00f5es diplom\u00e1ticas oficiais entre o Estado portugu\u00eas e o Estado chin\u00eas. Perante a enorme press\u00e3o do Ocidente contra&#8230;<\/p>\n","protected":false},"author":2,"featured_media":0,"comment_status":"open","ping_status":"open","sticky":false,"template":"","format":"standard","meta":{"footnotes":""},"categories":[7],"tags":[],"class_list":["post-7604","post","type-post","status-publish","format-standard","hentry","category-visao"],"yoast_head":"<!-- This site is optimized with the Yoast SEO plugin v27.4 - https:\/\/yoast.com\/product\/yoast-seo-wordpress\/ -->\n<title>Rela\u00e7\u00f5es entre Portugal e China - 46 anos - CRI e Diario de Pernambuco<\/title>\n<meta name=\"robots\" content=\"index, follow, max-snippet:-1, max-image-preview:large, max-video-preview:-1\" \/>\n<link rel=\"canonical\" href=\"https:\/\/diariodepe.com.br\/cri\/2025\/02\/08\/relacoes-entre-portugal-e-china-46-anos\/\" \/>\n<meta property=\"og:locale\" content=\"pt_BR\" \/>\n<meta property=\"og:type\" content=\"article\" \/>\n<meta property=\"og:title\" content=\"Rela\u00e7\u00f5es entre Portugal e China - 46 anos - CRI e Diario de Pernambuco\" \/>\n<meta property=\"og:description\" content=\"Por Rui Lourido, presidente do Observat\u00f3rio da China Em 2025, Ano Chin\u00eas da Serpente, Portugal comemora o 46\u00ba anivers\u00e1rio do estabelecimento das rela\u00e7\u00f5es diplom\u00e1ticas oficiais entre o Estado portugu\u00eas e o Estado chin\u00eas. Perante a enorme press\u00e3o do Ocidente contra...\" \/>\n<meta property=\"og:url\" content=\"https:\/\/diariodepe.com.br\/cri\/2025\/02\/08\/relacoes-entre-portugal-e-china-46-anos\/\" \/>\n<meta property=\"og:site_name\" content=\"CRI e Diario de Pernambuco\" \/>\n<meta property=\"article:published_time\" content=\"2025-02-08T10:15:58+00:00\" \/>\n<meta property=\"og:image\" content=\"https:\/\/38picres.cgtn.com\/photoAlbum\/page\/performance\/img\/2025\/2\/5\/1738743189140_536.jpg\" \/>\n<meta name=\"author\" content=\"Ismael Lucas S. Pereira\" \/>\n<meta name=\"twitter:card\" content=\"summary_large_image\" \/>\n<meta name=\"twitter:label1\" content=\"Escrito por\" \/>\n\t<meta name=\"twitter:data1\" content=\"Ismael Lucas S. Pereira\" \/>\n\t<meta name=\"twitter:label2\" content=\"Est. tempo de leitura\" \/>\n\t<meta name=\"twitter:data2\" content=\"7 minutos\" \/>\n<script type=\"application\/ld+json\" class=\"yoast-schema-graph\">{\"@context\":\"https:\\\/\\\/schema.org\",\"@graph\":[{\"@type\":\"Article\",\"@id\":\"https:\\\/\\\/diariodepe.com.br\\\/cri\\\/2025\\\/02\\\/08\\\/relacoes-entre-portugal-e-china-46-anos\\\/#article\",\"isPartOf\":{\"@id\":\"https:\\\/\\\/diariodepe.com.br\\\/cri\\\/2025\\\/02\\\/08\\\/relacoes-entre-portugal-e-china-46-anos\\\/\"},\"author\":{\"name\":\"Ismael Lucas S. Pereira\",\"@id\":\"https:\\\/\\\/diariodepe.com.br\\\/cri\\\/#\\\/schema\\\/person\\\/121bb28d84f1a5b1205ef4ce9c2e0c6b\"},\"headline\":\"Rela\u00e7\u00f5es entre Portugal e China &#8211; 46 anos\",\"datePublished\":\"2025-02-08T10:15:58+00:00\",\"mainEntityOfPage\":{\"@id\":\"https:\\\/\\\/diariodepe.com.br\\\/cri\\\/2025\\\/02\\\/08\\\/relacoes-entre-portugal-e-china-46-anos\\\/\"},\"wordCount\":1215,\"commentCount\":0,\"publisher\":{\"@id\":\"https:\\\/\\\/diariodepe.com.br\\\/cri\\\/#organization\"},\"image\":{\"@id\":\"https:\\\/\\\/diariodepe.com.br\\\/cri\\\/2025\\\/02\\\/08\\\/relacoes-entre-portugal-e-china-46-anos\\\/#primaryimage\"},\"thumbnailUrl\":\"https:\\\/\\\/38picres.cgtn.com\\\/photoAlbum\\\/page\\\/performance\\\/img\\\/2025\\\/2\\\/5\\\/1738743189140_536.jpg\",\"articleSection\":[\"Vis\u00e3o\"],\"inLanguage\":\"pt-BR\",\"potentialAction\":[{\"@type\":\"CommentAction\",\"name\":\"Comment\",\"target\":[\"https:\\\/\\\/diariodepe.com.br\\\/cri\\\/2025\\\/02\\\/08\\\/relacoes-entre-portugal-e-china-46-anos\\\/#respond\"]}]},{\"@type\":\"WebPage\",\"@id\":\"https:\\\/\\\/diariodepe.com.br\\\/cri\\\/2025\\\/02\\\/08\\\/relacoes-entre-portugal-e-china-46-anos\\\/\",\"url\":\"https:\\\/\\\/diariodepe.com.br\\\/cri\\\/2025\\\/02\\\/08\\\/relacoes-entre-portugal-e-china-46-anos\\\/\",\"name\":\"Rela\u00e7\u00f5es entre Portugal e China - 46 anos - CRI e Diario de Pernambuco\",\"isPartOf\":{\"@id\":\"https:\\\/\\\/diariodepe.com.br\\\/cri\\\/#website\"},\"primaryImageOfPage\":{\"@id\":\"https:\\\/\\\/diariodepe.com.br\\\/cri\\\/2025\\\/02\\\/08\\\/relacoes-entre-portugal-e-china-46-anos\\\/#primaryimage\"},\"image\":{\"@id\":\"https:\\\/\\\/diariodepe.com.br\\\/cri\\\/2025\\\/02\\\/08\\\/relacoes-entre-portugal-e-china-46-anos\\\/#primaryimage\"},\"thumbnailUrl\":\"https:\\\/\\\/38picres.cgtn.com\\\/photoAlbum\\\/page\\\/performance\\\/img\\\/2025\\\/2\\\/5\\\/1738743189140_536.jpg\",\"datePublished\":\"2025-02-08T10:15:58+00:00\",\"breadcrumb\":{\"@id\":\"https:\\\/\\\/diariodepe.com.br\\\/cri\\\/2025\\\/02\\\/08\\\/relacoes-entre-portugal-e-china-46-anos\\\/#breadcrumb\"},\"inLanguage\":\"pt-BR\",\"potentialAction\":[{\"@type\":\"ReadAction\",\"target\":[\"https:\\\/\\\/diariodepe.com.br\\\/cri\\\/2025\\\/02\\\/08\\\/relacoes-entre-portugal-e-china-46-anos\\\/\"]}]},{\"@type\":\"ImageObject\",\"inLanguage\":\"pt-BR\",\"@id\":\"https:\\\/\\\/diariodepe.com.br\\\/cri\\\/2025\\\/02\\\/08\\\/relacoes-entre-portugal-e-china-46-anos\\\/#primaryimage\",\"url\":\"https:\\\/\\\/38picres.cgtn.com\\\/photoAlbum\\\/page\\\/performance\\\/img\\\/2025\\\/2\\\/5\\\/1738743189140_536.jpg\",\"contentUrl\":\"https:\\\/\\\/38picres.cgtn.com\\\/photoAlbum\\\/page\\\/performance\\\/img\\\/2025\\\/2\\\/5\\\/1738743189140_536.jpg\"},{\"@type\":\"BreadcrumbList\",\"@id\":\"https:\\\/\\\/diariodepe.com.br\\\/cri\\\/2025\\\/02\\\/08\\\/relacoes-entre-portugal-e-china-46-anos\\\/#breadcrumb\",\"itemListElement\":[{\"@type\":\"ListItem\",\"position\":1,\"name\":\"In\u00edcio\",\"item\":\"https:\\\/\\\/diariodepe.com.br\\\/cri\\\/\"},{\"@type\":\"ListItem\",\"position\":2,\"name\":\"Rela\u00e7\u00f5es entre Portugal e China &#8211; 46 anos\"}]},{\"@type\":\"WebSite\",\"@id\":\"https:\\\/\\\/diariodepe.com.br\\\/cri\\\/#website\",\"url\":\"https:\\\/\\\/diariodepe.com.br\\\/cri\\\/\",\"name\":\"CRI e Diario de Pernambuco\",\"description\":\"R\u00e1dio Internacional da China\",\"publisher\":{\"@id\":\"https:\\\/\\\/diariodepe.com.br\\\/cri\\\/#organization\"},\"potentialAction\":[{\"@type\":\"SearchAction\",\"target\":{\"@type\":\"EntryPoint\",\"urlTemplate\":\"https:\\\/\\\/diariodepe.com.br\\\/cri\\\/?s={search_term_string}\"},\"query-input\":{\"@type\":\"PropertyValueSpecification\",\"valueRequired\":true,\"valueName\":\"search_term_string\"}}],\"inLanguage\":\"pt-BR\"},{\"@type\":\"Organization\",\"@id\":\"https:\\\/\\\/diariodepe.com.br\\\/cri\\\/#organization\",\"name\":\"CRI e Diario de Pernambuco\",\"url\":\"https:\\\/\\\/diariodepe.com.br\\\/cri\\\/\",\"logo\":{\"@type\":\"ImageObject\",\"inLanguage\":\"pt-BR\",\"@id\":\"https:\\\/\\\/diariodepe.com.br\\\/cri\\\/#\\\/schema\\\/logo\\\/image\\\/\",\"url\":\"https:\\\/\\\/diariodepe.com.br\\\/cri\\\/wp-content\\\/uploads\\\/sites\\\/2\\\/2022\\\/12\\\/cropped-Logo.jpg\",\"contentUrl\":\"https:\\\/\\\/diariodepe.com.br\\\/cri\\\/wp-content\\\/uploads\\\/sites\\\/2\\\/2022\\\/12\\\/cropped-Logo.jpg\",\"width\":700,\"height\":59,\"caption\":\"CRI e Diario de Pernambuco\"},\"image\":{\"@id\":\"https:\\\/\\\/diariodepe.com.br\\\/cri\\\/#\\\/schema\\\/logo\\\/image\\\/\"}},{\"@type\":\"Person\",\"@id\":\"https:\\\/\\\/diariodepe.com.br\\\/cri\\\/#\\\/schema\\\/person\\\/121bb28d84f1a5b1205ef4ce9c2e0c6b\",\"name\":\"Ismael Lucas S. Pereira\",\"image\":{\"@type\":\"ImageObject\",\"inLanguage\":\"pt-BR\",\"@id\":\"https:\\\/\\\/secure.gravatar.com\\\/avatar\\\/887a0f3b5a7ceea963a48499fb883ffce6b5037362def025c52c2505b15d63e4?s=96&d=mm&r=g\",\"url\":\"https:\\\/\\\/secure.gravatar.com\\\/avatar\\\/887a0f3b5a7ceea963a48499fb883ffce6b5037362def025c52c2505b15d63e4?s=96&d=mm&r=g\",\"contentUrl\":\"https:\\\/\\\/secure.gravatar.com\\\/avatar\\\/887a0f3b5a7ceea963a48499fb883ffce6b5037362def025c52c2505b15d63e4?s=96&d=mm&r=g\",\"caption\":\"Ismael Lucas S. Pereira\"},\"url\":\"https:\\\/\\\/diariodepe.com.br\\\/cri\\\/author\\\/ismael-lucas\\\/\"}]}<\/script>\n<!-- \/ Yoast SEO plugin. -->","yoast_head_json":{"title":"Rela\u00e7\u00f5es entre Portugal e China - 46 anos - CRI e Diario de Pernambuco","robots":{"index":"index","follow":"follow","max-snippet":"max-snippet:-1","max-image-preview":"max-image-preview:large","max-video-preview":"max-video-preview:-1"},"canonical":"https:\/\/diariodepe.com.br\/cri\/2025\/02\/08\/relacoes-entre-portugal-e-china-46-anos\/","og_locale":"pt_BR","og_type":"article","og_title":"Rela\u00e7\u00f5es entre Portugal e China - 46 anos - CRI e Diario de Pernambuco","og_description":"Por Rui Lourido, presidente do Observat\u00f3rio da China Em 2025, Ano Chin\u00eas da Serpente, Portugal comemora o 46\u00ba anivers\u00e1rio do estabelecimento das rela\u00e7\u00f5es diplom\u00e1ticas oficiais entre o Estado portugu\u00eas e o Estado chin\u00eas. Perante a enorme press\u00e3o do Ocidente contra...","og_url":"https:\/\/diariodepe.com.br\/cri\/2025\/02\/08\/relacoes-entre-portugal-e-china-46-anos\/","og_site_name":"CRI e Diario de Pernambuco","article_published_time":"2025-02-08T10:15:58+00:00","og_image":[{"url":"https:\/\/38picres.cgtn.com\/photoAlbum\/page\/performance\/img\/2025\/2\/5\/1738743189140_536.jpg","type":"","width":"","height":""}],"author":"Ismael Lucas S. Pereira","twitter_card":"summary_large_image","twitter_misc":{"Escrito por":"Ismael Lucas S. Pereira","Est. tempo de leitura":"7 minutos"},"schema":{"@context":"https:\/\/schema.org","@graph":[{"@type":"Article","@id":"https:\/\/diariodepe.com.br\/cri\/2025\/02\/08\/relacoes-entre-portugal-e-china-46-anos\/#article","isPartOf":{"@id":"https:\/\/diariodepe.com.br\/cri\/2025\/02\/08\/relacoes-entre-portugal-e-china-46-anos\/"},"author":{"name":"Ismael Lucas S. Pereira","@id":"https:\/\/diariodepe.com.br\/cri\/#\/schema\/person\/121bb28d84f1a5b1205ef4ce9c2e0c6b"},"headline":"Rela\u00e7\u00f5es entre Portugal e China &#8211; 46 anos","datePublished":"2025-02-08T10:15:58+00:00","mainEntityOfPage":{"@id":"https:\/\/diariodepe.com.br\/cri\/2025\/02\/08\/relacoes-entre-portugal-e-china-46-anos\/"},"wordCount":1215,"commentCount":0,"publisher":{"@id":"https:\/\/diariodepe.com.br\/cri\/#organization"},"image":{"@id":"https:\/\/diariodepe.com.br\/cri\/2025\/02\/08\/relacoes-entre-portugal-e-china-46-anos\/#primaryimage"},"thumbnailUrl":"https:\/\/38picres.cgtn.com\/photoAlbum\/page\/performance\/img\/2025\/2\/5\/1738743189140_536.jpg","articleSection":["Vis\u00e3o"],"inLanguage":"pt-BR","potentialAction":[{"@type":"CommentAction","name":"Comment","target":["https:\/\/diariodepe.com.br\/cri\/2025\/02\/08\/relacoes-entre-portugal-e-china-46-anos\/#respond"]}]},{"@type":"WebPage","@id":"https:\/\/diariodepe.com.br\/cri\/2025\/02\/08\/relacoes-entre-portugal-e-china-46-anos\/","url":"https:\/\/diariodepe.com.br\/cri\/2025\/02\/08\/relacoes-entre-portugal-e-china-46-anos\/","name":"Rela\u00e7\u00f5es entre Portugal e China - 46 anos - CRI e Diario de Pernambuco","isPartOf":{"@id":"https:\/\/diariodepe.com.br\/cri\/#website"},"primaryImageOfPage":{"@id":"https:\/\/diariodepe.com.br\/cri\/2025\/02\/08\/relacoes-entre-portugal-e-china-46-anos\/#primaryimage"},"image":{"@id":"https:\/\/diariodepe.com.br\/cri\/2025\/02\/08\/relacoes-entre-portugal-e-china-46-anos\/#primaryimage"},"thumbnailUrl":"https:\/\/38picres.cgtn.com\/photoAlbum\/page\/performance\/img\/2025\/2\/5\/1738743189140_536.jpg","datePublished":"2025-02-08T10:15:58+00:00","breadcrumb":{"@id":"https:\/\/diariodepe.com.br\/cri\/2025\/02\/08\/relacoes-entre-portugal-e-china-46-anos\/#breadcrumb"},"inLanguage":"pt-BR","potentialAction":[{"@type":"ReadAction","target":["https:\/\/diariodepe.com.br\/cri\/2025\/02\/08\/relacoes-entre-portugal-e-china-46-anos\/"]}]},{"@type":"ImageObject","inLanguage":"pt-BR","@id":"https:\/\/diariodepe.com.br\/cri\/2025\/02\/08\/relacoes-entre-portugal-e-china-46-anos\/#primaryimage","url":"https:\/\/38picres.cgtn.com\/photoAlbum\/page\/performance\/img\/2025\/2\/5\/1738743189140_536.jpg","contentUrl":"https:\/\/38picres.cgtn.com\/photoAlbum\/page\/performance\/img\/2025\/2\/5\/1738743189140_536.jpg"},{"@type":"BreadcrumbList","@id":"https:\/\/diariodepe.com.br\/cri\/2025\/02\/08\/relacoes-entre-portugal-e-china-46-anos\/#breadcrumb","itemListElement":[{"@type":"ListItem","position":1,"name":"In\u00edcio","item":"https:\/\/diariodepe.com.br\/cri\/"},{"@type":"ListItem","position":2,"name":"Rela\u00e7\u00f5es entre Portugal e China &#8211; 46 anos"}]},{"@type":"WebSite","@id":"https:\/\/diariodepe.com.br\/cri\/#website","url":"https:\/\/diariodepe.com.br\/cri\/","name":"CRI e Diario de Pernambuco","description":"R\u00e1dio Internacional da China","publisher":{"@id":"https:\/\/diariodepe.com.br\/cri\/#organization"},"potentialAction":[{"@type":"SearchAction","target":{"@type":"EntryPoint","urlTemplate":"https:\/\/diariodepe.com.br\/cri\/?s={search_term_string}"},"query-input":{"@type":"PropertyValueSpecification","valueRequired":true,"valueName":"search_term_string"}}],"inLanguage":"pt-BR"},{"@type":"Organization","@id":"https:\/\/diariodepe.com.br\/cri\/#organization","name":"CRI e Diario de Pernambuco","url":"https:\/\/diariodepe.com.br\/cri\/","logo":{"@type":"ImageObject","inLanguage":"pt-BR","@id":"https:\/\/diariodepe.com.br\/cri\/#\/schema\/logo\/image\/","url":"https:\/\/diariodepe.com.br\/cri\/wp-content\/uploads\/sites\/2\/2022\/12\/cropped-Logo.jpg","contentUrl":"https:\/\/diariodepe.com.br\/cri\/wp-content\/uploads\/sites\/2\/2022\/12\/cropped-Logo.jpg","width":700,"height":59,"caption":"CRI e Diario de Pernambuco"},"image":{"@id":"https:\/\/diariodepe.com.br\/cri\/#\/schema\/logo\/image\/"}},{"@type":"Person","@id":"https:\/\/diariodepe.com.br\/cri\/#\/schema\/person\/121bb28d84f1a5b1205ef4ce9c2e0c6b","name":"Ismael Lucas S. Pereira","image":{"@type":"ImageObject","inLanguage":"pt-BR","@id":"https:\/\/secure.gravatar.com\/avatar\/887a0f3b5a7ceea963a48499fb883ffce6b5037362def025c52c2505b15d63e4?s=96&d=mm&r=g","url":"https:\/\/secure.gravatar.com\/avatar\/887a0f3b5a7ceea963a48499fb883ffce6b5037362def025c52c2505b15d63e4?s=96&d=mm&r=g","contentUrl":"https:\/\/secure.gravatar.com\/avatar\/887a0f3b5a7ceea963a48499fb883ffce6b5037362def025c52c2505b15d63e4?s=96&d=mm&r=g","caption":"Ismael Lucas S. Pereira"},"url":"https:\/\/diariodepe.com.br\/cri\/author\/ismael-lucas\/"}]}},"cc_featured_image_caption":{"caption_text":false,"source_text":false,"source_url":false},"amp_enabled":true,"_links":{"self":[{"href":"https:\/\/diariodepe.com.br\/cri\/wp-json\/wp\/v2\/posts\/7604","targetHints":{"allow":["GET"]}}],"collection":[{"href":"https:\/\/diariodepe.com.br\/cri\/wp-json\/wp\/v2\/posts"}],"about":[{"href":"https:\/\/diariodepe.com.br\/cri\/wp-json\/wp\/v2\/types\/post"}],"author":[{"embeddable":true,"href":"https:\/\/diariodepe.com.br\/cri\/wp-json\/wp\/v2\/users\/2"}],"replies":[{"embeddable":true,"href":"https:\/\/diariodepe.com.br\/cri\/wp-json\/wp\/v2\/comments?post=7604"}],"version-history":[{"count":1,"href":"https:\/\/diariodepe.com.br\/cri\/wp-json\/wp\/v2\/posts\/7604\/revisions"}],"predecessor-version":[{"id":7605,"href":"https:\/\/diariodepe.com.br\/cri\/wp-json\/wp\/v2\/posts\/7604\/revisions\/7605"}],"wp:attachment":[{"href":"https:\/\/diariodepe.com.br\/cri\/wp-json\/wp\/v2\/media?parent=7604"}],"wp:term":[{"taxonomy":"category","embeddable":true,"href":"https:\/\/diariodepe.com.br\/cri\/wp-json\/wp\/v2\/categories?post=7604"},{"taxonomy":"post_tag","embeddable":true,"href":"https:\/\/diariodepe.com.br\/cri\/wp-json\/wp\/v2\/tags?post=7604"}],"curies":[{"name":"wp","href":"https:\/\/api.w.org\/{rel}","templated":true}]}}