{"id":7498,"date":"2025-01-20T23:39:14","date_gmt":"2025-01-21T02:39:14","guid":{"rendered":"https:\/\/diariodepe.com.br\/cri\/?p=7498"},"modified":"2025-01-20T23:39:14","modified_gmt":"2025-01-21T02:39:14","slug":"xi-jinping-reune-se-com-pessoas-fora-do-pcch-para-celebrar-o-ano-novo-chines","status":"publish","type":"post","link":"https:\/\/diariodepe.com.br\/cri\/2025\/01\/20\/xi-jinping-reune-se-com-pessoas-fora-do-pcch-para-celebrar-o-ano-novo-chines\/","title":{"rendered":"Xi Jinping re\u00fane-se com pessoas fora do PCCh para celebrar o Ano Novo Chin\u00eas"},"content":{"rendered":"<p><span lang=\"PT-BR\">O presidente chin\u00eas, Xi Jinping, reuniu-se nesta segunda-feira (20) no Grande Pal\u00e1cio do Povo, em Beijing, com representantes de outros partidos do pa\u00eds e da Federa\u00e7\u00e3o Nacional de Ind\u00fastria e Com\u00e9rcio, al\u00e9m de pessoas sem partido, para celebrar em conjunto a chegada do Ano Novo Chin\u00eas da Serpente.<\/span><\/p>\n<p><span lang=\"PT-BR\">Xi Jinping lembrou na ocasi\u00e3o que em 2024, o Comit\u00ea Central do Partido Comunista da China (PCCh) uniu e liderou todo o partido e o povo de todos os grupos \u00e9tnicos do pa\u00eds para realizar com sucesso os principais objetivos e tarefas do desenvolvimento socioecon\u00f4mico.<\/span><\/p>\n<p><span lang=\"PT-BR\">Segundo o l\u00edder chin\u00eas, 2024 tamb\u00e9m foi um ano de grande desenvolvimento do mecanismo de coopera\u00e7\u00e3o multipartid\u00e1ria liderado pelo PCCh. Os partidos democr\u00e1ticos e as pessoas sem partido implementaram integralmente as decis\u00f5es e implanta\u00e7\u00f5es do Comit\u00ea Central do PCCh, concentraram-se na promo\u00e7\u00e3o da moderniza\u00e7\u00e3o chinesa, ofereceram ativamente sugest\u00f5es e propostas, fortaleceram a supervis\u00e3o democr\u00e1tica e desempenharam um papel positivo na tomada de decis\u00f5es cient\u00edficas e na elabora\u00e7\u00e3o de pol\u00edticas eficazes do Comit\u00ea Central do PCCh. Ele manifestou sua gratid\u00e3o a todos.<\/span><\/p>\n<p><span lang=\"PT-BR\">Olhando para 2025, Xi Jinping enfatizou que este ano \u00e9 o \u00faltimo do 14\u00ba Plano Quinquenal do pa\u00eds, por isso, devem aplicar uma pol\u00edtica macroecon\u00f4mica mais ativa e promissora e concentrar-se no desenvolvimento de alta qualidade.<\/span><\/p>\n<p><span lang=\"PT-BR\">Xi Jinping apresentou tr\u00eas desejos para as pessoas fora do PCCh, os quais s\u00e3o: melhorar a posi\u00e7\u00e3o pol\u00edtica, oferecer sugest\u00f5es e ideias para servir os trabalhos mais importantes e fortalecer o auto-melhoramento a fim de aumentar a capacidade de cumprir suas miss\u00f5es.<\/span><\/p>\n","protected":false},"excerpt":{"rendered":"<p>O presidente chin\u00eas, Xi Jinping, reuniu-se nesta segunda-feira (20) no Grande Pal\u00e1cio do Povo, em Beijing, com representantes de outros partidos do pa\u00eds e da Federa\u00e7\u00e3o Nacional de Ind\u00fastria e Com\u00e9rcio, al\u00e9m de pessoas sem partido, para celebrar em conjunto&#8230;<\/p>\n","protected":false},"author":2,"featured_media":7499,"comment_status":"open","ping_status":"open","sticky":false,"template":"","format":"standard","meta":{"footnotes":""},"categories":[3,5],"tags":[],"class_list":["post-7498","post","type-post","status-publish","format-standard","has-post-thumbnail","hentry","category-china","category-destaques-capa"],"yoast_head":"<!-- This site is optimized with the Yoast SEO plugin v27.4 - https:\/\/yoast.com\/product\/yoast-seo-wordpress\/ -->\n<title>Xi Jinping re\u00fane-se com pessoas fora do PCCh para celebrar o Ano Novo Chin\u00eas - CRI e Diario de Pernambuco<\/title>\n<meta name=\"robots\" content=\"index, follow, max-snippet:-1, max-image-preview:large, max-video-preview:-1\" \/>\n<link rel=\"canonical\" href=\"https:\/\/diariodepe.com.br\/cri\/2025\/01\/20\/xi-jinping-reune-se-com-pessoas-fora-do-pcch-para-celebrar-o-ano-novo-chines\/\" \/>\n<meta property=\"og:locale\" content=\"pt_BR\" \/>\n<meta property=\"og:type\" content=\"article\" \/>\n<meta property=\"og:title\" content=\"Xi Jinping re\u00fane-se com pessoas fora do PCCh para celebrar o Ano Novo Chin\u00eas - CRI e Diario de Pernambuco\" \/>\n<meta property=\"og:description\" content=\"O presidente chin\u00eas, Xi Jinping, reuniu-se nesta segunda-feira (20) no Grande Pal\u00e1cio do Povo, em Beijing, com representantes de outros partidos do pa\u00eds e da Federa\u00e7\u00e3o Nacional de Ind\u00fastria e Com\u00e9rcio, al\u00e9m de pessoas sem partido, para celebrar em conjunto...\" \/>\n<meta property=\"og:url\" content=\"https:\/\/diariodepe.com.br\/cri\/2025\/01\/20\/xi-jinping-reune-se-com-pessoas-fora-do-pcch-para-celebrar-o-ano-novo-chines\/\" \/>\n<meta property=\"og:site_name\" content=\"CRI e Diario de Pernambuco\" \/>\n<meta property=\"article:published_time\" content=\"2025-01-21T02:39:14+00:00\" \/>\n<meta property=\"og:image\" content=\"https:\/\/diariodepe.com.br\/cri\/wp-content\/uploads\/sites\/2\/2025\/01\/1737384545469_525.png\" \/>\n\t<meta property=\"og:image:width\" content=\"900\" \/>\n\t<meta property=\"og:image:height\" content=\"552\" \/>\n\t<meta property=\"og:image:type\" content=\"image\/png\" \/>\n<meta name=\"author\" content=\"Ismael Lucas S. Pereira\" \/>\n<meta name=\"twitter:card\" content=\"summary_large_image\" \/>\n<meta name=\"twitter:label1\" content=\"Escrito por\" \/>\n\t<meta name=\"twitter:data1\" content=\"Ismael Lucas S. Pereira\" \/>\n\t<meta name=\"twitter:label2\" content=\"Est. tempo de leitura\" \/>\n\t<meta name=\"twitter:data2\" content=\"2 minutos\" \/>\n<script type=\"application\/ld+json\" class=\"yoast-schema-graph\">{\"@context\":\"https:\\\/\\\/schema.org\",\"@graph\":[{\"@type\":\"Article\",\"@id\":\"https:\\\/\\\/diariodepe.com.br\\\/cri\\\/2025\\\/01\\\/20\\\/xi-jinping-reune-se-com-pessoas-fora-do-pcch-para-celebrar-o-ano-novo-chines\\\/#article\",\"isPartOf\":{\"@id\":\"https:\\\/\\\/diariodepe.com.br\\\/cri\\\/2025\\\/01\\\/20\\\/xi-jinping-reune-se-com-pessoas-fora-do-pcch-para-celebrar-o-ano-novo-chines\\\/\"},\"author\":{\"name\":\"Ismael Lucas S. Pereira\",\"@id\":\"https:\\\/\\\/diariodepe.com.br\\\/cri\\\/#\\\/schema\\\/person\\\/121bb28d84f1a5b1205ef4ce9c2e0c6b\"},\"headline\":\"Xi Jinping re\u00fane-se com pessoas fora do PCCh para celebrar o Ano Novo Chin\u00eas\",\"datePublished\":\"2025-01-21T02:39:14+00:00\",\"mainEntityOfPage\":{\"@id\":\"https:\\\/\\\/diariodepe.com.br\\\/cri\\\/2025\\\/01\\\/20\\\/xi-jinping-reune-se-com-pessoas-fora-do-pcch-para-celebrar-o-ano-novo-chines\\\/\"},\"wordCount\":300,\"commentCount\":0,\"publisher\":{\"@id\":\"https:\\\/\\\/diariodepe.com.br\\\/cri\\\/#organization\"},\"image\":{\"@id\":\"https:\\\/\\\/diariodepe.com.br\\\/cri\\\/2025\\\/01\\\/20\\\/xi-jinping-reune-se-com-pessoas-fora-do-pcch-para-celebrar-o-ano-novo-chines\\\/#primaryimage\"},\"thumbnailUrl\":\"https:\\\/\\\/diariodepe.com.br\\\/cri\\\/wp-content\\\/uploads\\\/sites\\\/2\\\/2025\\\/01\\\/1737384545469_525.png\",\"articleSection\":[\"China\",\"Destaques Capa\"],\"inLanguage\":\"pt-BR\",\"potentialAction\":[{\"@type\":\"CommentAction\",\"name\":\"Comment\",\"target\":[\"https:\\\/\\\/diariodepe.com.br\\\/cri\\\/2025\\\/01\\\/20\\\/xi-jinping-reune-se-com-pessoas-fora-do-pcch-para-celebrar-o-ano-novo-chines\\\/#respond\"]}]},{\"@type\":\"WebPage\",\"@id\":\"https:\\\/\\\/diariodepe.com.br\\\/cri\\\/2025\\\/01\\\/20\\\/xi-jinping-reune-se-com-pessoas-fora-do-pcch-para-celebrar-o-ano-novo-chines\\\/\",\"url\":\"https:\\\/\\\/diariodepe.com.br\\\/cri\\\/2025\\\/01\\\/20\\\/xi-jinping-reune-se-com-pessoas-fora-do-pcch-para-celebrar-o-ano-novo-chines\\\/\",\"name\":\"Xi Jinping re\u00fane-se com pessoas fora do PCCh para celebrar o Ano Novo Chin\u00eas - CRI e Diario de Pernambuco\",\"isPartOf\":{\"@id\":\"https:\\\/\\\/diariodepe.com.br\\\/cri\\\/#website\"},\"primaryImageOfPage\":{\"@id\":\"https:\\\/\\\/diariodepe.com.br\\\/cri\\\/2025\\\/01\\\/20\\\/xi-jinping-reune-se-com-pessoas-fora-do-pcch-para-celebrar-o-ano-novo-chines\\\/#primaryimage\"},\"image\":{\"@id\":\"https:\\\/\\\/diariodepe.com.br\\\/cri\\\/2025\\\/01\\\/20\\\/xi-jinping-reune-se-com-pessoas-fora-do-pcch-para-celebrar-o-ano-novo-chines\\\/#primaryimage\"},\"thumbnailUrl\":\"https:\\\/\\\/diariodepe.com.br\\\/cri\\\/wp-content\\\/uploads\\\/sites\\\/2\\\/2025\\\/01\\\/1737384545469_525.png\",\"datePublished\":\"2025-01-21T02:39:14+00:00\",\"breadcrumb\":{\"@id\":\"https:\\\/\\\/diariodepe.com.br\\\/cri\\\/2025\\\/01\\\/20\\\/xi-jinping-reune-se-com-pessoas-fora-do-pcch-para-celebrar-o-ano-novo-chines\\\/#breadcrumb\"},\"inLanguage\":\"pt-BR\",\"potentialAction\":[{\"@type\":\"ReadAction\",\"target\":[\"https:\\\/\\\/diariodepe.com.br\\\/cri\\\/2025\\\/01\\\/20\\\/xi-jinping-reune-se-com-pessoas-fora-do-pcch-para-celebrar-o-ano-novo-chines\\\/\"]}]},{\"@type\":\"ImageObject\",\"inLanguage\":\"pt-BR\",\"@id\":\"https:\\\/\\\/diariodepe.com.br\\\/cri\\\/2025\\\/01\\\/20\\\/xi-jinping-reune-se-com-pessoas-fora-do-pcch-para-celebrar-o-ano-novo-chines\\\/#primaryimage\",\"url\":\"https:\\\/\\\/diariodepe.com.br\\\/cri\\\/wp-content\\\/uploads\\\/sites\\\/2\\\/2025\\\/01\\\/1737384545469_525.png\",\"contentUrl\":\"https:\\\/\\\/diariodepe.com.br\\\/cri\\\/wp-content\\\/uploads\\\/sites\\\/2\\\/2025\\\/01\\\/1737384545469_525.png\",\"width\":900,\"height\":552},{\"@type\":\"BreadcrumbList\",\"@id\":\"https:\\\/\\\/diariodepe.com.br\\\/cri\\\/2025\\\/01\\\/20\\\/xi-jinping-reune-se-com-pessoas-fora-do-pcch-para-celebrar-o-ano-novo-chines\\\/#breadcrumb\",\"itemListElement\":[{\"@type\":\"ListItem\",\"position\":1,\"name\":\"In\u00edcio\",\"item\":\"https:\\\/\\\/diariodepe.com.br\\\/cri\\\/\"},{\"@type\":\"ListItem\",\"position\":2,\"name\":\"Xi Jinping re\u00fane-se com pessoas fora do PCCh para celebrar o Ano Novo Chin\u00eas\"}]},{\"@type\":\"WebSite\",\"@id\":\"https:\\\/\\\/diariodepe.com.br\\\/cri\\\/#website\",\"url\":\"https:\\\/\\\/diariodepe.com.br\\\/cri\\\/\",\"name\":\"CRI e Diario de Pernambuco\",\"description\":\"R\u00e1dio Internacional da China\",\"publisher\":{\"@id\":\"https:\\\/\\\/diariodepe.com.br\\\/cri\\\/#organization\"},\"potentialAction\":[{\"@type\":\"SearchAction\",\"target\":{\"@type\":\"EntryPoint\",\"urlTemplate\":\"https:\\\/\\\/diariodepe.com.br\\\/cri\\\/?s={search_term_string}\"},\"query-input\":{\"@type\":\"PropertyValueSpecification\",\"valueRequired\":true,\"valueName\":\"search_term_string\"}}],\"inLanguage\":\"pt-BR\"},{\"@type\":\"Organization\",\"@id\":\"https:\\\/\\\/diariodepe.com.br\\\/cri\\\/#organization\",\"name\":\"CRI e Diario de Pernambuco\",\"url\":\"https:\\\/\\\/diariodepe.com.br\\\/cri\\\/\",\"logo\":{\"@type\":\"ImageObject\",\"inLanguage\":\"pt-BR\",\"@id\":\"https:\\\/\\\/diariodepe.com.br\\\/cri\\\/#\\\/schema\\\/logo\\\/image\\\/\",\"url\":\"https:\\\/\\\/diariodepe.com.br\\\/cri\\\/wp-content\\\/uploads\\\/sites\\\/2\\\/2022\\\/12\\\/cropped-Logo.jpg\",\"contentUrl\":\"https:\\\/\\\/diariodepe.com.br\\\/cri\\\/wp-content\\\/uploads\\\/sites\\\/2\\\/2022\\\/12\\\/cropped-Logo.jpg\",\"width\":700,\"height\":59,\"caption\":\"CRI e Diario de Pernambuco\"},\"image\":{\"@id\":\"https:\\\/\\\/diariodepe.com.br\\\/cri\\\/#\\\/schema\\\/logo\\\/image\\\/\"}},{\"@type\":\"Person\",\"@id\":\"https:\\\/\\\/diariodepe.com.br\\\/cri\\\/#\\\/schema\\\/person\\\/121bb28d84f1a5b1205ef4ce9c2e0c6b\",\"name\":\"Ismael Lucas S. Pereira\",\"image\":{\"@type\":\"ImageObject\",\"inLanguage\":\"pt-BR\",\"@id\":\"https:\\\/\\\/secure.gravatar.com\\\/avatar\\\/887a0f3b5a7ceea963a48499fb883ffce6b5037362def025c52c2505b15d63e4?s=96&d=mm&r=g\",\"url\":\"https:\\\/\\\/secure.gravatar.com\\\/avatar\\\/887a0f3b5a7ceea963a48499fb883ffce6b5037362def025c52c2505b15d63e4?s=96&d=mm&r=g\",\"contentUrl\":\"https:\\\/\\\/secure.gravatar.com\\\/avatar\\\/887a0f3b5a7ceea963a48499fb883ffce6b5037362def025c52c2505b15d63e4?s=96&d=mm&r=g\",\"caption\":\"Ismael Lucas S. Pereira\"},\"url\":\"https:\\\/\\\/diariodepe.com.br\\\/cri\\\/author\\\/ismael-lucas\\\/\"}]}<\/script>\n<!-- \/ Yoast SEO plugin. -->","yoast_head_json":{"title":"Xi Jinping re\u00fane-se com pessoas fora do PCCh para celebrar o Ano Novo Chin\u00eas - CRI e Diario de Pernambuco","robots":{"index":"index","follow":"follow","max-snippet":"max-snippet:-1","max-image-preview":"max-image-preview:large","max-video-preview":"max-video-preview:-1"},"canonical":"https:\/\/diariodepe.com.br\/cri\/2025\/01\/20\/xi-jinping-reune-se-com-pessoas-fora-do-pcch-para-celebrar-o-ano-novo-chines\/","og_locale":"pt_BR","og_type":"article","og_title":"Xi Jinping re\u00fane-se com pessoas fora do PCCh para celebrar o Ano Novo Chin\u00eas - CRI e Diario de Pernambuco","og_description":"O presidente chin\u00eas, Xi Jinping, reuniu-se nesta segunda-feira (20) no Grande Pal\u00e1cio do Povo, em Beijing, com representantes de outros partidos do pa\u00eds e da Federa\u00e7\u00e3o Nacional de Ind\u00fastria e Com\u00e9rcio, al\u00e9m de pessoas sem partido, para celebrar em conjunto...","og_url":"https:\/\/diariodepe.com.br\/cri\/2025\/01\/20\/xi-jinping-reune-se-com-pessoas-fora-do-pcch-para-celebrar-o-ano-novo-chines\/","og_site_name":"CRI e Diario de Pernambuco","article_published_time":"2025-01-21T02:39:14+00:00","og_image":[{"width":900,"height":552,"url":"https:\/\/diariodepe.com.br\/cri\/wp-content\/uploads\/sites\/2\/2025\/01\/1737384545469_525.png","type":"image\/png"}],"author":"Ismael Lucas S. Pereira","twitter_card":"summary_large_image","twitter_misc":{"Escrito por":"Ismael Lucas S. Pereira","Est. tempo de leitura":"2 minutos"},"schema":{"@context":"https:\/\/schema.org","@graph":[{"@type":"Article","@id":"https:\/\/diariodepe.com.br\/cri\/2025\/01\/20\/xi-jinping-reune-se-com-pessoas-fora-do-pcch-para-celebrar-o-ano-novo-chines\/#article","isPartOf":{"@id":"https:\/\/diariodepe.com.br\/cri\/2025\/01\/20\/xi-jinping-reune-se-com-pessoas-fora-do-pcch-para-celebrar-o-ano-novo-chines\/"},"author":{"name":"Ismael Lucas S. Pereira","@id":"https:\/\/diariodepe.com.br\/cri\/#\/schema\/person\/121bb28d84f1a5b1205ef4ce9c2e0c6b"},"headline":"Xi Jinping re\u00fane-se com pessoas fora do PCCh para celebrar o Ano Novo Chin\u00eas","datePublished":"2025-01-21T02:39:14+00:00","mainEntityOfPage":{"@id":"https:\/\/diariodepe.com.br\/cri\/2025\/01\/20\/xi-jinping-reune-se-com-pessoas-fora-do-pcch-para-celebrar-o-ano-novo-chines\/"},"wordCount":300,"commentCount":0,"publisher":{"@id":"https:\/\/diariodepe.com.br\/cri\/#organization"},"image":{"@id":"https:\/\/diariodepe.com.br\/cri\/2025\/01\/20\/xi-jinping-reune-se-com-pessoas-fora-do-pcch-para-celebrar-o-ano-novo-chines\/#primaryimage"},"thumbnailUrl":"https:\/\/diariodepe.com.br\/cri\/wp-content\/uploads\/sites\/2\/2025\/01\/1737384545469_525.png","articleSection":["China","Destaques Capa"],"inLanguage":"pt-BR","potentialAction":[{"@type":"CommentAction","name":"Comment","target":["https:\/\/diariodepe.com.br\/cri\/2025\/01\/20\/xi-jinping-reune-se-com-pessoas-fora-do-pcch-para-celebrar-o-ano-novo-chines\/#respond"]}]},{"@type":"WebPage","@id":"https:\/\/diariodepe.com.br\/cri\/2025\/01\/20\/xi-jinping-reune-se-com-pessoas-fora-do-pcch-para-celebrar-o-ano-novo-chines\/","url":"https:\/\/diariodepe.com.br\/cri\/2025\/01\/20\/xi-jinping-reune-se-com-pessoas-fora-do-pcch-para-celebrar-o-ano-novo-chines\/","name":"Xi Jinping re\u00fane-se com pessoas fora do PCCh para celebrar o Ano Novo Chin\u00eas - CRI e Diario de Pernambuco","isPartOf":{"@id":"https:\/\/diariodepe.com.br\/cri\/#website"},"primaryImageOfPage":{"@id":"https:\/\/diariodepe.com.br\/cri\/2025\/01\/20\/xi-jinping-reune-se-com-pessoas-fora-do-pcch-para-celebrar-o-ano-novo-chines\/#primaryimage"},"image":{"@id":"https:\/\/diariodepe.com.br\/cri\/2025\/01\/20\/xi-jinping-reune-se-com-pessoas-fora-do-pcch-para-celebrar-o-ano-novo-chines\/#primaryimage"},"thumbnailUrl":"https:\/\/diariodepe.com.br\/cri\/wp-content\/uploads\/sites\/2\/2025\/01\/1737384545469_525.png","datePublished":"2025-01-21T02:39:14+00:00","breadcrumb":{"@id":"https:\/\/diariodepe.com.br\/cri\/2025\/01\/20\/xi-jinping-reune-se-com-pessoas-fora-do-pcch-para-celebrar-o-ano-novo-chines\/#breadcrumb"},"inLanguage":"pt-BR","potentialAction":[{"@type":"ReadAction","target":["https:\/\/diariodepe.com.br\/cri\/2025\/01\/20\/xi-jinping-reune-se-com-pessoas-fora-do-pcch-para-celebrar-o-ano-novo-chines\/"]}]},{"@type":"ImageObject","inLanguage":"pt-BR","@id":"https:\/\/diariodepe.com.br\/cri\/2025\/01\/20\/xi-jinping-reune-se-com-pessoas-fora-do-pcch-para-celebrar-o-ano-novo-chines\/#primaryimage","url":"https:\/\/diariodepe.com.br\/cri\/wp-content\/uploads\/sites\/2\/2025\/01\/1737384545469_525.png","contentUrl":"https:\/\/diariodepe.com.br\/cri\/wp-content\/uploads\/sites\/2\/2025\/01\/1737384545469_525.png","width":900,"height":552},{"@type":"BreadcrumbList","@id":"https:\/\/diariodepe.com.br\/cri\/2025\/01\/20\/xi-jinping-reune-se-com-pessoas-fora-do-pcch-para-celebrar-o-ano-novo-chines\/#breadcrumb","itemListElement":[{"@type":"ListItem","position":1,"name":"In\u00edcio","item":"https:\/\/diariodepe.com.br\/cri\/"},{"@type":"ListItem","position":2,"name":"Xi Jinping re\u00fane-se com pessoas fora do PCCh para celebrar o Ano Novo Chin\u00eas"}]},{"@type":"WebSite","@id":"https:\/\/diariodepe.com.br\/cri\/#website","url":"https:\/\/diariodepe.com.br\/cri\/","name":"CRI e Diario de Pernambuco","description":"R\u00e1dio Internacional da China","publisher":{"@id":"https:\/\/diariodepe.com.br\/cri\/#organization"},"potentialAction":[{"@type":"SearchAction","target":{"@type":"EntryPoint","urlTemplate":"https:\/\/diariodepe.com.br\/cri\/?s={search_term_string}"},"query-input":{"@type":"PropertyValueSpecification","valueRequired":true,"valueName":"search_term_string"}}],"inLanguage":"pt-BR"},{"@type":"Organization","@id":"https:\/\/diariodepe.com.br\/cri\/#organization","name":"CRI e Diario de Pernambuco","url":"https:\/\/diariodepe.com.br\/cri\/","logo":{"@type":"ImageObject","inLanguage":"pt-BR","@id":"https:\/\/diariodepe.com.br\/cri\/#\/schema\/logo\/image\/","url":"https:\/\/diariodepe.com.br\/cri\/wp-content\/uploads\/sites\/2\/2022\/12\/cropped-Logo.jpg","contentUrl":"https:\/\/diariodepe.com.br\/cri\/wp-content\/uploads\/sites\/2\/2022\/12\/cropped-Logo.jpg","width":700,"height":59,"caption":"CRI e Diario de Pernambuco"},"image":{"@id":"https:\/\/diariodepe.com.br\/cri\/#\/schema\/logo\/image\/"}},{"@type":"Person","@id":"https:\/\/diariodepe.com.br\/cri\/#\/schema\/person\/121bb28d84f1a5b1205ef4ce9c2e0c6b","name":"Ismael Lucas S. Pereira","image":{"@type":"ImageObject","inLanguage":"pt-BR","@id":"https:\/\/secure.gravatar.com\/avatar\/887a0f3b5a7ceea963a48499fb883ffce6b5037362def025c52c2505b15d63e4?s=96&d=mm&r=g","url":"https:\/\/secure.gravatar.com\/avatar\/887a0f3b5a7ceea963a48499fb883ffce6b5037362def025c52c2505b15d63e4?s=96&d=mm&r=g","contentUrl":"https:\/\/secure.gravatar.com\/avatar\/887a0f3b5a7ceea963a48499fb883ffce6b5037362def025c52c2505b15d63e4?s=96&d=mm&r=g","caption":"Ismael Lucas S. Pereira"},"url":"https:\/\/diariodepe.com.br\/cri\/author\/ismael-lucas\/"}]}},"cc_featured_image_caption":{"caption_text":false,"source_text":false,"source_url":false},"amp_enabled":true,"_links":{"self":[{"href":"https:\/\/diariodepe.com.br\/cri\/wp-json\/wp\/v2\/posts\/7498","targetHints":{"allow":["GET"]}}],"collection":[{"href":"https:\/\/diariodepe.com.br\/cri\/wp-json\/wp\/v2\/posts"}],"about":[{"href":"https:\/\/diariodepe.com.br\/cri\/wp-json\/wp\/v2\/types\/post"}],"author":[{"embeddable":true,"href":"https:\/\/diariodepe.com.br\/cri\/wp-json\/wp\/v2\/users\/2"}],"replies":[{"embeddable":true,"href":"https:\/\/diariodepe.com.br\/cri\/wp-json\/wp\/v2\/comments?post=7498"}],"version-history":[{"count":1,"href":"https:\/\/diariodepe.com.br\/cri\/wp-json\/wp\/v2\/posts\/7498\/revisions"}],"predecessor-version":[{"id":7500,"href":"https:\/\/diariodepe.com.br\/cri\/wp-json\/wp\/v2\/posts\/7498\/revisions\/7500"}],"wp:featuredmedia":[{"embeddable":true,"href":"https:\/\/diariodepe.com.br\/cri\/wp-json\/wp\/v2\/media\/7499"}],"wp:attachment":[{"href":"https:\/\/diariodepe.com.br\/cri\/wp-json\/wp\/v2\/media?parent=7498"}],"wp:term":[{"taxonomy":"category","embeddable":true,"href":"https:\/\/diariodepe.com.br\/cri\/wp-json\/wp\/v2\/categories?post=7498"},{"taxonomy":"post_tag","embeddable":true,"href":"https:\/\/diariodepe.com.br\/cri\/wp-json\/wp\/v2\/tags?post=7498"}],"curies":[{"name":"wp","href":"https:\/\/api.w.org\/{rel}","templated":true}]}}