{"id":7461,"date":"2025-01-17T00:18:06","date_gmt":"2025-01-17T03:18:06","guid":{"rendered":"https:\/\/diariodepe.com.br\/cri\/?p=7461"},"modified":"2025-01-17T00:18:06","modified_gmt":"2025-01-17T03:18:06","slug":"a-volta-da-diplomacia-das-canhoneiras","status":"publish","type":"post","link":"https:\/\/diariodepe.com.br\/cri\/2025\/01\/17\/a-volta-da-diplomacia-das-canhoneiras\/","title":{"rendered":"A volta da Diplomacia das Canhoneiras?"},"content":{"rendered":"<p><img decoding=\"async\" src=\"https:\/\/38picres.cgtn.com\/photoAlbum\/page\/performance\/img\/2025\/1\/16\/1736995467987_949.png\" width=\"100%\" height=\"auto\" \/><\/p>\n<p><em>por\u00a0<span lang=\"PT-BR\">Jos\u00e9 Nelson Bessa Maia<\/span><span lang=\"PT-BR\">, doutor em rela\u00e7\u00f5es internacionais e ex-secret\u00e1rio de assuntos internacionais do governo do estado do Cear\u00e1<\/span><\/em><\/p>\n<p>O mundo chega ao final do primeiro quartel do s\u00e9culo XXI numa situa\u00e7\u00e3o de fragmenta\u00e7\u00e3o econ\u00f4mica, com uma velha ordem internacional disfuncional e s\u00e9rias amea\u00e7as geopol\u00edticas. Conflitos civis, guerras de conquista, lutas assim\u00e9tricas e massacres de popula\u00e7\u00f5es se tornam epis\u00f3dios corriqueiros e isso n\u00e3o parece mais comover a opini\u00e3o p\u00fablica global nem causar repercuss\u00e3o na m\u00eddia ou rep\u00fadio de autoridades e organismos internacionais.<\/p>\n<p>Nesse contexto amea\u00e7ador a volta ao poder de Donald Trump nos EUA introduz um complicador em um sistema internacional j\u00e1 t\u00e3o abalado e fragilizado. As declara\u00e7\u00f5es recentes do presidente eleito americano de anexa\u00e7\u00e3o do vizinho Canad\u00e1, de absor\u00e7\u00e3o da Groel\u00e2ndia e da reocupa\u00e7\u00e3o do Canal do Panam\u00e1 sem descartar o uso de for\u00e7a militar faz ressurgir uma faceta antiga do imperialismo na forma da chamada \u201cdiplomacia das canhoneiras\u201d, baseada na no\u00e7\u00e3o da Escola Realista das Rela\u00e7\u00f5es Internacionais, que prioriza a seguran\u00e7a do Estado-na\u00e7\u00e3o e o interesse nacional sobre princ\u00edpios morais ou legais internacionais.<\/p>\n<p>Em outras palavras, a diplomacia das canhoneiras pode ser entendida como um m\u00e9todo de intimida\u00e7\u00e3o ou interven\u00e7\u00e3o em assuntos internos de outros pa\u00edses por meio da mobiliza\u00e7\u00e3o de for\u00e7a militar para, sem recorrer \u00e0 declara\u00e7\u00e3o formal de guerra, perseguir objetivos nacionais expansionistas em terceiros pa\u00edses. Tal m\u00e9todo serviu tanto \u00e0 preserva\u00e7\u00e3o de vantagens quanto \u00e0 tentativa de evitar perdas no exterior.<\/p>\n<p>Como exemplos hist\u00f3ricos da diplomacia das canhoneiras podem-se citar a abertura for\u00e7ada do Jap\u00e3o pelo comodoro Matthew Perry dos EUA, entre 1853 e 1854; a crise de Agadir, em 1911, quando a Alemanha enviou navio de guerra para o porto marroquino de Agadir; a Guerra do \u00d3pio na China, em 1840 e 1856; A Quest\u00e3o Christie, entre o Imp\u00e9rio do Brasil e o Imp\u00e9rio Brit\u00e2nico, entre 1862 e 1865; a interven\u00e7\u00e3o da Fran\u00e7a no M\u00e9xico em 1861 e a ocupa\u00e7\u00e3o brit\u00e2nica da ilha brasileira da Trindade em 1895.<\/p>\n<p>Embora o per\u00edodo cl\u00e1ssico da diplomacia das canhoneiras j\u00e1 tenha passado, \u00e9 inquietante a volta nas declara\u00e7\u00f5es p\u00fablicas de amea\u00e7a de uso de for\u00e7a militar como instrumento de coer\u00e7\u00e3o na pol\u00edtica externa pelo novo governo estadunidense. \u00a0Sobretudo se essa amea\u00e7a fosse eventualmente empregada para a mudan\u00e7a for\u00e7ada de governos, como seria no caso da Venezuela e seu contestado regime do presidente Nicol\u00e1s Maduro.<\/p>\n<p>Em suma, manifesta\u00e7\u00f5es como essas do Sr. Trump em prol de anexar territ\u00f3rios de outras na\u00e7\u00f5es sob o pretexto de garantir os interesses econ\u00f4micos e a seguran\u00e7a de seu pa\u00eds devem ser rebatidas com veem\u00eancia nos f\u00f3runs internacionais. A trucul\u00eancia e o desrespeito \u00e0 soberania dos Estados-na\u00e7\u00f5es n\u00e3o podem prevalecer no sistema de governan\u00e7a global. O retrocesso civilizacional na conviv\u00eancia entre os diversos pa\u00edses precisa ser combatido a todo o custo e o di\u00e1logo pela paz e a busca da coopera\u00e7\u00e3o deve prevalecer nas rela\u00e7\u00f5es entre Estados e povos.<\/p>\n","protected":false},"excerpt":{"rendered":"<p>por\u00a0Jos\u00e9 Nelson Bessa Maia, doutor em rela\u00e7\u00f5es internacionais e ex-secret\u00e1rio de assuntos internacionais do governo do estado do Cear\u00e1 O mundo chega ao final do primeiro quartel do s\u00e9culo XXI numa situa\u00e7\u00e3o de fragmenta\u00e7\u00e3o econ\u00f4mica, com uma velha ordem internacional&#8230;<\/p>\n","protected":false},"author":2,"featured_media":0,"comment_status":"open","ping_status":"open","sticky":false,"template":"","format":"standard","meta":{"footnotes":""},"categories":[7],"tags":[],"class_list":["post-7461","post","type-post","status-publish","format-standard","hentry","category-visao"],"yoast_head":"<!-- This site is optimized with the Yoast SEO plugin v27.4 - https:\/\/yoast.com\/product\/yoast-seo-wordpress\/ -->\n<title>A volta da Diplomacia das Canhoneiras? - CRI e Diario de Pernambuco<\/title>\n<meta name=\"robots\" content=\"index, follow, max-snippet:-1, max-image-preview:large, max-video-preview:-1\" \/>\n<link rel=\"canonical\" href=\"https:\/\/diariodepe.com.br\/cri\/2025\/01\/17\/a-volta-da-diplomacia-das-canhoneiras\/\" \/>\n<meta property=\"og:locale\" content=\"pt_BR\" \/>\n<meta property=\"og:type\" content=\"article\" \/>\n<meta property=\"og:title\" content=\"A volta da Diplomacia das Canhoneiras? - CRI e Diario de Pernambuco\" \/>\n<meta property=\"og:description\" content=\"por\u00a0Jos\u00e9 Nelson Bessa Maia, doutor em rela\u00e7\u00f5es internacionais e ex-secret\u00e1rio de assuntos internacionais do governo do estado do Cear\u00e1 O mundo chega ao final do primeiro quartel do s\u00e9culo XXI numa situa\u00e7\u00e3o de fragmenta\u00e7\u00e3o econ\u00f4mica, com uma velha ordem internacional...\" \/>\n<meta property=\"og:url\" content=\"https:\/\/diariodepe.com.br\/cri\/2025\/01\/17\/a-volta-da-diplomacia-das-canhoneiras\/\" \/>\n<meta property=\"og:site_name\" content=\"CRI e Diario de Pernambuco\" \/>\n<meta property=\"article:published_time\" content=\"2025-01-17T03:18:06+00:00\" \/>\n<meta property=\"og:image\" content=\"https:\/\/38picres.cgtn.com\/photoAlbum\/page\/performance\/img\/2025\/1\/16\/1736995467987_949.png\" \/>\n<meta name=\"author\" content=\"Ismael Lucas S. Pereira\" \/>\n<meta name=\"twitter:card\" content=\"summary_large_image\" \/>\n<meta name=\"twitter:label1\" content=\"Escrito por\" \/>\n\t<meta name=\"twitter:data1\" content=\"Ismael Lucas S. Pereira\" \/>\n\t<meta name=\"twitter:label2\" content=\"Est. tempo de leitura\" \/>\n\t<meta name=\"twitter:data2\" content=\"3 minutos\" \/>\n<script type=\"application\/ld+json\" class=\"yoast-schema-graph\">{\"@context\":\"https:\\\/\\\/schema.org\",\"@graph\":[{\"@type\":\"Article\",\"@id\":\"https:\\\/\\\/diariodepe.com.br\\\/cri\\\/2025\\\/01\\\/17\\\/a-volta-da-diplomacia-das-canhoneiras\\\/#article\",\"isPartOf\":{\"@id\":\"https:\\\/\\\/diariodepe.com.br\\\/cri\\\/2025\\\/01\\\/17\\\/a-volta-da-diplomacia-das-canhoneiras\\\/\"},\"author\":{\"name\":\"Ismael Lucas S. Pereira\",\"@id\":\"https:\\\/\\\/diariodepe.com.br\\\/cri\\\/#\\\/schema\\\/person\\\/121bb28d84f1a5b1205ef4ce9c2e0c6b\"},\"headline\":\"A volta da Diplomacia das Canhoneiras?\",\"datePublished\":\"2025-01-17T03:18:06+00:00\",\"mainEntityOfPage\":{\"@id\":\"https:\\\/\\\/diariodepe.com.br\\\/cri\\\/2025\\\/01\\\/17\\\/a-volta-da-diplomacia-das-canhoneiras\\\/\"},\"wordCount\":551,\"commentCount\":0,\"publisher\":{\"@id\":\"https:\\\/\\\/diariodepe.com.br\\\/cri\\\/#organization\"},\"image\":{\"@id\":\"https:\\\/\\\/diariodepe.com.br\\\/cri\\\/2025\\\/01\\\/17\\\/a-volta-da-diplomacia-das-canhoneiras\\\/#primaryimage\"},\"thumbnailUrl\":\"https:\\\/\\\/38picres.cgtn.com\\\/photoAlbum\\\/page\\\/performance\\\/img\\\/2025\\\/1\\\/16\\\/1736995467987_949.png\",\"articleSection\":[\"Vis\u00e3o\"],\"inLanguage\":\"pt-BR\",\"potentialAction\":[{\"@type\":\"CommentAction\",\"name\":\"Comment\",\"target\":[\"https:\\\/\\\/diariodepe.com.br\\\/cri\\\/2025\\\/01\\\/17\\\/a-volta-da-diplomacia-das-canhoneiras\\\/#respond\"]}]},{\"@type\":\"WebPage\",\"@id\":\"https:\\\/\\\/diariodepe.com.br\\\/cri\\\/2025\\\/01\\\/17\\\/a-volta-da-diplomacia-das-canhoneiras\\\/\",\"url\":\"https:\\\/\\\/diariodepe.com.br\\\/cri\\\/2025\\\/01\\\/17\\\/a-volta-da-diplomacia-das-canhoneiras\\\/\",\"name\":\"A volta da Diplomacia das Canhoneiras? - CRI e Diario de Pernambuco\",\"isPartOf\":{\"@id\":\"https:\\\/\\\/diariodepe.com.br\\\/cri\\\/#website\"},\"primaryImageOfPage\":{\"@id\":\"https:\\\/\\\/diariodepe.com.br\\\/cri\\\/2025\\\/01\\\/17\\\/a-volta-da-diplomacia-das-canhoneiras\\\/#primaryimage\"},\"image\":{\"@id\":\"https:\\\/\\\/diariodepe.com.br\\\/cri\\\/2025\\\/01\\\/17\\\/a-volta-da-diplomacia-das-canhoneiras\\\/#primaryimage\"},\"thumbnailUrl\":\"https:\\\/\\\/38picres.cgtn.com\\\/photoAlbum\\\/page\\\/performance\\\/img\\\/2025\\\/1\\\/16\\\/1736995467987_949.png\",\"datePublished\":\"2025-01-17T03:18:06+00:00\",\"breadcrumb\":{\"@id\":\"https:\\\/\\\/diariodepe.com.br\\\/cri\\\/2025\\\/01\\\/17\\\/a-volta-da-diplomacia-das-canhoneiras\\\/#breadcrumb\"},\"inLanguage\":\"pt-BR\",\"potentialAction\":[{\"@type\":\"ReadAction\",\"target\":[\"https:\\\/\\\/diariodepe.com.br\\\/cri\\\/2025\\\/01\\\/17\\\/a-volta-da-diplomacia-das-canhoneiras\\\/\"]}]},{\"@type\":\"ImageObject\",\"inLanguage\":\"pt-BR\",\"@id\":\"https:\\\/\\\/diariodepe.com.br\\\/cri\\\/2025\\\/01\\\/17\\\/a-volta-da-diplomacia-das-canhoneiras\\\/#primaryimage\",\"url\":\"https:\\\/\\\/38picres.cgtn.com\\\/photoAlbum\\\/page\\\/performance\\\/img\\\/2025\\\/1\\\/16\\\/1736995467987_949.png\",\"contentUrl\":\"https:\\\/\\\/38picres.cgtn.com\\\/photoAlbum\\\/page\\\/performance\\\/img\\\/2025\\\/1\\\/16\\\/1736995467987_949.png\"},{\"@type\":\"BreadcrumbList\",\"@id\":\"https:\\\/\\\/diariodepe.com.br\\\/cri\\\/2025\\\/01\\\/17\\\/a-volta-da-diplomacia-das-canhoneiras\\\/#breadcrumb\",\"itemListElement\":[{\"@type\":\"ListItem\",\"position\":1,\"name\":\"In\u00edcio\",\"item\":\"https:\\\/\\\/diariodepe.com.br\\\/cri\\\/\"},{\"@type\":\"ListItem\",\"position\":2,\"name\":\"A volta da Diplomacia das Canhoneiras?\"}]},{\"@type\":\"WebSite\",\"@id\":\"https:\\\/\\\/diariodepe.com.br\\\/cri\\\/#website\",\"url\":\"https:\\\/\\\/diariodepe.com.br\\\/cri\\\/\",\"name\":\"CRI e Diario de Pernambuco\",\"description\":\"R\u00e1dio Internacional da China\",\"publisher\":{\"@id\":\"https:\\\/\\\/diariodepe.com.br\\\/cri\\\/#organization\"},\"potentialAction\":[{\"@type\":\"SearchAction\",\"target\":{\"@type\":\"EntryPoint\",\"urlTemplate\":\"https:\\\/\\\/diariodepe.com.br\\\/cri\\\/?s={search_term_string}\"},\"query-input\":{\"@type\":\"PropertyValueSpecification\",\"valueRequired\":true,\"valueName\":\"search_term_string\"}}],\"inLanguage\":\"pt-BR\"},{\"@type\":\"Organization\",\"@id\":\"https:\\\/\\\/diariodepe.com.br\\\/cri\\\/#organization\",\"name\":\"CRI e Diario de Pernambuco\",\"url\":\"https:\\\/\\\/diariodepe.com.br\\\/cri\\\/\",\"logo\":{\"@type\":\"ImageObject\",\"inLanguage\":\"pt-BR\",\"@id\":\"https:\\\/\\\/diariodepe.com.br\\\/cri\\\/#\\\/schema\\\/logo\\\/image\\\/\",\"url\":\"https:\\\/\\\/diariodepe.com.br\\\/cri\\\/wp-content\\\/uploads\\\/sites\\\/2\\\/2022\\\/12\\\/cropped-Logo.jpg\",\"contentUrl\":\"https:\\\/\\\/diariodepe.com.br\\\/cri\\\/wp-content\\\/uploads\\\/sites\\\/2\\\/2022\\\/12\\\/cropped-Logo.jpg\",\"width\":700,\"height\":59,\"caption\":\"CRI e Diario de Pernambuco\"},\"image\":{\"@id\":\"https:\\\/\\\/diariodepe.com.br\\\/cri\\\/#\\\/schema\\\/logo\\\/image\\\/\"}},{\"@type\":\"Person\",\"@id\":\"https:\\\/\\\/diariodepe.com.br\\\/cri\\\/#\\\/schema\\\/person\\\/121bb28d84f1a5b1205ef4ce9c2e0c6b\",\"name\":\"Ismael Lucas S. Pereira\",\"image\":{\"@type\":\"ImageObject\",\"inLanguage\":\"pt-BR\",\"@id\":\"https:\\\/\\\/secure.gravatar.com\\\/avatar\\\/887a0f3b5a7ceea963a48499fb883ffce6b5037362def025c52c2505b15d63e4?s=96&d=mm&r=g\",\"url\":\"https:\\\/\\\/secure.gravatar.com\\\/avatar\\\/887a0f3b5a7ceea963a48499fb883ffce6b5037362def025c52c2505b15d63e4?s=96&d=mm&r=g\",\"contentUrl\":\"https:\\\/\\\/secure.gravatar.com\\\/avatar\\\/887a0f3b5a7ceea963a48499fb883ffce6b5037362def025c52c2505b15d63e4?s=96&d=mm&r=g\",\"caption\":\"Ismael Lucas S. Pereira\"},\"url\":\"https:\\\/\\\/diariodepe.com.br\\\/cri\\\/author\\\/ismael-lucas\\\/\"}]}<\/script>\n<!-- \/ Yoast SEO plugin. -->","yoast_head_json":{"title":"A volta da Diplomacia das Canhoneiras? - CRI e Diario de Pernambuco","robots":{"index":"index","follow":"follow","max-snippet":"max-snippet:-1","max-image-preview":"max-image-preview:large","max-video-preview":"max-video-preview:-1"},"canonical":"https:\/\/diariodepe.com.br\/cri\/2025\/01\/17\/a-volta-da-diplomacia-das-canhoneiras\/","og_locale":"pt_BR","og_type":"article","og_title":"A volta da Diplomacia das Canhoneiras? - CRI e Diario de Pernambuco","og_description":"por\u00a0Jos\u00e9 Nelson Bessa Maia, doutor em rela\u00e7\u00f5es internacionais e ex-secret\u00e1rio de assuntos internacionais do governo do estado do Cear\u00e1 O mundo chega ao final do primeiro quartel do s\u00e9culo XXI numa situa\u00e7\u00e3o de fragmenta\u00e7\u00e3o econ\u00f4mica, com uma velha ordem internacional...","og_url":"https:\/\/diariodepe.com.br\/cri\/2025\/01\/17\/a-volta-da-diplomacia-das-canhoneiras\/","og_site_name":"CRI e Diario de Pernambuco","article_published_time":"2025-01-17T03:18:06+00:00","og_image":[{"url":"https:\/\/38picres.cgtn.com\/photoAlbum\/page\/performance\/img\/2025\/1\/16\/1736995467987_949.png","type":"","width":"","height":""}],"author":"Ismael Lucas S. Pereira","twitter_card":"summary_large_image","twitter_misc":{"Escrito por":"Ismael Lucas S. Pereira","Est. tempo de leitura":"3 minutos"},"schema":{"@context":"https:\/\/schema.org","@graph":[{"@type":"Article","@id":"https:\/\/diariodepe.com.br\/cri\/2025\/01\/17\/a-volta-da-diplomacia-das-canhoneiras\/#article","isPartOf":{"@id":"https:\/\/diariodepe.com.br\/cri\/2025\/01\/17\/a-volta-da-diplomacia-das-canhoneiras\/"},"author":{"name":"Ismael Lucas S. Pereira","@id":"https:\/\/diariodepe.com.br\/cri\/#\/schema\/person\/121bb28d84f1a5b1205ef4ce9c2e0c6b"},"headline":"A volta da Diplomacia das Canhoneiras?","datePublished":"2025-01-17T03:18:06+00:00","mainEntityOfPage":{"@id":"https:\/\/diariodepe.com.br\/cri\/2025\/01\/17\/a-volta-da-diplomacia-das-canhoneiras\/"},"wordCount":551,"commentCount":0,"publisher":{"@id":"https:\/\/diariodepe.com.br\/cri\/#organization"},"image":{"@id":"https:\/\/diariodepe.com.br\/cri\/2025\/01\/17\/a-volta-da-diplomacia-das-canhoneiras\/#primaryimage"},"thumbnailUrl":"https:\/\/38picres.cgtn.com\/photoAlbum\/page\/performance\/img\/2025\/1\/16\/1736995467987_949.png","articleSection":["Vis\u00e3o"],"inLanguage":"pt-BR","potentialAction":[{"@type":"CommentAction","name":"Comment","target":["https:\/\/diariodepe.com.br\/cri\/2025\/01\/17\/a-volta-da-diplomacia-das-canhoneiras\/#respond"]}]},{"@type":"WebPage","@id":"https:\/\/diariodepe.com.br\/cri\/2025\/01\/17\/a-volta-da-diplomacia-das-canhoneiras\/","url":"https:\/\/diariodepe.com.br\/cri\/2025\/01\/17\/a-volta-da-diplomacia-das-canhoneiras\/","name":"A volta da Diplomacia das Canhoneiras? - CRI e Diario de Pernambuco","isPartOf":{"@id":"https:\/\/diariodepe.com.br\/cri\/#website"},"primaryImageOfPage":{"@id":"https:\/\/diariodepe.com.br\/cri\/2025\/01\/17\/a-volta-da-diplomacia-das-canhoneiras\/#primaryimage"},"image":{"@id":"https:\/\/diariodepe.com.br\/cri\/2025\/01\/17\/a-volta-da-diplomacia-das-canhoneiras\/#primaryimage"},"thumbnailUrl":"https:\/\/38picres.cgtn.com\/photoAlbum\/page\/performance\/img\/2025\/1\/16\/1736995467987_949.png","datePublished":"2025-01-17T03:18:06+00:00","breadcrumb":{"@id":"https:\/\/diariodepe.com.br\/cri\/2025\/01\/17\/a-volta-da-diplomacia-das-canhoneiras\/#breadcrumb"},"inLanguage":"pt-BR","potentialAction":[{"@type":"ReadAction","target":["https:\/\/diariodepe.com.br\/cri\/2025\/01\/17\/a-volta-da-diplomacia-das-canhoneiras\/"]}]},{"@type":"ImageObject","inLanguage":"pt-BR","@id":"https:\/\/diariodepe.com.br\/cri\/2025\/01\/17\/a-volta-da-diplomacia-das-canhoneiras\/#primaryimage","url":"https:\/\/38picres.cgtn.com\/photoAlbum\/page\/performance\/img\/2025\/1\/16\/1736995467987_949.png","contentUrl":"https:\/\/38picres.cgtn.com\/photoAlbum\/page\/performance\/img\/2025\/1\/16\/1736995467987_949.png"},{"@type":"BreadcrumbList","@id":"https:\/\/diariodepe.com.br\/cri\/2025\/01\/17\/a-volta-da-diplomacia-das-canhoneiras\/#breadcrumb","itemListElement":[{"@type":"ListItem","position":1,"name":"In\u00edcio","item":"https:\/\/diariodepe.com.br\/cri\/"},{"@type":"ListItem","position":2,"name":"A volta da Diplomacia das Canhoneiras?"}]},{"@type":"WebSite","@id":"https:\/\/diariodepe.com.br\/cri\/#website","url":"https:\/\/diariodepe.com.br\/cri\/","name":"CRI e Diario de Pernambuco","description":"R\u00e1dio Internacional da China","publisher":{"@id":"https:\/\/diariodepe.com.br\/cri\/#organization"},"potentialAction":[{"@type":"SearchAction","target":{"@type":"EntryPoint","urlTemplate":"https:\/\/diariodepe.com.br\/cri\/?s={search_term_string}"},"query-input":{"@type":"PropertyValueSpecification","valueRequired":true,"valueName":"search_term_string"}}],"inLanguage":"pt-BR"},{"@type":"Organization","@id":"https:\/\/diariodepe.com.br\/cri\/#organization","name":"CRI e Diario de Pernambuco","url":"https:\/\/diariodepe.com.br\/cri\/","logo":{"@type":"ImageObject","inLanguage":"pt-BR","@id":"https:\/\/diariodepe.com.br\/cri\/#\/schema\/logo\/image\/","url":"https:\/\/diariodepe.com.br\/cri\/wp-content\/uploads\/sites\/2\/2022\/12\/cropped-Logo.jpg","contentUrl":"https:\/\/diariodepe.com.br\/cri\/wp-content\/uploads\/sites\/2\/2022\/12\/cropped-Logo.jpg","width":700,"height":59,"caption":"CRI e Diario de Pernambuco"},"image":{"@id":"https:\/\/diariodepe.com.br\/cri\/#\/schema\/logo\/image\/"}},{"@type":"Person","@id":"https:\/\/diariodepe.com.br\/cri\/#\/schema\/person\/121bb28d84f1a5b1205ef4ce9c2e0c6b","name":"Ismael Lucas S. Pereira","image":{"@type":"ImageObject","inLanguage":"pt-BR","@id":"https:\/\/secure.gravatar.com\/avatar\/887a0f3b5a7ceea963a48499fb883ffce6b5037362def025c52c2505b15d63e4?s=96&d=mm&r=g","url":"https:\/\/secure.gravatar.com\/avatar\/887a0f3b5a7ceea963a48499fb883ffce6b5037362def025c52c2505b15d63e4?s=96&d=mm&r=g","contentUrl":"https:\/\/secure.gravatar.com\/avatar\/887a0f3b5a7ceea963a48499fb883ffce6b5037362def025c52c2505b15d63e4?s=96&d=mm&r=g","caption":"Ismael Lucas S. Pereira"},"url":"https:\/\/diariodepe.com.br\/cri\/author\/ismael-lucas\/"}]}},"cc_featured_image_caption":{"caption_text":false,"source_text":false,"source_url":false},"amp_enabled":true,"_links":{"self":[{"href":"https:\/\/diariodepe.com.br\/cri\/wp-json\/wp\/v2\/posts\/7461","targetHints":{"allow":["GET"]}}],"collection":[{"href":"https:\/\/diariodepe.com.br\/cri\/wp-json\/wp\/v2\/posts"}],"about":[{"href":"https:\/\/diariodepe.com.br\/cri\/wp-json\/wp\/v2\/types\/post"}],"author":[{"embeddable":true,"href":"https:\/\/diariodepe.com.br\/cri\/wp-json\/wp\/v2\/users\/2"}],"replies":[{"embeddable":true,"href":"https:\/\/diariodepe.com.br\/cri\/wp-json\/wp\/v2\/comments?post=7461"}],"version-history":[{"count":1,"href":"https:\/\/diariodepe.com.br\/cri\/wp-json\/wp\/v2\/posts\/7461\/revisions"}],"predecessor-version":[{"id":7462,"href":"https:\/\/diariodepe.com.br\/cri\/wp-json\/wp\/v2\/posts\/7461\/revisions\/7462"}],"wp:attachment":[{"href":"https:\/\/diariodepe.com.br\/cri\/wp-json\/wp\/v2\/media?parent=7461"}],"wp:term":[{"taxonomy":"category","embeddable":true,"href":"https:\/\/diariodepe.com.br\/cri\/wp-json\/wp\/v2\/categories?post=7461"},{"taxonomy":"post_tag","embeddable":true,"href":"https:\/\/diariodepe.com.br\/cri\/wp-json\/wp\/v2\/tags?post=7461"}],"curies":[{"name":"wp","href":"https:\/\/api.w.org\/{rel}","templated":true}]}}