{"id":7459,"date":"2025-01-16T23:02:01","date_gmt":"2025-01-17T02:02:01","guid":{"rendered":"https:\/\/diariodepe.com.br\/cri\/?p=7459"},"modified":"2025-01-16T23:02:01","modified_gmt":"2025-01-17T02:02:01","slug":"governanca-global-requer-comprometimento-de-china-e-eua","status":"publish","type":"post","link":"https:\/\/diariodepe.com.br\/cri\/2025\/01\/16\/governanca-global-requer-comprometimento-de-china-e-eua\/","title":{"rendered":"Governan\u00e7a global requer comprometimento de China e EUA"},"content":{"rendered":"<p><span lang=\"PT-BR\">Com a aproxima\u00e7\u00e3o da posse do novo governo dos Estados Unidos, fica cada vez mais evidente a import\u00e2ncia da coopera\u00e7\u00e3o China-EUA para lidar com os desafios globais.<\/span><\/p>\n<p><span lang=\"PT-BR\">O jornal russo, Nezavisimaya Gazeta, divulgou recentemente um coment\u00e1rio, dizendo que a coexist\u00eancia pac\u00edfica entre as duas pot\u00eancias (China e EUA) \u00e9 ben\u00e9fica para o mundo inteiro.<\/span><\/p>\n<p><span lang=\"PT-BR\">O jornal do Paquist\u00e3o, Daily Times, publicou tamb\u00e9m que a coopera\u00e7\u00e3o sino-estadunidense pode ajudar ambos os pa\u00edses a enfrentar em conjunto os desafios globais e a beneficiar toda a popula\u00e7\u00e3o mundial.<\/span><\/p>\n<p><span lang=\"PT-BR\">Em sua recente visita \u00e0 China, o famoso escritor Thomas L. Friedman, disse que para um s\u00e9culo XXI est\u00e1vel \u00e9 fundamental a colabora\u00e7\u00e3o entre EUA e China.<\/span><\/p>\n<p><span lang=\"PT-BR\">O que as duas maiores economias do planeta devem fazer para atender \u00e0s expectativas da comunidade internacional? A hist\u00f3ria \u00e9 a melhor refer\u00eancia. H\u00e1 80 anos, os dois pa\u00edses lutaram lado a lado pela paz e venceram a Guerra Mundial Antifascista.<\/span><\/p>\n<p><img decoding=\"async\" src=\"https:\/\/38picres.cgtn.com\/photoAlbum\/page\/performance\/img\/2025\/1\/16\/1736999261551_531.jpg\" width=\"100%\" height=\"auto\" \/><\/p>\n<p><span lang=\"PT-BR\">Atualmente, a crise uraniana, a expans\u00e3o do conflito Palestina-Israel, e muitos outros confrontos regionais consistem em uma grande amea\u00e7a \u00e0 paz e \u00e0 seguran\u00e7a do mundo. Neste contexto, o n\u00e3o conflito, o n\u00e3o confronto e a coexist\u00eancia pac\u00edfica entre China e Estados Unidos contribuem consideravelmente para esta grande causa da humanidade.<\/span><\/p>\n<p><span lang=\"PT-BR\">O professor da Universidade de Assuntos Estrangeiros da China, Li Donghai, ressaltou que a coordena\u00e7\u00e3o e a coopera\u00e7\u00e3o entre os dois pa\u00edses em prevenir a prolifera\u00e7\u00e3o nuclear s\u00e3o de suma import\u00e2ncia para a estabilidade mundial, destacando que ambos t\u00eam a responsabilidade de mediar os conflitos regionais.<\/span><\/p>\n<p><span lang=\"PT-BR\">O desenvolvimento \u00e9 a garantia da paz. Quando a grande crise financeira internacional ocorreu em 2008, a China e os Estados Unidos, juntamente com outros membros do G20, conseguiram reverter o impasse econ\u00f4mico mundial. Nos dias de hoje, para que haja uma efetiva recupera\u00e7\u00e3o e desenvolvimento da economia global, ainda \u00e9 necess\u00e1rio que os dois pa\u00edses unam for\u00e7as, uma vez que representam mais de um ter\u00e7o da economia do planeta.<\/span><\/p>\n<p><span lang=\"PT-BR\">Com grandes poderes, v\u00eam grandes responsabilidades. Assim como lutaram de m\u00e3os dadas h\u00e1 80 anos, hoje em dia, diante de mudan\u00e7as n\u00e3o vistas em um s\u00e9culo, as duas na\u00e7\u00f5es ainda precisam assumir suas responsabilidades perante a hist\u00f3ria, os povos e o mundo como um todo, realizar uma coopera\u00e7\u00e3o mutuamente ben\u00e9fica, promover a solidariedade, al\u00e9m de injetar estabilidade e energia positiva em um cen\u00e1rio global de turbul\u00eancia e caos.<\/span><\/p>\n<p><span lang=\"PT-BR\">No encontro com o presidente estadunidense, Joe Biden, em novembro do ano passado em Lima, capital do Peru, o presidente chin\u00eas, Xi Jinping, resumiu extensivamente as experi\u00eancias dos interc\u00e2mbios entre os dois pa\u00edses, apontando a dire\u00e7\u00e3o para o futuro das rela\u00e7\u00f5es bilaterais.<\/span><\/p>\n","protected":false},"excerpt":{"rendered":"<p>Com a aproxima\u00e7\u00e3o da posse do novo governo dos Estados Unidos, fica cada vez mais evidente a import\u00e2ncia da coopera\u00e7\u00e3o China-EUA para lidar com os desafios globais. O jornal russo, Nezavisimaya Gazeta, divulgou recentemente um coment\u00e1rio, dizendo que a coexist\u00eancia&#8230;<\/p>\n","protected":false},"author":2,"featured_media":0,"comment_status":"open","ping_status":"open","sticky":false,"template":"","format":"standard","meta":{"footnotes":""},"categories":[7],"tags":[],"class_list":["post-7459","post","type-post","status-publish","format-standard","hentry","category-visao"],"yoast_head":"<!-- This site is optimized with the Yoast SEO plugin v27.4 - https:\/\/yoast.com\/product\/yoast-seo-wordpress\/ -->\n<title>Governan\u00e7a global requer comprometimento de China e EUA - CRI e Diario de Pernambuco<\/title>\n<meta name=\"robots\" content=\"index, follow, max-snippet:-1, max-image-preview:large, max-video-preview:-1\" \/>\n<link rel=\"canonical\" href=\"https:\/\/diariodepe.com.br\/cri\/2025\/01\/16\/governanca-global-requer-comprometimento-de-china-e-eua\/\" \/>\n<meta property=\"og:locale\" content=\"pt_BR\" \/>\n<meta property=\"og:type\" content=\"article\" \/>\n<meta property=\"og:title\" content=\"Governan\u00e7a global requer comprometimento de China e EUA - CRI e Diario de Pernambuco\" \/>\n<meta property=\"og:description\" content=\"Com a aproxima\u00e7\u00e3o da posse do novo governo dos Estados Unidos, fica cada vez mais evidente a import\u00e2ncia da coopera\u00e7\u00e3o China-EUA para lidar com os desafios globais. O jornal russo, Nezavisimaya Gazeta, divulgou recentemente um coment\u00e1rio, dizendo que a coexist\u00eancia...\" \/>\n<meta property=\"og:url\" content=\"https:\/\/diariodepe.com.br\/cri\/2025\/01\/16\/governanca-global-requer-comprometimento-de-china-e-eua\/\" \/>\n<meta property=\"og:site_name\" content=\"CRI e Diario de Pernambuco\" \/>\n<meta property=\"article:published_time\" content=\"2025-01-17T02:02:01+00:00\" \/>\n<meta property=\"og:image\" content=\"https:\/\/38picres.cgtn.com\/photoAlbum\/page\/performance\/img\/2025\/1\/16\/1736999261551_531.jpg\" \/>\n<meta name=\"author\" content=\"Ismael Lucas S. Pereira\" \/>\n<meta name=\"twitter:card\" content=\"summary_large_image\" \/>\n<meta name=\"twitter:label1\" content=\"Escrito por\" \/>\n\t<meta name=\"twitter:data1\" content=\"Ismael Lucas S. Pereira\" \/>\n\t<meta name=\"twitter:label2\" content=\"Est. tempo de leitura\" \/>\n\t<meta name=\"twitter:data2\" content=\"3 minutos\" \/>\n<script type=\"application\/ld+json\" class=\"yoast-schema-graph\">{\"@context\":\"https:\\\/\\\/schema.org\",\"@graph\":[{\"@type\":\"Article\",\"@id\":\"https:\\\/\\\/diariodepe.com.br\\\/cri\\\/2025\\\/01\\\/16\\\/governanca-global-requer-comprometimento-de-china-e-eua\\\/#article\",\"isPartOf\":{\"@id\":\"https:\\\/\\\/diariodepe.com.br\\\/cri\\\/2025\\\/01\\\/16\\\/governanca-global-requer-comprometimento-de-china-e-eua\\\/\"},\"author\":{\"name\":\"Ismael Lucas S. Pereira\",\"@id\":\"https:\\\/\\\/diariodepe.com.br\\\/cri\\\/#\\\/schema\\\/person\\\/121bb28d84f1a5b1205ef4ce9c2e0c6b\"},\"headline\":\"Governan\u00e7a global requer comprometimento de China e EUA\",\"datePublished\":\"2025-01-17T02:02:01+00:00\",\"mainEntityOfPage\":{\"@id\":\"https:\\\/\\\/diariodepe.com.br\\\/cri\\\/2025\\\/01\\\/16\\\/governanca-global-requer-comprometimento-de-china-e-eua\\\/\"},\"wordCount\":485,\"commentCount\":0,\"publisher\":{\"@id\":\"https:\\\/\\\/diariodepe.com.br\\\/cri\\\/#organization\"},\"image\":{\"@id\":\"https:\\\/\\\/diariodepe.com.br\\\/cri\\\/2025\\\/01\\\/16\\\/governanca-global-requer-comprometimento-de-china-e-eua\\\/#primaryimage\"},\"thumbnailUrl\":\"https:\\\/\\\/38picres.cgtn.com\\\/photoAlbum\\\/page\\\/performance\\\/img\\\/2025\\\/1\\\/16\\\/1736999261551_531.jpg\",\"articleSection\":[\"Vis\u00e3o\"],\"inLanguage\":\"pt-BR\",\"potentialAction\":[{\"@type\":\"CommentAction\",\"name\":\"Comment\",\"target\":[\"https:\\\/\\\/diariodepe.com.br\\\/cri\\\/2025\\\/01\\\/16\\\/governanca-global-requer-comprometimento-de-china-e-eua\\\/#respond\"]}]},{\"@type\":\"WebPage\",\"@id\":\"https:\\\/\\\/diariodepe.com.br\\\/cri\\\/2025\\\/01\\\/16\\\/governanca-global-requer-comprometimento-de-china-e-eua\\\/\",\"url\":\"https:\\\/\\\/diariodepe.com.br\\\/cri\\\/2025\\\/01\\\/16\\\/governanca-global-requer-comprometimento-de-china-e-eua\\\/\",\"name\":\"Governan\u00e7a global requer comprometimento de China e EUA - CRI e Diario de Pernambuco\",\"isPartOf\":{\"@id\":\"https:\\\/\\\/diariodepe.com.br\\\/cri\\\/#website\"},\"primaryImageOfPage\":{\"@id\":\"https:\\\/\\\/diariodepe.com.br\\\/cri\\\/2025\\\/01\\\/16\\\/governanca-global-requer-comprometimento-de-china-e-eua\\\/#primaryimage\"},\"image\":{\"@id\":\"https:\\\/\\\/diariodepe.com.br\\\/cri\\\/2025\\\/01\\\/16\\\/governanca-global-requer-comprometimento-de-china-e-eua\\\/#primaryimage\"},\"thumbnailUrl\":\"https:\\\/\\\/38picres.cgtn.com\\\/photoAlbum\\\/page\\\/performance\\\/img\\\/2025\\\/1\\\/16\\\/1736999261551_531.jpg\",\"datePublished\":\"2025-01-17T02:02:01+00:00\",\"breadcrumb\":{\"@id\":\"https:\\\/\\\/diariodepe.com.br\\\/cri\\\/2025\\\/01\\\/16\\\/governanca-global-requer-comprometimento-de-china-e-eua\\\/#breadcrumb\"},\"inLanguage\":\"pt-BR\",\"potentialAction\":[{\"@type\":\"ReadAction\",\"target\":[\"https:\\\/\\\/diariodepe.com.br\\\/cri\\\/2025\\\/01\\\/16\\\/governanca-global-requer-comprometimento-de-china-e-eua\\\/\"]}]},{\"@type\":\"ImageObject\",\"inLanguage\":\"pt-BR\",\"@id\":\"https:\\\/\\\/diariodepe.com.br\\\/cri\\\/2025\\\/01\\\/16\\\/governanca-global-requer-comprometimento-de-china-e-eua\\\/#primaryimage\",\"url\":\"https:\\\/\\\/38picres.cgtn.com\\\/photoAlbum\\\/page\\\/performance\\\/img\\\/2025\\\/1\\\/16\\\/1736999261551_531.jpg\",\"contentUrl\":\"https:\\\/\\\/38picres.cgtn.com\\\/photoAlbum\\\/page\\\/performance\\\/img\\\/2025\\\/1\\\/16\\\/1736999261551_531.jpg\"},{\"@type\":\"BreadcrumbList\",\"@id\":\"https:\\\/\\\/diariodepe.com.br\\\/cri\\\/2025\\\/01\\\/16\\\/governanca-global-requer-comprometimento-de-china-e-eua\\\/#breadcrumb\",\"itemListElement\":[{\"@type\":\"ListItem\",\"position\":1,\"name\":\"In\u00edcio\",\"item\":\"https:\\\/\\\/diariodepe.com.br\\\/cri\\\/\"},{\"@type\":\"ListItem\",\"position\":2,\"name\":\"Governan\u00e7a global requer comprometimento de China e EUA\"}]},{\"@type\":\"WebSite\",\"@id\":\"https:\\\/\\\/diariodepe.com.br\\\/cri\\\/#website\",\"url\":\"https:\\\/\\\/diariodepe.com.br\\\/cri\\\/\",\"name\":\"CRI e Diario de Pernambuco\",\"description\":\"R\u00e1dio Internacional da China\",\"publisher\":{\"@id\":\"https:\\\/\\\/diariodepe.com.br\\\/cri\\\/#organization\"},\"potentialAction\":[{\"@type\":\"SearchAction\",\"target\":{\"@type\":\"EntryPoint\",\"urlTemplate\":\"https:\\\/\\\/diariodepe.com.br\\\/cri\\\/?s={search_term_string}\"},\"query-input\":{\"@type\":\"PropertyValueSpecification\",\"valueRequired\":true,\"valueName\":\"search_term_string\"}}],\"inLanguage\":\"pt-BR\"},{\"@type\":\"Organization\",\"@id\":\"https:\\\/\\\/diariodepe.com.br\\\/cri\\\/#organization\",\"name\":\"CRI e Diario de Pernambuco\",\"url\":\"https:\\\/\\\/diariodepe.com.br\\\/cri\\\/\",\"logo\":{\"@type\":\"ImageObject\",\"inLanguage\":\"pt-BR\",\"@id\":\"https:\\\/\\\/diariodepe.com.br\\\/cri\\\/#\\\/schema\\\/logo\\\/image\\\/\",\"url\":\"https:\\\/\\\/diariodepe.com.br\\\/cri\\\/wp-content\\\/uploads\\\/sites\\\/2\\\/2022\\\/12\\\/cropped-Logo.jpg\",\"contentUrl\":\"https:\\\/\\\/diariodepe.com.br\\\/cri\\\/wp-content\\\/uploads\\\/sites\\\/2\\\/2022\\\/12\\\/cropped-Logo.jpg\",\"width\":700,\"height\":59,\"caption\":\"CRI e Diario de Pernambuco\"},\"image\":{\"@id\":\"https:\\\/\\\/diariodepe.com.br\\\/cri\\\/#\\\/schema\\\/logo\\\/image\\\/\"}},{\"@type\":\"Person\",\"@id\":\"https:\\\/\\\/diariodepe.com.br\\\/cri\\\/#\\\/schema\\\/person\\\/121bb28d84f1a5b1205ef4ce9c2e0c6b\",\"name\":\"Ismael Lucas S. Pereira\",\"image\":{\"@type\":\"ImageObject\",\"inLanguage\":\"pt-BR\",\"@id\":\"https:\\\/\\\/secure.gravatar.com\\\/avatar\\\/887a0f3b5a7ceea963a48499fb883ffce6b5037362def025c52c2505b15d63e4?s=96&d=mm&r=g\",\"url\":\"https:\\\/\\\/secure.gravatar.com\\\/avatar\\\/887a0f3b5a7ceea963a48499fb883ffce6b5037362def025c52c2505b15d63e4?s=96&d=mm&r=g\",\"contentUrl\":\"https:\\\/\\\/secure.gravatar.com\\\/avatar\\\/887a0f3b5a7ceea963a48499fb883ffce6b5037362def025c52c2505b15d63e4?s=96&d=mm&r=g\",\"caption\":\"Ismael Lucas S. Pereira\"},\"url\":\"https:\\\/\\\/diariodepe.com.br\\\/cri\\\/author\\\/ismael-lucas\\\/\"}]}<\/script>\n<!-- \/ Yoast SEO plugin. -->","yoast_head_json":{"title":"Governan\u00e7a global requer comprometimento de China e EUA - CRI e Diario de Pernambuco","robots":{"index":"index","follow":"follow","max-snippet":"max-snippet:-1","max-image-preview":"max-image-preview:large","max-video-preview":"max-video-preview:-1"},"canonical":"https:\/\/diariodepe.com.br\/cri\/2025\/01\/16\/governanca-global-requer-comprometimento-de-china-e-eua\/","og_locale":"pt_BR","og_type":"article","og_title":"Governan\u00e7a global requer comprometimento de China e EUA - CRI e Diario de Pernambuco","og_description":"Com a aproxima\u00e7\u00e3o da posse do novo governo dos Estados Unidos, fica cada vez mais evidente a import\u00e2ncia da coopera\u00e7\u00e3o China-EUA para lidar com os desafios globais. O jornal russo, Nezavisimaya Gazeta, divulgou recentemente um coment\u00e1rio, dizendo que a coexist\u00eancia...","og_url":"https:\/\/diariodepe.com.br\/cri\/2025\/01\/16\/governanca-global-requer-comprometimento-de-china-e-eua\/","og_site_name":"CRI e Diario de Pernambuco","article_published_time":"2025-01-17T02:02:01+00:00","og_image":[{"url":"https:\/\/38picres.cgtn.com\/photoAlbum\/page\/performance\/img\/2025\/1\/16\/1736999261551_531.jpg","type":"","width":"","height":""}],"author":"Ismael Lucas S. Pereira","twitter_card":"summary_large_image","twitter_misc":{"Escrito por":"Ismael Lucas S. Pereira","Est. tempo de leitura":"3 minutos"},"schema":{"@context":"https:\/\/schema.org","@graph":[{"@type":"Article","@id":"https:\/\/diariodepe.com.br\/cri\/2025\/01\/16\/governanca-global-requer-comprometimento-de-china-e-eua\/#article","isPartOf":{"@id":"https:\/\/diariodepe.com.br\/cri\/2025\/01\/16\/governanca-global-requer-comprometimento-de-china-e-eua\/"},"author":{"name":"Ismael Lucas S. Pereira","@id":"https:\/\/diariodepe.com.br\/cri\/#\/schema\/person\/121bb28d84f1a5b1205ef4ce9c2e0c6b"},"headline":"Governan\u00e7a global requer comprometimento de China e EUA","datePublished":"2025-01-17T02:02:01+00:00","mainEntityOfPage":{"@id":"https:\/\/diariodepe.com.br\/cri\/2025\/01\/16\/governanca-global-requer-comprometimento-de-china-e-eua\/"},"wordCount":485,"commentCount":0,"publisher":{"@id":"https:\/\/diariodepe.com.br\/cri\/#organization"},"image":{"@id":"https:\/\/diariodepe.com.br\/cri\/2025\/01\/16\/governanca-global-requer-comprometimento-de-china-e-eua\/#primaryimage"},"thumbnailUrl":"https:\/\/38picres.cgtn.com\/photoAlbum\/page\/performance\/img\/2025\/1\/16\/1736999261551_531.jpg","articleSection":["Vis\u00e3o"],"inLanguage":"pt-BR","potentialAction":[{"@type":"CommentAction","name":"Comment","target":["https:\/\/diariodepe.com.br\/cri\/2025\/01\/16\/governanca-global-requer-comprometimento-de-china-e-eua\/#respond"]}]},{"@type":"WebPage","@id":"https:\/\/diariodepe.com.br\/cri\/2025\/01\/16\/governanca-global-requer-comprometimento-de-china-e-eua\/","url":"https:\/\/diariodepe.com.br\/cri\/2025\/01\/16\/governanca-global-requer-comprometimento-de-china-e-eua\/","name":"Governan\u00e7a global requer comprometimento de China e EUA - CRI e Diario de Pernambuco","isPartOf":{"@id":"https:\/\/diariodepe.com.br\/cri\/#website"},"primaryImageOfPage":{"@id":"https:\/\/diariodepe.com.br\/cri\/2025\/01\/16\/governanca-global-requer-comprometimento-de-china-e-eua\/#primaryimage"},"image":{"@id":"https:\/\/diariodepe.com.br\/cri\/2025\/01\/16\/governanca-global-requer-comprometimento-de-china-e-eua\/#primaryimage"},"thumbnailUrl":"https:\/\/38picres.cgtn.com\/photoAlbum\/page\/performance\/img\/2025\/1\/16\/1736999261551_531.jpg","datePublished":"2025-01-17T02:02:01+00:00","breadcrumb":{"@id":"https:\/\/diariodepe.com.br\/cri\/2025\/01\/16\/governanca-global-requer-comprometimento-de-china-e-eua\/#breadcrumb"},"inLanguage":"pt-BR","potentialAction":[{"@type":"ReadAction","target":["https:\/\/diariodepe.com.br\/cri\/2025\/01\/16\/governanca-global-requer-comprometimento-de-china-e-eua\/"]}]},{"@type":"ImageObject","inLanguage":"pt-BR","@id":"https:\/\/diariodepe.com.br\/cri\/2025\/01\/16\/governanca-global-requer-comprometimento-de-china-e-eua\/#primaryimage","url":"https:\/\/38picres.cgtn.com\/photoAlbum\/page\/performance\/img\/2025\/1\/16\/1736999261551_531.jpg","contentUrl":"https:\/\/38picres.cgtn.com\/photoAlbum\/page\/performance\/img\/2025\/1\/16\/1736999261551_531.jpg"},{"@type":"BreadcrumbList","@id":"https:\/\/diariodepe.com.br\/cri\/2025\/01\/16\/governanca-global-requer-comprometimento-de-china-e-eua\/#breadcrumb","itemListElement":[{"@type":"ListItem","position":1,"name":"In\u00edcio","item":"https:\/\/diariodepe.com.br\/cri\/"},{"@type":"ListItem","position":2,"name":"Governan\u00e7a global requer comprometimento de China e EUA"}]},{"@type":"WebSite","@id":"https:\/\/diariodepe.com.br\/cri\/#website","url":"https:\/\/diariodepe.com.br\/cri\/","name":"CRI e Diario de Pernambuco","description":"R\u00e1dio Internacional da China","publisher":{"@id":"https:\/\/diariodepe.com.br\/cri\/#organization"},"potentialAction":[{"@type":"SearchAction","target":{"@type":"EntryPoint","urlTemplate":"https:\/\/diariodepe.com.br\/cri\/?s={search_term_string}"},"query-input":{"@type":"PropertyValueSpecification","valueRequired":true,"valueName":"search_term_string"}}],"inLanguage":"pt-BR"},{"@type":"Organization","@id":"https:\/\/diariodepe.com.br\/cri\/#organization","name":"CRI e Diario de Pernambuco","url":"https:\/\/diariodepe.com.br\/cri\/","logo":{"@type":"ImageObject","inLanguage":"pt-BR","@id":"https:\/\/diariodepe.com.br\/cri\/#\/schema\/logo\/image\/","url":"https:\/\/diariodepe.com.br\/cri\/wp-content\/uploads\/sites\/2\/2022\/12\/cropped-Logo.jpg","contentUrl":"https:\/\/diariodepe.com.br\/cri\/wp-content\/uploads\/sites\/2\/2022\/12\/cropped-Logo.jpg","width":700,"height":59,"caption":"CRI e Diario de Pernambuco"},"image":{"@id":"https:\/\/diariodepe.com.br\/cri\/#\/schema\/logo\/image\/"}},{"@type":"Person","@id":"https:\/\/diariodepe.com.br\/cri\/#\/schema\/person\/121bb28d84f1a5b1205ef4ce9c2e0c6b","name":"Ismael Lucas S. Pereira","image":{"@type":"ImageObject","inLanguage":"pt-BR","@id":"https:\/\/secure.gravatar.com\/avatar\/887a0f3b5a7ceea963a48499fb883ffce6b5037362def025c52c2505b15d63e4?s=96&d=mm&r=g","url":"https:\/\/secure.gravatar.com\/avatar\/887a0f3b5a7ceea963a48499fb883ffce6b5037362def025c52c2505b15d63e4?s=96&d=mm&r=g","contentUrl":"https:\/\/secure.gravatar.com\/avatar\/887a0f3b5a7ceea963a48499fb883ffce6b5037362def025c52c2505b15d63e4?s=96&d=mm&r=g","caption":"Ismael Lucas S. Pereira"},"url":"https:\/\/diariodepe.com.br\/cri\/author\/ismael-lucas\/"}]}},"cc_featured_image_caption":{"caption_text":false,"source_text":false,"source_url":false},"amp_enabled":true,"_links":{"self":[{"href":"https:\/\/diariodepe.com.br\/cri\/wp-json\/wp\/v2\/posts\/7459","targetHints":{"allow":["GET"]}}],"collection":[{"href":"https:\/\/diariodepe.com.br\/cri\/wp-json\/wp\/v2\/posts"}],"about":[{"href":"https:\/\/diariodepe.com.br\/cri\/wp-json\/wp\/v2\/types\/post"}],"author":[{"embeddable":true,"href":"https:\/\/diariodepe.com.br\/cri\/wp-json\/wp\/v2\/users\/2"}],"replies":[{"embeddable":true,"href":"https:\/\/diariodepe.com.br\/cri\/wp-json\/wp\/v2\/comments?post=7459"}],"version-history":[{"count":1,"href":"https:\/\/diariodepe.com.br\/cri\/wp-json\/wp\/v2\/posts\/7459\/revisions"}],"predecessor-version":[{"id":7460,"href":"https:\/\/diariodepe.com.br\/cri\/wp-json\/wp\/v2\/posts\/7459\/revisions\/7460"}],"wp:attachment":[{"href":"https:\/\/diariodepe.com.br\/cri\/wp-json\/wp\/v2\/media?parent=7459"}],"wp:term":[{"taxonomy":"category","embeddable":true,"href":"https:\/\/diariodepe.com.br\/cri\/wp-json\/wp\/v2\/categories?post=7459"},{"taxonomy":"post_tag","embeddable":true,"href":"https:\/\/diariodepe.com.br\/cri\/wp-json\/wp\/v2\/tags?post=7459"}],"curies":[{"name":"wp","href":"https:\/\/api.w.org\/{rel}","templated":true}]}}