{"id":7457,"date":"2025-01-16T23:01:09","date_gmt":"2025-01-17T02:01:09","guid":{"rendered":"https:\/\/diariodepe.com.br\/cri\/?p=7457"},"modified":"2025-01-16T23:01:09","modified_gmt":"2025-01-17T02:01:09","slug":"xi-jinping-e-principe-albert-ii-se-congratulam-por-30o-aniversario-das-relacoes-china-monaco","status":"publish","type":"post","link":"https:\/\/diariodepe.com.br\/cri\/2025\/01\/16\/xi-jinping-e-principe-albert-ii-se-congratulam-por-30o-aniversario-das-relacoes-china-monaco\/","title":{"rendered":"Xi Jinping e pr\u00edncipe Albert II se congratulam por 30\u00ba anivers\u00e1rio das rela\u00e7\u00f5es China-M\u00f4naco"},"content":{"rendered":"<p><span lang=\"PT-BR\"><img decoding=\"async\" src=\"https:\/\/38picres.cgtn.com\/photoAlbum\/page\/performance\/img\/2025\/1\/16\/1737033240376_202.png\" width=\"100%\" height=\"auto\" \/><\/span><\/p>\n<p><span lang=\"PT-BR\">O presidente da China, Xi Jinping, e o pr\u00edncipe de M\u00f4naco, Albert II, trocaram hoje (16) mensagens de congratula\u00e7\u00f5es por ocasi\u00e3o do 30\u00ba anivers\u00e1rio do estabelecimento das rela\u00e7\u00f5es diplom\u00e1ticas entre os dois pa\u00edses.<\/span><\/p>\n<p><span lang=\"PT-BR\">Xi Jinping pontuou que nas \u00faltimas tr\u00eas d\u00e9cadas, as duas partes t\u00eam persistido na amizade sincera e no tratamento igualit\u00e1rio, por isso, a confian\u00e7a pol\u00edtica m\u00fatua e a amizade tradicional foram aprofundadas. As coopera\u00e7\u00f5es bilaterais nos campos de comunica\u00e7\u00e3o, prote\u00e7\u00e3o ambiental, esportes e artes t\u00eam se mostrado diferenciadas e frut\u00edferas, estabelecendo um modelo de conviv\u00eancia amig\u00e1vel e de desenvolvimento comum entre pa\u00edses com diferentes tamanhos, diferentes hist\u00f3rias e culturas e diferentes sistemas sociais, acrescentou.<\/span><\/p>\n<p><span lang=\"PT-BR\">O l\u00edder chin\u00eas manifestou tamb\u00e9m o desejo de trabalhar junto com o pr\u00edncipe Albert II para promover o desenvolvimento das rela\u00e7\u00f5es sino-monegascas e beneficiar ainda mais ambos os povos.<\/span><\/p>\n<p><span lang=\"PT-BR\">O pr\u00edncipe Albert II disse em sua mensagem que a visita do presidente Xi Jinping a seu pa\u00eds em 2019 foi inesquec\u00edvel. M\u00f4naco prioriza as rela\u00e7\u00f5es com a China e quer continuar aprofundando a confian\u00e7a m\u00fatua e ampliando as coopera\u00e7\u00f5es no futuro.<\/span><\/p>\n<p>&nbsp;<\/p>\n<p>&nbsp;<\/p>\n","protected":false},"excerpt":{"rendered":"<p>O presidente da China, Xi Jinping, e o pr\u00edncipe de M\u00f4naco, Albert II, trocaram hoje (16) mensagens de congratula\u00e7\u00f5es por ocasi\u00e3o do 30\u00ba anivers\u00e1rio do estabelecimento das rela\u00e7\u00f5es diplom\u00e1ticas entre os dois pa\u00edses. Xi Jinping pontuou que nas \u00faltimas tr\u00eas&#8230;<\/p>\n","protected":false},"author":2,"featured_media":0,"comment_status":"open","ping_status":"open","sticky":false,"template":"","format":"standard","meta":{"footnotes":""},"categories":[3],"tags":[],"class_list":["post-7457","post","type-post","status-publish","format-standard","hentry","category-china"],"yoast_head":"<!-- This site is optimized with the Yoast SEO plugin v27.4 - https:\/\/yoast.com\/product\/yoast-seo-wordpress\/ -->\n<title>Xi Jinping e pr\u00edncipe Albert II se congratulam por 30\u00ba anivers\u00e1rio das rela\u00e7\u00f5es China-M\u00f4naco - CRI e Diario de Pernambuco<\/title>\n<meta name=\"robots\" content=\"index, follow, max-snippet:-1, max-image-preview:large, max-video-preview:-1\" \/>\n<link rel=\"canonical\" href=\"https:\/\/diariodepe.com.br\/cri\/2025\/01\/16\/xi-jinping-e-principe-albert-ii-se-congratulam-por-30o-aniversario-das-relacoes-china-monaco\/\" \/>\n<meta property=\"og:locale\" content=\"pt_BR\" \/>\n<meta property=\"og:type\" content=\"article\" \/>\n<meta property=\"og:title\" content=\"Xi Jinping e pr\u00edncipe Albert II se congratulam por 30\u00ba anivers\u00e1rio das rela\u00e7\u00f5es China-M\u00f4naco - CRI e Diario de Pernambuco\" \/>\n<meta property=\"og:description\" content=\"O presidente da China, Xi Jinping, e o pr\u00edncipe de M\u00f4naco, Albert II, trocaram hoje (16) mensagens de congratula\u00e7\u00f5es por ocasi\u00e3o do 30\u00ba anivers\u00e1rio do estabelecimento das rela\u00e7\u00f5es diplom\u00e1ticas entre os dois pa\u00edses. Xi Jinping pontuou que nas \u00faltimas tr\u00eas...\" \/>\n<meta property=\"og:url\" content=\"https:\/\/diariodepe.com.br\/cri\/2025\/01\/16\/xi-jinping-e-principe-albert-ii-se-congratulam-por-30o-aniversario-das-relacoes-china-monaco\/\" \/>\n<meta property=\"og:site_name\" content=\"CRI e Diario de Pernambuco\" \/>\n<meta property=\"article:published_time\" content=\"2025-01-17T02:01:09+00:00\" \/>\n<meta property=\"og:image\" content=\"https:\/\/38picres.cgtn.com\/photoAlbum\/page\/performance\/img\/2025\/1\/16\/1737033240376_202.png\" \/>\n<meta name=\"author\" content=\"Ismael Lucas S. Pereira\" \/>\n<meta name=\"twitter:card\" content=\"summary_large_image\" \/>\n<meta name=\"twitter:label1\" content=\"Escrito por\" \/>\n\t<meta name=\"twitter:data1\" content=\"Ismael Lucas S. Pereira\" \/>\n\t<meta name=\"twitter:label2\" content=\"Est. tempo de leitura\" \/>\n\t<meta name=\"twitter:data2\" content=\"2 minutos\" \/>\n<script type=\"application\/ld+json\" class=\"yoast-schema-graph\">{\"@context\":\"https:\\\/\\\/schema.org\",\"@graph\":[{\"@type\":\"Article\",\"@id\":\"https:\\\/\\\/diariodepe.com.br\\\/cri\\\/2025\\\/01\\\/16\\\/xi-jinping-e-principe-albert-ii-se-congratulam-por-30o-aniversario-das-relacoes-china-monaco\\\/#article\",\"isPartOf\":{\"@id\":\"https:\\\/\\\/diariodepe.com.br\\\/cri\\\/2025\\\/01\\\/16\\\/xi-jinping-e-principe-albert-ii-se-congratulam-por-30o-aniversario-das-relacoes-china-monaco\\\/\"},\"author\":{\"name\":\"Ismael Lucas S. Pereira\",\"@id\":\"https:\\\/\\\/diariodepe.com.br\\\/cri\\\/#\\\/schema\\\/person\\\/121bb28d84f1a5b1205ef4ce9c2e0c6b\"},\"headline\":\"Xi Jinping e pr\u00edncipe Albert II se congratulam por 30\u00ba anivers\u00e1rio das rela\u00e7\u00f5es China-M\u00f4naco\",\"datePublished\":\"2025-01-17T02:01:09+00:00\",\"mainEntityOfPage\":{\"@id\":\"https:\\\/\\\/diariodepe.com.br\\\/cri\\\/2025\\\/01\\\/16\\\/xi-jinping-e-principe-albert-ii-se-congratulam-por-30o-aniversario-das-relacoes-china-monaco\\\/\"},\"wordCount\":231,\"commentCount\":0,\"publisher\":{\"@id\":\"https:\\\/\\\/diariodepe.com.br\\\/cri\\\/#organization\"},\"image\":{\"@id\":\"https:\\\/\\\/diariodepe.com.br\\\/cri\\\/2025\\\/01\\\/16\\\/xi-jinping-e-principe-albert-ii-se-congratulam-por-30o-aniversario-das-relacoes-china-monaco\\\/#primaryimage\"},\"thumbnailUrl\":\"https:\\\/\\\/38picres.cgtn.com\\\/photoAlbum\\\/page\\\/performance\\\/img\\\/2025\\\/1\\\/16\\\/1737033240376_202.png\",\"articleSection\":[\"China\"],\"inLanguage\":\"pt-BR\",\"potentialAction\":[{\"@type\":\"CommentAction\",\"name\":\"Comment\",\"target\":[\"https:\\\/\\\/diariodepe.com.br\\\/cri\\\/2025\\\/01\\\/16\\\/xi-jinping-e-principe-albert-ii-se-congratulam-por-30o-aniversario-das-relacoes-china-monaco\\\/#respond\"]}]},{\"@type\":\"WebPage\",\"@id\":\"https:\\\/\\\/diariodepe.com.br\\\/cri\\\/2025\\\/01\\\/16\\\/xi-jinping-e-principe-albert-ii-se-congratulam-por-30o-aniversario-das-relacoes-china-monaco\\\/\",\"url\":\"https:\\\/\\\/diariodepe.com.br\\\/cri\\\/2025\\\/01\\\/16\\\/xi-jinping-e-principe-albert-ii-se-congratulam-por-30o-aniversario-das-relacoes-china-monaco\\\/\",\"name\":\"Xi Jinping e pr\u00edncipe Albert II se congratulam por 30\u00ba anivers\u00e1rio das rela\u00e7\u00f5es China-M\u00f4naco - CRI e Diario de Pernambuco\",\"isPartOf\":{\"@id\":\"https:\\\/\\\/diariodepe.com.br\\\/cri\\\/#website\"},\"primaryImageOfPage\":{\"@id\":\"https:\\\/\\\/diariodepe.com.br\\\/cri\\\/2025\\\/01\\\/16\\\/xi-jinping-e-principe-albert-ii-se-congratulam-por-30o-aniversario-das-relacoes-china-monaco\\\/#primaryimage\"},\"image\":{\"@id\":\"https:\\\/\\\/diariodepe.com.br\\\/cri\\\/2025\\\/01\\\/16\\\/xi-jinping-e-principe-albert-ii-se-congratulam-por-30o-aniversario-das-relacoes-china-monaco\\\/#primaryimage\"},\"thumbnailUrl\":\"https:\\\/\\\/38picres.cgtn.com\\\/photoAlbum\\\/page\\\/performance\\\/img\\\/2025\\\/1\\\/16\\\/1737033240376_202.png\",\"datePublished\":\"2025-01-17T02:01:09+00:00\",\"breadcrumb\":{\"@id\":\"https:\\\/\\\/diariodepe.com.br\\\/cri\\\/2025\\\/01\\\/16\\\/xi-jinping-e-principe-albert-ii-se-congratulam-por-30o-aniversario-das-relacoes-china-monaco\\\/#breadcrumb\"},\"inLanguage\":\"pt-BR\",\"potentialAction\":[{\"@type\":\"ReadAction\",\"target\":[\"https:\\\/\\\/diariodepe.com.br\\\/cri\\\/2025\\\/01\\\/16\\\/xi-jinping-e-principe-albert-ii-se-congratulam-por-30o-aniversario-das-relacoes-china-monaco\\\/\"]}]},{\"@type\":\"ImageObject\",\"inLanguage\":\"pt-BR\",\"@id\":\"https:\\\/\\\/diariodepe.com.br\\\/cri\\\/2025\\\/01\\\/16\\\/xi-jinping-e-principe-albert-ii-se-congratulam-por-30o-aniversario-das-relacoes-china-monaco\\\/#primaryimage\",\"url\":\"https:\\\/\\\/38picres.cgtn.com\\\/photoAlbum\\\/page\\\/performance\\\/img\\\/2025\\\/1\\\/16\\\/1737033240376_202.png\",\"contentUrl\":\"https:\\\/\\\/38picres.cgtn.com\\\/photoAlbum\\\/page\\\/performance\\\/img\\\/2025\\\/1\\\/16\\\/1737033240376_202.png\"},{\"@type\":\"BreadcrumbList\",\"@id\":\"https:\\\/\\\/diariodepe.com.br\\\/cri\\\/2025\\\/01\\\/16\\\/xi-jinping-e-principe-albert-ii-se-congratulam-por-30o-aniversario-das-relacoes-china-monaco\\\/#breadcrumb\",\"itemListElement\":[{\"@type\":\"ListItem\",\"position\":1,\"name\":\"In\u00edcio\",\"item\":\"https:\\\/\\\/diariodepe.com.br\\\/cri\\\/\"},{\"@type\":\"ListItem\",\"position\":2,\"name\":\"Xi Jinping e pr\u00edncipe Albert II se congratulam por 30\u00ba anivers\u00e1rio das rela\u00e7\u00f5es China-M\u00f4naco\"}]},{\"@type\":\"WebSite\",\"@id\":\"https:\\\/\\\/diariodepe.com.br\\\/cri\\\/#website\",\"url\":\"https:\\\/\\\/diariodepe.com.br\\\/cri\\\/\",\"name\":\"CRI e Diario de Pernambuco\",\"description\":\"R\u00e1dio Internacional da China\",\"publisher\":{\"@id\":\"https:\\\/\\\/diariodepe.com.br\\\/cri\\\/#organization\"},\"potentialAction\":[{\"@type\":\"SearchAction\",\"target\":{\"@type\":\"EntryPoint\",\"urlTemplate\":\"https:\\\/\\\/diariodepe.com.br\\\/cri\\\/?s={search_term_string}\"},\"query-input\":{\"@type\":\"PropertyValueSpecification\",\"valueRequired\":true,\"valueName\":\"search_term_string\"}}],\"inLanguage\":\"pt-BR\"},{\"@type\":\"Organization\",\"@id\":\"https:\\\/\\\/diariodepe.com.br\\\/cri\\\/#organization\",\"name\":\"CRI e Diario de Pernambuco\",\"url\":\"https:\\\/\\\/diariodepe.com.br\\\/cri\\\/\",\"logo\":{\"@type\":\"ImageObject\",\"inLanguage\":\"pt-BR\",\"@id\":\"https:\\\/\\\/diariodepe.com.br\\\/cri\\\/#\\\/schema\\\/logo\\\/image\\\/\",\"url\":\"https:\\\/\\\/diariodepe.com.br\\\/cri\\\/wp-content\\\/uploads\\\/sites\\\/2\\\/2022\\\/12\\\/cropped-Logo.jpg\",\"contentUrl\":\"https:\\\/\\\/diariodepe.com.br\\\/cri\\\/wp-content\\\/uploads\\\/sites\\\/2\\\/2022\\\/12\\\/cropped-Logo.jpg\",\"width\":700,\"height\":59,\"caption\":\"CRI e Diario de Pernambuco\"},\"image\":{\"@id\":\"https:\\\/\\\/diariodepe.com.br\\\/cri\\\/#\\\/schema\\\/logo\\\/image\\\/\"}},{\"@type\":\"Person\",\"@id\":\"https:\\\/\\\/diariodepe.com.br\\\/cri\\\/#\\\/schema\\\/person\\\/121bb28d84f1a5b1205ef4ce9c2e0c6b\",\"name\":\"Ismael Lucas S. Pereira\",\"image\":{\"@type\":\"ImageObject\",\"inLanguage\":\"pt-BR\",\"@id\":\"https:\\\/\\\/secure.gravatar.com\\\/avatar\\\/887a0f3b5a7ceea963a48499fb883ffce6b5037362def025c52c2505b15d63e4?s=96&d=mm&r=g\",\"url\":\"https:\\\/\\\/secure.gravatar.com\\\/avatar\\\/887a0f3b5a7ceea963a48499fb883ffce6b5037362def025c52c2505b15d63e4?s=96&d=mm&r=g\",\"contentUrl\":\"https:\\\/\\\/secure.gravatar.com\\\/avatar\\\/887a0f3b5a7ceea963a48499fb883ffce6b5037362def025c52c2505b15d63e4?s=96&d=mm&r=g\",\"caption\":\"Ismael Lucas S. Pereira\"},\"url\":\"https:\\\/\\\/diariodepe.com.br\\\/cri\\\/author\\\/ismael-lucas\\\/\"}]}<\/script>\n<!-- \/ Yoast SEO plugin. -->","yoast_head_json":{"title":"Xi Jinping e pr\u00edncipe Albert II se congratulam por 30\u00ba anivers\u00e1rio das rela\u00e7\u00f5es China-M\u00f4naco - CRI e Diario de Pernambuco","robots":{"index":"index","follow":"follow","max-snippet":"max-snippet:-1","max-image-preview":"max-image-preview:large","max-video-preview":"max-video-preview:-1"},"canonical":"https:\/\/diariodepe.com.br\/cri\/2025\/01\/16\/xi-jinping-e-principe-albert-ii-se-congratulam-por-30o-aniversario-das-relacoes-china-monaco\/","og_locale":"pt_BR","og_type":"article","og_title":"Xi Jinping e pr\u00edncipe Albert II se congratulam por 30\u00ba anivers\u00e1rio das rela\u00e7\u00f5es China-M\u00f4naco - CRI e Diario de Pernambuco","og_description":"O presidente da China, Xi Jinping, e o pr\u00edncipe de M\u00f4naco, Albert II, trocaram hoje (16) mensagens de congratula\u00e7\u00f5es por ocasi\u00e3o do 30\u00ba anivers\u00e1rio do estabelecimento das rela\u00e7\u00f5es diplom\u00e1ticas entre os dois pa\u00edses. Xi Jinping pontuou que nas \u00faltimas tr\u00eas...","og_url":"https:\/\/diariodepe.com.br\/cri\/2025\/01\/16\/xi-jinping-e-principe-albert-ii-se-congratulam-por-30o-aniversario-das-relacoes-china-monaco\/","og_site_name":"CRI e Diario de Pernambuco","article_published_time":"2025-01-17T02:01:09+00:00","og_image":[{"url":"https:\/\/38picres.cgtn.com\/photoAlbum\/page\/performance\/img\/2025\/1\/16\/1737033240376_202.png","type":"","width":"","height":""}],"author":"Ismael Lucas S. Pereira","twitter_card":"summary_large_image","twitter_misc":{"Escrito por":"Ismael Lucas S. Pereira","Est. tempo de leitura":"2 minutos"},"schema":{"@context":"https:\/\/schema.org","@graph":[{"@type":"Article","@id":"https:\/\/diariodepe.com.br\/cri\/2025\/01\/16\/xi-jinping-e-principe-albert-ii-se-congratulam-por-30o-aniversario-das-relacoes-china-monaco\/#article","isPartOf":{"@id":"https:\/\/diariodepe.com.br\/cri\/2025\/01\/16\/xi-jinping-e-principe-albert-ii-se-congratulam-por-30o-aniversario-das-relacoes-china-monaco\/"},"author":{"name":"Ismael Lucas S. Pereira","@id":"https:\/\/diariodepe.com.br\/cri\/#\/schema\/person\/121bb28d84f1a5b1205ef4ce9c2e0c6b"},"headline":"Xi Jinping e pr\u00edncipe Albert II se congratulam por 30\u00ba anivers\u00e1rio das rela\u00e7\u00f5es China-M\u00f4naco","datePublished":"2025-01-17T02:01:09+00:00","mainEntityOfPage":{"@id":"https:\/\/diariodepe.com.br\/cri\/2025\/01\/16\/xi-jinping-e-principe-albert-ii-se-congratulam-por-30o-aniversario-das-relacoes-china-monaco\/"},"wordCount":231,"commentCount":0,"publisher":{"@id":"https:\/\/diariodepe.com.br\/cri\/#organization"},"image":{"@id":"https:\/\/diariodepe.com.br\/cri\/2025\/01\/16\/xi-jinping-e-principe-albert-ii-se-congratulam-por-30o-aniversario-das-relacoes-china-monaco\/#primaryimage"},"thumbnailUrl":"https:\/\/38picres.cgtn.com\/photoAlbum\/page\/performance\/img\/2025\/1\/16\/1737033240376_202.png","articleSection":["China"],"inLanguage":"pt-BR","potentialAction":[{"@type":"CommentAction","name":"Comment","target":["https:\/\/diariodepe.com.br\/cri\/2025\/01\/16\/xi-jinping-e-principe-albert-ii-se-congratulam-por-30o-aniversario-das-relacoes-china-monaco\/#respond"]}]},{"@type":"WebPage","@id":"https:\/\/diariodepe.com.br\/cri\/2025\/01\/16\/xi-jinping-e-principe-albert-ii-se-congratulam-por-30o-aniversario-das-relacoes-china-monaco\/","url":"https:\/\/diariodepe.com.br\/cri\/2025\/01\/16\/xi-jinping-e-principe-albert-ii-se-congratulam-por-30o-aniversario-das-relacoes-china-monaco\/","name":"Xi Jinping e pr\u00edncipe Albert II se congratulam por 30\u00ba anivers\u00e1rio das rela\u00e7\u00f5es China-M\u00f4naco - CRI e Diario de Pernambuco","isPartOf":{"@id":"https:\/\/diariodepe.com.br\/cri\/#website"},"primaryImageOfPage":{"@id":"https:\/\/diariodepe.com.br\/cri\/2025\/01\/16\/xi-jinping-e-principe-albert-ii-se-congratulam-por-30o-aniversario-das-relacoes-china-monaco\/#primaryimage"},"image":{"@id":"https:\/\/diariodepe.com.br\/cri\/2025\/01\/16\/xi-jinping-e-principe-albert-ii-se-congratulam-por-30o-aniversario-das-relacoes-china-monaco\/#primaryimage"},"thumbnailUrl":"https:\/\/38picres.cgtn.com\/photoAlbum\/page\/performance\/img\/2025\/1\/16\/1737033240376_202.png","datePublished":"2025-01-17T02:01:09+00:00","breadcrumb":{"@id":"https:\/\/diariodepe.com.br\/cri\/2025\/01\/16\/xi-jinping-e-principe-albert-ii-se-congratulam-por-30o-aniversario-das-relacoes-china-monaco\/#breadcrumb"},"inLanguage":"pt-BR","potentialAction":[{"@type":"ReadAction","target":["https:\/\/diariodepe.com.br\/cri\/2025\/01\/16\/xi-jinping-e-principe-albert-ii-se-congratulam-por-30o-aniversario-das-relacoes-china-monaco\/"]}]},{"@type":"ImageObject","inLanguage":"pt-BR","@id":"https:\/\/diariodepe.com.br\/cri\/2025\/01\/16\/xi-jinping-e-principe-albert-ii-se-congratulam-por-30o-aniversario-das-relacoes-china-monaco\/#primaryimage","url":"https:\/\/38picres.cgtn.com\/photoAlbum\/page\/performance\/img\/2025\/1\/16\/1737033240376_202.png","contentUrl":"https:\/\/38picres.cgtn.com\/photoAlbum\/page\/performance\/img\/2025\/1\/16\/1737033240376_202.png"},{"@type":"BreadcrumbList","@id":"https:\/\/diariodepe.com.br\/cri\/2025\/01\/16\/xi-jinping-e-principe-albert-ii-se-congratulam-por-30o-aniversario-das-relacoes-china-monaco\/#breadcrumb","itemListElement":[{"@type":"ListItem","position":1,"name":"In\u00edcio","item":"https:\/\/diariodepe.com.br\/cri\/"},{"@type":"ListItem","position":2,"name":"Xi Jinping e pr\u00edncipe Albert II se congratulam por 30\u00ba anivers\u00e1rio das rela\u00e7\u00f5es China-M\u00f4naco"}]},{"@type":"WebSite","@id":"https:\/\/diariodepe.com.br\/cri\/#website","url":"https:\/\/diariodepe.com.br\/cri\/","name":"CRI e Diario de Pernambuco","description":"R\u00e1dio Internacional da China","publisher":{"@id":"https:\/\/diariodepe.com.br\/cri\/#organization"},"potentialAction":[{"@type":"SearchAction","target":{"@type":"EntryPoint","urlTemplate":"https:\/\/diariodepe.com.br\/cri\/?s={search_term_string}"},"query-input":{"@type":"PropertyValueSpecification","valueRequired":true,"valueName":"search_term_string"}}],"inLanguage":"pt-BR"},{"@type":"Organization","@id":"https:\/\/diariodepe.com.br\/cri\/#organization","name":"CRI e Diario de Pernambuco","url":"https:\/\/diariodepe.com.br\/cri\/","logo":{"@type":"ImageObject","inLanguage":"pt-BR","@id":"https:\/\/diariodepe.com.br\/cri\/#\/schema\/logo\/image\/","url":"https:\/\/diariodepe.com.br\/cri\/wp-content\/uploads\/sites\/2\/2022\/12\/cropped-Logo.jpg","contentUrl":"https:\/\/diariodepe.com.br\/cri\/wp-content\/uploads\/sites\/2\/2022\/12\/cropped-Logo.jpg","width":700,"height":59,"caption":"CRI e Diario de Pernambuco"},"image":{"@id":"https:\/\/diariodepe.com.br\/cri\/#\/schema\/logo\/image\/"}},{"@type":"Person","@id":"https:\/\/diariodepe.com.br\/cri\/#\/schema\/person\/121bb28d84f1a5b1205ef4ce9c2e0c6b","name":"Ismael Lucas S. Pereira","image":{"@type":"ImageObject","inLanguage":"pt-BR","@id":"https:\/\/secure.gravatar.com\/avatar\/887a0f3b5a7ceea963a48499fb883ffce6b5037362def025c52c2505b15d63e4?s=96&d=mm&r=g","url":"https:\/\/secure.gravatar.com\/avatar\/887a0f3b5a7ceea963a48499fb883ffce6b5037362def025c52c2505b15d63e4?s=96&d=mm&r=g","contentUrl":"https:\/\/secure.gravatar.com\/avatar\/887a0f3b5a7ceea963a48499fb883ffce6b5037362def025c52c2505b15d63e4?s=96&d=mm&r=g","caption":"Ismael Lucas S. Pereira"},"url":"https:\/\/diariodepe.com.br\/cri\/author\/ismael-lucas\/"}]}},"cc_featured_image_caption":{"caption_text":false,"source_text":false,"source_url":false},"amp_enabled":true,"_links":{"self":[{"href":"https:\/\/diariodepe.com.br\/cri\/wp-json\/wp\/v2\/posts\/7457","targetHints":{"allow":["GET"]}}],"collection":[{"href":"https:\/\/diariodepe.com.br\/cri\/wp-json\/wp\/v2\/posts"}],"about":[{"href":"https:\/\/diariodepe.com.br\/cri\/wp-json\/wp\/v2\/types\/post"}],"author":[{"embeddable":true,"href":"https:\/\/diariodepe.com.br\/cri\/wp-json\/wp\/v2\/users\/2"}],"replies":[{"embeddable":true,"href":"https:\/\/diariodepe.com.br\/cri\/wp-json\/wp\/v2\/comments?post=7457"}],"version-history":[{"count":1,"href":"https:\/\/diariodepe.com.br\/cri\/wp-json\/wp\/v2\/posts\/7457\/revisions"}],"predecessor-version":[{"id":7458,"href":"https:\/\/diariodepe.com.br\/cri\/wp-json\/wp\/v2\/posts\/7457\/revisions\/7458"}],"wp:attachment":[{"href":"https:\/\/diariodepe.com.br\/cri\/wp-json\/wp\/v2\/media?parent=7457"}],"wp:term":[{"taxonomy":"category","embeddable":true,"href":"https:\/\/diariodepe.com.br\/cri\/wp-json\/wp\/v2\/categories?post=7457"},{"taxonomy":"post_tag","embeddable":true,"href":"https:\/\/diariodepe.com.br\/cri\/wp-json\/wp\/v2\/tags?post=7457"}],"curies":[{"name":"wp","href":"https:\/\/api.w.org\/{rel}","templated":true}]}}