{"id":7455,"date":"2025-01-16T23:00:06","date_gmt":"2025-01-17T02:00:06","guid":{"rendered":"https:\/\/diariodepe.com.br\/cri\/?p=7455"},"modified":"2025-01-16T23:00:06","modified_gmt":"2025-01-17T02:00:06","slug":"mais-de-6-milhoes-de-pessoas-em-los-angeles-estao-sob-grave-ameaca-de-incendio","status":"publish","type":"post","link":"https:\/\/diariodepe.com.br\/cri\/2025\/01\/16\/mais-de-6-milhoes-de-pessoas-em-los-angeles-estao-sob-grave-ameaca-de-incendio\/","title":{"rendered":"Mais de 6 milh\u00f5es de pessoas em Los Angeles est\u00e3o sob grave amea\u00e7a de inc\u00eandio"},"content":{"rendered":"<p><img decoding=\"async\" src=\"https:\/\/38picres.cgtn.com\/photoAlbum\/page\/performance\/img\/2025\/1\/16\/1737009636228_612.jpg\" width=\"100%\" height=\"auto\" \/><\/p>\n<p><span lang=\"PT-BR\">De acordo com informa\u00e7\u00f5es desta quarta-feira (15), mais de 6 milh\u00f5es de pessoas em Los Angeles, na Calif\u00f3rnia, continuam sob grave amea\u00e7a por conta dos inc\u00eandios florestais, ao passo que o fogo continua se alastrando na regi\u00e3o.<\/span><\/p>\n<p><span lang=\"PT-BR\">O Servi\u00e7o Nacional de Meteorologia dos Estados Unidos divulgou alertas vermelhos, classificados como &#8220;situa\u00e7\u00e3o especialmente perigosa&#8221;, na manh\u00e3 desta quarta (15) em partes de Los Angeles e Ventura. Foi emitido um aviso de poeira e cinzas para aproximadamente 17 milh\u00f5es de residentes, que permanecer\u00e1 em vigor at\u00e9 as 19 horas do mesmo dia.<\/span><\/p>\n","protected":false},"excerpt":{"rendered":"<p>De acordo com informa\u00e7\u00f5es desta quarta-feira (15), mais de 6 milh\u00f5es de pessoas em Los Angeles, na Calif\u00f3rnia, continuam sob grave amea\u00e7a por conta dos inc\u00eandios florestais, ao passo que o fogo continua se alastrando na regi\u00e3o. O Servi\u00e7o Nacional&#8230;<\/p>\n","protected":false},"author":2,"featured_media":0,"comment_status":"open","ping_status":"open","sticky":false,"template":"","format":"standard","meta":{"footnotes":""},"categories":[8],"tags":[],"class_list":["post-7455","post","type-post","status-publish","format-standard","hentry","category-internacional"],"yoast_head":"<!-- This site is optimized with the Yoast SEO plugin v27.4 - https:\/\/yoast.com\/product\/yoast-seo-wordpress\/ -->\n<title>Mais de 6 milh\u00f5es de pessoas em Los Angeles est\u00e3o sob grave amea\u00e7a de inc\u00eandio - CRI e Diario de Pernambuco<\/title>\n<meta name=\"robots\" content=\"index, follow, max-snippet:-1, max-image-preview:large, max-video-preview:-1\" \/>\n<link rel=\"canonical\" href=\"https:\/\/diariodepe.com.br\/cri\/2025\/01\/16\/mais-de-6-milhoes-de-pessoas-em-los-angeles-estao-sob-grave-ameaca-de-incendio\/\" \/>\n<meta property=\"og:locale\" content=\"pt_BR\" \/>\n<meta property=\"og:type\" content=\"article\" \/>\n<meta property=\"og:title\" content=\"Mais de 6 milh\u00f5es de pessoas em Los Angeles est\u00e3o sob grave amea\u00e7a de inc\u00eandio - CRI e Diario de Pernambuco\" \/>\n<meta property=\"og:description\" content=\"De acordo com informa\u00e7\u00f5es desta quarta-feira (15), mais de 6 milh\u00f5es de pessoas em Los Angeles, na Calif\u00f3rnia, continuam sob grave amea\u00e7a por conta dos inc\u00eandios florestais, ao passo que o fogo continua se alastrando na regi\u00e3o. O Servi\u00e7o Nacional...\" \/>\n<meta property=\"og:url\" content=\"https:\/\/diariodepe.com.br\/cri\/2025\/01\/16\/mais-de-6-milhoes-de-pessoas-em-los-angeles-estao-sob-grave-ameaca-de-incendio\/\" \/>\n<meta property=\"og:site_name\" content=\"CRI e Diario de Pernambuco\" \/>\n<meta property=\"article:published_time\" content=\"2025-01-17T02:00:06+00:00\" \/>\n<meta property=\"og:image\" content=\"https:\/\/38picres.cgtn.com\/photoAlbum\/page\/performance\/img\/2025\/1\/16\/1737009636228_612.jpg\" \/>\n<meta name=\"author\" content=\"Ismael Lucas S. Pereira\" \/>\n<meta name=\"twitter:card\" content=\"summary_large_image\" \/>\n<meta name=\"twitter:label1\" content=\"Escrito por\" \/>\n\t<meta name=\"twitter:data1\" content=\"Ismael Lucas S. Pereira\" \/>\n\t<meta name=\"twitter:label2\" content=\"Est. tempo de leitura\" \/>\n\t<meta name=\"twitter:data2\" content=\"1 minuto\" \/>\n<script type=\"application\/ld+json\" class=\"yoast-schema-graph\">{\"@context\":\"https:\\\/\\\/schema.org\",\"@graph\":[{\"@type\":\"Article\",\"@id\":\"https:\\\/\\\/diariodepe.com.br\\\/cri\\\/2025\\\/01\\\/16\\\/mais-de-6-milhoes-de-pessoas-em-los-angeles-estao-sob-grave-ameaca-de-incendio\\\/#article\",\"isPartOf\":{\"@id\":\"https:\\\/\\\/diariodepe.com.br\\\/cri\\\/2025\\\/01\\\/16\\\/mais-de-6-milhoes-de-pessoas-em-los-angeles-estao-sob-grave-ameaca-de-incendio\\\/\"},\"author\":{\"name\":\"Ismael Lucas S. Pereira\",\"@id\":\"https:\\\/\\\/diariodepe.com.br\\\/cri\\\/#\\\/schema\\\/person\\\/121bb28d84f1a5b1205ef4ce9c2e0c6b\"},\"headline\":\"Mais de 6 milh\u00f5es de pessoas em Los Angeles est\u00e3o sob grave amea\u00e7a de inc\u00eandio\",\"datePublished\":\"2025-01-17T02:00:06+00:00\",\"mainEntityOfPage\":{\"@id\":\"https:\\\/\\\/diariodepe.com.br\\\/cri\\\/2025\\\/01\\\/16\\\/mais-de-6-milhoes-de-pessoas-em-los-angeles-estao-sob-grave-ameaca-de-incendio\\\/\"},\"wordCount\":112,\"commentCount\":0,\"publisher\":{\"@id\":\"https:\\\/\\\/diariodepe.com.br\\\/cri\\\/#organization\"},\"image\":{\"@id\":\"https:\\\/\\\/diariodepe.com.br\\\/cri\\\/2025\\\/01\\\/16\\\/mais-de-6-milhoes-de-pessoas-em-los-angeles-estao-sob-grave-ameaca-de-incendio\\\/#primaryimage\"},\"thumbnailUrl\":\"https:\\\/\\\/38picres.cgtn.com\\\/photoAlbum\\\/page\\\/performance\\\/img\\\/2025\\\/1\\\/16\\\/1737009636228_612.jpg\",\"articleSection\":[\"Internacional\"],\"inLanguage\":\"pt-BR\",\"potentialAction\":[{\"@type\":\"CommentAction\",\"name\":\"Comment\",\"target\":[\"https:\\\/\\\/diariodepe.com.br\\\/cri\\\/2025\\\/01\\\/16\\\/mais-de-6-milhoes-de-pessoas-em-los-angeles-estao-sob-grave-ameaca-de-incendio\\\/#respond\"]}]},{\"@type\":\"WebPage\",\"@id\":\"https:\\\/\\\/diariodepe.com.br\\\/cri\\\/2025\\\/01\\\/16\\\/mais-de-6-milhoes-de-pessoas-em-los-angeles-estao-sob-grave-ameaca-de-incendio\\\/\",\"url\":\"https:\\\/\\\/diariodepe.com.br\\\/cri\\\/2025\\\/01\\\/16\\\/mais-de-6-milhoes-de-pessoas-em-los-angeles-estao-sob-grave-ameaca-de-incendio\\\/\",\"name\":\"Mais de 6 milh\u00f5es de pessoas em Los Angeles est\u00e3o sob grave amea\u00e7a de inc\u00eandio - CRI e Diario de Pernambuco\",\"isPartOf\":{\"@id\":\"https:\\\/\\\/diariodepe.com.br\\\/cri\\\/#website\"},\"primaryImageOfPage\":{\"@id\":\"https:\\\/\\\/diariodepe.com.br\\\/cri\\\/2025\\\/01\\\/16\\\/mais-de-6-milhoes-de-pessoas-em-los-angeles-estao-sob-grave-ameaca-de-incendio\\\/#primaryimage\"},\"image\":{\"@id\":\"https:\\\/\\\/diariodepe.com.br\\\/cri\\\/2025\\\/01\\\/16\\\/mais-de-6-milhoes-de-pessoas-em-los-angeles-estao-sob-grave-ameaca-de-incendio\\\/#primaryimage\"},\"thumbnailUrl\":\"https:\\\/\\\/38picres.cgtn.com\\\/photoAlbum\\\/page\\\/performance\\\/img\\\/2025\\\/1\\\/16\\\/1737009636228_612.jpg\",\"datePublished\":\"2025-01-17T02:00:06+00:00\",\"breadcrumb\":{\"@id\":\"https:\\\/\\\/diariodepe.com.br\\\/cri\\\/2025\\\/01\\\/16\\\/mais-de-6-milhoes-de-pessoas-em-los-angeles-estao-sob-grave-ameaca-de-incendio\\\/#breadcrumb\"},\"inLanguage\":\"pt-BR\",\"potentialAction\":[{\"@type\":\"ReadAction\",\"target\":[\"https:\\\/\\\/diariodepe.com.br\\\/cri\\\/2025\\\/01\\\/16\\\/mais-de-6-milhoes-de-pessoas-em-los-angeles-estao-sob-grave-ameaca-de-incendio\\\/\"]}]},{\"@type\":\"ImageObject\",\"inLanguage\":\"pt-BR\",\"@id\":\"https:\\\/\\\/diariodepe.com.br\\\/cri\\\/2025\\\/01\\\/16\\\/mais-de-6-milhoes-de-pessoas-em-los-angeles-estao-sob-grave-ameaca-de-incendio\\\/#primaryimage\",\"url\":\"https:\\\/\\\/38picres.cgtn.com\\\/photoAlbum\\\/page\\\/performance\\\/img\\\/2025\\\/1\\\/16\\\/1737009636228_612.jpg\",\"contentUrl\":\"https:\\\/\\\/38picres.cgtn.com\\\/photoAlbum\\\/page\\\/performance\\\/img\\\/2025\\\/1\\\/16\\\/1737009636228_612.jpg\"},{\"@type\":\"BreadcrumbList\",\"@id\":\"https:\\\/\\\/diariodepe.com.br\\\/cri\\\/2025\\\/01\\\/16\\\/mais-de-6-milhoes-de-pessoas-em-los-angeles-estao-sob-grave-ameaca-de-incendio\\\/#breadcrumb\",\"itemListElement\":[{\"@type\":\"ListItem\",\"position\":1,\"name\":\"In\u00edcio\",\"item\":\"https:\\\/\\\/diariodepe.com.br\\\/cri\\\/\"},{\"@type\":\"ListItem\",\"position\":2,\"name\":\"Mais de 6 milh\u00f5es de pessoas em Los Angeles est\u00e3o sob grave amea\u00e7a de inc\u00eandio\"}]},{\"@type\":\"WebSite\",\"@id\":\"https:\\\/\\\/diariodepe.com.br\\\/cri\\\/#website\",\"url\":\"https:\\\/\\\/diariodepe.com.br\\\/cri\\\/\",\"name\":\"CRI e Diario de Pernambuco\",\"description\":\"R\u00e1dio Internacional da China\",\"publisher\":{\"@id\":\"https:\\\/\\\/diariodepe.com.br\\\/cri\\\/#organization\"},\"potentialAction\":[{\"@type\":\"SearchAction\",\"target\":{\"@type\":\"EntryPoint\",\"urlTemplate\":\"https:\\\/\\\/diariodepe.com.br\\\/cri\\\/?s={search_term_string}\"},\"query-input\":{\"@type\":\"PropertyValueSpecification\",\"valueRequired\":true,\"valueName\":\"search_term_string\"}}],\"inLanguage\":\"pt-BR\"},{\"@type\":\"Organization\",\"@id\":\"https:\\\/\\\/diariodepe.com.br\\\/cri\\\/#organization\",\"name\":\"CRI e Diario de Pernambuco\",\"url\":\"https:\\\/\\\/diariodepe.com.br\\\/cri\\\/\",\"logo\":{\"@type\":\"ImageObject\",\"inLanguage\":\"pt-BR\",\"@id\":\"https:\\\/\\\/diariodepe.com.br\\\/cri\\\/#\\\/schema\\\/logo\\\/image\\\/\",\"url\":\"https:\\\/\\\/diariodepe.com.br\\\/cri\\\/wp-content\\\/uploads\\\/sites\\\/2\\\/2022\\\/12\\\/cropped-Logo.jpg\",\"contentUrl\":\"https:\\\/\\\/diariodepe.com.br\\\/cri\\\/wp-content\\\/uploads\\\/sites\\\/2\\\/2022\\\/12\\\/cropped-Logo.jpg\",\"width\":700,\"height\":59,\"caption\":\"CRI e Diario de Pernambuco\"},\"image\":{\"@id\":\"https:\\\/\\\/diariodepe.com.br\\\/cri\\\/#\\\/schema\\\/logo\\\/image\\\/\"}},{\"@type\":\"Person\",\"@id\":\"https:\\\/\\\/diariodepe.com.br\\\/cri\\\/#\\\/schema\\\/person\\\/121bb28d84f1a5b1205ef4ce9c2e0c6b\",\"name\":\"Ismael Lucas S. Pereira\",\"image\":{\"@type\":\"ImageObject\",\"inLanguage\":\"pt-BR\",\"@id\":\"https:\\\/\\\/secure.gravatar.com\\\/avatar\\\/887a0f3b5a7ceea963a48499fb883ffce6b5037362def025c52c2505b15d63e4?s=96&d=mm&r=g\",\"url\":\"https:\\\/\\\/secure.gravatar.com\\\/avatar\\\/887a0f3b5a7ceea963a48499fb883ffce6b5037362def025c52c2505b15d63e4?s=96&d=mm&r=g\",\"contentUrl\":\"https:\\\/\\\/secure.gravatar.com\\\/avatar\\\/887a0f3b5a7ceea963a48499fb883ffce6b5037362def025c52c2505b15d63e4?s=96&d=mm&r=g\",\"caption\":\"Ismael Lucas S. Pereira\"},\"url\":\"https:\\\/\\\/diariodepe.com.br\\\/cri\\\/author\\\/ismael-lucas\\\/\"}]}<\/script>\n<!-- \/ Yoast SEO plugin. -->","yoast_head_json":{"title":"Mais de 6 milh\u00f5es de pessoas em Los Angeles est\u00e3o sob grave amea\u00e7a de inc\u00eandio - CRI e Diario de Pernambuco","robots":{"index":"index","follow":"follow","max-snippet":"max-snippet:-1","max-image-preview":"max-image-preview:large","max-video-preview":"max-video-preview:-1"},"canonical":"https:\/\/diariodepe.com.br\/cri\/2025\/01\/16\/mais-de-6-milhoes-de-pessoas-em-los-angeles-estao-sob-grave-ameaca-de-incendio\/","og_locale":"pt_BR","og_type":"article","og_title":"Mais de 6 milh\u00f5es de pessoas em Los Angeles est\u00e3o sob grave amea\u00e7a de inc\u00eandio - CRI e Diario de Pernambuco","og_description":"De acordo com informa\u00e7\u00f5es desta quarta-feira (15), mais de 6 milh\u00f5es de pessoas em Los Angeles, na Calif\u00f3rnia, continuam sob grave amea\u00e7a por conta dos inc\u00eandios florestais, ao passo que o fogo continua se alastrando na regi\u00e3o. O Servi\u00e7o Nacional...","og_url":"https:\/\/diariodepe.com.br\/cri\/2025\/01\/16\/mais-de-6-milhoes-de-pessoas-em-los-angeles-estao-sob-grave-ameaca-de-incendio\/","og_site_name":"CRI e Diario de Pernambuco","article_published_time":"2025-01-17T02:00:06+00:00","og_image":[{"url":"https:\/\/38picres.cgtn.com\/photoAlbum\/page\/performance\/img\/2025\/1\/16\/1737009636228_612.jpg","type":"","width":"","height":""}],"author":"Ismael Lucas S. Pereira","twitter_card":"summary_large_image","twitter_misc":{"Escrito por":"Ismael Lucas S. Pereira","Est. tempo de leitura":"1 minuto"},"schema":{"@context":"https:\/\/schema.org","@graph":[{"@type":"Article","@id":"https:\/\/diariodepe.com.br\/cri\/2025\/01\/16\/mais-de-6-milhoes-de-pessoas-em-los-angeles-estao-sob-grave-ameaca-de-incendio\/#article","isPartOf":{"@id":"https:\/\/diariodepe.com.br\/cri\/2025\/01\/16\/mais-de-6-milhoes-de-pessoas-em-los-angeles-estao-sob-grave-ameaca-de-incendio\/"},"author":{"name":"Ismael Lucas S. Pereira","@id":"https:\/\/diariodepe.com.br\/cri\/#\/schema\/person\/121bb28d84f1a5b1205ef4ce9c2e0c6b"},"headline":"Mais de 6 milh\u00f5es de pessoas em Los Angeles est\u00e3o sob grave amea\u00e7a de inc\u00eandio","datePublished":"2025-01-17T02:00:06+00:00","mainEntityOfPage":{"@id":"https:\/\/diariodepe.com.br\/cri\/2025\/01\/16\/mais-de-6-milhoes-de-pessoas-em-los-angeles-estao-sob-grave-ameaca-de-incendio\/"},"wordCount":112,"commentCount":0,"publisher":{"@id":"https:\/\/diariodepe.com.br\/cri\/#organization"},"image":{"@id":"https:\/\/diariodepe.com.br\/cri\/2025\/01\/16\/mais-de-6-milhoes-de-pessoas-em-los-angeles-estao-sob-grave-ameaca-de-incendio\/#primaryimage"},"thumbnailUrl":"https:\/\/38picres.cgtn.com\/photoAlbum\/page\/performance\/img\/2025\/1\/16\/1737009636228_612.jpg","articleSection":["Internacional"],"inLanguage":"pt-BR","potentialAction":[{"@type":"CommentAction","name":"Comment","target":["https:\/\/diariodepe.com.br\/cri\/2025\/01\/16\/mais-de-6-milhoes-de-pessoas-em-los-angeles-estao-sob-grave-ameaca-de-incendio\/#respond"]}]},{"@type":"WebPage","@id":"https:\/\/diariodepe.com.br\/cri\/2025\/01\/16\/mais-de-6-milhoes-de-pessoas-em-los-angeles-estao-sob-grave-ameaca-de-incendio\/","url":"https:\/\/diariodepe.com.br\/cri\/2025\/01\/16\/mais-de-6-milhoes-de-pessoas-em-los-angeles-estao-sob-grave-ameaca-de-incendio\/","name":"Mais de 6 milh\u00f5es de pessoas em Los Angeles est\u00e3o sob grave amea\u00e7a de inc\u00eandio - CRI e Diario de Pernambuco","isPartOf":{"@id":"https:\/\/diariodepe.com.br\/cri\/#website"},"primaryImageOfPage":{"@id":"https:\/\/diariodepe.com.br\/cri\/2025\/01\/16\/mais-de-6-milhoes-de-pessoas-em-los-angeles-estao-sob-grave-ameaca-de-incendio\/#primaryimage"},"image":{"@id":"https:\/\/diariodepe.com.br\/cri\/2025\/01\/16\/mais-de-6-milhoes-de-pessoas-em-los-angeles-estao-sob-grave-ameaca-de-incendio\/#primaryimage"},"thumbnailUrl":"https:\/\/38picres.cgtn.com\/photoAlbum\/page\/performance\/img\/2025\/1\/16\/1737009636228_612.jpg","datePublished":"2025-01-17T02:00:06+00:00","breadcrumb":{"@id":"https:\/\/diariodepe.com.br\/cri\/2025\/01\/16\/mais-de-6-milhoes-de-pessoas-em-los-angeles-estao-sob-grave-ameaca-de-incendio\/#breadcrumb"},"inLanguage":"pt-BR","potentialAction":[{"@type":"ReadAction","target":["https:\/\/diariodepe.com.br\/cri\/2025\/01\/16\/mais-de-6-milhoes-de-pessoas-em-los-angeles-estao-sob-grave-ameaca-de-incendio\/"]}]},{"@type":"ImageObject","inLanguage":"pt-BR","@id":"https:\/\/diariodepe.com.br\/cri\/2025\/01\/16\/mais-de-6-milhoes-de-pessoas-em-los-angeles-estao-sob-grave-ameaca-de-incendio\/#primaryimage","url":"https:\/\/38picres.cgtn.com\/photoAlbum\/page\/performance\/img\/2025\/1\/16\/1737009636228_612.jpg","contentUrl":"https:\/\/38picres.cgtn.com\/photoAlbum\/page\/performance\/img\/2025\/1\/16\/1737009636228_612.jpg"},{"@type":"BreadcrumbList","@id":"https:\/\/diariodepe.com.br\/cri\/2025\/01\/16\/mais-de-6-milhoes-de-pessoas-em-los-angeles-estao-sob-grave-ameaca-de-incendio\/#breadcrumb","itemListElement":[{"@type":"ListItem","position":1,"name":"In\u00edcio","item":"https:\/\/diariodepe.com.br\/cri\/"},{"@type":"ListItem","position":2,"name":"Mais de 6 milh\u00f5es de pessoas em Los Angeles est\u00e3o sob grave amea\u00e7a de inc\u00eandio"}]},{"@type":"WebSite","@id":"https:\/\/diariodepe.com.br\/cri\/#website","url":"https:\/\/diariodepe.com.br\/cri\/","name":"CRI e Diario de Pernambuco","description":"R\u00e1dio Internacional da China","publisher":{"@id":"https:\/\/diariodepe.com.br\/cri\/#organization"},"potentialAction":[{"@type":"SearchAction","target":{"@type":"EntryPoint","urlTemplate":"https:\/\/diariodepe.com.br\/cri\/?s={search_term_string}"},"query-input":{"@type":"PropertyValueSpecification","valueRequired":true,"valueName":"search_term_string"}}],"inLanguage":"pt-BR"},{"@type":"Organization","@id":"https:\/\/diariodepe.com.br\/cri\/#organization","name":"CRI e Diario de Pernambuco","url":"https:\/\/diariodepe.com.br\/cri\/","logo":{"@type":"ImageObject","inLanguage":"pt-BR","@id":"https:\/\/diariodepe.com.br\/cri\/#\/schema\/logo\/image\/","url":"https:\/\/diariodepe.com.br\/cri\/wp-content\/uploads\/sites\/2\/2022\/12\/cropped-Logo.jpg","contentUrl":"https:\/\/diariodepe.com.br\/cri\/wp-content\/uploads\/sites\/2\/2022\/12\/cropped-Logo.jpg","width":700,"height":59,"caption":"CRI e Diario de Pernambuco"},"image":{"@id":"https:\/\/diariodepe.com.br\/cri\/#\/schema\/logo\/image\/"}},{"@type":"Person","@id":"https:\/\/diariodepe.com.br\/cri\/#\/schema\/person\/121bb28d84f1a5b1205ef4ce9c2e0c6b","name":"Ismael Lucas S. Pereira","image":{"@type":"ImageObject","inLanguage":"pt-BR","@id":"https:\/\/secure.gravatar.com\/avatar\/887a0f3b5a7ceea963a48499fb883ffce6b5037362def025c52c2505b15d63e4?s=96&d=mm&r=g","url":"https:\/\/secure.gravatar.com\/avatar\/887a0f3b5a7ceea963a48499fb883ffce6b5037362def025c52c2505b15d63e4?s=96&d=mm&r=g","contentUrl":"https:\/\/secure.gravatar.com\/avatar\/887a0f3b5a7ceea963a48499fb883ffce6b5037362def025c52c2505b15d63e4?s=96&d=mm&r=g","caption":"Ismael Lucas S. Pereira"},"url":"https:\/\/diariodepe.com.br\/cri\/author\/ismael-lucas\/"}]}},"cc_featured_image_caption":{"caption_text":false,"source_text":false,"source_url":false},"amp_enabled":true,"_links":{"self":[{"href":"https:\/\/diariodepe.com.br\/cri\/wp-json\/wp\/v2\/posts\/7455","targetHints":{"allow":["GET"]}}],"collection":[{"href":"https:\/\/diariodepe.com.br\/cri\/wp-json\/wp\/v2\/posts"}],"about":[{"href":"https:\/\/diariodepe.com.br\/cri\/wp-json\/wp\/v2\/types\/post"}],"author":[{"embeddable":true,"href":"https:\/\/diariodepe.com.br\/cri\/wp-json\/wp\/v2\/users\/2"}],"replies":[{"embeddable":true,"href":"https:\/\/diariodepe.com.br\/cri\/wp-json\/wp\/v2\/comments?post=7455"}],"version-history":[{"count":1,"href":"https:\/\/diariodepe.com.br\/cri\/wp-json\/wp\/v2\/posts\/7455\/revisions"}],"predecessor-version":[{"id":7456,"href":"https:\/\/diariodepe.com.br\/cri\/wp-json\/wp\/v2\/posts\/7455\/revisions\/7456"}],"wp:attachment":[{"href":"https:\/\/diariodepe.com.br\/cri\/wp-json\/wp\/v2\/media?parent=7455"}],"wp:term":[{"taxonomy":"category","embeddable":true,"href":"https:\/\/diariodepe.com.br\/cri\/wp-json\/wp\/v2\/categories?post=7455"},{"taxonomy":"post_tag","embeddable":true,"href":"https:\/\/diariodepe.com.br\/cri\/wp-json\/wp\/v2\/tags?post=7455"}],"curies":[{"name":"wp","href":"https:\/\/api.w.org\/{rel}","templated":true}]}}