{"id":7453,"date":"2025-01-15T22:35:08","date_gmt":"2025-01-16T01:35:08","guid":{"rendered":"https:\/\/diariodepe.com.br\/cri\/?p=7453"},"modified":"2025-01-15T22:35:08","modified_gmt":"2025-01-16T01:35:08","slug":"presidentes-da-china-e-do-sri-lanka-mantem-conversas-em-beijing","status":"publish","type":"post","link":"https:\/\/diariodepe.com.br\/cri\/2025\/01\/15\/presidentes-da-china-e-do-sri-lanka-mantem-conversas-em-beijing\/","title":{"rendered":"Presidentes da China e do Sri Lanka mant\u00eam conversas em Beijing"},"content":{"rendered":"<p>O presidente chin\u00eas, Xi Jinping, conversou com o presidente do Sri Lanka, Anura Kumara Dissanayake, em Beijing, nesta quarta-feira (15).<\/p>\n<p>O l\u00edder chin\u00eas salientou que a China est\u00e1 disposta a aprofundar a confian\u00e7a m\u00fatua pol\u00edtica com o Sri Lanka, al\u00e9m de trocar experi\u00eancias de governan\u00e7a de Estado e fomentar o di\u00e1logo entre os departamentos governamentais. A China apoiar\u00e1 o Sri Lanka com foco na constru\u00e7\u00e3o econ\u00f4mica e em \u00e1reas como agricultura moderna, economia digital e economia mar\u00edtima, al\u00e9m de estar disposta a fomentar colabora\u00e7\u00f5es com o Sri Lanka no \u00e2mbito de institui\u00e7\u00f5es multilaterais como as Na\u00e7\u00f5es Unidas e na resposta a quest\u00f5es concernentes ao desenvolvimento humano como as mudan\u00e7as clim\u00e1ticas.<\/p>\n<p>Anura Kumara Dissanayake afirmou que o Sri Lanka est\u00e1 empenhado na constru\u00e7\u00e3o conjunta do Cintur\u00e3o e Rota e na melhoria da interconectividade regional. O pa\u00eds est\u00e1 disposto a fomentar a coopera\u00e7\u00e3o com a China em \u00e1reas como infraestrutura, energia, agricultura, finan\u00e7as, redu\u00e7\u00e3o de pobreza, transforma\u00e7\u00e3o digital, turismo e capacita\u00e7\u00e3o de pessoal.<\/p>\n<p><img decoding=\"async\" src=\"https:\/\/38picres.cgtn.com\/photoAlbum\/page\/performance\/img\/2025\/1\/15\/1736947764249_176.jpg\" width=\"100%\" height=\"auto\" \/><\/p>\n","protected":false},"excerpt":{"rendered":"<p>O presidente chin\u00eas, Xi Jinping, conversou com o presidente do Sri Lanka, Anura Kumara Dissanayake, em Beijing, nesta quarta-feira (15). O l\u00edder chin\u00eas salientou que a China est\u00e1 disposta a aprofundar a confian\u00e7a m\u00fatua pol\u00edtica com o Sri Lanka, al\u00e9m&#8230;<\/p>\n","protected":false},"author":2,"featured_media":0,"comment_status":"open","ping_status":"open","sticky":false,"template":"","format":"standard","meta":{"footnotes":""},"categories":[3],"tags":[],"class_list":["post-7453","post","type-post","status-publish","format-standard","hentry","category-china"],"yoast_head":"<!-- This site is optimized with the Yoast SEO plugin v27.4 - https:\/\/yoast.com\/product\/yoast-seo-wordpress\/ -->\n<title>Presidentes da China e do Sri Lanka mant\u00eam conversas em Beijing - CRI e Diario de Pernambuco<\/title>\n<meta name=\"robots\" content=\"index, follow, max-snippet:-1, max-image-preview:large, max-video-preview:-1\" \/>\n<link rel=\"canonical\" href=\"https:\/\/diariodepe.com.br\/cri\/2025\/01\/15\/presidentes-da-china-e-do-sri-lanka-mantem-conversas-em-beijing\/\" \/>\n<meta property=\"og:locale\" content=\"pt_BR\" \/>\n<meta property=\"og:type\" content=\"article\" \/>\n<meta property=\"og:title\" content=\"Presidentes da China e do Sri Lanka mant\u00eam conversas em Beijing - CRI e Diario de Pernambuco\" \/>\n<meta property=\"og:description\" content=\"O presidente chin\u00eas, Xi Jinping, conversou com o presidente do Sri Lanka, Anura Kumara Dissanayake, em Beijing, nesta quarta-feira (15). O l\u00edder chin\u00eas salientou que a China est\u00e1 disposta a aprofundar a confian\u00e7a m\u00fatua pol\u00edtica com o Sri Lanka, al\u00e9m...\" \/>\n<meta property=\"og:url\" content=\"https:\/\/diariodepe.com.br\/cri\/2025\/01\/15\/presidentes-da-china-e-do-sri-lanka-mantem-conversas-em-beijing\/\" \/>\n<meta property=\"og:site_name\" content=\"CRI e Diario de Pernambuco\" \/>\n<meta property=\"article:published_time\" content=\"2025-01-16T01:35:08+00:00\" \/>\n<meta property=\"og:image\" content=\"https:\/\/38picres.cgtn.com\/photoAlbum\/page\/performance\/img\/2025\/1\/15\/1736947764249_176.jpg\" \/>\n<meta name=\"author\" content=\"Ismael Lucas S. Pereira\" \/>\n<meta name=\"twitter:card\" content=\"summary_large_image\" \/>\n<meta name=\"twitter:label1\" content=\"Escrito por\" \/>\n\t<meta name=\"twitter:data1\" content=\"Ismael Lucas S. Pereira\" \/>\n\t<meta name=\"twitter:label2\" content=\"Est. tempo de leitura\" \/>\n\t<meta name=\"twitter:data2\" content=\"2 minutos\" \/>\n<script type=\"application\/ld+json\" class=\"yoast-schema-graph\">{\"@context\":\"https:\\\/\\\/schema.org\",\"@graph\":[{\"@type\":\"Article\",\"@id\":\"https:\\\/\\\/diariodepe.com.br\\\/cri\\\/2025\\\/01\\\/15\\\/presidentes-da-china-e-do-sri-lanka-mantem-conversas-em-beijing\\\/#article\",\"isPartOf\":{\"@id\":\"https:\\\/\\\/diariodepe.com.br\\\/cri\\\/2025\\\/01\\\/15\\\/presidentes-da-china-e-do-sri-lanka-mantem-conversas-em-beijing\\\/\"},\"author\":{\"name\":\"Ismael Lucas S. Pereira\",\"@id\":\"https:\\\/\\\/diariodepe.com.br\\\/cri\\\/#\\\/schema\\\/person\\\/121bb28d84f1a5b1205ef4ce9c2e0c6b\"},\"headline\":\"Presidentes da China e do Sri Lanka mant\u00eam conversas em Beijing\",\"datePublished\":\"2025-01-16T01:35:08+00:00\",\"mainEntityOfPage\":{\"@id\":\"https:\\\/\\\/diariodepe.com.br\\\/cri\\\/2025\\\/01\\\/15\\\/presidentes-da-china-e-do-sri-lanka-mantem-conversas-em-beijing\\\/\"},\"wordCount\":200,\"commentCount\":0,\"publisher\":{\"@id\":\"https:\\\/\\\/diariodepe.com.br\\\/cri\\\/#organization\"},\"image\":{\"@id\":\"https:\\\/\\\/diariodepe.com.br\\\/cri\\\/2025\\\/01\\\/15\\\/presidentes-da-china-e-do-sri-lanka-mantem-conversas-em-beijing\\\/#primaryimage\"},\"thumbnailUrl\":\"https:\\\/\\\/38picres.cgtn.com\\\/photoAlbum\\\/page\\\/performance\\\/img\\\/2025\\\/1\\\/15\\\/1736947764249_176.jpg\",\"articleSection\":[\"China\"],\"inLanguage\":\"pt-BR\",\"potentialAction\":[{\"@type\":\"CommentAction\",\"name\":\"Comment\",\"target\":[\"https:\\\/\\\/diariodepe.com.br\\\/cri\\\/2025\\\/01\\\/15\\\/presidentes-da-china-e-do-sri-lanka-mantem-conversas-em-beijing\\\/#respond\"]}]},{\"@type\":\"WebPage\",\"@id\":\"https:\\\/\\\/diariodepe.com.br\\\/cri\\\/2025\\\/01\\\/15\\\/presidentes-da-china-e-do-sri-lanka-mantem-conversas-em-beijing\\\/\",\"url\":\"https:\\\/\\\/diariodepe.com.br\\\/cri\\\/2025\\\/01\\\/15\\\/presidentes-da-china-e-do-sri-lanka-mantem-conversas-em-beijing\\\/\",\"name\":\"Presidentes da China e do Sri Lanka mant\u00eam conversas em Beijing - CRI e Diario de Pernambuco\",\"isPartOf\":{\"@id\":\"https:\\\/\\\/diariodepe.com.br\\\/cri\\\/#website\"},\"primaryImageOfPage\":{\"@id\":\"https:\\\/\\\/diariodepe.com.br\\\/cri\\\/2025\\\/01\\\/15\\\/presidentes-da-china-e-do-sri-lanka-mantem-conversas-em-beijing\\\/#primaryimage\"},\"image\":{\"@id\":\"https:\\\/\\\/diariodepe.com.br\\\/cri\\\/2025\\\/01\\\/15\\\/presidentes-da-china-e-do-sri-lanka-mantem-conversas-em-beijing\\\/#primaryimage\"},\"thumbnailUrl\":\"https:\\\/\\\/38picres.cgtn.com\\\/photoAlbum\\\/page\\\/performance\\\/img\\\/2025\\\/1\\\/15\\\/1736947764249_176.jpg\",\"datePublished\":\"2025-01-16T01:35:08+00:00\",\"breadcrumb\":{\"@id\":\"https:\\\/\\\/diariodepe.com.br\\\/cri\\\/2025\\\/01\\\/15\\\/presidentes-da-china-e-do-sri-lanka-mantem-conversas-em-beijing\\\/#breadcrumb\"},\"inLanguage\":\"pt-BR\",\"potentialAction\":[{\"@type\":\"ReadAction\",\"target\":[\"https:\\\/\\\/diariodepe.com.br\\\/cri\\\/2025\\\/01\\\/15\\\/presidentes-da-china-e-do-sri-lanka-mantem-conversas-em-beijing\\\/\"]}]},{\"@type\":\"ImageObject\",\"inLanguage\":\"pt-BR\",\"@id\":\"https:\\\/\\\/diariodepe.com.br\\\/cri\\\/2025\\\/01\\\/15\\\/presidentes-da-china-e-do-sri-lanka-mantem-conversas-em-beijing\\\/#primaryimage\",\"url\":\"https:\\\/\\\/38picres.cgtn.com\\\/photoAlbum\\\/page\\\/performance\\\/img\\\/2025\\\/1\\\/15\\\/1736947764249_176.jpg\",\"contentUrl\":\"https:\\\/\\\/38picres.cgtn.com\\\/photoAlbum\\\/page\\\/performance\\\/img\\\/2025\\\/1\\\/15\\\/1736947764249_176.jpg\"},{\"@type\":\"BreadcrumbList\",\"@id\":\"https:\\\/\\\/diariodepe.com.br\\\/cri\\\/2025\\\/01\\\/15\\\/presidentes-da-china-e-do-sri-lanka-mantem-conversas-em-beijing\\\/#breadcrumb\",\"itemListElement\":[{\"@type\":\"ListItem\",\"position\":1,\"name\":\"In\u00edcio\",\"item\":\"https:\\\/\\\/diariodepe.com.br\\\/cri\\\/\"},{\"@type\":\"ListItem\",\"position\":2,\"name\":\"Presidentes da China e do Sri Lanka mant\u00eam conversas em Beijing\"}]},{\"@type\":\"WebSite\",\"@id\":\"https:\\\/\\\/diariodepe.com.br\\\/cri\\\/#website\",\"url\":\"https:\\\/\\\/diariodepe.com.br\\\/cri\\\/\",\"name\":\"CRI e Diario de Pernambuco\",\"description\":\"R\u00e1dio Internacional da China\",\"publisher\":{\"@id\":\"https:\\\/\\\/diariodepe.com.br\\\/cri\\\/#organization\"},\"potentialAction\":[{\"@type\":\"SearchAction\",\"target\":{\"@type\":\"EntryPoint\",\"urlTemplate\":\"https:\\\/\\\/diariodepe.com.br\\\/cri\\\/?s={search_term_string}\"},\"query-input\":{\"@type\":\"PropertyValueSpecification\",\"valueRequired\":true,\"valueName\":\"search_term_string\"}}],\"inLanguage\":\"pt-BR\"},{\"@type\":\"Organization\",\"@id\":\"https:\\\/\\\/diariodepe.com.br\\\/cri\\\/#organization\",\"name\":\"CRI e Diario de Pernambuco\",\"url\":\"https:\\\/\\\/diariodepe.com.br\\\/cri\\\/\",\"logo\":{\"@type\":\"ImageObject\",\"inLanguage\":\"pt-BR\",\"@id\":\"https:\\\/\\\/diariodepe.com.br\\\/cri\\\/#\\\/schema\\\/logo\\\/image\\\/\",\"url\":\"https:\\\/\\\/diariodepe.com.br\\\/cri\\\/wp-content\\\/uploads\\\/sites\\\/2\\\/2022\\\/12\\\/cropped-Logo.jpg\",\"contentUrl\":\"https:\\\/\\\/diariodepe.com.br\\\/cri\\\/wp-content\\\/uploads\\\/sites\\\/2\\\/2022\\\/12\\\/cropped-Logo.jpg\",\"width\":700,\"height\":59,\"caption\":\"CRI e Diario de Pernambuco\"},\"image\":{\"@id\":\"https:\\\/\\\/diariodepe.com.br\\\/cri\\\/#\\\/schema\\\/logo\\\/image\\\/\"}},{\"@type\":\"Person\",\"@id\":\"https:\\\/\\\/diariodepe.com.br\\\/cri\\\/#\\\/schema\\\/person\\\/121bb28d84f1a5b1205ef4ce9c2e0c6b\",\"name\":\"Ismael Lucas S. Pereira\",\"image\":{\"@type\":\"ImageObject\",\"inLanguage\":\"pt-BR\",\"@id\":\"https:\\\/\\\/secure.gravatar.com\\\/avatar\\\/887a0f3b5a7ceea963a48499fb883ffce6b5037362def025c52c2505b15d63e4?s=96&d=mm&r=g\",\"url\":\"https:\\\/\\\/secure.gravatar.com\\\/avatar\\\/887a0f3b5a7ceea963a48499fb883ffce6b5037362def025c52c2505b15d63e4?s=96&d=mm&r=g\",\"contentUrl\":\"https:\\\/\\\/secure.gravatar.com\\\/avatar\\\/887a0f3b5a7ceea963a48499fb883ffce6b5037362def025c52c2505b15d63e4?s=96&d=mm&r=g\",\"caption\":\"Ismael Lucas S. Pereira\"},\"url\":\"https:\\\/\\\/diariodepe.com.br\\\/cri\\\/author\\\/ismael-lucas\\\/\"}]}<\/script>\n<!-- \/ Yoast SEO plugin. -->","yoast_head_json":{"title":"Presidentes da China e do Sri Lanka mant\u00eam conversas em Beijing - CRI e Diario de Pernambuco","robots":{"index":"index","follow":"follow","max-snippet":"max-snippet:-1","max-image-preview":"max-image-preview:large","max-video-preview":"max-video-preview:-1"},"canonical":"https:\/\/diariodepe.com.br\/cri\/2025\/01\/15\/presidentes-da-china-e-do-sri-lanka-mantem-conversas-em-beijing\/","og_locale":"pt_BR","og_type":"article","og_title":"Presidentes da China e do Sri Lanka mant\u00eam conversas em Beijing - CRI e Diario de Pernambuco","og_description":"O presidente chin\u00eas, Xi Jinping, conversou com o presidente do Sri Lanka, Anura Kumara Dissanayake, em Beijing, nesta quarta-feira (15). O l\u00edder chin\u00eas salientou que a China est\u00e1 disposta a aprofundar a confian\u00e7a m\u00fatua pol\u00edtica com o Sri Lanka, al\u00e9m...","og_url":"https:\/\/diariodepe.com.br\/cri\/2025\/01\/15\/presidentes-da-china-e-do-sri-lanka-mantem-conversas-em-beijing\/","og_site_name":"CRI e Diario de Pernambuco","article_published_time":"2025-01-16T01:35:08+00:00","og_image":[{"url":"https:\/\/38picres.cgtn.com\/photoAlbum\/page\/performance\/img\/2025\/1\/15\/1736947764249_176.jpg","type":"","width":"","height":""}],"author":"Ismael Lucas S. Pereira","twitter_card":"summary_large_image","twitter_misc":{"Escrito por":"Ismael Lucas S. Pereira","Est. tempo de leitura":"2 minutos"},"schema":{"@context":"https:\/\/schema.org","@graph":[{"@type":"Article","@id":"https:\/\/diariodepe.com.br\/cri\/2025\/01\/15\/presidentes-da-china-e-do-sri-lanka-mantem-conversas-em-beijing\/#article","isPartOf":{"@id":"https:\/\/diariodepe.com.br\/cri\/2025\/01\/15\/presidentes-da-china-e-do-sri-lanka-mantem-conversas-em-beijing\/"},"author":{"name":"Ismael Lucas S. Pereira","@id":"https:\/\/diariodepe.com.br\/cri\/#\/schema\/person\/121bb28d84f1a5b1205ef4ce9c2e0c6b"},"headline":"Presidentes da China e do Sri Lanka mant\u00eam conversas em Beijing","datePublished":"2025-01-16T01:35:08+00:00","mainEntityOfPage":{"@id":"https:\/\/diariodepe.com.br\/cri\/2025\/01\/15\/presidentes-da-china-e-do-sri-lanka-mantem-conversas-em-beijing\/"},"wordCount":200,"commentCount":0,"publisher":{"@id":"https:\/\/diariodepe.com.br\/cri\/#organization"},"image":{"@id":"https:\/\/diariodepe.com.br\/cri\/2025\/01\/15\/presidentes-da-china-e-do-sri-lanka-mantem-conversas-em-beijing\/#primaryimage"},"thumbnailUrl":"https:\/\/38picres.cgtn.com\/photoAlbum\/page\/performance\/img\/2025\/1\/15\/1736947764249_176.jpg","articleSection":["China"],"inLanguage":"pt-BR","potentialAction":[{"@type":"CommentAction","name":"Comment","target":["https:\/\/diariodepe.com.br\/cri\/2025\/01\/15\/presidentes-da-china-e-do-sri-lanka-mantem-conversas-em-beijing\/#respond"]}]},{"@type":"WebPage","@id":"https:\/\/diariodepe.com.br\/cri\/2025\/01\/15\/presidentes-da-china-e-do-sri-lanka-mantem-conversas-em-beijing\/","url":"https:\/\/diariodepe.com.br\/cri\/2025\/01\/15\/presidentes-da-china-e-do-sri-lanka-mantem-conversas-em-beijing\/","name":"Presidentes da China e do Sri Lanka mant\u00eam conversas em Beijing - CRI e Diario de Pernambuco","isPartOf":{"@id":"https:\/\/diariodepe.com.br\/cri\/#website"},"primaryImageOfPage":{"@id":"https:\/\/diariodepe.com.br\/cri\/2025\/01\/15\/presidentes-da-china-e-do-sri-lanka-mantem-conversas-em-beijing\/#primaryimage"},"image":{"@id":"https:\/\/diariodepe.com.br\/cri\/2025\/01\/15\/presidentes-da-china-e-do-sri-lanka-mantem-conversas-em-beijing\/#primaryimage"},"thumbnailUrl":"https:\/\/38picres.cgtn.com\/photoAlbum\/page\/performance\/img\/2025\/1\/15\/1736947764249_176.jpg","datePublished":"2025-01-16T01:35:08+00:00","breadcrumb":{"@id":"https:\/\/diariodepe.com.br\/cri\/2025\/01\/15\/presidentes-da-china-e-do-sri-lanka-mantem-conversas-em-beijing\/#breadcrumb"},"inLanguage":"pt-BR","potentialAction":[{"@type":"ReadAction","target":["https:\/\/diariodepe.com.br\/cri\/2025\/01\/15\/presidentes-da-china-e-do-sri-lanka-mantem-conversas-em-beijing\/"]}]},{"@type":"ImageObject","inLanguage":"pt-BR","@id":"https:\/\/diariodepe.com.br\/cri\/2025\/01\/15\/presidentes-da-china-e-do-sri-lanka-mantem-conversas-em-beijing\/#primaryimage","url":"https:\/\/38picres.cgtn.com\/photoAlbum\/page\/performance\/img\/2025\/1\/15\/1736947764249_176.jpg","contentUrl":"https:\/\/38picres.cgtn.com\/photoAlbum\/page\/performance\/img\/2025\/1\/15\/1736947764249_176.jpg"},{"@type":"BreadcrumbList","@id":"https:\/\/diariodepe.com.br\/cri\/2025\/01\/15\/presidentes-da-china-e-do-sri-lanka-mantem-conversas-em-beijing\/#breadcrumb","itemListElement":[{"@type":"ListItem","position":1,"name":"In\u00edcio","item":"https:\/\/diariodepe.com.br\/cri\/"},{"@type":"ListItem","position":2,"name":"Presidentes da China e do Sri Lanka mant\u00eam conversas em Beijing"}]},{"@type":"WebSite","@id":"https:\/\/diariodepe.com.br\/cri\/#website","url":"https:\/\/diariodepe.com.br\/cri\/","name":"CRI e Diario de Pernambuco","description":"R\u00e1dio Internacional da China","publisher":{"@id":"https:\/\/diariodepe.com.br\/cri\/#organization"},"potentialAction":[{"@type":"SearchAction","target":{"@type":"EntryPoint","urlTemplate":"https:\/\/diariodepe.com.br\/cri\/?s={search_term_string}"},"query-input":{"@type":"PropertyValueSpecification","valueRequired":true,"valueName":"search_term_string"}}],"inLanguage":"pt-BR"},{"@type":"Organization","@id":"https:\/\/diariodepe.com.br\/cri\/#organization","name":"CRI e Diario de Pernambuco","url":"https:\/\/diariodepe.com.br\/cri\/","logo":{"@type":"ImageObject","inLanguage":"pt-BR","@id":"https:\/\/diariodepe.com.br\/cri\/#\/schema\/logo\/image\/","url":"https:\/\/diariodepe.com.br\/cri\/wp-content\/uploads\/sites\/2\/2022\/12\/cropped-Logo.jpg","contentUrl":"https:\/\/diariodepe.com.br\/cri\/wp-content\/uploads\/sites\/2\/2022\/12\/cropped-Logo.jpg","width":700,"height":59,"caption":"CRI e Diario de Pernambuco"},"image":{"@id":"https:\/\/diariodepe.com.br\/cri\/#\/schema\/logo\/image\/"}},{"@type":"Person","@id":"https:\/\/diariodepe.com.br\/cri\/#\/schema\/person\/121bb28d84f1a5b1205ef4ce9c2e0c6b","name":"Ismael Lucas S. Pereira","image":{"@type":"ImageObject","inLanguage":"pt-BR","@id":"https:\/\/secure.gravatar.com\/avatar\/887a0f3b5a7ceea963a48499fb883ffce6b5037362def025c52c2505b15d63e4?s=96&d=mm&r=g","url":"https:\/\/secure.gravatar.com\/avatar\/887a0f3b5a7ceea963a48499fb883ffce6b5037362def025c52c2505b15d63e4?s=96&d=mm&r=g","contentUrl":"https:\/\/secure.gravatar.com\/avatar\/887a0f3b5a7ceea963a48499fb883ffce6b5037362def025c52c2505b15d63e4?s=96&d=mm&r=g","caption":"Ismael Lucas S. Pereira"},"url":"https:\/\/diariodepe.com.br\/cri\/author\/ismael-lucas\/"}]}},"cc_featured_image_caption":{"caption_text":false,"source_text":false,"source_url":false},"amp_enabled":true,"_links":{"self":[{"href":"https:\/\/diariodepe.com.br\/cri\/wp-json\/wp\/v2\/posts\/7453","targetHints":{"allow":["GET"]}}],"collection":[{"href":"https:\/\/diariodepe.com.br\/cri\/wp-json\/wp\/v2\/posts"}],"about":[{"href":"https:\/\/diariodepe.com.br\/cri\/wp-json\/wp\/v2\/types\/post"}],"author":[{"embeddable":true,"href":"https:\/\/diariodepe.com.br\/cri\/wp-json\/wp\/v2\/users\/2"}],"replies":[{"embeddable":true,"href":"https:\/\/diariodepe.com.br\/cri\/wp-json\/wp\/v2\/comments?post=7453"}],"version-history":[{"count":1,"href":"https:\/\/diariodepe.com.br\/cri\/wp-json\/wp\/v2\/posts\/7453\/revisions"}],"predecessor-version":[{"id":7454,"href":"https:\/\/diariodepe.com.br\/cri\/wp-json\/wp\/v2\/posts\/7453\/revisions\/7454"}],"wp:attachment":[{"href":"https:\/\/diariodepe.com.br\/cri\/wp-json\/wp\/v2\/media?parent=7453"}],"wp:term":[{"taxonomy":"category","embeddable":true,"href":"https:\/\/diariodepe.com.br\/cri\/wp-json\/wp\/v2\/categories?post=7453"},{"taxonomy":"post_tag","embeddable":true,"href":"https:\/\/diariodepe.com.br\/cri\/wp-json\/wp\/v2\/tags?post=7453"}],"curies":[{"name":"wp","href":"https:\/\/api.w.org\/{rel}","templated":true}]}}