{"id":7448,"date":"2025-01-14T23:05:07","date_gmt":"2025-01-15T02:05:07","guid":{"rendered":"https:\/\/diariodepe.com.br\/cri\/?p=7448"},"modified":"2025-01-14T23:05:07","modified_gmt":"2025-01-15T02:05:07","slug":"o-que-o-relatorio-anual-sobre-comercio-exterior-da-china-significa-para-o-mundo","status":"publish","type":"post","link":"https:\/\/diariodepe.com.br\/cri\/2025\/01\/14\/o-que-o-relatorio-anual-sobre-comercio-exterior-da-china-significa-para-o-mundo\/","title":{"rendered":"O que o relat\u00f3rio anual sobre com\u00e9rcio exterior da China significa para o mundo?"},"content":{"rendered":"<p><span lang=\"PT\">De acordo com estat\u00edsticas divulgadas ontem (13), o com\u00e9rcio exterior de mercadorias da China totalizou no ano passado 43,85 trilh\u00f5es de yuans, um aumento de 5% rela\u00e7\u00e3o ao ano de 2023, batendo um novo recorde hist\u00f3rico.<\/span><\/p>\n<p><span lang=\"PT\">\u201cEstat\u00edsticas comerciais superiores ao esperado\u201d, \u201ccrescimento significativo das importa\u00e7\u00f5es\u201d \u2013 eis os coment\u00e1rios feitos por v\u00e1rios ve\u00edculos de imprensa estrangeiros em rela\u00e7\u00e3o ao desempenho do com\u00e9rcio exterior chin\u00eas.<\/span><\/p>\n<p><span lang=\"PT\">O que este relat\u00f3rio significa para o mundo? A China agora n\u00e3o s\u00f3 oferece mais fontes de energia ecol\u00f3gica e produtos de qualidade, mas tamb\u00e9m possui um mercado maior e um espa\u00e7o de desenvolvimento mais amplo. Em 2024, o pa\u00eds importou um total de 3 bilh\u00f5es de toneladas de\u00a0<i>commodities<\/i>, m\u00e1quinas e produtos el\u00e9tricos avaliados em mais de 7 bilh\u00f5es de yuans, al\u00e9m de cerca de 1,8 bilh\u00e3o de yuans em bens de consumo, o que satisfez a diversificada demanda interna por produ\u00e7\u00e3o e consumo e ao mesmo tempo permitiu ao mundo o compartilhamento do enorme mercado chin\u00eas, promovendo o desenvolvimento comum.<\/span><\/p>\n<p><span lang=\"PT\">O com\u00e9rcio exterior \u00e9 uma importante janela para se observar a situa\u00e7\u00e3o econ\u00f4mica de um pa\u00eds. Sendo a segunda maior economia do mundo, a China sempre defendeu a estabilidade das cadeias industriais e de abastecimento globais atrav\u00e9s da abertura e das conex\u00f5es, bem como a promo\u00e7\u00e3o do desenvolvimento saud\u00e1vel e sustent\u00e1vel do com\u00e9rcio global.<\/span><\/p>\n<p><span lang=\"PT\">Os impactos da geopol\u00edtica, do unilateralismo e do protecionismo seguem em ascens\u00e3o. O com\u00e9rcio global continua enfrentando desafios cr\u00edticos. No entanto, de acordo com as \u00faltimas previs\u00f5es do Fundo Monet\u00e1rio Internacional (FMI), o ritmo de crescimento do com\u00e9rcio global ser\u00e1 de 3,4% em 2025, contra 3,1% em 2024. Isso significa que h\u00e1 uma tend\u00eancia de aquecimento da demanda externa.<\/span><\/p>\n<p><span lang=\"PT\">A ades\u00e3o \u00e0 abertura e \u00e0 coopera\u00e7\u00e3o continua sendo o objetivo comum do mundo. Sendo o maior pa\u00eds comerciante de mercadorias do mundo, a China tem confian\u00e7a e \u00a0compet\u00eancia para enfrentar os desafios, estabilizar continuamente o com\u00e9rcio externo e promover o crescimento para compartilhar os benef\u00edcios do desenvolvimento com todo o mundo.<\/span><\/p>\n","protected":false},"excerpt":{"rendered":"<p>De acordo com estat\u00edsticas divulgadas ontem (13), o com\u00e9rcio exterior de mercadorias da China totalizou no ano passado 43,85 trilh\u00f5es de yuans, um aumento de 5% rela\u00e7\u00e3o ao ano de 2023, batendo um novo recorde hist\u00f3rico. \u201cEstat\u00edsticas comerciais superiores ao&#8230;<\/p>\n","protected":false},"author":2,"featured_media":0,"comment_status":"open","ping_status":"open","sticky":false,"template":"","format":"standard","meta":{"footnotes":""},"categories":[7],"tags":[],"class_list":["post-7448","post","type-post","status-publish","format-standard","hentry","category-visao"],"yoast_head":"<!-- This site is optimized with the Yoast SEO plugin v27.4 - https:\/\/yoast.com\/product\/yoast-seo-wordpress\/ -->\n<title>O que o relat\u00f3rio anual sobre com\u00e9rcio exterior da China significa para o mundo? - CRI e Diario de Pernambuco<\/title>\n<meta name=\"robots\" content=\"index, follow, max-snippet:-1, max-image-preview:large, max-video-preview:-1\" \/>\n<link rel=\"canonical\" href=\"https:\/\/diariodepe.com.br\/cri\/2025\/01\/14\/o-que-o-relatorio-anual-sobre-comercio-exterior-da-china-significa-para-o-mundo\/\" \/>\n<meta property=\"og:locale\" content=\"pt_BR\" \/>\n<meta property=\"og:type\" content=\"article\" \/>\n<meta property=\"og:title\" content=\"O que o relat\u00f3rio anual sobre com\u00e9rcio exterior da China significa para o mundo? - CRI e Diario de Pernambuco\" \/>\n<meta property=\"og:description\" content=\"De acordo com estat\u00edsticas divulgadas ontem (13), o com\u00e9rcio exterior de mercadorias da China totalizou no ano passado 43,85 trilh\u00f5es de yuans, um aumento de 5% rela\u00e7\u00e3o ao ano de 2023, batendo um novo recorde hist\u00f3rico. \u201cEstat\u00edsticas comerciais superiores ao...\" \/>\n<meta property=\"og:url\" content=\"https:\/\/diariodepe.com.br\/cri\/2025\/01\/14\/o-que-o-relatorio-anual-sobre-comercio-exterior-da-china-significa-para-o-mundo\/\" \/>\n<meta property=\"og:site_name\" content=\"CRI e Diario de Pernambuco\" \/>\n<meta property=\"article:published_time\" content=\"2025-01-15T02:05:07+00:00\" \/>\n<meta name=\"author\" content=\"Ismael Lucas S. Pereira\" \/>\n<meta name=\"twitter:card\" content=\"summary_large_image\" \/>\n<meta name=\"twitter:label1\" content=\"Escrito por\" \/>\n\t<meta name=\"twitter:data1\" content=\"Ismael Lucas S. Pereira\" \/>\n<script type=\"application\/ld+json\" class=\"yoast-schema-graph\">{\"@context\":\"https:\\\/\\\/schema.org\",\"@graph\":[{\"@type\":\"Article\",\"@id\":\"https:\\\/\\\/diariodepe.com.br\\\/cri\\\/2025\\\/01\\\/14\\\/o-que-o-relatorio-anual-sobre-comercio-exterior-da-china-significa-para-o-mundo\\\/#article\",\"isPartOf\":{\"@id\":\"https:\\\/\\\/diariodepe.com.br\\\/cri\\\/2025\\\/01\\\/14\\\/o-que-o-relatorio-anual-sobre-comercio-exterior-da-china-significa-para-o-mundo\\\/\"},\"author\":{\"name\":\"Ismael Lucas S. Pereira\",\"@id\":\"https:\\\/\\\/diariodepe.com.br\\\/cri\\\/#\\\/schema\\\/person\\\/121bb28d84f1a5b1205ef4ce9c2e0c6b\"},\"headline\":\"O que o relat\u00f3rio anual sobre com\u00e9rcio exterior da China significa para o mundo?\",\"datePublished\":\"2025-01-15T02:05:07+00:00\",\"mainEntityOfPage\":{\"@id\":\"https:\\\/\\\/diariodepe.com.br\\\/cri\\\/2025\\\/01\\\/14\\\/o-que-o-relatorio-anual-sobre-comercio-exterior-da-china-significa-para-o-mundo\\\/\"},\"wordCount\":383,\"commentCount\":0,\"publisher\":{\"@id\":\"https:\\\/\\\/diariodepe.com.br\\\/cri\\\/#organization\"},\"articleSection\":[\"Vis\u00e3o\"],\"inLanguage\":\"pt-BR\",\"potentialAction\":[{\"@type\":\"CommentAction\",\"name\":\"Comment\",\"target\":[\"https:\\\/\\\/diariodepe.com.br\\\/cri\\\/2025\\\/01\\\/14\\\/o-que-o-relatorio-anual-sobre-comercio-exterior-da-china-significa-para-o-mundo\\\/#respond\"]}]},{\"@type\":\"WebPage\",\"@id\":\"https:\\\/\\\/diariodepe.com.br\\\/cri\\\/2025\\\/01\\\/14\\\/o-que-o-relatorio-anual-sobre-comercio-exterior-da-china-significa-para-o-mundo\\\/\",\"url\":\"https:\\\/\\\/diariodepe.com.br\\\/cri\\\/2025\\\/01\\\/14\\\/o-que-o-relatorio-anual-sobre-comercio-exterior-da-china-significa-para-o-mundo\\\/\",\"name\":\"O que o relat\u00f3rio anual sobre com\u00e9rcio exterior da China significa para o mundo? - CRI e Diario de Pernambuco\",\"isPartOf\":{\"@id\":\"https:\\\/\\\/diariodepe.com.br\\\/cri\\\/#website\"},\"datePublished\":\"2025-01-15T02:05:07+00:00\",\"breadcrumb\":{\"@id\":\"https:\\\/\\\/diariodepe.com.br\\\/cri\\\/2025\\\/01\\\/14\\\/o-que-o-relatorio-anual-sobre-comercio-exterior-da-china-significa-para-o-mundo\\\/#breadcrumb\"},\"inLanguage\":\"pt-BR\",\"potentialAction\":[{\"@type\":\"ReadAction\",\"target\":[\"https:\\\/\\\/diariodepe.com.br\\\/cri\\\/2025\\\/01\\\/14\\\/o-que-o-relatorio-anual-sobre-comercio-exterior-da-china-significa-para-o-mundo\\\/\"]}]},{\"@type\":\"BreadcrumbList\",\"@id\":\"https:\\\/\\\/diariodepe.com.br\\\/cri\\\/2025\\\/01\\\/14\\\/o-que-o-relatorio-anual-sobre-comercio-exterior-da-china-significa-para-o-mundo\\\/#breadcrumb\",\"itemListElement\":[{\"@type\":\"ListItem\",\"position\":1,\"name\":\"In\u00edcio\",\"item\":\"https:\\\/\\\/diariodepe.com.br\\\/cri\\\/\"},{\"@type\":\"ListItem\",\"position\":2,\"name\":\"O que o relat\u00f3rio anual sobre com\u00e9rcio exterior da China significa para o mundo?\"}]},{\"@type\":\"WebSite\",\"@id\":\"https:\\\/\\\/diariodepe.com.br\\\/cri\\\/#website\",\"url\":\"https:\\\/\\\/diariodepe.com.br\\\/cri\\\/\",\"name\":\"CRI e Diario de Pernambuco\",\"description\":\"R\u00e1dio Internacional da China\",\"publisher\":{\"@id\":\"https:\\\/\\\/diariodepe.com.br\\\/cri\\\/#organization\"},\"potentialAction\":[{\"@type\":\"SearchAction\",\"target\":{\"@type\":\"EntryPoint\",\"urlTemplate\":\"https:\\\/\\\/diariodepe.com.br\\\/cri\\\/?s={search_term_string}\"},\"query-input\":{\"@type\":\"PropertyValueSpecification\",\"valueRequired\":true,\"valueName\":\"search_term_string\"}}],\"inLanguage\":\"pt-BR\"},{\"@type\":\"Organization\",\"@id\":\"https:\\\/\\\/diariodepe.com.br\\\/cri\\\/#organization\",\"name\":\"CRI e Diario de Pernambuco\",\"url\":\"https:\\\/\\\/diariodepe.com.br\\\/cri\\\/\",\"logo\":{\"@type\":\"ImageObject\",\"inLanguage\":\"pt-BR\",\"@id\":\"https:\\\/\\\/diariodepe.com.br\\\/cri\\\/#\\\/schema\\\/logo\\\/image\\\/\",\"url\":\"https:\\\/\\\/diariodepe.com.br\\\/cri\\\/wp-content\\\/uploads\\\/sites\\\/2\\\/2022\\\/12\\\/cropped-Logo.jpg\",\"contentUrl\":\"https:\\\/\\\/diariodepe.com.br\\\/cri\\\/wp-content\\\/uploads\\\/sites\\\/2\\\/2022\\\/12\\\/cropped-Logo.jpg\",\"width\":700,\"height\":59,\"caption\":\"CRI e Diario de Pernambuco\"},\"image\":{\"@id\":\"https:\\\/\\\/diariodepe.com.br\\\/cri\\\/#\\\/schema\\\/logo\\\/image\\\/\"}},{\"@type\":\"Person\",\"@id\":\"https:\\\/\\\/diariodepe.com.br\\\/cri\\\/#\\\/schema\\\/person\\\/121bb28d84f1a5b1205ef4ce9c2e0c6b\",\"name\":\"Ismael Lucas S. Pereira\",\"image\":{\"@type\":\"ImageObject\",\"inLanguage\":\"pt-BR\",\"@id\":\"https:\\\/\\\/secure.gravatar.com\\\/avatar\\\/887a0f3b5a7ceea963a48499fb883ffce6b5037362def025c52c2505b15d63e4?s=96&d=mm&r=g\",\"url\":\"https:\\\/\\\/secure.gravatar.com\\\/avatar\\\/887a0f3b5a7ceea963a48499fb883ffce6b5037362def025c52c2505b15d63e4?s=96&d=mm&r=g\",\"contentUrl\":\"https:\\\/\\\/secure.gravatar.com\\\/avatar\\\/887a0f3b5a7ceea963a48499fb883ffce6b5037362def025c52c2505b15d63e4?s=96&d=mm&r=g\",\"caption\":\"Ismael Lucas S. Pereira\"},\"url\":\"https:\\\/\\\/diariodepe.com.br\\\/cri\\\/author\\\/ismael-lucas\\\/\"}]}<\/script>\n<!-- \/ Yoast SEO plugin. -->","yoast_head_json":{"title":"O que o relat\u00f3rio anual sobre com\u00e9rcio exterior da China significa para o mundo? - CRI e Diario de Pernambuco","robots":{"index":"index","follow":"follow","max-snippet":"max-snippet:-1","max-image-preview":"max-image-preview:large","max-video-preview":"max-video-preview:-1"},"canonical":"https:\/\/diariodepe.com.br\/cri\/2025\/01\/14\/o-que-o-relatorio-anual-sobre-comercio-exterior-da-china-significa-para-o-mundo\/","og_locale":"pt_BR","og_type":"article","og_title":"O que o relat\u00f3rio anual sobre com\u00e9rcio exterior da China significa para o mundo? - CRI e Diario de Pernambuco","og_description":"De acordo com estat\u00edsticas divulgadas ontem (13), o com\u00e9rcio exterior de mercadorias da China totalizou no ano passado 43,85 trilh\u00f5es de yuans, um aumento de 5% rela\u00e7\u00e3o ao ano de 2023, batendo um novo recorde hist\u00f3rico. \u201cEstat\u00edsticas comerciais superiores ao...","og_url":"https:\/\/diariodepe.com.br\/cri\/2025\/01\/14\/o-que-o-relatorio-anual-sobre-comercio-exterior-da-china-significa-para-o-mundo\/","og_site_name":"CRI e Diario de Pernambuco","article_published_time":"2025-01-15T02:05:07+00:00","author":"Ismael Lucas S. Pereira","twitter_card":"summary_large_image","twitter_misc":{"Escrito por":"Ismael Lucas S. Pereira"},"schema":{"@context":"https:\/\/schema.org","@graph":[{"@type":"Article","@id":"https:\/\/diariodepe.com.br\/cri\/2025\/01\/14\/o-que-o-relatorio-anual-sobre-comercio-exterior-da-china-significa-para-o-mundo\/#article","isPartOf":{"@id":"https:\/\/diariodepe.com.br\/cri\/2025\/01\/14\/o-que-o-relatorio-anual-sobre-comercio-exterior-da-china-significa-para-o-mundo\/"},"author":{"name":"Ismael Lucas S. Pereira","@id":"https:\/\/diariodepe.com.br\/cri\/#\/schema\/person\/121bb28d84f1a5b1205ef4ce9c2e0c6b"},"headline":"O que o relat\u00f3rio anual sobre com\u00e9rcio exterior da China significa para o mundo?","datePublished":"2025-01-15T02:05:07+00:00","mainEntityOfPage":{"@id":"https:\/\/diariodepe.com.br\/cri\/2025\/01\/14\/o-que-o-relatorio-anual-sobre-comercio-exterior-da-china-significa-para-o-mundo\/"},"wordCount":383,"commentCount":0,"publisher":{"@id":"https:\/\/diariodepe.com.br\/cri\/#organization"},"articleSection":["Vis\u00e3o"],"inLanguage":"pt-BR","potentialAction":[{"@type":"CommentAction","name":"Comment","target":["https:\/\/diariodepe.com.br\/cri\/2025\/01\/14\/o-que-o-relatorio-anual-sobre-comercio-exterior-da-china-significa-para-o-mundo\/#respond"]}]},{"@type":"WebPage","@id":"https:\/\/diariodepe.com.br\/cri\/2025\/01\/14\/o-que-o-relatorio-anual-sobre-comercio-exterior-da-china-significa-para-o-mundo\/","url":"https:\/\/diariodepe.com.br\/cri\/2025\/01\/14\/o-que-o-relatorio-anual-sobre-comercio-exterior-da-china-significa-para-o-mundo\/","name":"O que o relat\u00f3rio anual sobre com\u00e9rcio exterior da China significa para o mundo? - CRI e Diario de Pernambuco","isPartOf":{"@id":"https:\/\/diariodepe.com.br\/cri\/#website"},"datePublished":"2025-01-15T02:05:07+00:00","breadcrumb":{"@id":"https:\/\/diariodepe.com.br\/cri\/2025\/01\/14\/o-que-o-relatorio-anual-sobre-comercio-exterior-da-china-significa-para-o-mundo\/#breadcrumb"},"inLanguage":"pt-BR","potentialAction":[{"@type":"ReadAction","target":["https:\/\/diariodepe.com.br\/cri\/2025\/01\/14\/o-que-o-relatorio-anual-sobre-comercio-exterior-da-china-significa-para-o-mundo\/"]}]},{"@type":"BreadcrumbList","@id":"https:\/\/diariodepe.com.br\/cri\/2025\/01\/14\/o-que-o-relatorio-anual-sobre-comercio-exterior-da-china-significa-para-o-mundo\/#breadcrumb","itemListElement":[{"@type":"ListItem","position":1,"name":"In\u00edcio","item":"https:\/\/diariodepe.com.br\/cri\/"},{"@type":"ListItem","position":2,"name":"O que o relat\u00f3rio anual sobre com\u00e9rcio exterior da China significa para o mundo?"}]},{"@type":"WebSite","@id":"https:\/\/diariodepe.com.br\/cri\/#website","url":"https:\/\/diariodepe.com.br\/cri\/","name":"CRI e Diario de Pernambuco","description":"R\u00e1dio Internacional da China","publisher":{"@id":"https:\/\/diariodepe.com.br\/cri\/#organization"},"potentialAction":[{"@type":"SearchAction","target":{"@type":"EntryPoint","urlTemplate":"https:\/\/diariodepe.com.br\/cri\/?s={search_term_string}"},"query-input":{"@type":"PropertyValueSpecification","valueRequired":true,"valueName":"search_term_string"}}],"inLanguage":"pt-BR"},{"@type":"Organization","@id":"https:\/\/diariodepe.com.br\/cri\/#organization","name":"CRI e Diario de Pernambuco","url":"https:\/\/diariodepe.com.br\/cri\/","logo":{"@type":"ImageObject","inLanguage":"pt-BR","@id":"https:\/\/diariodepe.com.br\/cri\/#\/schema\/logo\/image\/","url":"https:\/\/diariodepe.com.br\/cri\/wp-content\/uploads\/sites\/2\/2022\/12\/cropped-Logo.jpg","contentUrl":"https:\/\/diariodepe.com.br\/cri\/wp-content\/uploads\/sites\/2\/2022\/12\/cropped-Logo.jpg","width":700,"height":59,"caption":"CRI e Diario de Pernambuco"},"image":{"@id":"https:\/\/diariodepe.com.br\/cri\/#\/schema\/logo\/image\/"}},{"@type":"Person","@id":"https:\/\/diariodepe.com.br\/cri\/#\/schema\/person\/121bb28d84f1a5b1205ef4ce9c2e0c6b","name":"Ismael Lucas S. Pereira","image":{"@type":"ImageObject","inLanguage":"pt-BR","@id":"https:\/\/secure.gravatar.com\/avatar\/887a0f3b5a7ceea963a48499fb883ffce6b5037362def025c52c2505b15d63e4?s=96&d=mm&r=g","url":"https:\/\/secure.gravatar.com\/avatar\/887a0f3b5a7ceea963a48499fb883ffce6b5037362def025c52c2505b15d63e4?s=96&d=mm&r=g","contentUrl":"https:\/\/secure.gravatar.com\/avatar\/887a0f3b5a7ceea963a48499fb883ffce6b5037362def025c52c2505b15d63e4?s=96&d=mm&r=g","caption":"Ismael Lucas S. Pereira"},"url":"https:\/\/diariodepe.com.br\/cri\/author\/ismael-lucas\/"}]}},"cc_featured_image_caption":{"caption_text":false,"source_text":false,"source_url":false},"amp_enabled":true,"_links":{"self":[{"href":"https:\/\/diariodepe.com.br\/cri\/wp-json\/wp\/v2\/posts\/7448","targetHints":{"allow":["GET"]}}],"collection":[{"href":"https:\/\/diariodepe.com.br\/cri\/wp-json\/wp\/v2\/posts"}],"about":[{"href":"https:\/\/diariodepe.com.br\/cri\/wp-json\/wp\/v2\/types\/post"}],"author":[{"embeddable":true,"href":"https:\/\/diariodepe.com.br\/cri\/wp-json\/wp\/v2\/users\/2"}],"replies":[{"embeddable":true,"href":"https:\/\/diariodepe.com.br\/cri\/wp-json\/wp\/v2\/comments?post=7448"}],"version-history":[{"count":1,"href":"https:\/\/diariodepe.com.br\/cri\/wp-json\/wp\/v2\/posts\/7448\/revisions"}],"predecessor-version":[{"id":7449,"href":"https:\/\/diariodepe.com.br\/cri\/wp-json\/wp\/v2\/posts\/7448\/revisions\/7449"}],"wp:attachment":[{"href":"https:\/\/diariodepe.com.br\/cri\/wp-json\/wp\/v2\/media?parent=7448"}],"wp:term":[{"taxonomy":"category","embeddable":true,"href":"https:\/\/diariodepe.com.br\/cri\/wp-json\/wp\/v2\/categories?post=7448"},{"taxonomy":"post_tag","embeddable":true,"href":"https:\/\/diariodepe.com.br\/cri\/wp-json\/wp\/v2\/tags?post=7448"}],"curies":[{"name":"wp","href":"https:\/\/api.w.org\/{rel}","templated":true}]}}