{"id":7436,"date":"2025-01-14T03:48:37","date_gmt":"2025-01-14T06:48:37","guid":{"rendered":"https:\/\/diariodepe.com.br\/cri\/?p=7436"},"modified":"2025-01-14T03:48:37","modified_gmt":"2025-01-14T06:48:37","slug":"chanceler-chines-abre-o-ano-de-2025-com-turne-a-africa","status":"publish","type":"post","link":"https:\/\/diariodepe.com.br\/cri\/2025\/01\/14\/chanceler-chines-abre-o-ano-de-2025-com-turne-a-africa\/","title":{"rendered":"Chanceler chin\u00eas abre o ano de 2025 com turn\u00ea \u00e0 \u00c1frica"},"content":{"rendered":"<p>\u201cEspera-se que a parceria de benef\u00edcio rec\u00edproco entre a China e a \u00c1frica se desenvolva profundamente\u201d, \u201cA China promete apoiar a \u00c1frica no fortalecimento de sua capacidade de seguran\u00e7a\u201d, \u201cA China se op\u00f5e \u00e0 interfer\u00eancia nos assuntos internos dos pa\u00edses africanos\u201d&#8230; Esses s\u00e3o os coment\u00e1rios feitos pelos ve\u00edculos de comunica\u00e7\u00e3o social africanos em rela\u00e7\u00e3o \u00e0 visita do ministro das Rela\u00e7\u00f5es Exteriores da China, Wang Yi, \u00e0 \u00c1frica, durante os dias 5 a11 de janeiro de 2025.<\/p>\n<p>Essa tradi\u00e7\u00e3o de realizar a primeira visita anual do ministro das Rela\u00e7\u00f5es Exteriores da China \u00e0 \u00c1frica j\u00e1 dura 35 anos. Este ano marca o 25\u00ba anivers\u00e1rio do estabelecimento do F\u00f3rum de Coopera\u00e7\u00e3o China-\u00c1frica e o primeiro ano da implementa\u00e7\u00e3o dos resultados da C\u00fapula de Beijing. Neste contexto, a visita do chanceler chin\u00eas, \u00e0 Nam\u00edbia, \u00e0 Rep\u00fablica do Congo, ao Chade e \u00e0 Nig\u00e9ria n\u00e3o s\u00f3 cumpriu a \u201cpromessa de Ano Novo\u201d entre a China e os pa\u00edses africanos, como tamb\u00e9m promoveu a implementa\u00e7\u00e3o dos resultados da C\u00fapula de Beijing.<\/p>\n<p>Como podemos transformar o projeto de coopera\u00e7\u00e3o China-\u00c1frica em realidade? A China e os pa\u00edses africanos j\u00e1 elaboraram um cronograma e um mapa de rota para o desenvolvimento do F\u00f3rum de Coopera\u00e7\u00e3o China-\u00c1frica nos pr\u00f3ximos tr\u00eas anos. Ao se reunirem com o ministro das Rela\u00e7\u00f5es Exteriores da China, os l\u00edderes dos quatro pa\u00edses africanos elogiaram o apoio da China ao desenvolvimento da \u00c1frica e expressaram novas expetativas de coopera\u00e7\u00e3o com o pa\u00eds asi\u00e1tico.<\/p>\n<p><img decoding=\"async\" src=\"https:\/\/38picres.cgtn.com\/photoAlbum\/page\/performance\/img\/2025\/1\/11\/1736600930041_100.jpg\" width=\"100%\" height=\"auto\" \/><\/p>\n<p>Por exemplo, a Nam\u00edbia manifestou a vontade de refor\u00e7ar a coopera\u00e7\u00e3o com a China no com\u00e9rcio, agricultura, infraestrutura, e recursos energ\u00e9ticos; o Chade acolhe o investimento de mais empresas chinesas e espera que mais produtos agr\u00edcolas entrem no mercado chin\u00eas; a Rep\u00fablica do Congo precisa resolver desafios nas \u00e1reas de\u00a0infraestrutura, eletricidade, agricultura e industrializa\u00e7\u00e3o; enquanto o presidente nigeriano nomeou especialmente o diretor-geral da parceria estrat\u00e9gica abrangente Nig\u00e9ria-China para coordenar e promover a coopera\u00e7\u00e3o com a China.<\/p>\n<p>No geral, a seguran\u00e7a e o desenvolvimento s\u00e3o as principais preocupa\u00e7\u00f5es dos pa\u00edses africanos. Entre as \u201c10 planos de a\u00e7\u00e3o de parceria\u201d da China para a \u00c1frica, seis envolvem quest\u00f5es de desenvolvimento. Durante a visita \u00e0 \u00c1frica, o chanceler chin\u00eas reiterou mais uma vez a import\u00e2ncia de desenvolver coopera\u00e7\u00e3o de seguran\u00e7a e desenvolvimento com a \u00c1frica. Por exemplo, a China prop\u00f4s apoiar\u00a0firmemente os africanos na resolu\u00e7\u00e3o dos problemas africanos de forma africana, e tomar\u00e1 medidas concretas para ajudar os pa\u00edses africanos a eliminar o solo da inseguran\u00e7a; a China est\u00e1 disposta a trabalhar com os pa\u00edses concernentes para\u00a0refor\u00e7ar a complementariedade e explorar novas\u00a0\u00e1reas de coopera\u00e7\u00e3o como energia limpa, minerais verdes e finan\u00e7as, e ajudar a \u00c1frica a seguir um caminho de desenvolvimento verde e de baixo carbono.<\/p>\n<p>A partir do\u00a0dia\u00a01\u00ba de dezembro de 2024, a China concedeu tratamento de tarif\u00e1rio zero a 100% dos itens tarif\u00e1rios vindos de todos os pa\u00edses menos desenvolvidos que tenham estabelecido rela\u00e7\u00f5es diplom\u00e1ticas com a China, que incluem 33 pa\u00edses africanos, cumprindo seu compromisso assumido na C\u00fapula de Beijing do F\u00f3rum de Coopera\u00e7\u00e3o China-\u00c1frica.<\/p>\n<p>Recentemente, a China assinou acordos de coopera\u00e7\u00e3o econ\u00f4mica com pa\u00edses africanos, incluindo Chade, Djibuti, Madagascar e Rep\u00fablica do Congo, compartilhando oportunidades de desenvolvimento com a \u00c1frica por meio de a\u00e7\u00f5es pr\u00e1ticas.<\/p>\n","protected":false},"excerpt":{"rendered":"<p>\u201cEspera-se que a parceria de benef\u00edcio rec\u00edproco entre a China e a \u00c1frica se desenvolva profundamente\u201d, \u201cA China promete apoiar a \u00c1frica no fortalecimento de sua capacidade de seguran\u00e7a\u201d, \u201cA China se op\u00f5e \u00e0 interfer\u00eancia nos assuntos internos dos pa\u00edses&#8230;<\/p>\n","protected":false},"author":2,"featured_media":0,"comment_status":"open","ping_status":"open","sticky":false,"template":"","format":"standard","meta":{"footnotes":""},"categories":[7],"tags":[],"class_list":["post-7436","post","type-post","status-publish","format-standard","hentry","category-visao"],"yoast_head":"<!-- This site is optimized with the Yoast SEO plugin v27.4 - https:\/\/yoast.com\/product\/yoast-seo-wordpress\/ -->\n<title>Chanceler chin\u00eas abre o ano de 2025 com turn\u00ea \u00e0 \u00c1frica - CRI e Diario de Pernambuco<\/title>\n<meta name=\"robots\" content=\"index, follow, max-snippet:-1, max-image-preview:large, max-video-preview:-1\" \/>\n<link rel=\"canonical\" href=\"https:\/\/diariodepe.com.br\/cri\/2025\/01\/14\/chanceler-chines-abre-o-ano-de-2025-com-turne-a-africa\/\" \/>\n<meta property=\"og:locale\" content=\"pt_BR\" \/>\n<meta property=\"og:type\" content=\"article\" \/>\n<meta property=\"og:title\" content=\"Chanceler chin\u00eas abre o ano de 2025 com turn\u00ea \u00e0 \u00c1frica - CRI e Diario de Pernambuco\" \/>\n<meta property=\"og:description\" content=\"\u201cEspera-se que a parceria de benef\u00edcio rec\u00edproco entre a China e a \u00c1frica se desenvolva profundamente\u201d, \u201cA China promete apoiar a \u00c1frica no fortalecimento de sua capacidade de seguran\u00e7a\u201d, \u201cA China se op\u00f5e \u00e0 interfer\u00eancia nos assuntos internos dos pa\u00edses...\" \/>\n<meta property=\"og:url\" content=\"https:\/\/diariodepe.com.br\/cri\/2025\/01\/14\/chanceler-chines-abre-o-ano-de-2025-com-turne-a-africa\/\" \/>\n<meta property=\"og:site_name\" content=\"CRI e Diario de Pernambuco\" \/>\n<meta property=\"article:published_time\" content=\"2025-01-14T06:48:37+00:00\" \/>\n<meta property=\"og:image\" content=\"https:\/\/38picres.cgtn.com\/photoAlbum\/page\/performance\/img\/2025\/1\/11\/1736600930041_100.jpg\" \/>\n<meta name=\"author\" content=\"Ismael Lucas S. Pereira\" \/>\n<meta name=\"twitter:card\" content=\"summary_large_image\" \/>\n<meta name=\"twitter:label1\" content=\"Escrito por\" \/>\n\t<meta name=\"twitter:data1\" content=\"Ismael Lucas S. Pereira\" \/>\n\t<meta name=\"twitter:label2\" content=\"Est. tempo de leitura\" \/>\n\t<meta name=\"twitter:data2\" content=\"4 minutos\" \/>\n<script type=\"application\/ld+json\" class=\"yoast-schema-graph\">{\"@context\":\"https:\\\/\\\/schema.org\",\"@graph\":[{\"@type\":\"Article\",\"@id\":\"https:\\\/\\\/diariodepe.com.br\\\/cri\\\/2025\\\/01\\\/14\\\/chanceler-chines-abre-o-ano-de-2025-com-turne-a-africa\\\/#article\",\"isPartOf\":{\"@id\":\"https:\\\/\\\/diariodepe.com.br\\\/cri\\\/2025\\\/01\\\/14\\\/chanceler-chines-abre-o-ano-de-2025-com-turne-a-africa\\\/\"},\"author\":{\"name\":\"Ismael Lucas S. Pereira\",\"@id\":\"https:\\\/\\\/diariodepe.com.br\\\/cri\\\/#\\\/schema\\\/person\\\/121bb28d84f1a5b1205ef4ce9c2e0c6b\"},\"headline\":\"Chanceler chin\u00eas abre o ano de 2025 com turn\u00ea \u00e0 \u00c1frica\",\"datePublished\":\"2025-01-14T06:48:37+00:00\",\"mainEntityOfPage\":{\"@id\":\"https:\\\/\\\/diariodepe.com.br\\\/cri\\\/2025\\\/01\\\/14\\\/chanceler-chines-abre-o-ano-de-2025-com-turne-a-africa\\\/\"},\"wordCount\":613,\"commentCount\":0,\"publisher\":{\"@id\":\"https:\\\/\\\/diariodepe.com.br\\\/cri\\\/#organization\"},\"image\":{\"@id\":\"https:\\\/\\\/diariodepe.com.br\\\/cri\\\/2025\\\/01\\\/14\\\/chanceler-chines-abre-o-ano-de-2025-com-turne-a-africa\\\/#primaryimage\"},\"thumbnailUrl\":\"https:\\\/\\\/38picres.cgtn.com\\\/photoAlbum\\\/page\\\/performance\\\/img\\\/2025\\\/1\\\/11\\\/1736600930041_100.jpg\",\"articleSection\":[\"Vis\u00e3o\"],\"inLanguage\":\"pt-BR\",\"potentialAction\":[{\"@type\":\"CommentAction\",\"name\":\"Comment\",\"target\":[\"https:\\\/\\\/diariodepe.com.br\\\/cri\\\/2025\\\/01\\\/14\\\/chanceler-chines-abre-o-ano-de-2025-com-turne-a-africa\\\/#respond\"]}]},{\"@type\":\"WebPage\",\"@id\":\"https:\\\/\\\/diariodepe.com.br\\\/cri\\\/2025\\\/01\\\/14\\\/chanceler-chines-abre-o-ano-de-2025-com-turne-a-africa\\\/\",\"url\":\"https:\\\/\\\/diariodepe.com.br\\\/cri\\\/2025\\\/01\\\/14\\\/chanceler-chines-abre-o-ano-de-2025-com-turne-a-africa\\\/\",\"name\":\"Chanceler chin\u00eas abre o ano de 2025 com turn\u00ea \u00e0 \u00c1frica - CRI e Diario de Pernambuco\",\"isPartOf\":{\"@id\":\"https:\\\/\\\/diariodepe.com.br\\\/cri\\\/#website\"},\"primaryImageOfPage\":{\"@id\":\"https:\\\/\\\/diariodepe.com.br\\\/cri\\\/2025\\\/01\\\/14\\\/chanceler-chines-abre-o-ano-de-2025-com-turne-a-africa\\\/#primaryimage\"},\"image\":{\"@id\":\"https:\\\/\\\/diariodepe.com.br\\\/cri\\\/2025\\\/01\\\/14\\\/chanceler-chines-abre-o-ano-de-2025-com-turne-a-africa\\\/#primaryimage\"},\"thumbnailUrl\":\"https:\\\/\\\/38picres.cgtn.com\\\/photoAlbum\\\/page\\\/performance\\\/img\\\/2025\\\/1\\\/11\\\/1736600930041_100.jpg\",\"datePublished\":\"2025-01-14T06:48:37+00:00\",\"breadcrumb\":{\"@id\":\"https:\\\/\\\/diariodepe.com.br\\\/cri\\\/2025\\\/01\\\/14\\\/chanceler-chines-abre-o-ano-de-2025-com-turne-a-africa\\\/#breadcrumb\"},\"inLanguage\":\"pt-BR\",\"potentialAction\":[{\"@type\":\"ReadAction\",\"target\":[\"https:\\\/\\\/diariodepe.com.br\\\/cri\\\/2025\\\/01\\\/14\\\/chanceler-chines-abre-o-ano-de-2025-com-turne-a-africa\\\/\"]}]},{\"@type\":\"ImageObject\",\"inLanguage\":\"pt-BR\",\"@id\":\"https:\\\/\\\/diariodepe.com.br\\\/cri\\\/2025\\\/01\\\/14\\\/chanceler-chines-abre-o-ano-de-2025-com-turne-a-africa\\\/#primaryimage\",\"url\":\"https:\\\/\\\/38picres.cgtn.com\\\/photoAlbum\\\/page\\\/performance\\\/img\\\/2025\\\/1\\\/11\\\/1736600930041_100.jpg\",\"contentUrl\":\"https:\\\/\\\/38picres.cgtn.com\\\/photoAlbum\\\/page\\\/performance\\\/img\\\/2025\\\/1\\\/11\\\/1736600930041_100.jpg\"},{\"@type\":\"BreadcrumbList\",\"@id\":\"https:\\\/\\\/diariodepe.com.br\\\/cri\\\/2025\\\/01\\\/14\\\/chanceler-chines-abre-o-ano-de-2025-com-turne-a-africa\\\/#breadcrumb\",\"itemListElement\":[{\"@type\":\"ListItem\",\"position\":1,\"name\":\"In\u00edcio\",\"item\":\"https:\\\/\\\/diariodepe.com.br\\\/cri\\\/\"},{\"@type\":\"ListItem\",\"position\":2,\"name\":\"Chanceler chin\u00eas abre o ano de 2025 com turn\u00ea \u00e0 \u00c1frica\"}]},{\"@type\":\"WebSite\",\"@id\":\"https:\\\/\\\/diariodepe.com.br\\\/cri\\\/#website\",\"url\":\"https:\\\/\\\/diariodepe.com.br\\\/cri\\\/\",\"name\":\"CRI e Diario de Pernambuco\",\"description\":\"R\u00e1dio Internacional da China\",\"publisher\":{\"@id\":\"https:\\\/\\\/diariodepe.com.br\\\/cri\\\/#organization\"},\"potentialAction\":[{\"@type\":\"SearchAction\",\"target\":{\"@type\":\"EntryPoint\",\"urlTemplate\":\"https:\\\/\\\/diariodepe.com.br\\\/cri\\\/?s={search_term_string}\"},\"query-input\":{\"@type\":\"PropertyValueSpecification\",\"valueRequired\":true,\"valueName\":\"search_term_string\"}}],\"inLanguage\":\"pt-BR\"},{\"@type\":\"Organization\",\"@id\":\"https:\\\/\\\/diariodepe.com.br\\\/cri\\\/#organization\",\"name\":\"CRI e Diario de Pernambuco\",\"url\":\"https:\\\/\\\/diariodepe.com.br\\\/cri\\\/\",\"logo\":{\"@type\":\"ImageObject\",\"inLanguage\":\"pt-BR\",\"@id\":\"https:\\\/\\\/diariodepe.com.br\\\/cri\\\/#\\\/schema\\\/logo\\\/image\\\/\",\"url\":\"https:\\\/\\\/diariodepe.com.br\\\/cri\\\/wp-content\\\/uploads\\\/sites\\\/2\\\/2022\\\/12\\\/cropped-Logo.jpg\",\"contentUrl\":\"https:\\\/\\\/diariodepe.com.br\\\/cri\\\/wp-content\\\/uploads\\\/sites\\\/2\\\/2022\\\/12\\\/cropped-Logo.jpg\",\"width\":700,\"height\":59,\"caption\":\"CRI e Diario de Pernambuco\"},\"image\":{\"@id\":\"https:\\\/\\\/diariodepe.com.br\\\/cri\\\/#\\\/schema\\\/logo\\\/image\\\/\"}},{\"@type\":\"Person\",\"@id\":\"https:\\\/\\\/diariodepe.com.br\\\/cri\\\/#\\\/schema\\\/person\\\/121bb28d84f1a5b1205ef4ce9c2e0c6b\",\"name\":\"Ismael Lucas S. Pereira\",\"image\":{\"@type\":\"ImageObject\",\"inLanguage\":\"pt-BR\",\"@id\":\"https:\\\/\\\/secure.gravatar.com\\\/avatar\\\/887a0f3b5a7ceea963a48499fb883ffce6b5037362def025c52c2505b15d63e4?s=96&d=mm&r=g\",\"url\":\"https:\\\/\\\/secure.gravatar.com\\\/avatar\\\/887a0f3b5a7ceea963a48499fb883ffce6b5037362def025c52c2505b15d63e4?s=96&d=mm&r=g\",\"contentUrl\":\"https:\\\/\\\/secure.gravatar.com\\\/avatar\\\/887a0f3b5a7ceea963a48499fb883ffce6b5037362def025c52c2505b15d63e4?s=96&d=mm&r=g\",\"caption\":\"Ismael Lucas S. Pereira\"},\"url\":\"https:\\\/\\\/diariodepe.com.br\\\/cri\\\/author\\\/ismael-lucas\\\/\"}]}<\/script>\n<!-- \/ Yoast SEO plugin. -->","yoast_head_json":{"title":"Chanceler chin\u00eas abre o ano de 2025 com turn\u00ea \u00e0 \u00c1frica - CRI e Diario de Pernambuco","robots":{"index":"index","follow":"follow","max-snippet":"max-snippet:-1","max-image-preview":"max-image-preview:large","max-video-preview":"max-video-preview:-1"},"canonical":"https:\/\/diariodepe.com.br\/cri\/2025\/01\/14\/chanceler-chines-abre-o-ano-de-2025-com-turne-a-africa\/","og_locale":"pt_BR","og_type":"article","og_title":"Chanceler chin\u00eas abre o ano de 2025 com turn\u00ea \u00e0 \u00c1frica - CRI e Diario de Pernambuco","og_description":"\u201cEspera-se que a parceria de benef\u00edcio rec\u00edproco entre a China e a \u00c1frica se desenvolva profundamente\u201d, \u201cA China promete apoiar a \u00c1frica no fortalecimento de sua capacidade de seguran\u00e7a\u201d, \u201cA China se op\u00f5e \u00e0 interfer\u00eancia nos assuntos internos dos pa\u00edses...","og_url":"https:\/\/diariodepe.com.br\/cri\/2025\/01\/14\/chanceler-chines-abre-o-ano-de-2025-com-turne-a-africa\/","og_site_name":"CRI e Diario de Pernambuco","article_published_time":"2025-01-14T06:48:37+00:00","og_image":[{"url":"https:\/\/38picres.cgtn.com\/photoAlbum\/page\/performance\/img\/2025\/1\/11\/1736600930041_100.jpg","type":"","width":"","height":""}],"author":"Ismael Lucas S. Pereira","twitter_card":"summary_large_image","twitter_misc":{"Escrito por":"Ismael Lucas S. Pereira","Est. tempo de leitura":"4 minutos"},"schema":{"@context":"https:\/\/schema.org","@graph":[{"@type":"Article","@id":"https:\/\/diariodepe.com.br\/cri\/2025\/01\/14\/chanceler-chines-abre-o-ano-de-2025-com-turne-a-africa\/#article","isPartOf":{"@id":"https:\/\/diariodepe.com.br\/cri\/2025\/01\/14\/chanceler-chines-abre-o-ano-de-2025-com-turne-a-africa\/"},"author":{"name":"Ismael Lucas S. Pereira","@id":"https:\/\/diariodepe.com.br\/cri\/#\/schema\/person\/121bb28d84f1a5b1205ef4ce9c2e0c6b"},"headline":"Chanceler chin\u00eas abre o ano de 2025 com turn\u00ea \u00e0 \u00c1frica","datePublished":"2025-01-14T06:48:37+00:00","mainEntityOfPage":{"@id":"https:\/\/diariodepe.com.br\/cri\/2025\/01\/14\/chanceler-chines-abre-o-ano-de-2025-com-turne-a-africa\/"},"wordCount":613,"commentCount":0,"publisher":{"@id":"https:\/\/diariodepe.com.br\/cri\/#organization"},"image":{"@id":"https:\/\/diariodepe.com.br\/cri\/2025\/01\/14\/chanceler-chines-abre-o-ano-de-2025-com-turne-a-africa\/#primaryimage"},"thumbnailUrl":"https:\/\/38picres.cgtn.com\/photoAlbum\/page\/performance\/img\/2025\/1\/11\/1736600930041_100.jpg","articleSection":["Vis\u00e3o"],"inLanguage":"pt-BR","potentialAction":[{"@type":"CommentAction","name":"Comment","target":["https:\/\/diariodepe.com.br\/cri\/2025\/01\/14\/chanceler-chines-abre-o-ano-de-2025-com-turne-a-africa\/#respond"]}]},{"@type":"WebPage","@id":"https:\/\/diariodepe.com.br\/cri\/2025\/01\/14\/chanceler-chines-abre-o-ano-de-2025-com-turne-a-africa\/","url":"https:\/\/diariodepe.com.br\/cri\/2025\/01\/14\/chanceler-chines-abre-o-ano-de-2025-com-turne-a-africa\/","name":"Chanceler chin\u00eas abre o ano de 2025 com turn\u00ea \u00e0 \u00c1frica - CRI e Diario de Pernambuco","isPartOf":{"@id":"https:\/\/diariodepe.com.br\/cri\/#website"},"primaryImageOfPage":{"@id":"https:\/\/diariodepe.com.br\/cri\/2025\/01\/14\/chanceler-chines-abre-o-ano-de-2025-com-turne-a-africa\/#primaryimage"},"image":{"@id":"https:\/\/diariodepe.com.br\/cri\/2025\/01\/14\/chanceler-chines-abre-o-ano-de-2025-com-turne-a-africa\/#primaryimage"},"thumbnailUrl":"https:\/\/38picres.cgtn.com\/photoAlbum\/page\/performance\/img\/2025\/1\/11\/1736600930041_100.jpg","datePublished":"2025-01-14T06:48:37+00:00","breadcrumb":{"@id":"https:\/\/diariodepe.com.br\/cri\/2025\/01\/14\/chanceler-chines-abre-o-ano-de-2025-com-turne-a-africa\/#breadcrumb"},"inLanguage":"pt-BR","potentialAction":[{"@type":"ReadAction","target":["https:\/\/diariodepe.com.br\/cri\/2025\/01\/14\/chanceler-chines-abre-o-ano-de-2025-com-turne-a-africa\/"]}]},{"@type":"ImageObject","inLanguage":"pt-BR","@id":"https:\/\/diariodepe.com.br\/cri\/2025\/01\/14\/chanceler-chines-abre-o-ano-de-2025-com-turne-a-africa\/#primaryimage","url":"https:\/\/38picres.cgtn.com\/photoAlbum\/page\/performance\/img\/2025\/1\/11\/1736600930041_100.jpg","contentUrl":"https:\/\/38picres.cgtn.com\/photoAlbum\/page\/performance\/img\/2025\/1\/11\/1736600930041_100.jpg"},{"@type":"BreadcrumbList","@id":"https:\/\/diariodepe.com.br\/cri\/2025\/01\/14\/chanceler-chines-abre-o-ano-de-2025-com-turne-a-africa\/#breadcrumb","itemListElement":[{"@type":"ListItem","position":1,"name":"In\u00edcio","item":"https:\/\/diariodepe.com.br\/cri\/"},{"@type":"ListItem","position":2,"name":"Chanceler chin\u00eas abre o ano de 2025 com turn\u00ea \u00e0 \u00c1frica"}]},{"@type":"WebSite","@id":"https:\/\/diariodepe.com.br\/cri\/#website","url":"https:\/\/diariodepe.com.br\/cri\/","name":"CRI e Diario de Pernambuco","description":"R\u00e1dio Internacional da China","publisher":{"@id":"https:\/\/diariodepe.com.br\/cri\/#organization"},"potentialAction":[{"@type":"SearchAction","target":{"@type":"EntryPoint","urlTemplate":"https:\/\/diariodepe.com.br\/cri\/?s={search_term_string}"},"query-input":{"@type":"PropertyValueSpecification","valueRequired":true,"valueName":"search_term_string"}}],"inLanguage":"pt-BR"},{"@type":"Organization","@id":"https:\/\/diariodepe.com.br\/cri\/#organization","name":"CRI e Diario de Pernambuco","url":"https:\/\/diariodepe.com.br\/cri\/","logo":{"@type":"ImageObject","inLanguage":"pt-BR","@id":"https:\/\/diariodepe.com.br\/cri\/#\/schema\/logo\/image\/","url":"https:\/\/diariodepe.com.br\/cri\/wp-content\/uploads\/sites\/2\/2022\/12\/cropped-Logo.jpg","contentUrl":"https:\/\/diariodepe.com.br\/cri\/wp-content\/uploads\/sites\/2\/2022\/12\/cropped-Logo.jpg","width":700,"height":59,"caption":"CRI e Diario de Pernambuco"},"image":{"@id":"https:\/\/diariodepe.com.br\/cri\/#\/schema\/logo\/image\/"}},{"@type":"Person","@id":"https:\/\/diariodepe.com.br\/cri\/#\/schema\/person\/121bb28d84f1a5b1205ef4ce9c2e0c6b","name":"Ismael Lucas S. Pereira","image":{"@type":"ImageObject","inLanguage":"pt-BR","@id":"https:\/\/secure.gravatar.com\/avatar\/887a0f3b5a7ceea963a48499fb883ffce6b5037362def025c52c2505b15d63e4?s=96&d=mm&r=g","url":"https:\/\/secure.gravatar.com\/avatar\/887a0f3b5a7ceea963a48499fb883ffce6b5037362def025c52c2505b15d63e4?s=96&d=mm&r=g","contentUrl":"https:\/\/secure.gravatar.com\/avatar\/887a0f3b5a7ceea963a48499fb883ffce6b5037362def025c52c2505b15d63e4?s=96&d=mm&r=g","caption":"Ismael Lucas S. Pereira"},"url":"https:\/\/diariodepe.com.br\/cri\/author\/ismael-lucas\/"}]}},"cc_featured_image_caption":{"caption_text":false,"source_text":false,"source_url":false},"amp_enabled":true,"_links":{"self":[{"href":"https:\/\/diariodepe.com.br\/cri\/wp-json\/wp\/v2\/posts\/7436","targetHints":{"allow":["GET"]}}],"collection":[{"href":"https:\/\/diariodepe.com.br\/cri\/wp-json\/wp\/v2\/posts"}],"about":[{"href":"https:\/\/diariodepe.com.br\/cri\/wp-json\/wp\/v2\/types\/post"}],"author":[{"embeddable":true,"href":"https:\/\/diariodepe.com.br\/cri\/wp-json\/wp\/v2\/users\/2"}],"replies":[{"embeddable":true,"href":"https:\/\/diariodepe.com.br\/cri\/wp-json\/wp\/v2\/comments?post=7436"}],"version-history":[{"count":1,"href":"https:\/\/diariodepe.com.br\/cri\/wp-json\/wp\/v2\/posts\/7436\/revisions"}],"predecessor-version":[{"id":7437,"href":"https:\/\/diariodepe.com.br\/cri\/wp-json\/wp\/v2\/posts\/7436\/revisions\/7437"}],"wp:attachment":[{"href":"https:\/\/diariodepe.com.br\/cri\/wp-json\/wp\/v2\/media?parent=7436"}],"wp:term":[{"taxonomy":"category","embeddable":true,"href":"https:\/\/diariodepe.com.br\/cri\/wp-json\/wp\/v2\/categories?post=7436"},{"taxonomy":"post_tag","embeddable":true,"href":"https:\/\/diariodepe.com.br\/cri\/wp-json\/wp\/v2\/tags?post=7436"}],"curies":[{"name":"wp","href":"https:\/\/api.w.org\/{rel}","templated":true}]}}