{"id":7434,"date":"2025-01-14T03:47:33","date_gmt":"2025-01-14T06:47:33","guid":{"rendered":"https:\/\/diariodepe.com.br\/cri\/?p=7434"},"modified":"2025-01-14T03:47:33","modified_gmt":"2025-01-14T06:47:33","slug":"entrevista-com-essam-sharaf-ex-primeiro-ministro-do-egito","status":"publish","type":"post","link":"https:\/\/diariodepe.com.br\/cri\/2025\/01\/14\/entrevista-com-essam-sharaf-ex-primeiro-ministro-do-egito\/","title":{"rendered":"Entrevista com Essam Sharaf, ex-primeiro-ministro do Egito"},"content":{"rendered":"<p>Tendo visitado a China 46 vezes em 20 anos, ele disse que testemunhou as brilhantes conquistas da moderniza\u00e7\u00e3o do pa\u00eds asi\u00e1tico. Ele expressou sua aprecia\u00e7\u00e3o pelo fato de a China ter preservado sua cultura e valores enquanto se desenvolvia rapidamente. Depois de 20 anos de estudos sobre a China, como ele v\u00ea as conquistas de desenvolvimento do pa\u00eds e como ele entende a moderniza\u00e7\u00e3o chinesa? No contexto da nova era, como a China e o Egito, duas civiliza\u00e7\u00f5es antigas do mundo, aprofundar\u00e3o a coopera\u00e7\u00e3o e tornar\u00e3o seus povos mais conectados?<\/p>\n<p><img decoding=\"async\" src=\"https:\/\/38picres.cgtn.com\/photoAlbum\/page\/performance\/img\/2025\/1\/11\/1736590455497_264.jpeg\" width=\"100%\" height=\"auto\" \/><\/p>\n<p>Jornalista: Durante seu mandato como ministro dos Transportes e primeiro-ministro do Egito, o Sr. organizou mais de 50 eventos sobre a China. O que fez o Sr. se interessar tanto pela China?<\/p>\n<p>Sharaf: Estive em muitos lugares na China, me encontrando com autoridades da linha de frente e tamb\u00e9m com\u00a0pessoas comuns. A China est\u00e1 mais avan\u00e7ada hoje do que em 2005, mas ainda est\u00e1 evoluindo. A China \u00e9 um pa\u00eds poderoso e est\u00e1 disposta a ajudar outros pa\u00edses. Ela est\u00e1 pronta para competir e desenvolver a coopera\u00e7\u00e3o. A civiliza\u00e7\u00e3o chinesa \u00e9 profunda e muito avan\u00e7ada. Por tr\u00e1s das a\u00e7\u00f5es da China est\u00e3o os seus pr\u00f3prios valores, e a moderniza\u00e7\u00e3o chinesa \u00e9 constru\u00edda exatamente sobre esses valores. \u00c9 isso\u00a0o\u00a0que torna a China diferente.<\/p>\n<p>Jornalista: O Sr. tem acompanhado de perto o processo de moderniza\u00e7\u00e3o\u00a0chinesa. Qual impacto a moderniza\u00e7\u00e3o chinesa poder\u00e1 exercer sobre a situa\u00e7\u00e3o econ\u00f4mica global e no cen\u00e1rio pol\u00edtico, especialmente para os pa\u00edses do Sul Global?<\/p>\n<p>Sharaf: Pode-se dizer que nenhum pa\u00eds teve um impacto t\u00e3o positivo em tantos pa\u00edses\u00a0como a China\u00a0teve. Acredito que o futuro pertence ao Sul Global. Veja o enorme n\u00famero de oportunidades de emprego trazidas pelos projetos chineses. Penso que o mais importante \u00e9 que o modelo de desenvolvimento da China fez com que os pa\u00edses em desenvolvimento percebessem que, embora sua posi\u00e7\u00e3o no mundo n\u00e3o seja alta, eles come\u00e7aram a construir confian\u00e7a. Porque vemos que um pa\u00eds em desenvolvimento que antes tinha mais de 80% de sua popula\u00e7\u00e3o vivendo na pobreza agora se tornou a segunda maior economia do mundo, a maior na\u00e7\u00e3o comercial e a maior pot\u00eancia industrial. Agora, todos os pa\u00edses em desenvolvimento pensam: Por que n\u00e3o podemos seguir o exemplo da China?<\/p>\n<p>&nbsp;<\/p>\n<p><img decoding=\"async\" src=\"https:\/\/38picres.cgtn.com\/photoAlbum\/page\/performance\/img\/2025\/1\/11\/1736590463940_649.jpeg\" width=\"100%\" height=\"auto\" \/><\/p>\n<p>Jornalista: O Sr. \u00e9 especialista em engenharia de transporte e publicou mais de 100 artigos nesta \u00e1rea. Acredito que o Sr. deve prestar muita aten\u00e7\u00e3o ao progresso da China na \u00e1rea de transporte, especialmente nos trens de alta velocidade. Ent\u00e3o, como o Sr. avalia o desenvolvimento geral do sistema de transporte da China?<\/p>\n<p>Sharaf: Transporte e desenvolvimento s\u00e3o dois lados da mesma moeda. Imagine que voc\u00ea possui uma mina de ouro, mas n\u00e3o pode escav\u00e1-la. Ent\u00e3o o valor da mina de ouro n\u00e3o pode ser realizado\u00a0de fato. Portanto, o transporte pode criar valor agregado. \u00c9 claro que, em um pa\u00eds vasto como a China, o transporte conecta as pessoas de perto e \u00e9 crucial para aumentar a confian\u00e7a entre elas. Portanto, o sistema de transporte \u00e9 crucial para o desenvolvimento econ\u00f4mico, especialmente para um pa\u00eds t\u00e3o vasto e com diversidade \u00e9tnica como a China, onde a conectividade \u00e9 essencial para que todos tenham um sentimento de pertencimento.<\/p>\n<p>Jornalista: Segundo o presidente Xi Jinping, \u201ca autossufici\u00eancia cient\u00edfica e tecnol\u00f3gica \u00e9 a base da prosperidade e a chave da seguran\u00e7a nacional\u201d. O Sr. se esfor\u00e7a para promover o avan\u00e7o tecnol\u00f3gico no mundo \u00e1rabe, e disse uma vez que \u201co progresso do pa\u00eds n\u00e3o pode ser separado da pesquisa cient\u00edfica\u201d. O que voc\u00ea acha das conquistas da China em ci\u00eancia e tecnologia?<\/p>\n<p>Sharaf: Precisamos atingir um \u201cdesenvolvimento acelerado\u201d &#8211; essa \u00e9 exatamente a trajet\u00f3ria de desenvolvimento da China. Sem o papel fundamental desempenhado pela inova\u00e7\u00e3o, ci\u00eancia e tecnologia, ningu\u00e9m poderia imaginar que a China alcan\u00e7aria seu n\u00edvel atual em apenas 10 ou 20 anos. Ci\u00eancia, tecnologia e economia sempre foram a for\u00e7a motriz por tr\u00e1s do progresso de um pa\u00eds. A inova\u00e7\u00e3o \u00e9 o elemento central da moderniza\u00e7\u00e3o da China.<\/p>\n","protected":false},"excerpt":{"rendered":"<p>Tendo visitado a China 46 vezes em 20 anos, ele disse que testemunhou as brilhantes conquistas da moderniza\u00e7\u00e3o do pa\u00eds asi\u00e1tico. Ele expressou sua aprecia\u00e7\u00e3o pelo fato de a China ter preservado sua cultura e valores enquanto se desenvolvia rapidamente&#8230;.<\/p>\n","protected":false},"author":2,"featured_media":0,"comment_status":"open","ping_status":"open","sticky":false,"template":"","format":"standard","meta":{"footnotes":""},"categories":[3],"tags":[],"class_list":["post-7434","post","type-post","status-publish","format-standard","hentry","category-china"],"yoast_head":"<!-- This site is optimized with the Yoast SEO plugin v27.4 - https:\/\/yoast.com\/product\/yoast-seo-wordpress\/ -->\n<title>Entrevista com Essam Sharaf, ex-primeiro-ministro do Egito - CRI e Diario de Pernambuco<\/title>\n<meta name=\"robots\" content=\"index, follow, max-snippet:-1, max-image-preview:large, max-video-preview:-1\" \/>\n<link rel=\"canonical\" href=\"https:\/\/diariodepe.com.br\/cri\/2025\/01\/14\/entrevista-com-essam-sharaf-ex-primeiro-ministro-do-egito\/\" \/>\n<meta property=\"og:locale\" content=\"pt_BR\" \/>\n<meta property=\"og:type\" content=\"article\" \/>\n<meta property=\"og:title\" content=\"Entrevista com Essam Sharaf, ex-primeiro-ministro do Egito - CRI e Diario de Pernambuco\" \/>\n<meta property=\"og:description\" content=\"Tendo visitado a China 46 vezes em 20 anos, ele disse que testemunhou as brilhantes conquistas da moderniza\u00e7\u00e3o do pa\u00eds asi\u00e1tico. Ele expressou sua aprecia\u00e7\u00e3o pelo fato de a China ter preservado sua cultura e valores enquanto se desenvolvia rapidamente....\" \/>\n<meta property=\"og:url\" content=\"https:\/\/diariodepe.com.br\/cri\/2025\/01\/14\/entrevista-com-essam-sharaf-ex-primeiro-ministro-do-egito\/\" \/>\n<meta property=\"og:site_name\" content=\"CRI e Diario de Pernambuco\" \/>\n<meta property=\"article:published_time\" content=\"2025-01-14T06:47:33+00:00\" \/>\n<meta property=\"og:image\" content=\"https:\/\/38picres.cgtn.com\/photoAlbum\/page\/performance\/img\/2025\/1\/11\/1736590455497_264.jpeg\" \/>\n<meta name=\"author\" content=\"Ismael Lucas S. Pereira\" \/>\n<meta name=\"twitter:card\" content=\"summary_large_image\" \/>\n<meta name=\"twitter:label1\" content=\"Escrito por\" \/>\n\t<meta name=\"twitter:data1\" content=\"Ismael Lucas S. Pereira\" \/>\n\t<meta name=\"twitter:label2\" content=\"Est. tempo de leitura\" \/>\n\t<meta name=\"twitter:data2\" content=\"5 minutos\" \/>\n<script type=\"application\/ld+json\" class=\"yoast-schema-graph\">{\"@context\":\"https:\\\/\\\/schema.org\",\"@graph\":[{\"@type\":\"Article\",\"@id\":\"https:\\\/\\\/diariodepe.com.br\\\/cri\\\/2025\\\/01\\\/14\\\/entrevista-com-essam-sharaf-ex-primeiro-ministro-do-egito\\\/#article\",\"isPartOf\":{\"@id\":\"https:\\\/\\\/diariodepe.com.br\\\/cri\\\/2025\\\/01\\\/14\\\/entrevista-com-essam-sharaf-ex-primeiro-ministro-do-egito\\\/\"},\"author\":{\"name\":\"Ismael Lucas S. Pereira\",\"@id\":\"https:\\\/\\\/diariodepe.com.br\\\/cri\\\/#\\\/schema\\\/person\\\/121bb28d84f1a5b1205ef4ce9c2e0c6b\"},\"headline\":\"Entrevista com Essam Sharaf, ex-primeiro-ministro do Egito\",\"datePublished\":\"2025-01-14T06:47:33+00:00\",\"mainEntityOfPage\":{\"@id\":\"https:\\\/\\\/diariodepe.com.br\\\/cri\\\/2025\\\/01\\\/14\\\/entrevista-com-essam-sharaf-ex-primeiro-ministro-do-egito\\\/\"},\"wordCount\":730,\"commentCount\":0,\"publisher\":{\"@id\":\"https:\\\/\\\/diariodepe.com.br\\\/cri\\\/#organization\"},\"image\":{\"@id\":\"https:\\\/\\\/diariodepe.com.br\\\/cri\\\/2025\\\/01\\\/14\\\/entrevista-com-essam-sharaf-ex-primeiro-ministro-do-egito\\\/#primaryimage\"},\"thumbnailUrl\":\"https:\\\/\\\/38picres.cgtn.com\\\/photoAlbum\\\/page\\\/performance\\\/img\\\/2025\\\/1\\\/11\\\/1736590455497_264.jpeg\",\"articleSection\":[\"China\"],\"inLanguage\":\"pt-BR\",\"potentialAction\":[{\"@type\":\"CommentAction\",\"name\":\"Comment\",\"target\":[\"https:\\\/\\\/diariodepe.com.br\\\/cri\\\/2025\\\/01\\\/14\\\/entrevista-com-essam-sharaf-ex-primeiro-ministro-do-egito\\\/#respond\"]}]},{\"@type\":\"WebPage\",\"@id\":\"https:\\\/\\\/diariodepe.com.br\\\/cri\\\/2025\\\/01\\\/14\\\/entrevista-com-essam-sharaf-ex-primeiro-ministro-do-egito\\\/\",\"url\":\"https:\\\/\\\/diariodepe.com.br\\\/cri\\\/2025\\\/01\\\/14\\\/entrevista-com-essam-sharaf-ex-primeiro-ministro-do-egito\\\/\",\"name\":\"Entrevista com Essam Sharaf, ex-primeiro-ministro do Egito - CRI e Diario de Pernambuco\",\"isPartOf\":{\"@id\":\"https:\\\/\\\/diariodepe.com.br\\\/cri\\\/#website\"},\"primaryImageOfPage\":{\"@id\":\"https:\\\/\\\/diariodepe.com.br\\\/cri\\\/2025\\\/01\\\/14\\\/entrevista-com-essam-sharaf-ex-primeiro-ministro-do-egito\\\/#primaryimage\"},\"image\":{\"@id\":\"https:\\\/\\\/diariodepe.com.br\\\/cri\\\/2025\\\/01\\\/14\\\/entrevista-com-essam-sharaf-ex-primeiro-ministro-do-egito\\\/#primaryimage\"},\"thumbnailUrl\":\"https:\\\/\\\/38picres.cgtn.com\\\/photoAlbum\\\/page\\\/performance\\\/img\\\/2025\\\/1\\\/11\\\/1736590455497_264.jpeg\",\"datePublished\":\"2025-01-14T06:47:33+00:00\",\"breadcrumb\":{\"@id\":\"https:\\\/\\\/diariodepe.com.br\\\/cri\\\/2025\\\/01\\\/14\\\/entrevista-com-essam-sharaf-ex-primeiro-ministro-do-egito\\\/#breadcrumb\"},\"inLanguage\":\"pt-BR\",\"potentialAction\":[{\"@type\":\"ReadAction\",\"target\":[\"https:\\\/\\\/diariodepe.com.br\\\/cri\\\/2025\\\/01\\\/14\\\/entrevista-com-essam-sharaf-ex-primeiro-ministro-do-egito\\\/\"]}]},{\"@type\":\"ImageObject\",\"inLanguage\":\"pt-BR\",\"@id\":\"https:\\\/\\\/diariodepe.com.br\\\/cri\\\/2025\\\/01\\\/14\\\/entrevista-com-essam-sharaf-ex-primeiro-ministro-do-egito\\\/#primaryimage\",\"url\":\"https:\\\/\\\/38picres.cgtn.com\\\/photoAlbum\\\/page\\\/performance\\\/img\\\/2025\\\/1\\\/11\\\/1736590455497_264.jpeg\",\"contentUrl\":\"https:\\\/\\\/38picres.cgtn.com\\\/photoAlbum\\\/page\\\/performance\\\/img\\\/2025\\\/1\\\/11\\\/1736590455497_264.jpeg\"},{\"@type\":\"BreadcrumbList\",\"@id\":\"https:\\\/\\\/diariodepe.com.br\\\/cri\\\/2025\\\/01\\\/14\\\/entrevista-com-essam-sharaf-ex-primeiro-ministro-do-egito\\\/#breadcrumb\",\"itemListElement\":[{\"@type\":\"ListItem\",\"position\":1,\"name\":\"In\u00edcio\",\"item\":\"https:\\\/\\\/diariodepe.com.br\\\/cri\\\/\"},{\"@type\":\"ListItem\",\"position\":2,\"name\":\"Entrevista com Essam Sharaf, ex-primeiro-ministro do Egito\"}]},{\"@type\":\"WebSite\",\"@id\":\"https:\\\/\\\/diariodepe.com.br\\\/cri\\\/#website\",\"url\":\"https:\\\/\\\/diariodepe.com.br\\\/cri\\\/\",\"name\":\"CRI e Diario de Pernambuco\",\"description\":\"R\u00e1dio Internacional da China\",\"publisher\":{\"@id\":\"https:\\\/\\\/diariodepe.com.br\\\/cri\\\/#organization\"},\"potentialAction\":[{\"@type\":\"SearchAction\",\"target\":{\"@type\":\"EntryPoint\",\"urlTemplate\":\"https:\\\/\\\/diariodepe.com.br\\\/cri\\\/?s={search_term_string}\"},\"query-input\":{\"@type\":\"PropertyValueSpecification\",\"valueRequired\":true,\"valueName\":\"search_term_string\"}}],\"inLanguage\":\"pt-BR\"},{\"@type\":\"Organization\",\"@id\":\"https:\\\/\\\/diariodepe.com.br\\\/cri\\\/#organization\",\"name\":\"CRI e Diario de Pernambuco\",\"url\":\"https:\\\/\\\/diariodepe.com.br\\\/cri\\\/\",\"logo\":{\"@type\":\"ImageObject\",\"inLanguage\":\"pt-BR\",\"@id\":\"https:\\\/\\\/diariodepe.com.br\\\/cri\\\/#\\\/schema\\\/logo\\\/image\\\/\",\"url\":\"https:\\\/\\\/diariodepe.com.br\\\/cri\\\/wp-content\\\/uploads\\\/sites\\\/2\\\/2022\\\/12\\\/cropped-Logo.jpg\",\"contentUrl\":\"https:\\\/\\\/diariodepe.com.br\\\/cri\\\/wp-content\\\/uploads\\\/sites\\\/2\\\/2022\\\/12\\\/cropped-Logo.jpg\",\"width\":700,\"height\":59,\"caption\":\"CRI e Diario de Pernambuco\"},\"image\":{\"@id\":\"https:\\\/\\\/diariodepe.com.br\\\/cri\\\/#\\\/schema\\\/logo\\\/image\\\/\"}},{\"@type\":\"Person\",\"@id\":\"https:\\\/\\\/diariodepe.com.br\\\/cri\\\/#\\\/schema\\\/person\\\/121bb28d84f1a5b1205ef4ce9c2e0c6b\",\"name\":\"Ismael Lucas S. Pereira\",\"image\":{\"@type\":\"ImageObject\",\"inLanguage\":\"pt-BR\",\"@id\":\"https:\\\/\\\/secure.gravatar.com\\\/avatar\\\/887a0f3b5a7ceea963a48499fb883ffce6b5037362def025c52c2505b15d63e4?s=96&d=mm&r=g\",\"url\":\"https:\\\/\\\/secure.gravatar.com\\\/avatar\\\/887a0f3b5a7ceea963a48499fb883ffce6b5037362def025c52c2505b15d63e4?s=96&d=mm&r=g\",\"contentUrl\":\"https:\\\/\\\/secure.gravatar.com\\\/avatar\\\/887a0f3b5a7ceea963a48499fb883ffce6b5037362def025c52c2505b15d63e4?s=96&d=mm&r=g\",\"caption\":\"Ismael Lucas S. Pereira\"},\"url\":\"https:\\\/\\\/diariodepe.com.br\\\/cri\\\/author\\\/ismael-lucas\\\/\"}]}<\/script>\n<!-- \/ Yoast SEO plugin. -->","yoast_head_json":{"title":"Entrevista com Essam Sharaf, ex-primeiro-ministro do Egito - CRI e Diario de Pernambuco","robots":{"index":"index","follow":"follow","max-snippet":"max-snippet:-1","max-image-preview":"max-image-preview:large","max-video-preview":"max-video-preview:-1"},"canonical":"https:\/\/diariodepe.com.br\/cri\/2025\/01\/14\/entrevista-com-essam-sharaf-ex-primeiro-ministro-do-egito\/","og_locale":"pt_BR","og_type":"article","og_title":"Entrevista com Essam Sharaf, ex-primeiro-ministro do Egito - CRI e Diario de Pernambuco","og_description":"Tendo visitado a China 46 vezes em 20 anos, ele disse que testemunhou as brilhantes conquistas da moderniza\u00e7\u00e3o do pa\u00eds asi\u00e1tico. Ele expressou sua aprecia\u00e7\u00e3o pelo fato de a China ter preservado sua cultura e valores enquanto se desenvolvia rapidamente....","og_url":"https:\/\/diariodepe.com.br\/cri\/2025\/01\/14\/entrevista-com-essam-sharaf-ex-primeiro-ministro-do-egito\/","og_site_name":"CRI e Diario de Pernambuco","article_published_time":"2025-01-14T06:47:33+00:00","og_image":[{"url":"https:\/\/38picres.cgtn.com\/photoAlbum\/page\/performance\/img\/2025\/1\/11\/1736590455497_264.jpeg","type":"","width":"","height":""}],"author":"Ismael Lucas S. Pereira","twitter_card":"summary_large_image","twitter_misc":{"Escrito por":"Ismael Lucas S. Pereira","Est. tempo de leitura":"5 minutos"},"schema":{"@context":"https:\/\/schema.org","@graph":[{"@type":"Article","@id":"https:\/\/diariodepe.com.br\/cri\/2025\/01\/14\/entrevista-com-essam-sharaf-ex-primeiro-ministro-do-egito\/#article","isPartOf":{"@id":"https:\/\/diariodepe.com.br\/cri\/2025\/01\/14\/entrevista-com-essam-sharaf-ex-primeiro-ministro-do-egito\/"},"author":{"name":"Ismael Lucas S. Pereira","@id":"https:\/\/diariodepe.com.br\/cri\/#\/schema\/person\/121bb28d84f1a5b1205ef4ce9c2e0c6b"},"headline":"Entrevista com Essam Sharaf, ex-primeiro-ministro do Egito","datePublished":"2025-01-14T06:47:33+00:00","mainEntityOfPage":{"@id":"https:\/\/diariodepe.com.br\/cri\/2025\/01\/14\/entrevista-com-essam-sharaf-ex-primeiro-ministro-do-egito\/"},"wordCount":730,"commentCount":0,"publisher":{"@id":"https:\/\/diariodepe.com.br\/cri\/#organization"},"image":{"@id":"https:\/\/diariodepe.com.br\/cri\/2025\/01\/14\/entrevista-com-essam-sharaf-ex-primeiro-ministro-do-egito\/#primaryimage"},"thumbnailUrl":"https:\/\/38picres.cgtn.com\/photoAlbum\/page\/performance\/img\/2025\/1\/11\/1736590455497_264.jpeg","articleSection":["China"],"inLanguage":"pt-BR","potentialAction":[{"@type":"CommentAction","name":"Comment","target":["https:\/\/diariodepe.com.br\/cri\/2025\/01\/14\/entrevista-com-essam-sharaf-ex-primeiro-ministro-do-egito\/#respond"]}]},{"@type":"WebPage","@id":"https:\/\/diariodepe.com.br\/cri\/2025\/01\/14\/entrevista-com-essam-sharaf-ex-primeiro-ministro-do-egito\/","url":"https:\/\/diariodepe.com.br\/cri\/2025\/01\/14\/entrevista-com-essam-sharaf-ex-primeiro-ministro-do-egito\/","name":"Entrevista com Essam Sharaf, ex-primeiro-ministro do Egito - CRI e Diario de Pernambuco","isPartOf":{"@id":"https:\/\/diariodepe.com.br\/cri\/#website"},"primaryImageOfPage":{"@id":"https:\/\/diariodepe.com.br\/cri\/2025\/01\/14\/entrevista-com-essam-sharaf-ex-primeiro-ministro-do-egito\/#primaryimage"},"image":{"@id":"https:\/\/diariodepe.com.br\/cri\/2025\/01\/14\/entrevista-com-essam-sharaf-ex-primeiro-ministro-do-egito\/#primaryimage"},"thumbnailUrl":"https:\/\/38picres.cgtn.com\/photoAlbum\/page\/performance\/img\/2025\/1\/11\/1736590455497_264.jpeg","datePublished":"2025-01-14T06:47:33+00:00","breadcrumb":{"@id":"https:\/\/diariodepe.com.br\/cri\/2025\/01\/14\/entrevista-com-essam-sharaf-ex-primeiro-ministro-do-egito\/#breadcrumb"},"inLanguage":"pt-BR","potentialAction":[{"@type":"ReadAction","target":["https:\/\/diariodepe.com.br\/cri\/2025\/01\/14\/entrevista-com-essam-sharaf-ex-primeiro-ministro-do-egito\/"]}]},{"@type":"ImageObject","inLanguage":"pt-BR","@id":"https:\/\/diariodepe.com.br\/cri\/2025\/01\/14\/entrevista-com-essam-sharaf-ex-primeiro-ministro-do-egito\/#primaryimage","url":"https:\/\/38picres.cgtn.com\/photoAlbum\/page\/performance\/img\/2025\/1\/11\/1736590455497_264.jpeg","contentUrl":"https:\/\/38picres.cgtn.com\/photoAlbum\/page\/performance\/img\/2025\/1\/11\/1736590455497_264.jpeg"},{"@type":"BreadcrumbList","@id":"https:\/\/diariodepe.com.br\/cri\/2025\/01\/14\/entrevista-com-essam-sharaf-ex-primeiro-ministro-do-egito\/#breadcrumb","itemListElement":[{"@type":"ListItem","position":1,"name":"In\u00edcio","item":"https:\/\/diariodepe.com.br\/cri\/"},{"@type":"ListItem","position":2,"name":"Entrevista com Essam Sharaf, ex-primeiro-ministro do Egito"}]},{"@type":"WebSite","@id":"https:\/\/diariodepe.com.br\/cri\/#website","url":"https:\/\/diariodepe.com.br\/cri\/","name":"CRI e Diario de Pernambuco","description":"R\u00e1dio Internacional da China","publisher":{"@id":"https:\/\/diariodepe.com.br\/cri\/#organization"},"potentialAction":[{"@type":"SearchAction","target":{"@type":"EntryPoint","urlTemplate":"https:\/\/diariodepe.com.br\/cri\/?s={search_term_string}"},"query-input":{"@type":"PropertyValueSpecification","valueRequired":true,"valueName":"search_term_string"}}],"inLanguage":"pt-BR"},{"@type":"Organization","@id":"https:\/\/diariodepe.com.br\/cri\/#organization","name":"CRI e Diario de Pernambuco","url":"https:\/\/diariodepe.com.br\/cri\/","logo":{"@type":"ImageObject","inLanguage":"pt-BR","@id":"https:\/\/diariodepe.com.br\/cri\/#\/schema\/logo\/image\/","url":"https:\/\/diariodepe.com.br\/cri\/wp-content\/uploads\/sites\/2\/2022\/12\/cropped-Logo.jpg","contentUrl":"https:\/\/diariodepe.com.br\/cri\/wp-content\/uploads\/sites\/2\/2022\/12\/cropped-Logo.jpg","width":700,"height":59,"caption":"CRI e Diario de Pernambuco"},"image":{"@id":"https:\/\/diariodepe.com.br\/cri\/#\/schema\/logo\/image\/"}},{"@type":"Person","@id":"https:\/\/diariodepe.com.br\/cri\/#\/schema\/person\/121bb28d84f1a5b1205ef4ce9c2e0c6b","name":"Ismael Lucas S. Pereira","image":{"@type":"ImageObject","inLanguage":"pt-BR","@id":"https:\/\/secure.gravatar.com\/avatar\/887a0f3b5a7ceea963a48499fb883ffce6b5037362def025c52c2505b15d63e4?s=96&d=mm&r=g","url":"https:\/\/secure.gravatar.com\/avatar\/887a0f3b5a7ceea963a48499fb883ffce6b5037362def025c52c2505b15d63e4?s=96&d=mm&r=g","contentUrl":"https:\/\/secure.gravatar.com\/avatar\/887a0f3b5a7ceea963a48499fb883ffce6b5037362def025c52c2505b15d63e4?s=96&d=mm&r=g","caption":"Ismael Lucas S. Pereira"},"url":"https:\/\/diariodepe.com.br\/cri\/author\/ismael-lucas\/"}]}},"cc_featured_image_caption":{"caption_text":false,"source_text":false,"source_url":false},"amp_enabled":true,"_links":{"self":[{"href":"https:\/\/diariodepe.com.br\/cri\/wp-json\/wp\/v2\/posts\/7434","targetHints":{"allow":["GET"]}}],"collection":[{"href":"https:\/\/diariodepe.com.br\/cri\/wp-json\/wp\/v2\/posts"}],"about":[{"href":"https:\/\/diariodepe.com.br\/cri\/wp-json\/wp\/v2\/types\/post"}],"author":[{"embeddable":true,"href":"https:\/\/diariodepe.com.br\/cri\/wp-json\/wp\/v2\/users\/2"}],"replies":[{"embeddable":true,"href":"https:\/\/diariodepe.com.br\/cri\/wp-json\/wp\/v2\/comments?post=7434"}],"version-history":[{"count":1,"href":"https:\/\/diariodepe.com.br\/cri\/wp-json\/wp\/v2\/posts\/7434\/revisions"}],"predecessor-version":[{"id":7435,"href":"https:\/\/diariodepe.com.br\/cri\/wp-json\/wp\/v2\/posts\/7434\/revisions\/7435"}],"wp:attachment":[{"href":"https:\/\/diariodepe.com.br\/cri\/wp-json\/wp\/v2\/media?parent=7434"}],"wp:term":[{"taxonomy":"category","embeddable":true,"href":"https:\/\/diariodepe.com.br\/cri\/wp-json\/wp\/v2\/categories?post=7434"},{"taxonomy":"post_tag","embeddable":true,"href":"https:\/\/diariodepe.com.br\/cri\/wp-json\/wp\/v2\/tags?post=7434"}],"curies":[{"name":"wp","href":"https:\/\/api.w.org\/{rel}","templated":true}]}}