{"id":7426,"date":"2025-01-14T03:43:30","date_gmt":"2025-01-14T06:43:30","guid":{"rendered":"https:\/\/diariodepe.com.br\/cri\/?p=7426"},"modified":"2025-01-14T03:43:30","modified_gmt":"2025-01-14T06:43:30","slug":"xi-jinping-pede-a-jovens-artistas-que-garantam-que-opera-de-pequim-continue-brilhando","status":"publish","type":"post","link":"https:\/\/diariodepe.com.br\/cri\/2025\/01\/14\/xi-jinping-pede-a-jovens-artistas-que-garantam-que-opera-de-pequim-continue-brilhando\/","title":{"rendered":"Xi Jinping pede a jovens artistas que garantam que \u00d3pera de Pequim continue brilhando"},"content":{"rendered":"<p><span lang=\"PT-BR\">O presidente chin\u00eas, Xi Jinping, pediu aos jovens artistas que garantam que a \u00d3pera de Pequim tradicional permane\u00e7a vibrante e relevante na era moderna.<\/span><\/p>\n<p><span lang=\"PT-BR\">Xi Jinping, tamb\u00e9m secret\u00e1rio-geral do Comit\u00ea Central do Partido Comunista da China e presidente da Comiss\u00e3o Militar Central, fez as observa\u00e7\u00f5es em uma carta de resposta aos jovens artistas da Companhia Nacional de \u00d3pera de Pequim, da China.<\/span><\/p>\n<p><span lang=\"PT-BR\">A \u00d3pera de Pequim, um patrim\u00f4nio cultural reconhecido pela UNESCO que remonta a mais de 200 anos, \u00e9 uma arte perform\u00e1tica que incorpora canto, recita\u00e7\u00e3o, atua\u00e7\u00e3o e artes marciais.<\/span><\/p>\n<p><span lang=\"PT-BR\">Xi Jinping pediu aos artistas que defendam a virtude e a excel\u00eancia art\u00edstica e permane\u00e7am fi\u00e9is \u00e0 tradi\u00e7\u00e3o enquanto abra\u00e7am a inova\u00e7\u00e3o.<\/span><\/p>\n<p><span lang=\"PT-BR\">Xi Jinping estendeu seus cumprimentos de felicita\u00e7\u00f5es e calorosas sauda\u00e7\u00f5es a todos os artistas e funcion\u00e1rios da companhia por seu 70\u00ba anivers\u00e1rio.<\/span><\/p>\n<p><span lang=\"PT-BR\">Xi Jinping observou que, desde a sua funda\u00e7\u00e3o, a companhia apresentou in\u00fameras apresenta\u00e7\u00f5es cl\u00e1ssicas e cultivou um rico grupo de artistas talentosos.<\/span><\/p>\n<p><span lang=\"PT-BR\">Ele expressou sua esperan\u00e7a de que a companhia, em um novo ponto de partida, continue a desempenhar um papel vital na promo\u00e7\u00e3o da forma de arte e contribua para a constru\u00e7\u00e3o de uma na\u00e7\u00e3o culturalmente forte.<\/span><\/p>\n<p><span lang=\"PT-BR\">A Companhia Nacional de \u00d3pera de Pequim tem suas origens na Companhia de \u00d3pera de Pequim, da China, fundada em janeiro de 1955, com o renomado artista Mei Lanfang servindo como seu primeiro presidente. A companhia adotou seu nome atual em 2007.<\/span><\/p>\n<p><span lang=\"PT-BR\">Os jovens artistas da companhia escreveram recentemente a Xi Jinping para compartilhar seus esfor\u00e7os na transmiss\u00e3o das tradi\u00e7\u00f5es da \u00d3pera de Pequim. Eles prometeram sua dedica\u00e7\u00e3o ao avan\u00e7o da forma de arte e \u00e0 promo\u00e7\u00e3o da rica heran\u00e7a cultural da China.<\/span><\/p>\n","protected":false},"excerpt":{"rendered":"<p>O presidente chin\u00eas, Xi Jinping, pediu aos jovens artistas que garantam que a \u00d3pera de Pequim tradicional permane\u00e7a vibrante e relevante na era moderna. Xi Jinping, tamb\u00e9m secret\u00e1rio-geral do Comit\u00ea Central do Partido Comunista da China e presidente da Comiss\u00e3o&#8230;<\/p>\n","protected":false},"author":2,"featured_media":0,"comment_status":"open","ping_status":"open","sticky":false,"template":"","format":"standard","meta":{"footnotes":""},"categories":[3],"tags":[],"class_list":["post-7426","post","type-post","status-publish","format-standard","hentry","category-china"],"yoast_head":"<!-- This site is optimized with the Yoast SEO plugin v27.4 - https:\/\/yoast.com\/product\/yoast-seo-wordpress\/ -->\n<title>Xi Jinping pede a jovens artistas que garantam que \u00d3pera de Pequim continue brilhando - CRI e Diario de Pernambuco<\/title>\n<meta name=\"robots\" content=\"index, follow, max-snippet:-1, max-image-preview:large, max-video-preview:-1\" \/>\n<link rel=\"canonical\" href=\"https:\/\/diariodepe.com.br\/cri\/2025\/01\/14\/xi-jinping-pede-a-jovens-artistas-que-garantam-que-opera-de-pequim-continue-brilhando\/\" \/>\n<meta property=\"og:locale\" content=\"pt_BR\" \/>\n<meta property=\"og:type\" content=\"article\" \/>\n<meta property=\"og:title\" content=\"Xi Jinping pede a jovens artistas que garantam que \u00d3pera de Pequim continue brilhando - CRI e Diario de Pernambuco\" \/>\n<meta property=\"og:description\" content=\"O presidente chin\u00eas, Xi Jinping, pediu aos jovens artistas que garantam que a \u00d3pera de Pequim tradicional permane\u00e7a vibrante e relevante na era moderna. Xi Jinping, tamb\u00e9m secret\u00e1rio-geral do Comit\u00ea Central do Partido Comunista da China e presidente da Comiss\u00e3o...\" \/>\n<meta property=\"og:url\" content=\"https:\/\/diariodepe.com.br\/cri\/2025\/01\/14\/xi-jinping-pede-a-jovens-artistas-que-garantam-que-opera-de-pequim-continue-brilhando\/\" \/>\n<meta property=\"og:site_name\" content=\"CRI e Diario de Pernambuco\" \/>\n<meta property=\"article:published_time\" content=\"2025-01-14T06:43:30+00:00\" \/>\n<meta name=\"author\" content=\"Ismael Lucas S. Pereira\" \/>\n<meta name=\"twitter:card\" content=\"summary_large_image\" \/>\n<meta name=\"twitter:label1\" content=\"Escrito por\" \/>\n\t<meta name=\"twitter:data1\" content=\"Ismael Lucas S. Pereira\" \/>\n\t<meta name=\"twitter:label2\" content=\"Est. tempo de leitura\" \/>\n\t<meta name=\"twitter:data2\" content=\"2 minutos\" \/>\n<script type=\"application\/ld+json\" class=\"yoast-schema-graph\">{\"@context\":\"https:\\\/\\\/schema.org\",\"@graph\":[{\"@type\":\"Article\",\"@id\":\"https:\\\/\\\/diariodepe.com.br\\\/cri\\\/2025\\\/01\\\/14\\\/xi-jinping-pede-a-jovens-artistas-que-garantam-que-opera-de-pequim-continue-brilhando\\\/#article\",\"isPartOf\":{\"@id\":\"https:\\\/\\\/diariodepe.com.br\\\/cri\\\/2025\\\/01\\\/14\\\/xi-jinping-pede-a-jovens-artistas-que-garantam-que-opera-de-pequim-continue-brilhando\\\/\"},\"author\":{\"name\":\"Ismael Lucas S. Pereira\",\"@id\":\"https:\\\/\\\/diariodepe.com.br\\\/cri\\\/#\\\/schema\\\/person\\\/121bb28d84f1a5b1205ef4ce9c2e0c6b\"},\"headline\":\"Xi Jinping pede a jovens artistas que garantam que \u00d3pera de Pequim continue brilhando\",\"datePublished\":\"2025-01-14T06:43:30+00:00\",\"mainEntityOfPage\":{\"@id\":\"https:\\\/\\\/diariodepe.com.br\\\/cri\\\/2025\\\/01\\\/14\\\/xi-jinping-pede-a-jovens-artistas-que-garantam-que-opera-de-pequim-continue-brilhando\\\/\"},\"wordCount\":319,\"commentCount\":0,\"publisher\":{\"@id\":\"https:\\\/\\\/diariodepe.com.br\\\/cri\\\/#organization\"},\"articleSection\":[\"China\"],\"inLanguage\":\"pt-BR\",\"potentialAction\":[{\"@type\":\"CommentAction\",\"name\":\"Comment\",\"target\":[\"https:\\\/\\\/diariodepe.com.br\\\/cri\\\/2025\\\/01\\\/14\\\/xi-jinping-pede-a-jovens-artistas-que-garantam-que-opera-de-pequim-continue-brilhando\\\/#respond\"]}]},{\"@type\":\"WebPage\",\"@id\":\"https:\\\/\\\/diariodepe.com.br\\\/cri\\\/2025\\\/01\\\/14\\\/xi-jinping-pede-a-jovens-artistas-que-garantam-que-opera-de-pequim-continue-brilhando\\\/\",\"url\":\"https:\\\/\\\/diariodepe.com.br\\\/cri\\\/2025\\\/01\\\/14\\\/xi-jinping-pede-a-jovens-artistas-que-garantam-que-opera-de-pequim-continue-brilhando\\\/\",\"name\":\"Xi Jinping pede a jovens artistas que garantam que \u00d3pera de Pequim continue brilhando - CRI e Diario de Pernambuco\",\"isPartOf\":{\"@id\":\"https:\\\/\\\/diariodepe.com.br\\\/cri\\\/#website\"},\"datePublished\":\"2025-01-14T06:43:30+00:00\",\"breadcrumb\":{\"@id\":\"https:\\\/\\\/diariodepe.com.br\\\/cri\\\/2025\\\/01\\\/14\\\/xi-jinping-pede-a-jovens-artistas-que-garantam-que-opera-de-pequim-continue-brilhando\\\/#breadcrumb\"},\"inLanguage\":\"pt-BR\",\"potentialAction\":[{\"@type\":\"ReadAction\",\"target\":[\"https:\\\/\\\/diariodepe.com.br\\\/cri\\\/2025\\\/01\\\/14\\\/xi-jinping-pede-a-jovens-artistas-que-garantam-que-opera-de-pequim-continue-brilhando\\\/\"]}]},{\"@type\":\"BreadcrumbList\",\"@id\":\"https:\\\/\\\/diariodepe.com.br\\\/cri\\\/2025\\\/01\\\/14\\\/xi-jinping-pede-a-jovens-artistas-que-garantam-que-opera-de-pequim-continue-brilhando\\\/#breadcrumb\",\"itemListElement\":[{\"@type\":\"ListItem\",\"position\":1,\"name\":\"In\u00edcio\",\"item\":\"https:\\\/\\\/diariodepe.com.br\\\/cri\\\/\"},{\"@type\":\"ListItem\",\"position\":2,\"name\":\"Xi Jinping pede a jovens artistas que garantam que \u00d3pera de Pequim continue brilhando\"}]},{\"@type\":\"WebSite\",\"@id\":\"https:\\\/\\\/diariodepe.com.br\\\/cri\\\/#website\",\"url\":\"https:\\\/\\\/diariodepe.com.br\\\/cri\\\/\",\"name\":\"CRI e Diario de Pernambuco\",\"description\":\"R\u00e1dio Internacional da China\",\"publisher\":{\"@id\":\"https:\\\/\\\/diariodepe.com.br\\\/cri\\\/#organization\"},\"potentialAction\":[{\"@type\":\"SearchAction\",\"target\":{\"@type\":\"EntryPoint\",\"urlTemplate\":\"https:\\\/\\\/diariodepe.com.br\\\/cri\\\/?s={search_term_string}\"},\"query-input\":{\"@type\":\"PropertyValueSpecification\",\"valueRequired\":true,\"valueName\":\"search_term_string\"}}],\"inLanguage\":\"pt-BR\"},{\"@type\":\"Organization\",\"@id\":\"https:\\\/\\\/diariodepe.com.br\\\/cri\\\/#organization\",\"name\":\"CRI e Diario de Pernambuco\",\"url\":\"https:\\\/\\\/diariodepe.com.br\\\/cri\\\/\",\"logo\":{\"@type\":\"ImageObject\",\"inLanguage\":\"pt-BR\",\"@id\":\"https:\\\/\\\/diariodepe.com.br\\\/cri\\\/#\\\/schema\\\/logo\\\/image\\\/\",\"url\":\"https:\\\/\\\/diariodepe.com.br\\\/cri\\\/wp-content\\\/uploads\\\/sites\\\/2\\\/2022\\\/12\\\/cropped-Logo.jpg\",\"contentUrl\":\"https:\\\/\\\/diariodepe.com.br\\\/cri\\\/wp-content\\\/uploads\\\/sites\\\/2\\\/2022\\\/12\\\/cropped-Logo.jpg\",\"width\":700,\"height\":59,\"caption\":\"CRI e Diario de Pernambuco\"},\"image\":{\"@id\":\"https:\\\/\\\/diariodepe.com.br\\\/cri\\\/#\\\/schema\\\/logo\\\/image\\\/\"}},{\"@type\":\"Person\",\"@id\":\"https:\\\/\\\/diariodepe.com.br\\\/cri\\\/#\\\/schema\\\/person\\\/121bb28d84f1a5b1205ef4ce9c2e0c6b\",\"name\":\"Ismael Lucas S. Pereira\",\"image\":{\"@type\":\"ImageObject\",\"inLanguage\":\"pt-BR\",\"@id\":\"https:\\\/\\\/secure.gravatar.com\\\/avatar\\\/887a0f3b5a7ceea963a48499fb883ffce6b5037362def025c52c2505b15d63e4?s=96&d=mm&r=g\",\"url\":\"https:\\\/\\\/secure.gravatar.com\\\/avatar\\\/887a0f3b5a7ceea963a48499fb883ffce6b5037362def025c52c2505b15d63e4?s=96&d=mm&r=g\",\"contentUrl\":\"https:\\\/\\\/secure.gravatar.com\\\/avatar\\\/887a0f3b5a7ceea963a48499fb883ffce6b5037362def025c52c2505b15d63e4?s=96&d=mm&r=g\",\"caption\":\"Ismael Lucas S. Pereira\"},\"url\":\"https:\\\/\\\/diariodepe.com.br\\\/cri\\\/author\\\/ismael-lucas\\\/\"}]}<\/script>\n<!-- \/ Yoast SEO plugin. -->","yoast_head_json":{"title":"Xi Jinping pede a jovens artistas que garantam que \u00d3pera de Pequim continue brilhando - CRI e Diario de Pernambuco","robots":{"index":"index","follow":"follow","max-snippet":"max-snippet:-1","max-image-preview":"max-image-preview:large","max-video-preview":"max-video-preview:-1"},"canonical":"https:\/\/diariodepe.com.br\/cri\/2025\/01\/14\/xi-jinping-pede-a-jovens-artistas-que-garantam-que-opera-de-pequim-continue-brilhando\/","og_locale":"pt_BR","og_type":"article","og_title":"Xi Jinping pede a jovens artistas que garantam que \u00d3pera de Pequim continue brilhando - CRI e Diario de Pernambuco","og_description":"O presidente chin\u00eas, Xi Jinping, pediu aos jovens artistas que garantam que a \u00d3pera de Pequim tradicional permane\u00e7a vibrante e relevante na era moderna. Xi Jinping, tamb\u00e9m secret\u00e1rio-geral do Comit\u00ea Central do Partido Comunista da China e presidente da Comiss\u00e3o...","og_url":"https:\/\/diariodepe.com.br\/cri\/2025\/01\/14\/xi-jinping-pede-a-jovens-artistas-que-garantam-que-opera-de-pequim-continue-brilhando\/","og_site_name":"CRI e Diario de Pernambuco","article_published_time":"2025-01-14T06:43:30+00:00","author":"Ismael Lucas S. Pereira","twitter_card":"summary_large_image","twitter_misc":{"Escrito por":"Ismael Lucas S. Pereira","Est. tempo de leitura":"2 minutos"},"schema":{"@context":"https:\/\/schema.org","@graph":[{"@type":"Article","@id":"https:\/\/diariodepe.com.br\/cri\/2025\/01\/14\/xi-jinping-pede-a-jovens-artistas-que-garantam-que-opera-de-pequim-continue-brilhando\/#article","isPartOf":{"@id":"https:\/\/diariodepe.com.br\/cri\/2025\/01\/14\/xi-jinping-pede-a-jovens-artistas-que-garantam-que-opera-de-pequim-continue-brilhando\/"},"author":{"name":"Ismael Lucas S. Pereira","@id":"https:\/\/diariodepe.com.br\/cri\/#\/schema\/person\/121bb28d84f1a5b1205ef4ce9c2e0c6b"},"headline":"Xi Jinping pede a jovens artistas que garantam que \u00d3pera de Pequim continue brilhando","datePublished":"2025-01-14T06:43:30+00:00","mainEntityOfPage":{"@id":"https:\/\/diariodepe.com.br\/cri\/2025\/01\/14\/xi-jinping-pede-a-jovens-artistas-que-garantam-que-opera-de-pequim-continue-brilhando\/"},"wordCount":319,"commentCount":0,"publisher":{"@id":"https:\/\/diariodepe.com.br\/cri\/#organization"},"articleSection":["China"],"inLanguage":"pt-BR","potentialAction":[{"@type":"CommentAction","name":"Comment","target":["https:\/\/diariodepe.com.br\/cri\/2025\/01\/14\/xi-jinping-pede-a-jovens-artistas-que-garantam-que-opera-de-pequim-continue-brilhando\/#respond"]}]},{"@type":"WebPage","@id":"https:\/\/diariodepe.com.br\/cri\/2025\/01\/14\/xi-jinping-pede-a-jovens-artistas-que-garantam-que-opera-de-pequim-continue-brilhando\/","url":"https:\/\/diariodepe.com.br\/cri\/2025\/01\/14\/xi-jinping-pede-a-jovens-artistas-que-garantam-que-opera-de-pequim-continue-brilhando\/","name":"Xi Jinping pede a jovens artistas que garantam que \u00d3pera de Pequim continue brilhando - CRI e Diario de Pernambuco","isPartOf":{"@id":"https:\/\/diariodepe.com.br\/cri\/#website"},"datePublished":"2025-01-14T06:43:30+00:00","breadcrumb":{"@id":"https:\/\/diariodepe.com.br\/cri\/2025\/01\/14\/xi-jinping-pede-a-jovens-artistas-que-garantam-que-opera-de-pequim-continue-brilhando\/#breadcrumb"},"inLanguage":"pt-BR","potentialAction":[{"@type":"ReadAction","target":["https:\/\/diariodepe.com.br\/cri\/2025\/01\/14\/xi-jinping-pede-a-jovens-artistas-que-garantam-que-opera-de-pequim-continue-brilhando\/"]}]},{"@type":"BreadcrumbList","@id":"https:\/\/diariodepe.com.br\/cri\/2025\/01\/14\/xi-jinping-pede-a-jovens-artistas-que-garantam-que-opera-de-pequim-continue-brilhando\/#breadcrumb","itemListElement":[{"@type":"ListItem","position":1,"name":"In\u00edcio","item":"https:\/\/diariodepe.com.br\/cri\/"},{"@type":"ListItem","position":2,"name":"Xi Jinping pede a jovens artistas que garantam que \u00d3pera de Pequim continue brilhando"}]},{"@type":"WebSite","@id":"https:\/\/diariodepe.com.br\/cri\/#website","url":"https:\/\/diariodepe.com.br\/cri\/","name":"CRI e Diario de Pernambuco","description":"R\u00e1dio Internacional da China","publisher":{"@id":"https:\/\/diariodepe.com.br\/cri\/#organization"},"potentialAction":[{"@type":"SearchAction","target":{"@type":"EntryPoint","urlTemplate":"https:\/\/diariodepe.com.br\/cri\/?s={search_term_string}"},"query-input":{"@type":"PropertyValueSpecification","valueRequired":true,"valueName":"search_term_string"}}],"inLanguage":"pt-BR"},{"@type":"Organization","@id":"https:\/\/diariodepe.com.br\/cri\/#organization","name":"CRI e Diario de Pernambuco","url":"https:\/\/diariodepe.com.br\/cri\/","logo":{"@type":"ImageObject","inLanguage":"pt-BR","@id":"https:\/\/diariodepe.com.br\/cri\/#\/schema\/logo\/image\/","url":"https:\/\/diariodepe.com.br\/cri\/wp-content\/uploads\/sites\/2\/2022\/12\/cropped-Logo.jpg","contentUrl":"https:\/\/diariodepe.com.br\/cri\/wp-content\/uploads\/sites\/2\/2022\/12\/cropped-Logo.jpg","width":700,"height":59,"caption":"CRI e Diario de Pernambuco"},"image":{"@id":"https:\/\/diariodepe.com.br\/cri\/#\/schema\/logo\/image\/"}},{"@type":"Person","@id":"https:\/\/diariodepe.com.br\/cri\/#\/schema\/person\/121bb28d84f1a5b1205ef4ce9c2e0c6b","name":"Ismael Lucas S. Pereira","image":{"@type":"ImageObject","inLanguage":"pt-BR","@id":"https:\/\/secure.gravatar.com\/avatar\/887a0f3b5a7ceea963a48499fb883ffce6b5037362def025c52c2505b15d63e4?s=96&d=mm&r=g","url":"https:\/\/secure.gravatar.com\/avatar\/887a0f3b5a7ceea963a48499fb883ffce6b5037362def025c52c2505b15d63e4?s=96&d=mm&r=g","contentUrl":"https:\/\/secure.gravatar.com\/avatar\/887a0f3b5a7ceea963a48499fb883ffce6b5037362def025c52c2505b15d63e4?s=96&d=mm&r=g","caption":"Ismael Lucas S. Pereira"},"url":"https:\/\/diariodepe.com.br\/cri\/author\/ismael-lucas\/"}]}},"cc_featured_image_caption":{"caption_text":false,"source_text":false,"source_url":false},"amp_enabled":true,"_links":{"self":[{"href":"https:\/\/diariodepe.com.br\/cri\/wp-json\/wp\/v2\/posts\/7426","targetHints":{"allow":["GET"]}}],"collection":[{"href":"https:\/\/diariodepe.com.br\/cri\/wp-json\/wp\/v2\/posts"}],"about":[{"href":"https:\/\/diariodepe.com.br\/cri\/wp-json\/wp\/v2\/types\/post"}],"author":[{"embeddable":true,"href":"https:\/\/diariodepe.com.br\/cri\/wp-json\/wp\/v2\/users\/2"}],"replies":[{"embeddable":true,"href":"https:\/\/diariodepe.com.br\/cri\/wp-json\/wp\/v2\/comments?post=7426"}],"version-history":[{"count":1,"href":"https:\/\/diariodepe.com.br\/cri\/wp-json\/wp\/v2\/posts\/7426\/revisions"}],"predecessor-version":[{"id":7427,"href":"https:\/\/diariodepe.com.br\/cri\/wp-json\/wp\/v2\/posts\/7426\/revisions\/7427"}],"wp:attachment":[{"href":"https:\/\/diariodepe.com.br\/cri\/wp-json\/wp\/v2\/media?parent=7426"}],"wp:term":[{"taxonomy":"category","embeddable":true,"href":"https:\/\/diariodepe.com.br\/cri\/wp-json\/wp\/v2\/categories?post=7426"},{"taxonomy":"post_tag","embeddable":true,"href":"https:\/\/diariodepe.com.br\/cri\/wp-json\/wp\/v2\/tags?post=7426"}],"curies":[{"name":"wp","href":"https:\/\/api.w.org\/{rel}","templated":true}]}}