{"id":7424,"date":"2025-01-14T03:42:45","date_gmt":"2025-01-14T06:42:45","guid":{"rendered":"https:\/\/diariodepe.com.br\/cri\/?p=7424"},"modified":"2025-01-14T03:42:45","modified_gmt":"2025-01-14T06:42:45","slug":"cmg-divulga-lista-de-programas-mais-relevantes-na-cobertura-economica-para-2025","status":"publish","type":"post","link":"https:\/\/diariodepe.com.br\/cri\/2025\/01\/14\/cmg-divulga-lista-de-programas-mais-relevantes-na-cobertura-economica-para-2025\/","title":{"rendered":"CMG divulga lista de programas mais relevantes na cobertura econ\u00f4mica para 2025"},"content":{"rendered":"<p><span lang=\"PT\">O Grupo de M\u00eddia da China (CMG, na sigla em ingl\u00eas) lan\u00e7ou a lista de programas\u00a0com temas mais relevantes na \u00e1rea econ\u00f4mica\u00a0para 2025. Shen Haixiong, vice-diretor do Departamento de Comunica\u00e7\u00e3o do Comit\u00ea Central do Partido Comunista da China e presidente do CMG, juntamente com outros convidados, incluindo executivos de empresas estatais chinesas e representantes das embaixadas de pa\u00edses como Brasil, Finl\u00e2ndia, Turquia e entre outros na China,\u00a0compareceram ao evento.<\/span><\/p>\n<p><img decoding=\"async\" src=\"https:\/\/38picres.cgtn.com\/photoAlbum\/page\/performance\/img\/2025\/1\/10\/1736508014062_846.jpg\" width=\"100%\" height=\"auto\" \/><\/p>\n<p><img decoding=\"async\" src=\"https:\/\/38picres.cgtn.com\/photoAlbum\/page\/performance\/img\/2025\/1\/10\/1736508016652_246.jpg\" width=\"100%\" height=\"auto\" \/><\/p>\n<p><span lang=\"PT\">O\u00a0membro do conselho editorial do CMG, Peng Jianming, destacou em seu discurso que o CMG tem como prioridade o desenvolvimento de alta qualidade. Como o mais influente ve\u00edculo de m\u00eddia na \u00e1rea\u00a0econ\u00f4mica\u00a0do pa\u00eds, o Grupo promoveu, no \u00faltimo ano, os avan\u00e7os e conquistas do desenvolvimento de alta qualidade, fornecendo forte apoio midi\u00e1tico \u00e0 moderniza\u00e7\u00e3o chinesa.<\/span><\/p>\n<p><img decoding=\"async\" src=\"https:\/\/38picres.cgtn.com\/photoAlbum\/page\/performance\/img\/2025\/1\/10\/1736508008297_636.jpg\" width=\"100%\" height=\"auto\" \/><\/p>\n<p><span lang=\"PT\">Segundo\u00a0ele, no novo ano de 2025, a C<\/span><span lang=\"PT\">MG continuar\u00e1 seguindo o pensamento econ\u00f4mico do presidente,\u00a0Xi Jinping, refor\u00e7ando a comunica\u00e7\u00e3o profissional e aumentando a relev\u00e2ncia e indispensabilidade de seus programas.<\/span><\/p>\n<p><img decoding=\"async\" src=\"https:\/\/38picres.cgtn.com\/photoAlbum\/page\/performance\/img\/2025\/1\/10\/1736507995518_679.jpg\" width=\"100%\" height=\"auto\" \/><\/p>\n<p><span lang=\"PT\">Durante o evento, 37 obras de destaque do ano 2025 foram apresenta<\/span><span lang=\"PT\">das ao p\u00fablico, e v\u00e1rias empresas assinaram cartas de inten\u00e7\u00e3o para parcerias estrat\u00e9gicas com o CMG para 2025.<\/span><\/p>\n","protected":false},"excerpt":{"rendered":"<p>O Grupo de M\u00eddia da China (CMG, na sigla em ingl\u00eas) lan\u00e7ou a lista de programas\u00a0com temas mais relevantes na \u00e1rea econ\u00f4mica\u00a0para 2025. Shen Haixiong, vice-diretor do Departamento de Comunica\u00e7\u00e3o do Comit\u00ea Central do Partido Comunista da China e presidente&#8230;<\/p>\n","protected":false},"author":2,"featured_media":0,"comment_status":"open","ping_status":"open","sticky":false,"template":"","format":"standard","meta":{"footnotes":""},"categories":[3],"tags":[],"class_list":["post-7424","post","type-post","status-publish","format-standard","hentry","category-china"],"yoast_head":"<!-- This site is optimized with the Yoast SEO plugin v27.4 - https:\/\/yoast.com\/product\/yoast-seo-wordpress\/ -->\n<title>CMG divulga lista de programas mais relevantes na cobertura econ\u00f4mica para 2025 - CRI e Diario de Pernambuco<\/title>\n<meta name=\"robots\" content=\"index, follow, max-snippet:-1, max-image-preview:large, max-video-preview:-1\" \/>\n<link rel=\"canonical\" href=\"https:\/\/diariodepe.com.br\/cri\/2025\/01\/14\/cmg-divulga-lista-de-programas-mais-relevantes-na-cobertura-economica-para-2025\/\" \/>\n<meta property=\"og:locale\" content=\"pt_BR\" \/>\n<meta property=\"og:type\" content=\"article\" \/>\n<meta property=\"og:title\" content=\"CMG divulga lista de programas mais relevantes na cobertura econ\u00f4mica para 2025 - CRI e Diario de Pernambuco\" \/>\n<meta property=\"og:description\" content=\"O Grupo de M\u00eddia da China (CMG, na sigla em ingl\u00eas) lan\u00e7ou a lista de programas\u00a0com temas mais relevantes na \u00e1rea econ\u00f4mica\u00a0para 2025. Shen Haixiong, vice-diretor do Departamento de Comunica\u00e7\u00e3o do Comit\u00ea Central do Partido Comunista da China e presidente...\" \/>\n<meta property=\"og:url\" content=\"https:\/\/diariodepe.com.br\/cri\/2025\/01\/14\/cmg-divulga-lista-de-programas-mais-relevantes-na-cobertura-economica-para-2025\/\" \/>\n<meta property=\"og:site_name\" content=\"CRI e Diario de Pernambuco\" \/>\n<meta property=\"article:published_time\" content=\"2025-01-14T06:42:45+00:00\" \/>\n<meta property=\"og:image\" content=\"https:\/\/38picres.cgtn.com\/photoAlbum\/page\/performance\/img\/2025\/1\/10\/1736508014062_846.jpg\" \/>\n<meta name=\"author\" content=\"Ismael Lucas S. Pereira\" \/>\n<meta name=\"twitter:card\" content=\"summary_large_image\" \/>\n<meta name=\"twitter:label1\" content=\"Escrito por\" \/>\n\t<meta name=\"twitter:data1\" content=\"Ismael Lucas S. Pereira\" \/>\n\t<meta name=\"twitter:label2\" content=\"Est. tempo de leitura\" \/>\n\t<meta name=\"twitter:data2\" content=\"2 minutos\" \/>\n<script type=\"application\/ld+json\" class=\"yoast-schema-graph\">{\"@context\":\"https:\\\/\\\/schema.org\",\"@graph\":[{\"@type\":\"Article\",\"@id\":\"https:\\\/\\\/diariodepe.com.br\\\/cri\\\/2025\\\/01\\\/14\\\/cmg-divulga-lista-de-programas-mais-relevantes-na-cobertura-economica-para-2025\\\/#article\",\"isPartOf\":{\"@id\":\"https:\\\/\\\/diariodepe.com.br\\\/cri\\\/2025\\\/01\\\/14\\\/cmg-divulga-lista-de-programas-mais-relevantes-na-cobertura-economica-para-2025\\\/\"},\"author\":{\"name\":\"Ismael Lucas S. Pereira\",\"@id\":\"https:\\\/\\\/diariodepe.com.br\\\/cri\\\/#\\\/schema\\\/person\\\/121bb28d84f1a5b1205ef4ce9c2e0c6b\"},\"headline\":\"CMG divulga lista de programas mais relevantes na cobertura econ\u00f4mica para 2025\",\"datePublished\":\"2025-01-14T06:42:45+00:00\",\"mainEntityOfPage\":{\"@id\":\"https:\\\/\\\/diariodepe.com.br\\\/cri\\\/2025\\\/01\\\/14\\\/cmg-divulga-lista-de-programas-mais-relevantes-na-cobertura-economica-para-2025\\\/\"},\"wordCount\":220,\"commentCount\":0,\"publisher\":{\"@id\":\"https:\\\/\\\/diariodepe.com.br\\\/cri\\\/#organization\"},\"image\":{\"@id\":\"https:\\\/\\\/diariodepe.com.br\\\/cri\\\/2025\\\/01\\\/14\\\/cmg-divulga-lista-de-programas-mais-relevantes-na-cobertura-economica-para-2025\\\/#primaryimage\"},\"thumbnailUrl\":\"https:\\\/\\\/38picres.cgtn.com\\\/photoAlbum\\\/page\\\/performance\\\/img\\\/2025\\\/1\\\/10\\\/1736508014062_846.jpg\",\"articleSection\":[\"China\"],\"inLanguage\":\"pt-BR\",\"potentialAction\":[{\"@type\":\"CommentAction\",\"name\":\"Comment\",\"target\":[\"https:\\\/\\\/diariodepe.com.br\\\/cri\\\/2025\\\/01\\\/14\\\/cmg-divulga-lista-de-programas-mais-relevantes-na-cobertura-economica-para-2025\\\/#respond\"]}]},{\"@type\":\"WebPage\",\"@id\":\"https:\\\/\\\/diariodepe.com.br\\\/cri\\\/2025\\\/01\\\/14\\\/cmg-divulga-lista-de-programas-mais-relevantes-na-cobertura-economica-para-2025\\\/\",\"url\":\"https:\\\/\\\/diariodepe.com.br\\\/cri\\\/2025\\\/01\\\/14\\\/cmg-divulga-lista-de-programas-mais-relevantes-na-cobertura-economica-para-2025\\\/\",\"name\":\"CMG divulga lista de programas mais relevantes na cobertura econ\u00f4mica para 2025 - CRI e Diario de Pernambuco\",\"isPartOf\":{\"@id\":\"https:\\\/\\\/diariodepe.com.br\\\/cri\\\/#website\"},\"primaryImageOfPage\":{\"@id\":\"https:\\\/\\\/diariodepe.com.br\\\/cri\\\/2025\\\/01\\\/14\\\/cmg-divulga-lista-de-programas-mais-relevantes-na-cobertura-economica-para-2025\\\/#primaryimage\"},\"image\":{\"@id\":\"https:\\\/\\\/diariodepe.com.br\\\/cri\\\/2025\\\/01\\\/14\\\/cmg-divulga-lista-de-programas-mais-relevantes-na-cobertura-economica-para-2025\\\/#primaryimage\"},\"thumbnailUrl\":\"https:\\\/\\\/38picres.cgtn.com\\\/photoAlbum\\\/page\\\/performance\\\/img\\\/2025\\\/1\\\/10\\\/1736508014062_846.jpg\",\"datePublished\":\"2025-01-14T06:42:45+00:00\",\"breadcrumb\":{\"@id\":\"https:\\\/\\\/diariodepe.com.br\\\/cri\\\/2025\\\/01\\\/14\\\/cmg-divulga-lista-de-programas-mais-relevantes-na-cobertura-economica-para-2025\\\/#breadcrumb\"},\"inLanguage\":\"pt-BR\",\"potentialAction\":[{\"@type\":\"ReadAction\",\"target\":[\"https:\\\/\\\/diariodepe.com.br\\\/cri\\\/2025\\\/01\\\/14\\\/cmg-divulga-lista-de-programas-mais-relevantes-na-cobertura-economica-para-2025\\\/\"]}]},{\"@type\":\"ImageObject\",\"inLanguage\":\"pt-BR\",\"@id\":\"https:\\\/\\\/diariodepe.com.br\\\/cri\\\/2025\\\/01\\\/14\\\/cmg-divulga-lista-de-programas-mais-relevantes-na-cobertura-economica-para-2025\\\/#primaryimage\",\"url\":\"https:\\\/\\\/38picres.cgtn.com\\\/photoAlbum\\\/page\\\/performance\\\/img\\\/2025\\\/1\\\/10\\\/1736508014062_846.jpg\",\"contentUrl\":\"https:\\\/\\\/38picres.cgtn.com\\\/photoAlbum\\\/page\\\/performance\\\/img\\\/2025\\\/1\\\/10\\\/1736508014062_846.jpg\"},{\"@type\":\"BreadcrumbList\",\"@id\":\"https:\\\/\\\/diariodepe.com.br\\\/cri\\\/2025\\\/01\\\/14\\\/cmg-divulga-lista-de-programas-mais-relevantes-na-cobertura-economica-para-2025\\\/#breadcrumb\",\"itemListElement\":[{\"@type\":\"ListItem\",\"position\":1,\"name\":\"In\u00edcio\",\"item\":\"https:\\\/\\\/diariodepe.com.br\\\/cri\\\/\"},{\"@type\":\"ListItem\",\"position\":2,\"name\":\"CMG divulga lista de programas mais relevantes na cobertura econ\u00f4mica para 2025\"}]},{\"@type\":\"WebSite\",\"@id\":\"https:\\\/\\\/diariodepe.com.br\\\/cri\\\/#website\",\"url\":\"https:\\\/\\\/diariodepe.com.br\\\/cri\\\/\",\"name\":\"CRI e Diario de Pernambuco\",\"description\":\"R\u00e1dio Internacional da China\",\"publisher\":{\"@id\":\"https:\\\/\\\/diariodepe.com.br\\\/cri\\\/#organization\"},\"potentialAction\":[{\"@type\":\"SearchAction\",\"target\":{\"@type\":\"EntryPoint\",\"urlTemplate\":\"https:\\\/\\\/diariodepe.com.br\\\/cri\\\/?s={search_term_string}\"},\"query-input\":{\"@type\":\"PropertyValueSpecification\",\"valueRequired\":true,\"valueName\":\"search_term_string\"}}],\"inLanguage\":\"pt-BR\"},{\"@type\":\"Organization\",\"@id\":\"https:\\\/\\\/diariodepe.com.br\\\/cri\\\/#organization\",\"name\":\"CRI e Diario de Pernambuco\",\"url\":\"https:\\\/\\\/diariodepe.com.br\\\/cri\\\/\",\"logo\":{\"@type\":\"ImageObject\",\"inLanguage\":\"pt-BR\",\"@id\":\"https:\\\/\\\/diariodepe.com.br\\\/cri\\\/#\\\/schema\\\/logo\\\/image\\\/\",\"url\":\"https:\\\/\\\/diariodepe.com.br\\\/cri\\\/wp-content\\\/uploads\\\/sites\\\/2\\\/2022\\\/12\\\/cropped-Logo.jpg\",\"contentUrl\":\"https:\\\/\\\/diariodepe.com.br\\\/cri\\\/wp-content\\\/uploads\\\/sites\\\/2\\\/2022\\\/12\\\/cropped-Logo.jpg\",\"width\":700,\"height\":59,\"caption\":\"CRI e Diario de Pernambuco\"},\"image\":{\"@id\":\"https:\\\/\\\/diariodepe.com.br\\\/cri\\\/#\\\/schema\\\/logo\\\/image\\\/\"}},{\"@type\":\"Person\",\"@id\":\"https:\\\/\\\/diariodepe.com.br\\\/cri\\\/#\\\/schema\\\/person\\\/121bb28d84f1a5b1205ef4ce9c2e0c6b\",\"name\":\"Ismael Lucas S. Pereira\",\"image\":{\"@type\":\"ImageObject\",\"inLanguage\":\"pt-BR\",\"@id\":\"https:\\\/\\\/secure.gravatar.com\\\/avatar\\\/887a0f3b5a7ceea963a48499fb883ffce6b5037362def025c52c2505b15d63e4?s=96&d=mm&r=g\",\"url\":\"https:\\\/\\\/secure.gravatar.com\\\/avatar\\\/887a0f3b5a7ceea963a48499fb883ffce6b5037362def025c52c2505b15d63e4?s=96&d=mm&r=g\",\"contentUrl\":\"https:\\\/\\\/secure.gravatar.com\\\/avatar\\\/887a0f3b5a7ceea963a48499fb883ffce6b5037362def025c52c2505b15d63e4?s=96&d=mm&r=g\",\"caption\":\"Ismael Lucas S. Pereira\"},\"url\":\"https:\\\/\\\/diariodepe.com.br\\\/cri\\\/author\\\/ismael-lucas\\\/\"}]}<\/script>\n<!-- \/ Yoast SEO plugin. -->","yoast_head_json":{"title":"CMG divulga lista de programas mais relevantes na cobertura econ\u00f4mica para 2025 - CRI e Diario de Pernambuco","robots":{"index":"index","follow":"follow","max-snippet":"max-snippet:-1","max-image-preview":"max-image-preview:large","max-video-preview":"max-video-preview:-1"},"canonical":"https:\/\/diariodepe.com.br\/cri\/2025\/01\/14\/cmg-divulga-lista-de-programas-mais-relevantes-na-cobertura-economica-para-2025\/","og_locale":"pt_BR","og_type":"article","og_title":"CMG divulga lista de programas mais relevantes na cobertura econ\u00f4mica para 2025 - CRI e Diario de Pernambuco","og_description":"O Grupo de M\u00eddia da China (CMG, na sigla em ingl\u00eas) lan\u00e7ou a lista de programas\u00a0com temas mais relevantes na \u00e1rea econ\u00f4mica\u00a0para 2025. Shen Haixiong, vice-diretor do Departamento de Comunica\u00e7\u00e3o do Comit\u00ea Central do Partido Comunista da China e presidente...","og_url":"https:\/\/diariodepe.com.br\/cri\/2025\/01\/14\/cmg-divulga-lista-de-programas-mais-relevantes-na-cobertura-economica-para-2025\/","og_site_name":"CRI e Diario de Pernambuco","article_published_time":"2025-01-14T06:42:45+00:00","og_image":[{"url":"https:\/\/38picres.cgtn.com\/photoAlbum\/page\/performance\/img\/2025\/1\/10\/1736508014062_846.jpg","type":"","width":"","height":""}],"author":"Ismael Lucas S. Pereira","twitter_card":"summary_large_image","twitter_misc":{"Escrito por":"Ismael Lucas S. Pereira","Est. tempo de leitura":"2 minutos"},"schema":{"@context":"https:\/\/schema.org","@graph":[{"@type":"Article","@id":"https:\/\/diariodepe.com.br\/cri\/2025\/01\/14\/cmg-divulga-lista-de-programas-mais-relevantes-na-cobertura-economica-para-2025\/#article","isPartOf":{"@id":"https:\/\/diariodepe.com.br\/cri\/2025\/01\/14\/cmg-divulga-lista-de-programas-mais-relevantes-na-cobertura-economica-para-2025\/"},"author":{"name":"Ismael Lucas S. Pereira","@id":"https:\/\/diariodepe.com.br\/cri\/#\/schema\/person\/121bb28d84f1a5b1205ef4ce9c2e0c6b"},"headline":"CMG divulga lista de programas mais relevantes na cobertura econ\u00f4mica para 2025","datePublished":"2025-01-14T06:42:45+00:00","mainEntityOfPage":{"@id":"https:\/\/diariodepe.com.br\/cri\/2025\/01\/14\/cmg-divulga-lista-de-programas-mais-relevantes-na-cobertura-economica-para-2025\/"},"wordCount":220,"commentCount":0,"publisher":{"@id":"https:\/\/diariodepe.com.br\/cri\/#organization"},"image":{"@id":"https:\/\/diariodepe.com.br\/cri\/2025\/01\/14\/cmg-divulga-lista-de-programas-mais-relevantes-na-cobertura-economica-para-2025\/#primaryimage"},"thumbnailUrl":"https:\/\/38picres.cgtn.com\/photoAlbum\/page\/performance\/img\/2025\/1\/10\/1736508014062_846.jpg","articleSection":["China"],"inLanguage":"pt-BR","potentialAction":[{"@type":"CommentAction","name":"Comment","target":["https:\/\/diariodepe.com.br\/cri\/2025\/01\/14\/cmg-divulga-lista-de-programas-mais-relevantes-na-cobertura-economica-para-2025\/#respond"]}]},{"@type":"WebPage","@id":"https:\/\/diariodepe.com.br\/cri\/2025\/01\/14\/cmg-divulga-lista-de-programas-mais-relevantes-na-cobertura-economica-para-2025\/","url":"https:\/\/diariodepe.com.br\/cri\/2025\/01\/14\/cmg-divulga-lista-de-programas-mais-relevantes-na-cobertura-economica-para-2025\/","name":"CMG divulga lista de programas mais relevantes na cobertura econ\u00f4mica para 2025 - CRI e Diario de Pernambuco","isPartOf":{"@id":"https:\/\/diariodepe.com.br\/cri\/#website"},"primaryImageOfPage":{"@id":"https:\/\/diariodepe.com.br\/cri\/2025\/01\/14\/cmg-divulga-lista-de-programas-mais-relevantes-na-cobertura-economica-para-2025\/#primaryimage"},"image":{"@id":"https:\/\/diariodepe.com.br\/cri\/2025\/01\/14\/cmg-divulga-lista-de-programas-mais-relevantes-na-cobertura-economica-para-2025\/#primaryimage"},"thumbnailUrl":"https:\/\/38picres.cgtn.com\/photoAlbum\/page\/performance\/img\/2025\/1\/10\/1736508014062_846.jpg","datePublished":"2025-01-14T06:42:45+00:00","breadcrumb":{"@id":"https:\/\/diariodepe.com.br\/cri\/2025\/01\/14\/cmg-divulga-lista-de-programas-mais-relevantes-na-cobertura-economica-para-2025\/#breadcrumb"},"inLanguage":"pt-BR","potentialAction":[{"@type":"ReadAction","target":["https:\/\/diariodepe.com.br\/cri\/2025\/01\/14\/cmg-divulga-lista-de-programas-mais-relevantes-na-cobertura-economica-para-2025\/"]}]},{"@type":"ImageObject","inLanguage":"pt-BR","@id":"https:\/\/diariodepe.com.br\/cri\/2025\/01\/14\/cmg-divulga-lista-de-programas-mais-relevantes-na-cobertura-economica-para-2025\/#primaryimage","url":"https:\/\/38picres.cgtn.com\/photoAlbum\/page\/performance\/img\/2025\/1\/10\/1736508014062_846.jpg","contentUrl":"https:\/\/38picres.cgtn.com\/photoAlbum\/page\/performance\/img\/2025\/1\/10\/1736508014062_846.jpg"},{"@type":"BreadcrumbList","@id":"https:\/\/diariodepe.com.br\/cri\/2025\/01\/14\/cmg-divulga-lista-de-programas-mais-relevantes-na-cobertura-economica-para-2025\/#breadcrumb","itemListElement":[{"@type":"ListItem","position":1,"name":"In\u00edcio","item":"https:\/\/diariodepe.com.br\/cri\/"},{"@type":"ListItem","position":2,"name":"CMG divulga lista de programas mais relevantes na cobertura econ\u00f4mica para 2025"}]},{"@type":"WebSite","@id":"https:\/\/diariodepe.com.br\/cri\/#website","url":"https:\/\/diariodepe.com.br\/cri\/","name":"CRI e Diario de Pernambuco","description":"R\u00e1dio Internacional da China","publisher":{"@id":"https:\/\/diariodepe.com.br\/cri\/#organization"},"potentialAction":[{"@type":"SearchAction","target":{"@type":"EntryPoint","urlTemplate":"https:\/\/diariodepe.com.br\/cri\/?s={search_term_string}"},"query-input":{"@type":"PropertyValueSpecification","valueRequired":true,"valueName":"search_term_string"}}],"inLanguage":"pt-BR"},{"@type":"Organization","@id":"https:\/\/diariodepe.com.br\/cri\/#organization","name":"CRI e Diario de Pernambuco","url":"https:\/\/diariodepe.com.br\/cri\/","logo":{"@type":"ImageObject","inLanguage":"pt-BR","@id":"https:\/\/diariodepe.com.br\/cri\/#\/schema\/logo\/image\/","url":"https:\/\/diariodepe.com.br\/cri\/wp-content\/uploads\/sites\/2\/2022\/12\/cropped-Logo.jpg","contentUrl":"https:\/\/diariodepe.com.br\/cri\/wp-content\/uploads\/sites\/2\/2022\/12\/cropped-Logo.jpg","width":700,"height":59,"caption":"CRI e Diario de Pernambuco"},"image":{"@id":"https:\/\/diariodepe.com.br\/cri\/#\/schema\/logo\/image\/"}},{"@type":"Person","@id":"https:\/\/diariodepe.com.br\/cri\/#\/schema\/person\/121bb28d84f1a5b1205ef4ce9c2e0c6b","name":"Ismael Lucas S. Pereira","image":{"@type":"ImageObject","inLanguage":"pt-BR","@id":"https:\/\/secure.gravatar.com\/avatar\/887a0f3b5a7ceea963a48499fb883ffce6b5037362def025c52c2505b15d63e4?s=96&d=mm&r=g","url":"https:\/\/secure.gravatar.com\/avatar\/887a0f3b5a7ceea963a48499fb883ffce6b5037362def025c52c2505b15d63e4?s=96&d=mm&r=g","contentUrl":"https:\/\/secure.gravatar.com\/avatar\/887a0f3b5a7ceea963a48499fb883ffce6b5037362def025c52c2505b15d63e4?s=96&d=mm&r=g","caption":"Ismael Lucas S. Pereira"},"url":"https:\/\/diariodepe.com.br\/cri\/author\/ismael-lucas\/"}]}},"cc_featured_image_caption":{"caption_text":false,"source_text":false,"source_url":false},"amp_enabled":true,"_links":{"self":[{"href":"https:\/\/diariodepe.com.br\/cri\/wp-json\/wp\/v2\/posts\/7424","targetHints":{"allow":["GET"]}}],"collection":[{"href":"https:\/\/diariodepe.com.br\/cri\/wp-json\/wp\/v2\/posts"}],"about":[{"href":"https:\/\/diariodepe.com.br\/cri\/wp-json\/wp\/v2\/types\/post"}],"author":[{"embeddable":true,"href":"https:\/\/diariodepe.com.br\/cri\/wp-json\/wp\/v2\/users\/2"}],"replies":[{"embeddable":true,"href":"https:\/\/diariodepe.com.br\/cri\/wp-json\/wp\/v2\/comments?post=7424"}],"version-history":[{"count":1,"href":"https:\/\/diariodepe.com.br\/cri\/wp-json\/wp\/v2\/posts\/7424\/revisions"}],"predecessor-version":[{"id":7425,"href":"https:\/\/diariodepe.com.br\/cri\/wp-json\/wp\/v2\/posts\/7424\/revisions\/7425"}],"wp:attachment":[{"href":"https:\/\/diariodepe.com.br\/cri\/wp-json\/wp\/v2\/media?parent=7424"}],"wp:term":[{"taxonomy":"category","embeddable":true,"href":"https:\/\/diariodepe.com.br\/cri\/wp-json\/wp\/v2\/categories?post=7424"},{"taxonomy":"post_tag","embeddable":true,"href":"https:\/\/diariodepe.com.br\/cri\/wp-json\/wp\/v2\/tags?post=7424"}],"curies":[{"name":"wp","href":"https:\/\/api.w.org\/{rel}","templated":true}]}}