{"id":7417,"date":"2025-01-13T22:51:39","date_gmt":"2025-01-14T01:51:39","guid":{"rendered":"https:\/\/diariodepe.com.br\/cri\/?p=7417"},"modified":"2025-01-13T22:51:39","modified_gmt":"2025-01-14T01:51:39","slug":"xi-jinping-reune-se-com-primeiro-ministro-de-granada","status":"publish","type":"post","link":"https:\/\/diariodepe.com.br\/cri\/2025\/01\/13\/xi-jinping-reune-se-com-primeiro-ministro-de-granada\/","title":{"rendered":"Xi Jinping re\u00fane-se com primeiro-ministro de Granada"},"content":{"rendered":"<p>O presidente chin\u00eas, Xi Jinping, se reuniu nesta segunda-feira (13) em Beijing com o primeiro-ministro de Granada, Dickon Mitchell.<\/p>\n<p>Mitchell manifestou solidariedade ao governo e ao povo chineses pelo terremoto no distrito de Dingri, na Regi\u00e3o Aut\u00f4noma de Xizang. Xi Jinping expressou gratid\u00e3o, comentando\u00a0que o sismo\u00a0ocorreu em uma\u00a0\u00e1rea de alta altitude no\u00a0sudoeste da China. O governo chin\u00eas\u00a0concluiu,\u00a0em um curto espa\u00e7o de tempo, os\u00a0trabalhos\u00a0de resgate e a realoca\u00e7\u00e3o dos afetados e tamb\u00e9m\u00a0iniciar\u00e1 a reconstru\u00e7\u00e3o da regi\u00e3o o mais breve poss\u00edvel. A China segue\u00a0confiante e\u00a0tem\u00a0capacidade de vencer grandes calamidades, afirmou Xi.<\/p>\n<p>Segundo o l\u00edder chin\u00eas, nos \u00faltimos anos, as rela\u00e7\u00f5es entre China e Granada\u00a0tiveram um bom desenvolvimento. Os dois pa\u00edses se respeitam\u00a0e se tratam-se\u00a0de forma equ\u00e2nime. A confian\u00e7a pol\u00edtica vem sendo consolidada, com a\u00a0coopera\u00e7\u00e3o pragm\u00e1tica em diversas \u00e1reas obtendo resultados frut\u00edferos. A China est\u00e1 disposta a trabalhar com Granada para fortalecer o alinhamento das estrat\u00e9gias de desenvolvimento de ambos os pa\u00edses e impulsionar mais conquistas na coopera\u00e7\u00e3o bilateral para melhor beneficiar os dois povos.<\/p>\n<p>Xi Jinping assinalou que manter e desenvolver as rela\u00e7\u00f5es China-Granada corresponde aos\u00a0interesses\u00a0fundamentais\u00a0das duas na\u00e7\u00f5es e seus respectivos povos. Os dois lados devem aplicar a experi\u00eancia bem-sucedida de\u00a0desenvolvimento do relacionamento bilateral dos \u00faltimos 20 anos, desde a retomada dos la\u00e7os diplom\u00e1ticos, al\u00e9m de\u00a0elaborar um novo plano para o progresso de longo prazo e de alto n\u00edvel das rela\u00e7\u00f5es sino-grandenses. A China apoia Granada na explora\u00e7\u00e3o independente de um caminho de desenvolvimento que se adapte \u00e0s suas condi\u00e7\u00f5es nacionais e est\u00e1 disposta a fortalecer as trocas de experi\u00eancias em governan\u00e7a com o pa\u00eds, assim como\u00a0fortalecer os interc\u00e2mbios amistosos em todos os campos.<\/p>\n<p>Segundo o presidente chin\u00eas, o desenvolvimento da China proporciona novas oportunidades de desenvolvimento para todos os pa\u00edses, incluindo Granada. A China est\u00e1 disposta a colaborar com o desenvolvimento socioecon\u00f4mico de Granada dentro do quadro de coopera\u00e7\u00e3o Sul-Sul, criando novas \u00e1reas de coopera\u00e7\u00e3o bilateral em nova energia, recursos verde e de baixo carbono e economia digital. A China apoia Granada no aperfei\u00e7oamento de sua capacidade de resposta \u00e0 mudan\u00e7a clim\u00e1tica e \u00e0 preven\u00e7\u00e3o de calamidades, engajando toda a comunidade internacional a se conscientizar sobre a gravidade e a demanda dos pequenos pa\u00edses insulares\u00a0em termos de causas e preven\u00e7\u00e3o de desastres ambientais.<\/p>\n<p>A China sempre atribuiu grande import\u00e2ncia \u00e0s suas rela\u00e7\u00f5es com os pa\u00edses caribenhos e est\u00e1 disposta a continuar auxiliando, dentro de suas\u00a0capacidades,\u00a0no desenvolvimento socioecon\u00f4mico dos pa\u00edses desta\u00a0regi\u00e3o, ressaltou Xi.<\/p>\n<p>Mitchell agradeceu \u00e0 China pela grande ajuda ap\u00f3s o devastador furac\u00e3o em julho do ano passado. De acordo com ele, a China \u00e9 l\u00edder no Sul global, sempre defende a igualdade\u00a0entre as na\u00e7\u00f5es\u00a0e respeita a soberania e a integridade territorial de todos os pa\u00edses. A China sempre cumpre com sua palavra em\u00a0quest\u00f5es internacionais e est\u00e1 desempenhando um papel cada vez mais relevante, acrescentou.<\/p>\n","protected":false},"excerpt":{"rendered":"<p>O presidente chin\u00eas, Xi Jinping, se reuniu nesta segunda-feira (13) em Beijing com o primeiro-ministro de Granada, Dickon Mitchell. Mitchell manifestou solidariedade ao governo e ao povo chineses pelo terremoto no distrito de Dingri, na Regi\u00e3o Aut\u00f4noma de Xizang. Xi&#8230;<\/p>\n","protected":false},"author":2,"featured_media":0,"comment_status":"open","ping_status":"open","sticky":false,"template":"","format":"standard","meta":{"footnotes":""},"categories":[3],"tags":[],"class_list":["post-7417","post","type-post","status-publish","format-standard","hentry","category-china"],"yoast_head":"<!-- This site is optimized with the Yoast SEO plugin v27.4 - https:\/\/yoast.com\/product\/yoast-seo-wordpress\/ -->\n<title>Xi Jinping re\u00fane-se com primeiro-ministro de Granada - CRI e Diario de Pernambuco<\/title>\n<meta name=\"robots\" content=\"index, follow, max-snippet:-1, max-image-preview:large, max-video-preview:-1\" \/>\n<link rel=\"canonical\" href=\"https:\/\/diariodepe.com.br\/cri\/2025\/01\/13\/xi-jinping-reune-se-com-primeiro-ministro-de-granada\/\" \/>\n<meta property=\"og:locale\" content=\"pt_BR\" \/>\n<meta property=\"og:type\" content=\"article\" \/>\n<meta property=\"og:title\" content=\"Xi Jinping re\u00fane-se com primeiro-ministro de Granada - CRI e Diario de Pernambuco\" \/>\n<meta property=\"og:description\" content=\"O presidente chin\u00eas, Xi Jinping, se reuniu nesta segunda-feira (13) em Beijing com o primeiro-ministro de Granada, Dickon Mitchell. Mitchell manifestou solidariedade ao governo e ao povo chineses pelo terremoto no distrito de Dingri, na Regi\u00e3o Aut\u00f4noma de Xizang. Xi...\" \/>\n<meta property=\"og:url\" content=\"https:\/\/diariodepe.com.br\/cri\/2025\/01\/13\/xi-jinping-reune-se-com-primeiro-ministro-de-granada\/\" \/>\n<meta property=\"og:site_name\" content=\"CRI e Diario de Pernambuco\" \/>\n<meta property=\"article:published_time\" content=\"2025-01-14T01:51:39+00:00\" \/>\n<meta name=\"author\" content=\"Ismael Lucas S. Pereira\" \/>\n<meta name=\"twitter:card\" content=\"summary_large_image\" \/>\n<meta name=\"twitter:label1\" content=\"Escrito por\" \/>\n\t<meta name=\"twitter:data1\" content=\"Ismael Lucas S. Pereira\" \/>\n\t<meta name=\"twitter:label2\" content=\"Est. tempo de leitura\" \/>\n\t<meta name=\"twitter:data2\" content=\"3 minutos\" \/>\n<script type=\"application\/ld+json\" class=\"yoast-schema-graph\">{\"@context\":\"https:\\\/\\\/schema.org\",\"@graph\":[{\"@type\":\"Article\",\"@id\":\"https:\\\/\\\/diariodepe.com.br\\\/cri\\\/2025\\\/01\\\/13\\\/xi-jinping-reune-se-com-primeiro-ministro-de-granada\\\/#article\",\"isPartOf\":{\"@id\":\"https:\\\/\\\/diariodepe.com.br\\\/cri\\\/2025\\\/01\\\/13\\\/xi-jinping-reune-se-com-primeiro-ministro-de-granada\\\/\"},\"author\":{\"name\":\"Ismael Lucas S. Pereira\",\"@id\":\"https:\\\/\\\/diariodepe.com.br\\\/cri\\\/#\\\/schema\\\/person\\\/121bb28d84f1a5b1205ef4ce9c2e0c6b\"},\"headline\":\"Xi Jinping re\u00fane-se com primeiro-ministro de Granada\",\"datePublished\":\"2025-01-14T01:51:39+00:00\",\"mainEntityOfPage\":{\"@id\":\"https:\\\/\\\/diariodepe.com.br\\\/cri\\\/2025\\\/01\\\/13\\\/xi-jinping-reune-se-com-primeiro-ministro-de-granada\\\/\"},\"wordCount\":546,\"commentCount\":0,\"publisher\":{\"@id\":\"https:\\\/\\\/diariodepe.com.br\\\/cri\\\/#organization\"},\"articleSection\":[\"China\"],\"inLanguage\":\"pt-BR\",\"potentialAction\":[{\"@type\":\"CommentAction\",\"name\":\"Comment\",\"target\":[\"https:\\\/\\\/diariodepe.com.br\\\/cri\\\/2025\\\/01\\\/13\\\/xi-jinping-reune-se-com-primeiro-ministro-de-granada\\\/#respond\"]}]},{\"@type\":\"WebPage\",\"@id\":\"https:\\\/\\\/diariodepe.com.br\\\/cri\\\/2025\\\/01\\\/13\\\/xi-jinping-reune-se-com-primeiro-ministro-de-granada\\\/\",\"url\":\"https:\\\/\\\/diariodepe.com.br\\\/cri\\\/2025\\\/01\\\/13\\\/xi-jinping-reune-se-com-primeiro-ministro-de-granada\\\/\",\"name\":\"Xi Jinping re\u00fane-se com primeiro-ministro de Granada - CRI e Diario de Pernambuco\",\"isPartOf\":{\"@id\":\"https:\\\/\\\/diariodepe.com.br\\\/cri\\\/#website\"},\"datePublished\":\"2025-01-14T01:51:39+00:00\",\"breadcrumb\":{\"@id\":\"https:\\\/\\\/diariodepe.com.br\\\/cri\\\/2025\\\/01\\\/13\\\/xi-jinping-reune-se-com-primeiro-ministro-de-granada\\\/#breadcrumb\"},\"inLanguage\":\"pt-BR\",\"potentialAction\":[{\"@type\":\"ReadAction\",\"target\":[\"https:\\\/\\\/diariodepe.com.br\\\/cri\\\/2025\\\/01\\\/13\\\/xi-jinping-reune-se-com-primeiro-ministro-de-granada\\\/\"]}]},{\"@type\":\"BreadcrumbList\",\"@id\":\"https:\\\/\\\/diariodepe.com.br\\\/cri\\\/2025\\\/01\\\/13\\\/xi-jinping-reune-se-com-primeiro-ministro-de-granada\\\/#breadcrumb\",\"itemListElement\":[{\"@type\":\"ListItem\",\"position\":1,\"name\":\"In\u00edcio\",\"item\":\"https:\\\/\\\/diariodepe.com.br\\\/cri\\\/\"},{\"@type\":\"ListItem\",\"position\":2,\"name\":\"Xi Jinping re\u00fane-se com primeiro-ministro de Granada\"}]},{\"@type\":\"WebSite\",\"@id\":\"https:\\\/\\\/diariodepe.com.br\\\/cri\\\/#website\",\"url\":\"https:\\\/\\\/diariodepe.com.br\\\/cri\\\/\",\"name\":\"CRI e Diario de Pernambuco\",\"description\":\"R\u00e1dio Internacional da China\",\"publisher\":{\"@id\":\"https:\\\/\\\/diariodepe.com.br\\\/cri\\\/#organization\"},\"potentialAction\":[{\"@type\":\"SearchAction\",\"target\":{\"@type\":\"EntryPoint\",\"urlTemplate\":\"https:\\\/\\\/diariodepe.com.br\\\/cri\\\/?s={search_term_string}\"},\"query-input\":{\"@type\":\"PropertyValueSpecification\",\"valueRequired\":true,\"valueName\":\"search_term_string\"}}],\"inLanguage\":\"pt-BR\"},{\"@type\":\"Organization\",\"@id\":\"https:\\\/\\\/diariodepe.com.br\\\/cri\\\/#organization\",\"name\":\"CRI e Diario de Pernambuco\",\"url\":\"https:\\\/\\\/diariodepe.com.br\\\/cri\\\/\",\"logo\":{\"@type\":\"ImageObject\",\"inLanguage\":\"pt-BR\",\"@id\":\"https:\\\/\\\/diariodepe.com.br\\\/cri\\\/#\\\/schema\\\/logo\\\/image\\\/\",\"url\":\"https:\\\/\\\/diariodepe.com.br\\\/cri\\\/wp-content\\\/uploads\\\/sites\\\/2\\\/2022\\\/12\\\/cropped-Logo.jpg\",\"contentUrl\":\"https:\\\/\\\/diariodepe.com.br\\\/cri\\\/wp-content\\\/uploads\\\/sites\\\/2\\\/2022\\\/12\\\/cropped-Logo.jpg\",\"width\":700,\"height\":59,\"caption\":\"CRI e Diario de Pernambuco\"},\"image\":{\"@id\":\"https:\\\/\\\/diariodepe.com.br\\\/cri\\\/#\\\/schema\\\/logo\\\/image\\\/\"}},{\"@type\":\"Person\",\"@id\":\"https:\\\/\\\/diariodepe.com.br\\\/cri\\\/#\\\/schema\\\/person\\\/121bb28d84f1a5b1205ef4ce9c2e0c6b\",\"name\":\"Ismael Lucas S. Pereira\",\"image\":{\"@type\":\"ImageObject\",\"inLanguage\":\"pt-BR\",\"@id\":\"https:\\\/\\\/secure.gravatar.com\\\/avatar\\\/887a0f3b5a7ceea963a48499fb883ffce6b5037362def025c52c2505b15d63e4?s=96&d=mm&r=g\",\"url\":\"https:\\\/\\\/secure.gravatar.com\\\/avatar\\\/887a0f3b5a7ceea963a48499fb883ffce6b5037362def025c52c2505b15d63e4?s=96&d=mm&r=g\",\"contentUrl\":\"https:\\\/\\\/secure.gravatar.com\\\/avatar\\\/887a0f3b5a7ceea963a48499fb883ffce6b5037362def025c52c2505b15d63e4?s=96&d=mm&r=g\",\"caption\":\"Ismael Lucas S. Pereira\"},\"url\":\"https:\\\/\\\/diariodepe.com.br\\\/cri\\\/author\\\/ismael-lucas\\\/\"}]}<\/script>\n<!-- \/ Yoast SEO plugin. -->","yoast_head_json":{"title":"Xi Jinping re\u00fane-se com primeiro-ministro de Granada - CRI e Diario de Pernambuco","robots":{"index":"index","follow":"follow","max-snippet":"max-snippet:-1","max-image-preview":"max-image-preview:large","max-video-preview":"max-video-preview:-1"},"canonical":"https:\/\/diariodepe.com.br\/cri\/2025\/01\/13\/xi-jinping-reune-se-com-primeiro-ministro-de-granada\/","og_locale":"pt_BR","og_type":"article","og_title":"Xi Jinping re\u00fane-se com primeiro-ministro de Granada - CRI e Diario de Pernambuco","og_description":"O presidente chin\u00eas, Xi Jinping, se reuniu nesta segunda-feira (13) em Beijing com o primeiro-ministro de Granada, Dickon Mitchell. Mitchell manifestou solidariedade ao governo e ao povo chineses pelo terremoto no distrito de Dingri, na Regi\u00e3o Aut\u00f4noma de Xizang. Xi...","og_url":"https:\/\/diariodepe.com.br\/cri\/2025\/01\/13\/xi-jinping-reune-se-com-primeiro-ministro-de-granada\/","og_site_name":"CRI e Diario de Pernambuco","article_published_time":"2025-01-14T01:51:39+00:00","author":"Ismael Lucas S. Pereira","twitter_card":"summary_large_image","twitter_misc":{"Escrito por":"Ismael Lucas S. Pereira","Est. tempo de leitura":"3 minutos"},"schema":{"@context":"https:\/\/schema.org","@graph":[{"@type":"Article","@id":"https:\/\/diariodepe.com.br\/cri\/2025\/01\/13\/xi-jinping-reune-se-com-primeiro-ministro-de-granada\/#article","isPartOf":{"@id":"https:\/\/diariodepe.com.br\/cri\/2025\/01\/13\/xi-jinping-reune-se-com-primeiro-ministro-de-granada\/"},"author":{"name":"Ismael Lucas S. Pereira","@id":"https:\/\/diariodepe.com.br\/cri\/#\/schema\/person\/121bb28d84f1a5b1205ef4ce9c2e0c6b"},"headline":"Xi Jinping re\u00fane-se com primeiro-ministro de Granada","datePublished":"2025-01-14T01:51:39+00:00","mainEntityOfPage":{"@id":"https:\/\/diariodepe.com.br\/cri\/2025\/01\/13\/xi-jinping-reune-se-com-primeiro-ministro-de-granada\/"},"wordCount":546,"commentCount":0,"publisher":{"@id":"https:\/\/diariodepe.com.br\/cri\/#organization"},"articleSection":["China"],"inLanguage":"pt-BR","potentialAction":[{"@type":"CommentAction","name":"Comment","target":["https:\/\/diariodepe.com.br\/cri\/2025\/01\/13\/xi-jinping-reune-se-com-primeiro-ministro-de-granada\/#respond"]}]},{"@type":"WebPage","@id":"https:\/\/diariodepe.com.br\/cri\/2025\/01\/13\/xi-jinping-reune-se-com-primeiro-ministro-de-granada\/","url":"https:\/\/diariodepe.com.br\/cri\/2025\/01\/13\/xi-jinping-reune-se-com-primeiro-ministro-de-granada\/","name":"Xi Jinping re\u00fane-se com primeiro-ministro de Granada - CRI e Diario de Pernambuco","isPartOf":{"@id":"https:\/\/diariodepe.com.br\/cri\/#website"},"datePublished":"2025-01-14T01:51:39+00:00","breadcrumb":{"@id":"https:\/\/diariodepe.com.br\/cri\/2025\/01\/13\/xi-jinping-reune-se-com-primeiro-ministro-de-granada\/#breadcrumb"},"inLanguage":"pt-BR","potentialAction":[{"@type":"ReadAction","target":["https:\/\/diariodepe.com.br\/cri\/2025\/01\/13\/xi-jinping-reune-se-com-primeiro-ministro-de-granada\/"]}]},{"@type":"BreadcrumbList","@id":"https:\/\/diariodepe.com.br\/cri\/2025\/01\/13\/xi-jinping-reune-se-com-primeiro-ministro-de-granada\/#breadcrumb","itemListElement":[{"@type":"ListItem","position":1,"name":"In\u00edcio","item":"https:\/\/diariodepe.com.br\/cri\/"},{"@type":"ListItem","position":2,"name":"Xi Jinping re\u00fane-se com primeiro-ministro de Granada"}]},{"@type":"WebSite","@id":"https:\/\/diariodepe.com.br\/cri\/#website","url":"https:\/\/diariodepe.com.br\/cri\/","name":"CRI e Diario de Pernambuco","description":"R\u00e1dio Internacional da China","publisher":{"@id":"https:\/\/diariodepe.com.br\/cri\/#organization"},"potentialAction":[{"@type":"SearchAction","target":{"@type":"EntryPoint","urlTemplate":"https:\/\/diariodepe.com.br\/cri\/?s={search_term_string}"},"query-input":{"@type":"PropertyValueSpecification","valueRequired":true,"valueName":"search_term_string"}}],"inLanguage":"pt-BR"},{"@type":"Organization","@id":"https:\/\/diariodepe.com.br\/cri\/#organization","name":"CRI e Diario de Pernambuco","url":"https:\/\/diariodepe.com.br\/cri\/","logo":{"@type":"ImageObject","inLanguage":"pt-BR","@id":"https:\/\/diariodepe.com.br\/cri\/#\/schema\/logo\/image\/","url":"https:\/\/diariodepe.com.br\/cri\/wp-content\/uploads\/sites\/2\/2022\/12\/cropped-Logo.jpg","contentUrl":"https:\/\/diariodepe.com.br\/cri\/wp-content\/uploads\/sites\/2\/2022\/12\/cropped-Logo.jpg","width":700,"height":59,"caption":"CRI e Diario de Pernambuco"},"image":{"@id":"https:\/\/diariodepe.com.br\/cri\/#\/schema\/logo\/image\/"}},{"@type":"Person","@id":"https:\/\/diariodepe.com.br\/cri\/#\/schema\/person\/121bb28d84f1a5b1205ef4ce9c2e0c6b","name":"Ismael Lucas S. Pereira","image":{"@type":"ImageObject","inLanguage":"pt-BR","@id":"https:\/\/secure.gravatar.com\/avatar\/887a0f3b5a7ceea963a48499fb883ffce6b5037362def025c52c2505b15d63e4?s=96&d=mm&r=g","url":"https:\/\/secure.gravatar.com\/avatar\/887a0f3b5a7ceea963a48499fb883ffce6b5037362def025c52c2505b15d63e4?s=96&d=mm&r=g","contentUrl":"https:\/\/secure.gravatar.com\/avatar\/887a0f3b5a7ceea963a48499fb883ffce6b5037362def025c52c2505b15d63e4?s=96&d=mm&r=g","caption":"Ismael Lucas S. Pereira"},"url":"https:\/\/diariodepe.com.br\/cri\/author\/ismael-lucas\/"}]}},"cc_featured_image_caption":{"caption_text":false,"source_text":false,"source_url":false},"amp_enabled":true,"_links":{"self":[{"href":"https:\/\/diariodepe.com.br\/cri\/wp-json\/wp\/v2\/posts\/7417","targetHints":{"allow":["GET"]}}],"collection":[{"href":"https:\/\/diariodepe.com.br\/cri\/wp-json\/wp\/v2\/posts"}],"about":[{"href":"https:\/\/diariodepe.com.br\/cri\/wp-json\/wp\/v2\/types\/post"}],"author":[{"embeddable":true,"href":"https:\/\/diariodepe.com.br\/cri\/wp-json\/wp\/v2\/users\/2"}],"replies":[{"embeddable":true,"href":"https:\/\/diariodepe.com.br\/cri\/wp-json\/wp\/v2\/comments?post=7417"}],"version-history":[{"count":1,"href":"https:\/\/diariodepe.com.br\/cri\/wp-json\/wp\/v2\/posts\/7417\/revisions"}],"predecessor-version":[{"id":7418,"href":"https:\/\/diariodepe.com.br\/cri\/wp-json\/wp\/v2\/posts\/7417\/revisions\/7418"}],"wp:attachment":[{"href":"https:\/\/diariodepe.com.br\/cri\/wp-json\/wp\/v2\/media?parent=7417"}],"wp:term":[{"taxonomy":"category","embeddable":true,"href":"https:\/\/diariodepe.com.br\/cri\/wp-json\/wp\/v2\/categories?post=7417"},{"taxonomy":"post_tag","embeddable":true,"href":"https:\/\/diariodepe.com.br\/cri\/wp-json\/wp\/v2\/tags?post=7417"}],"curies":[{"name":"wp","href":"https:\/\/api.w.org\/{rel}","templated":true}]}}