{"id":7404,"date":"2025-01-10T00:19:23","date_gmt":"2025-01-10T03:19:23","guid":{"rendered":"https:\/\/diariodepe.com.br\/cri\/?p=7404"},"modified":"2025-01-10T00:19:23","modified_gmt":"2025-01-10T03:19:23","slug":"novas-modalidades-estreiam-na-9a-edicao-dos-jogos-asiaticos-de-inverno-em-harbin","status":"publish","type":"post","link":"https:\/\/diariodepe.com.br\/cri\/2025\/01\/10\/novas-modalidades-estreiam-na-9a-edicao-dos-jogos-asiaticos-de-inverno-em-harbin\/","title":{"rendered":"Novas modalidades estreiam na 9\u00aa edi\u00e7\u00e3o dos Jogos Asi\u00e1ticos de Inverno em Harbin"},"content":{"rendered":"<p><span lang=\"PT-BR\">Faltam 29 dias para come\u00e7ar a 9\u00aa edi\u00e7\u00e3o dos Jogos Asi\u00e1ticos de Inverno marcada para o dia 7 de fevereiro e seguir\u00e1 at\u00e9 o dia 14, em Harbin, capital da prov\u00edncia de Heilongjiang.<\/span><\/p>\n<p><span lang=\"PT-BR\">Neste ano, o evento esportivo ter\u00e1 seis categorias, 11 subcategorias e 64 modalidades, sendo 31% estreantes na competi\u00e7\u00e3o. Tr\u00eas modalidades de esqui e alpinismo foram inclu\u00eddas nos Jogos Ol\u00edmpicos de Inverno Mil\u00e3o-Cortina 2026 e se tornar\u00e3o um teste importante para os atletas que se preparam para o evento ol\u00edmpico.<\/span><\/p>\n<p><span lang=\"PT-BR\">Em termos de pa\u00edses e regi\u00f5es participantes, a China, o Jap\u00e3o e a Coreia do Sul participam de todas as modalidades, enquanto o Camboja e a Ar\u00e1bia Saudita se registraram pela primeira vez. Dezesseis pa\u00edses e regi\u00f5es se inscreveram para o curling, o maior n\u00famero na hist\u00f3ria dos Jogos Asi\u00e1ticos de Inverno. O esqui alpino contar\u00e1 com a participa\u00e7\u00e3o ativa de 25 pa\u00edses e regi\u00f5es, tais como Singapura, Tail\u00e2ndia, Mal\u00e1sia, Kuwait e Emirados \u00c1rabes Unidos. Tudo isso reflete o r\u00e1pido desenvolvimento dos esportes do gelo e neve na \u00c1sia nos \u00faltimos anos, especialmente ap\u00f3s as Olimp\u00edadas de Inverno de Beijing.<\/span><\/p>\n","protected":false},"excerpt":{"rendered":"<p>Faltam 29 dias para come\u00e7ar a 9\u00aa edi\u00e7\u00e3o dos Jogos Asi\u00e1ticos de Inverno marcada para o dia 7 de fevereiro e seguir\u00e1 at\u00e9 o dia 14, em Harbin, capital da prov\u00edncia de Heilongjiang. Neste ano, o evento esportivo ter\u00e1 seis&#8230;<\/p>\n","protected":false},"author":2,"featured_media":0,"comment_status":"open","ping_status":"open","sticky":false,"template":"","format":"standard","meta":{"footnotes":""},"categories":[3],"tags":[],"class_list":["post-7404","post","type-post","status-publish","format-standard","hentry","category-china"],"yoast_head":"<!-- This site is optimized with the Yoast SEO plugin v27.4 - https:\/\/yoast.com\/product\/yoast-seo-wordpress\/ -->\n<title>Novas modalidades estreiam na 9\u00aa edi\u00e7\u00e3o dos Jogos Asi\u00e1ticos de Inverno em Harbin - CRI e Diario de Pernambuco<\/title>\n<meta name=\"robots\" content=\"index, follow, max-snippet:-1, max-image-preview:large, max-video-preview:-1\" \/>\n<link rel=\"canonical\" href=\"https:\/\/diariodepe.com.br\/cri\/2025\/01\/10\/novas-modalidades-estreiam-na-9a-edicao-dos-jogos-asiaticos-de-inverno-em-harbin\/\" \/>\n<meta property=\"og:locale\" content=\"pt_BR\" \/>\n<meta property=\"og:type\" content=\"article\" \/>\n<meta property=\"og:title\" content=\"Novas modalidades estreiam na 9\u00aa edi\u00e7\u00e3o dos Jogos Asi\u00e1ticos de Inverno em Harbin - CRI e Diario de Pernambuco\" \/>\n<meta property=\"og:description\" content=\"Faltam 29 dias para come\u00e7ar a 9\u00aa edi\u00e7\u00e3o dos Jogos Asi\u00e1ticos de Inverno marcada para o dia 7 de fevereiro e seguir\u00e1 at\u00e9 o dia 14, em Harbin, capital da prov\u00edncia de Heilongjiang. Neste ano, o evento esportivo ter\u00e1 seis...\" \/>\n<meta property=\"og:url\" content=\"https:\/\/diariodepe.com.br\/cri\/2025\/01\/10\/novas-modalidades-estreiam-na-9a-edicao-dos-jogos-asiaticos-de-inverno-em-harbin\/\" \/>\n<meta property=\"og:site_name\" content=\"CRI e Diario de Pernambuco\" \/>\n<meta property=\"article:published_time\" content=\"2025-01-10T03:19:23+00:00\" \/>\n<meta name=\"author\" content=\"Ismael Lucas S. Pereira\" \/>\n<meta name=\"twitter:card\" content=\"summary_large_image\" \/>\n<meta name=\"twitter:label1\" content=\"Escrito por\" \/>\n\t<meta name=\"twitter:data1\" content=\"Ismael Lucas S. Pereira\" \/>\n\t<meta name=\"twitter:label2\" content=\"Est. tempo de leitura\" \/>\n\t<meta name=\"twitter:data2\" content=\"2 minutos\" \/>\n<script type=\"application\/ld+json\" class=\"yoast-schema-graph\">{\"@context\":\"https:\\\/\\\/schema.org\",\"@graph\":[{\"@type\":\"Article\",\"@id\":\"https:\\\/\\\/diariodepe.com.br\\\/cri\\\/2025\\\/01\\\/10\\\/novas-modalidades-estreiam-na-9a-edicao-dos-jogos-asiaticos-de-inverno-em-harbin\\\/#article\",\"isPartOf\":{\"@id\":\"https:\\\/\\\/diariodepe.com.br\\\/cri\\\/2025\\\/01\\\/10\\\/novas-modalidades-estreiam-na-9a-edicao-dos-jogos-asiaticos-de-inverno-em-harbin\\\/\"},\"author\":{\"name\":\"Ismael Lucas S. Pereira\",\"@id\":\"https:\\\/\\\/diariodepe.com.br\\\/cri\\\/#\\\/schema\\\/person\\\/121bb28d84f1a5b1205ef4ce9c2e0c6b\"},\"headline\":\"Novas modalidades estreiam na 9\u00aa edi\u00e7\u00e3o dos Jogos Asi\u00e1ticos de Inverno em Harbin\",\"datePublished\":\"2025-01-10T03:19:23+00:00\",\"mainEntityOfPage\":{\"@id\":\"https:\\\/\\\/diariodepe.com.br\\\/cri\\\/2025\\\/01\\\/10\\\/novas-modalidades-estreiam-na-9a-edicao-dos-jogos-asiaticos-de-inverno-em-harbin\\\/\"},\"wordCount\":215,\"commentCount\":0,\"publisher\":{\"@id\":\"https:\\\/\\\/diariodepe.com.br\\\/cri\\\/#organization\"},\"articleSection\":[\"China\"],\"inLanguage\":\"pt-BR\",\"potentialAction\":[{\"@type\":\"CommentAction\",\"name\":\"Comment\",\"target\":[\"https:\\\/\\\/diariodepe.com.br\\\/cri\\\/2025\\\/01\\\/10\\\/novas-modalidades-estreiam-na-9a-edicao-dos-jogos-asiaticos-de-inverno-em-harbin\\\/#respond\"]}]},{\"@type\":\"WebPage\",\"@id\":\"https:\\\/\\\/diariodepe.com.br\\\/cri\\\/2025\\\/01\\\/10\\\/novas-modalidades-estreiam-na-9a-edicao-dos-jogos-asiaticos-de-inverno-em-harbin\\\/\",\"url\":\"https:\\\/\\\/diariodepe.com.br\\\/cri\\\/2025\\\/01\\\/10\\\/novas-modalidades-estreiam-na-9a-edicao-dos-jogos-asiaticos-de-inverno-em-harbin\\\/\",\"name\":\"Novas modalidades estreiam na 9\u00aa edi\u00e7\u00e3o dos Jogos Asi\u00e1ticos de Inverno em Harbin - CRI e Diario de Pernambuco\",\"isPartOf\":{\"@id\":\"https:\\\/\\\/diariodepe.com.br\\\/cri\\\/#website\"},\"datePublished\":\"2025-01-10T03:19:23+00:00\",\"breadcrumb\":{\"@id\":\"https:\\\/\\\/diariodepe.com.br\\\/cri\\\/2025\\\/01\\\/10\\\/novas-modalidades-estreiam-na-9a-edicao-dos-jogos-asiaticos-de-inverno-em-harbin\\\/#breadcrumb\"},\"inLanguage\":\"pt-BR\",\"potentialAction\":[{\"@type\":\"ReadAction\",\"target\":[\"https:\\\/\\\/diariodepe.com.br\\\/cri\\\/2025\\\/01\\\/10\\\/novas-modalidades-estreiam-na-9a-edicao-dos-jogos-asiaticos-de-inverno-em-harbin\\\/\"]}]},{\"@type\":\"BreadcrumbList\",\"@id\":\"https:\\\/\\\/diariodepe.com.br\\\/cri\\\/2025\\\/01\\\/10\\\/novas-modalidades-estreiam-na-9a-edicao-dos-jogos-asiaticos-de-inverno-em-harbin\\\/#breadcrumb\",\"itemListElement\":[{\"@type\":\"ListItem\",\"position\":1,\"name\":\"In\u00edcio\",\"item\":\"https:\\\/\\\/diariodepe.com.br\\\/cri\\\/\"},{\"@type\":\"ListItem\",\"position\":2,\"name\":\"Novas modalidades estreiam na 9\u00aa edi\u00e7\u00e3o dos Jogos Asi\u00e1ticos de Inverno em Harbin\"}]},{\"@type\":\"WebSite\",\"@id\":\"https:\\\/\\\/diariodepe.com.br\\\/cri\\\/#website\",\"url\":\"https:\\\/\\\/diariodepe.com.br\\\/cri\\\/\",\"name\":\"CRI e Diario de Pernambuco\",\"description\":\"R\u00e1dio Internacional da China\",\"publisher\":{\"@id\":\"https:\\\/\\\/diariodepe.com.br\\\/cri\\\/#organization\"},\"potentialAction\":[{\"@type\":\"SearchAction\",\"target\":{\"@type\":\"EntryPoint\",\"urlTemplate\":\"https:\\\/\\\/diariodepe.com.br\\\/cri\\\/?s={search_term_string}\"},\"query-input\":{\"@type\":\"PropertyValueSpecification\",\"valueRequired\":true,\"valueName\":\"search_term_string\"}}],\"inLanguage\":\"pt-BR\"},{\"@type\":\"Organization\",\"@id\":\"https:\\\/\\\/diariodepe.com.br\\\/cri\\\/#organization\",\"name\":\"CRI e Diario de Pernambuco\",\"url\":\"https:\\\/\\\/diariodepe.com.br\\\/cri\\\/\",\"logo\":{\"@type\":\"ImageObject\",\"inLanguage\":\"pt-BR\",\"@id\":\"https:\\\/\\\/diariodepe.com.br\\\/cri\\\/#\\\/schema\\\/logo\\\/image\\\/\",\"url\":\"https:\\\/\\\/diariodepe.com.br\\\/cri\\\/wp-content\\\/uploads\\\/sites\\\/2\\\/2022\\\/12\\\/cropped-Logo.jpg\",\"contentUrl\":\"https:\\\/\\\/diariodepe.com.br\\\/cri\\\/wp-content\\\/uploads\\\/sites\\\/2\\\/2022\\\/12\\\/cropped-Logo.jpg\",\"width\":700,\"height\":59,\"caption\":\"CRI e Diario de Pernambuco\"},\"image\":{\"@id\":\"https:\\\/\\\/diariodepe.com.br\\\/cri\\\/#\\\/schema\\\/logo\\\/image\\\/\"}},{\"@type\":\"Person\",\"@id\":\"https:\\\/\\\/diariodepe.com.br\\\/cri\\\/#\\\/schema\\\/person\\\/121bb28d84f1a5b1205ef4ce9c2e0c6b\",\"name\":\"Ismael Lucas S. Pereira\",\"image\":{\"@type\":\"ImageObject\",\"inLanguage\":\"pt-BR\",\"@id\":\"https:\\\/\\\/secure.gravatar.com\\\/avatar\\\/887a0f3b5a7ceea963a48499fb883ffce6b5037362def025c52c2505b15d63e4?s=96&d=mm&r=g\",\"url\":\"https:\\\/\\\/secure.gravatar.com\\\/avatar\\\/887a0f3b5a7ceea963a48499fb883ffce6b5037362def025c52c2505b15d63e4?s=96&d=mm&r=g\",\"contentUrl\":\"https:\\\/\\\/secure.gravatar.com\\\/avatar\\\/887a0f3b5a7ceea963a48499fb883ffce6b5037362def025c52c2505b15d63e4?s=96&d=mm&r=g\",\"caption\":\"Ismael Lucas S. Pereira\"},\"url\":\"https:\\\/\\\/diariodepe.com.br\\\/cri\\\/author\\\/ismael-lucas\\\/\"}]}<\/script>\n<!-- \/ Yoast SEO plugin. -->","yoast_head_json":{"title":"Novas modalidades estreiam na 9\u00aa edi\u00e7\u00e3o dos Jogos Asi\u00e1ticos de Inverno em Harbin - CRI e Diario de Pernambuco","robots":{"index":"index","follow":"follow","max-snippet":"max-snippet:-1","max-image-preview":"max-image-preview:large","max-video-preview":"max-video-preview:-1"},"canonical":"https:\/\/diariodepe.com.br\/cri\/2025\/01\/10\/novas-modalidades-estreiam-na-9a-edicao-dos-jogos-asiaticos-de-inverno-em-harbin\/","og_locale":"pt_BR","og_type":"article","og_title":"Novas modalidades estreiam na 9\u00aa edi\u00e7\u00e3o dos Jogos Asi\u00e1ticos de Inverno em Harbin - CRI e Diario de Pernambuco","og_description":"Faltam 29 dias para come\u00e7ar a 9\u00aa edi\u00e7\u00e3o dos Jogos Asi\u00e1ticos de Inverno marcada para o dia 7 de fevereiro e seguir\u00e1 at\u00e9 o dia 14, em Harbin, capital da prov\u00edncia de Heilongjiang. Neste ano, o evento esportivo ter\u00e1 seis...","og_url":"https:\/\/diariodepe.com.br\/cri\/2025\/01\/10\/novas-modalidades-estreiam-na-9a-edicao-dos-jogos-asiaticos-de-inverno-em-harbin\/","og_site_name":"CRI e Diario de Pernambuco","article_published_time":"2025-01-10T03:19:23+00:00","author":"Ismael Lucas S. Pereira","twitter_card":"summary_large_image","twitter_misc":{"Escrito por":"Ismael Lucas S. Pereira","Est. tempo de leitura":"2 minutos"},"schema":{"@context":"https:\/\/schema.org","@graph":[{"@type":"Article","@id":"https:\/\/diariodepe.com.br\/cri\/2025\/01\/10\/novas-modalidades-estreiam-na-9a-edicao-dos-jogos-asiaticos-de-inverno-em-harbin\/#article","isPartOf":{"@id":"https:\/\/diariodepe.com.br\/cri\/2025\/01\/10\/novas-modalidades-estreiam-na-9a-edicao-dos-jogos-asiaticos-de-inverno-em-harbin\/"},"author":{"name":"Ismael Lucas S. Pereira","@id":"https:\/\/diariodepe.com.br\/cri\/#\/schema\/person\/121bb28d84f1a5b1205ef4ce9c2e0c6b"},"headline":"Novas modalidades estreiam na 9\u00aa edi\u00e7\u00e3o dos Jogos Asi\u00e1ticos de Inverno em Harbin","datePublished":"2025-01-10T03:19:23+00:00","mainEntityOfPage":{"@id":"https:\/\/diariodepe.com.br\/cri\/2025\/01\/10\/novas-modalidades-estreiam-na-9a-edicao-dos-jogos-asiaticos-de-inverno-em-harbin\/"},"wordCount":215,"commentCount":0,"publisher":{"@id":"https:\/\/diariodepe.com.br\/cri\/#organization"},"articleSection":["China"],"inLanguage":"pt-BR","potentialAction":[{"@type":"CommentAction","name":"Comment","target":["https:\/\/diariodepe.com.br\/cri\/2025\/01\/10\/novas-modalidades-estreiam-na-9a-edicao-dos-jogos-asiaticos-de-inverno-em-harbin\/#respond"]}]},{"@type":"WebPage","@id":"https:\/\/diariodepe.com.br\/cri\/2025\/01\/10\/novas-modalidades-estreiam-na-9a-edicao-dos-jogos-asiaticos-de-inverno-em-harbin\/","url":"https:\/\/diariodepe.com.br\/cri\/2025\/01\/10\/novas-modalidades-estreiam-na-9a-edicao-dos-jogos-asiaticos-de-inverno-em-harbin\/","name":"Novas modalidades estreiam na 9\u00aa edi\u00e7\u00e3o dos Jogos Asi\u00e1ticos de Inverno em Harbin - CRI e Diario de Pernambuco","isPartOf":{"@id":"https:\/\/diariodepe.com.br\/cri\/#website"},"datePublished":"2025-01-10T03:19:23+00:00","breadcrumb":{"@id":"https:\/\/diariodepe.com.br\/cri\/2025\/01\/10\/novas-modalidades-estreiam-na-9a-edicao-dos-jogos-asiaticos-de-inverno-em-harbin\/#breadcrumb"},"inLanguage":"pt-BR","potentialAction":[{"@type":"ReadAction","target":["https:\/\/diariodepe.com.br\/cri\/2025\/01\/10\/novas-modalidades-estreiam-na-9a-edicao-dos-jogos-asiaticos-de-inverno-em-harbin\/"]}]},{"@type":"BreadcrumbList","@id":"https:\/\/diariodepe.com.br\/cri\/2025\/01\/10\/novas-modalidades-estreiam-na-9a-edicao-dos-jogos-asiaticos-de-inverno-em-harbin\/#breadcrumb","itemListElement":[{"@type":"ListItem","position":1,"name":"In\u00edcio","item":"https:\/\/diariodepe.com.br\/cri\/"},{"@type":"ListItem","position":2,"name":"Novas modalidades estreiam na 9\u00aa edi\u00e7\u00e3o dos Jogos Asi\u00e1ticos de Inverno em Harbin"}]},{"@type":"WebSite","@id":"https:\/\/diariodepe.com.br\/cri\/#website","url":"https:\/\/diariodepe.com.br\/cri\/","name":"CRI e Diario de Pernambuco","description":"R\u00e1dio Internacional da China","publisher":{"@id":"https:\/\/diariodepe.com.br\/cri\/#organization"},"potentialAction":[{"@type":"SearchAction","target":{"@type":"EntryPoint","urlTemplate":"https:\/\/diariodepe.com.br\/cri\/?s={search_term_string}"},"query-input":{"@type":"PropertyValueSpecification","valueRequired":true,"valueName":"search_term_string"}}],"inLanguage":"pt-BR"},{"@type":"Organization","@id":"https:\/\/diariodepe.com.br\/cri\/#organization","name":"CRI e Diario de Pernambuco","url":"https:\/\/diariodepe.com.br\/cri\/","logo":{"@type":"ImageObject","inLanguage":"pt-BR","@id":"https:\/\/diariodepe.com.br\/cri\/#\/schema\/logo\/image\/","url":"https:\/\/diariodepe.com.br\/cri\/wp-content\/uploads\/sites\/2\/2022\/12\/cropped-Logo.jpg","contentUrl":"https:\/\/diariodepe.com.br\/cri\/wp-content\/uploads\/sites\/2\/2022\/12\/cropped-Logo.jpg","width":700,"height":59,"caption":"CRI e Diario de Pernambuco"},"image":{"@id":"https:\/\/diariodepe.com.br\/cri\/#\/schema\/logo\/image\/"}},{"@type":"Person","@id":"https:\/\/diariodepe.com.br\/cri\/#\/schema\/person\/121bb28d84f1a5b1205ef4ce9c2e0c6b","name":"Ismael Lucas S. Pereira","image":{"@type":"ImageObject","inLanguage":"pt-BR","@id":"https:\/\/secure.gravatar.com\/avatar\/887a0f3b5a7ceea963a48499fb883ffce6b5037362def025c52c2505b15d63e4?s=96&d=mm&r=g","url":"https:\/\/secure.gravatar.com\/avatar\/887a0f3b5a7ceea963a48499fb883ffce6b5037362def025c52c2505b15d63e4?s=96&d=mm&r=g","contentUrl":"https:\/\/secure.gravatar.com\/avatar\/887a0f3b5a7ceea963a48499fb883ffce6b5037362def025c52c2505b15d63e4?s=96&d=mm&r=g","caption":"Ismael Lucas S. Pereira"},"url":"https:\/\/diariodepe.com.br\/cri\/author\/ismael-lucas\/"}]}},"cc_featured_image_caption":{"caption_text":false,"source_text":false,"source_url":false},"amp_enabled":true,"_links":{"self":[{"href":"https:\/\/diariodepe.com.br\/cri\/wp-json\/wp\/v2\/posts\/7404","targetHints":{"allow":["GET"]}}],"collection":[{"href":"https:\/\/diariodepe.com.br\/cri\/wp-json\/wp\/v2\/posts"}],"about":[{"href":"https:\/\/diariodepe.com.br\/cri\/wp-json\/wp\/v2\/types\/post"}],"author":[{"embeddable":true,"href":"https:\/\/diariodepe.com.br\/cri\/wp-json\/wp\/v2\/users\/2"}],"replies":[{"embeddable":true,"href":"https:\/\/diariodepe.com.br\/cri\/wp-json\/wp\/v2\/comments?post=7404"}],"version-history":[{"count":1,"href":"https:\/\/diariodepe.com.br\/cri\/wp-json\/wp\/v2\/posts\/7404\/revisions"}],"predecessor-version":[{"id":7405,"href":"https:\/\/diariodepe.com.br\/cri\/wp-json\/wp\/v2\/posts\/7404\/revisions\/7405"}],"wp:attachment":[{"href":"https:\/\/diariodepe.com.br\/cri\/wp-json\/wp\/v2\/media?parent=7404"}],"wp:term":[{"taxonomy":"category","embeddable":true,"href":"https:\/\/diariodepe.com.br\/cri\/wp-json\/wp\/v2\/categories?post=7404"},{"taxonomy":"post_tag","embeddable":true,"href":"https:\/\/diariodepe.com.br\/cri\/wp-json\/wp\/v2\/tags?post=7404"}],"curies":[{"name":"wp","href":"https:\/\/api.w.org\/{rel}","templated":true}]}}