{"id":7393,"date":"2025-01-08T06:59:07","date_gmt":"2025-01-08T09:59:07","guid":{"rendered":"https:\/\/diariodepe.com.br\/cri\/?p=7393"},"modified":"2025-01-08T06:59:07","modified_gmt":"2025-01-08T09:59:07","slug":"forum-de-cooperacao-china-africa-e-modelo-que-lidera-cooperacao-internacional-com-africa-diz-wang-yi","status":"publish","type":"post","link":"https:\/\/diariodepe.com.br\/cri\/2025\/01\/08\/forum-de-cooperacao-china-africa-e-modelo-que-lidera-cooperacao-internacional-com-africa-diz-wang-yi\/","title":{"rendered":"F\u00f3rum de Coopera\u00e7\u00e3o China-\u00c1frica \u00e9 modelo que lidera coopera\u00e7\u00e3o internacional com \u00c1frica, diz Wang Yi"},"content":{"rendered":"<p><span lang=\"PT\">Ap\u00f3s se reunir com o presidente da Rep\u00fablica do Congo, Denis Sassou-Nguesso, em Brazzaville, o membro do Bir\u00f4 Pol\u00edtico do Comit\u00ea Central do Partido Comunista da China e ministro das Rela\u00e7\u00f5es Exteriores, Wang Yi, concedeu ontem(dia 7, hora local)uma entrevista \u00e0 imprensa.<\/span><\/p>\n<p><span lang=\"PT\">Wang Yi destacou que, nos 25 anos desde a cria\u00e7\u00e3o do F\u00f3rum de Coopera\u00e7\u00e3o China-\u00c1frica (Focac), a China ajudou a construir 100 mil quil\u00f4metros de estradas, mais de 10 mil quil\u00f4metros de ferrovias, cerca de mil pontes e cem portos na \u00c1frica. Apenas nos \u00faltimos tr\u00eas anos, a coopera\u00e7\u00e3o sino-africana gerou mais de 1 milh\u00e3o de postos de trabalho no continente. Projetos em \u00e1reas como alimenta\u00e7\u00e3o, abastecimento de \u00e1gua e educa\u00e7\u00e3o t\u00eam beneficiado diretamente os povos africanos.<\/span><\/p>\n<p><span lang=\"PT\">O chanceler ressaltou que sua visita ao Congo tem como objetivo alcan\u00e7ar um consenso sobre o aprimoramento da coopera\u00e7\u00e3o no \u00e2mbito do f\u00f3rum. Wang Yi explicou que, ap\u00f3s amplas consultas, foram definidos tr\u00eas principais pontos de considera\u00e7\u00e3o para a implementa\u00e7\u00e3o dos resultados da C\u00fapula de Beijing:<\/span><\/p>\n<p><span lang=\"PT\">Primeiro, fortalecer o alinhamento das estrat\u00e9gias de desenvolvimento e o interc\u00e2mbio de experi\u00eancias em governan\u00e7a, promovendo maior converg\u00eancia de ideias e reconhecimento m\u00fatuo de conceitos.<\/span><\/p>\n<p><span lang=\"PT\">Segundo, garantir que a China e a \u00c1frica permane\u00e7am na vanguarda dos esfor\u00e7os para construir um novo tipo de rela\u00e7\u00f5es internacionais e uma comunidade com um futuro compartilhado para a humanidade.<\/span><\/p>\n<p><span lang=\"PT\">Terceiro, definir as prioridades e os principais projetos de coopera\u00e7\u00e3o, incluindo a implementa\u00e7\u00e3o da isen\u00e7\u00e3o tarif\u00e1ria para produtos africanos, o fortalecimento da conectividade entre China e \u00c1frica, projetos voltados ao bem-estar social e a cria\u00e7\u00e3o de mecanismos de coopera\u00e7\u00e3o em com\u00e9rcio e investimentos.<\/span><\/p>\n","protected":false},"excerpt":{"rendered":"<p>Ap\u00f3s se reunir com o presidente da Rep\u00fablica do Congo, Denis Sassou-Nguesso, em Brazzaville, o membro do Bir\u00f4 Pol\u00edtico do Comit\u00ea Central do Partido Comunista da China e ministro das Rela\u00e7\u00f5es Exteriores, Wang Yi, concedeu ontem(dia 7, hora local)uma entrevista&#8230;<\/p>\n","protected":false},"author":2,"featured_media":0,"comment_status":"open","ping_status":"open","sticky":false,"template":"","format":"standard","meta":{"footnotes":""},"categories":[3],"tags":[],"class_list":["post-7393","post","type-post","status-publish","format-standard","hentry","category-china"],"yoast_head":"<!-- This site is optimized with the Yoast SEO plugin v27.4 - https:\/\/yoast.com\/product\/yoast-seo-wordpress\/ -->\n<title>F\u00f3rum de Coopera\u00e7\u00e3o China-\u00c1frica \u00e9 modelo que lidera coopera\u00e7\u00e3o internacional com \u00c1frica, diz Wang Yi - CRI e Diario de Pernambuco<\/title>\n<meta name=\"robots\" content=\"index, follow, max-snippet:-1, max-image-preview:large, max-video-preview:-1\" \/>\n<link rel=\"canonical\" href=\"https:\/\/diariodepe.com.br\/cri\/2025\/01\/08\/forum-de-cooperacao-china-africa-e-modelo-que-lidera-cooperacao-internacional-com-africa-diz-wang-yi\/\" \/>\n<meta property=\"og:locale\" content=\"pt_BR\" \/>\n<meta property=\"og:type\" content=\"article\" \/>\n<meta property=\"og:title\" content=\"F\u00f3rum de Coopera\u00e7\u00e3o China-\u00c1frica \u00e9 modelo que lidera coopera\u00e7\u00e3o internacional com \u00c1frica, diz Wang Yi - CRI e Diario de Pernambuco\" \/>\n<meta property=\"og:description\" content=\"Ap\u00f3s se reunir com o presidente da Rep\u00fablica do Congo, Denis Sassou-Nguesso, em Brazzaville, o membro do Bir\u00f4 Pol\u00edtico do Comit\u00ea Central do Partido Comunista da China e ministro das Rela\u00e7\u00f5es Exteriores, Wang Yi, concedeu ontem(dia 7, hora local)uma entrevista...\" \/>\n<meta property=\"og:url\" content=\"https:\/\/diariodepe.com.br\/cri\/2025\/01\/08\/forum-de-cooperacao-china-africa-e-modelo-que-lidera-cooperacao-internacional-com-africa-diz-wang-yi\/\" \/>\n<meta property=\"og:site_name\" content=\"CRI e Diario de Pernambuco\" \/>\n<meta property=\"article:published_time\" content=\"2025-01-08T09:59:07+00:00\" \/>\n<meta name=\"author\" content=\"Ismael Lucas S. Pereira\" \/>\n<meta name=\"twitter:card\" content=\"summary_large_image\" \/>\n<meta name=\"twitter:label1\" content=\"Escrito por\" \/>\n\t<meta name=\"twitter:data1\" content=\"Ismael Lucas S. Pereira\" \/>\n\t<meta name=\"twitter:label2\" content=\"Est. tempo de leitura\" \/>\n\t<meta name=\"twitter:data2\" content=\"2 minutos\" \/>\n<script type=\"application\/ld+json\" class=\"yoast-schema-graph\">{\"@context\":\"https:\\\/\\\/schema.org\",\"@graph\":[{\"@type\":\"Article\",\"@id\":\"https:\\\/\\\/diariodepe.com.br\\\/cri\\\/2025\\\/01\\\/08\\\/forum-de-cooperacao-china-africa-e-modelo-que-lidera-cooperacao-internacional-com-africa-diz-wang-yi\\\/#article\",\"isPartOf\":{\"@id\":\"https:\\\/\\\/diariodepe.com.br\\\/cri\\\/2025\\\/01\\\/08\\\/forum-de-cooperacao-china-africa-e-modelo-que-lidera-cooperacao-internacional-com-africa-diz-wang-yi\\\/\"},\"author\":{\"name\":\"Ismael Lucas S. Pereira\",\"@id\":\"https:\\\/\\\/diariodepe.com.br\\\/cri\\\/#\\\/schema\\\/person\\\/121bb28d84f1a5b1205ef4ce9c2e0c6b\"},\"headline\":\"F\u00f3rum de Coopera\u00e7\u00e3o China-\u00c1frica \u00e9 modelo que lidera coopera\u00e7\u00e3o internacional com \u00c1frica, diz Wang Yi\",\"datePublished\":\"2025-01-08T09:59:07+00:00\",\"mainEntityOfPage\":{\"@id\":\"https:\\\/\\\/diariodepe.com.br\\\/cri\\\/2025\\\/01\\\/08\\\/forum-de-cooperacao-china-africa-e-modelo-que-lidera-cooperacao-internacional-com-africa-diz-wang-yi\\\/\"},\"wordCount\":318,\"commentCount\":0,\"publisher\":{\"@id\":\"https:\\\/\\\/diariodepe.com.br\\\/cri\\\/#organization\"},\"articleSection\":[\"China\"],\"inLanguage\":\"pt-BR\",\"potentialAction\":[{\"@type\":\"CommentAction\",\"name\":\"Comment\",\"target\":[\"https:\\\/\\\/diariodepe.com.br\\\/cri\\\/2025\\\/01\\\/08\\\/forum-de-cooperacao-china-africa-e-modelo-que-lidera-cooperacao-internacional-com-africa-diz-wang-yi\\\/#respond\"]}]},{\"@type\":\"WebPage\",\"@id\":\"https:\\\/\\\/diariodepe.com.br\\\/cri\\\/2025\\\/01\\\/08\\\/forum-de-cooperacao-china-africa-e-modelo-que-lidera-cooperacao-internacional-com-africa-diz-wang-yi\\\/\",\"url\":\"https:\\\/\\\/diariodepe.com.br\\\/cri\\\/2025\\\/01\\\/08\\\/forum-de-cooperacao-china-africa-e-modelo-que-lidera-cooperacao-internacional-com-africa-diz-wang-yi\\\/\",\"name\":\"F\u00f3rum de Coopera\u00e7\u00e3o China-\u00c1frica \u00e9 modelo que lidera coopera\u00e7\u00e3o internacional com \u00c1frica, diz Wang Yi - CRI e Diario de Pernambuco\",\"isPartOf\":{\"@id\":\"https:\\\/\\\/diariodepe.com.br\\\/cri\\\/#website\"},\"datePublished\":\"2025-01-08T09:59:07+00:00\",\"breadcrumb\":{\"@id\":\"https:\\\/\\\/diariodepe.com.br\\\/cri\\\/2025\\\/01\\\/08\\\/forum-de-cooperacao-china-africa-e-modelo-que-lidera-cooperacao-internacional-com-africa-diz-wang-yi\\\/#breadcrumb\"},\"inLanguage\":\"pt-BR\",\"potentialAction\":[{\"@type\":\"ReadAction\",\"target\":[\"https:\\\/\\\/diariodepe.com.br\\\/cri\\\/2025\\\/01\\\/08\\\/forum-de-cooperacao-china-africa-e-modelo-que-lidera-cooperacao-internacional-com-africa-diz-wang-yi\\\/\"]}]},{\"@type\":\"BreadcrumbList\",\"@id\":\"https:\\\/\\\/diariodepe.com.br\\\/cri\\\/2025\\\/01\\\/08\\\/forum-de-cooperacao-china-africa-e-modelo-que-lidera-cooperacao-internacional-com-africa-diz-wang-yi\\\/#breadcrumb\",\"itemListElement\":[{\"@type\":\"ListItem\",\"position\":1,\"name\":\"In\u00edcio\",\"item\":\"https:\\\/\\\/diariodepe.com.br\\\/cri\\\/\"},{\"@type\":\"ListItem\",\"position\":2,\"name\":\"F\u00f3rum de Coopera\u00e7\u00e3o China-\u00c1frica \u00e9 modelo que lidera coopera\u00e7\u00e3o internacional com \u00c1frica, diz Wang Yi\"}]},{\"@type\":\"WebSite\",\"@id\":\"https:\\\/\\\/diariodepe.com.br\\\/cri\\\/#website\",\"url\":\"https:\\\/\\\/diariodepe.com.br\\\/cri\\\/\",\"name\":\"CRI e Diario de Pernambuco\",\"description\":\"R\u00e1dio Internacional da China\",\"publisher\":{\"@id\":\"https:\\\/\\\/diariodepe.com.br\\\/cri\\\/#organization\"},\"potentialAction\":[{\"@type\":\"SearchAction\",\"target\":{\"@type\":\"EntryPoint\",\"urlTemplate\":\"https:\\\/\\\/diariodepe.com.br\\\/cri\\\/?s={search_term_string}\"},\"query-input\":{\"@type\":\"PropertyValueSpecification\",\"valueRequired\":true,\"valueName\":\"search_term_string\"}}],\"inLanguage\":\"pt-BR\"},{\"@type\":\"Organization\",\"@id\":\"https:\\\/\\\/diariodepe.com.br\\\/cri\\\/#organization\",\"name\":\"CRI e Diario de Pernambuco\",\"url\":\"https:\\\/\\\/diariodepe.com.br\\\/cri\\\/\",\"logo\":{\"@type\":\"ImageObject\",\"inLanguage\":\"pt-BR\",\"@id\":\"https:\\\/\\\/diariodepe.com.br\\\/cri\\\/#\\\/schema\\\/logo\\\/image\\\/\",\"url\":\"https:\\\/\\\/diariodepe.com.br\\\/cri\\\/wp-content\\\/uploads\\\/sites\\\/2\\\/2022\\\/12\\\/cropped-Logo.jpg\",\"contentUrl\":\"https:\\\/\\\/diariodepe.com.br\\\/cri\\\/wp-content\\\/uploads\\\/sites\\\/2\\\/2022\\\/12\\\/cropped-Logo.jpg\",\"width\":700,\"height\":59,\"caption\":\"CRI e Diario de Pernambuco\"},\"image\":{\"@id\":\"https:\\\/\\\/diariodepe.com.br\\\/cri\\\/#\\\/schema\\\/logo\\\/image\\\/\"}},{\"@type\":\"Person\",\"@id\":\"https:\\\/\\\/diariodepe.com.br\\\/cri\\\/#\\\/schema\\\/person\\\/121bb28d84f1a5b1205ef4ce9c2e0c6b\",\"name\":\"Ismael Lucas S. Pereira\",\"image\":{\"@type\":\"ImageObject\",\"inLanguage\":\"pt-BR\",\"@id\":\"https:\\\/\\\/secure.gravatar.com\\\/avatar\\\/887a0f3b5a7ceea963a48499fb883ffce6b5037362def025c52c2505b15d63e4?s=96&d=mm&r=g\",\"url\":\"https:\\\/\\\/secure.gravatar.com\\\/avatar\\\/887a0f3b5a7ceea963a48499fb883ffce6b5037362def025c52c2505b15d63e4?s=96&d=mm&r=g\",\"contentUrl\":\"https:\\\/\\\/secure.gravatar.com\\\/avatar\\\/887a0f3b5a7ceea963a48499fb883ffce6b5037362def025c52c2505b15d63e4?s=96&d=mm&r=g\",\"caption\":\"Ismael Lucas S. Pereira\"},\"url\":\"https:\\\/\\\/diariodepe.com.br\\\/cri\\\/author\\\/ismael-lucas\\\/\"}]}<\/script>\n<!-- \/ Yoast SEO plugin. -->","yoast_head_json":{"title":"F\u00f3rum de Coopera\u00e7\u00e3o China-\u00c1frica \u00e9 modelo que lidera coopera\u00e7\u00e3o internacional com \u00c1frica, diz Wang Yi - CRI e Diario de Pernambuco","robots":{"index":"index","follow":"follow","max-snippet":"max-snippet:-1","max-image-preview":"max-image-preview:large","max-video-preview":"max-video-preview:-1"},"canonical":"https:\/\/diariodepe.com.br\/cri\/2025\/01\/08\/forum-de-cooperacao-china-africa-e-modelo-que-lidera-cooperacao-internacional-com-africa-diz-wang-yi\/","og_locale":"pt_BR","og_type":"article","og_title":"F\u00f3rum de Coopera\u00e7\u00e3o China-\u00c1frica \u00e9 modelo que lidera coopera\u00e7\u00e3o internacional com \u00c1frica, diz Wang Yi - CRI e Diario de Pernambuco","og_description":"Ap\u00f3s se reunir com o presidente da Rep\u00fablica do Congo, Denis Sassou-Nguesso, em Brazzaville, o membro do Bir\u00f4 Pol\u00edtico do Comit\u00ea Central do Partido Comunista da China e ministro das Rela\u00e7\u00f5es Exteriores, Wang Yi, concedeu ontem(dia 7, hora local)uma entrevista...","og_url":"https:\/\/diariodepe.com.br\/cri\/2025\/01\/08\/forum-de-cooperacao-china-africa-e-modelo-que-lidera-cooperacao-internacional-com-africa-diz-wang-yi\/","og_site_name":"CRI e Diario de Pernambuco","article_published_time":"2025-01-08T09:59:07+00:00","author":"Ismael Lucas S. Pereira","twitter_card":"summary_large_image","twitter_misc":{"Escrito por":"Ismael Lucas S. Pereira","Est. tempo de leitura":"2 minutos"},"schema":{"@context":"https:\/\/schema.org","@graph":[{"@type":"Article","@id":"https:\/\/diariodepe.com.br\/cri\/2025\/01\/08\/forum-de-cooperacao-china-africa-e-modelo-que-lidera-cooperacao-internacional-com-africa-diz-wang-yi\/#article","isPartOf":{"@id":"https:\/\/diariodepe.com.br\/cri\/2025\/01\/08\/forum-de-cooperacao-china-africa-e-modelo-que-lidera-cooperacao-internacional-com-africa-diz-wang-yi\/"},"author":{"name":"Ismael Lucas S. Pereira","@id":"https:\/\/diariodepe.com.br\/cri\/#\/schema\/person\/121bb28d84f1a5b1205ef4ce9c2e0c6b"},"headline":"F\u00f3rum de Coopera\u00e7\u00e3o China-\u00c1frica \u00e9 modelo que lidera coopera\u00e7\u00e3o internacional com \u00c1frica, diz Wang Yi","datePublished":"2025-01-08T09:59:07+00:00","mainEntityOfPage":{"@id":"https:\/\/diariodepe.com.br\/cri\/2025\/01\/08\/forum-de-cooperacao-china-africa-e-modelo-que-lidera-cooperacao-internacional-com-africa-diz-wang-yi\/"},"wordCount":318,"commentCount":0,"publisher":{"@id":"https:\/\/diariodepe.com.br\/cri\/#organization"},"articleSection":["China"],"inLanguage":"pt-BR","potentialAction":[{"@type":"CommentAction","name":"Comment","target":["https:\/\/diariodepe.com.br\/cri\/2025\/01\/08\/forum-de-cooperacao-china-africa-e-modelo-que-lidera-cooperacao-internacional-com-africa-diz-wang-yi\/#respond"]}]},{"@type":"WebPage","@id":"https:\/\/diariodepe.com.br\/cri\/2025\/01\/08\/forum-de-cooperacao-china-africa-e-modelo-que-lidera-cooperacao-internacional-com-africa-diz-wang-yi\/","url":"https:\/\/diariodepe.com.br\/cri\/2025\/01\/08\/forum-de-cooperacao-china-africa-e-modelo-que-lidera-cooperacao-internacional-com-africa-diz-wang-yi\/","name":"F\u00f3rum de Coopera\u00e7\u00e3o China-\u00c1frica \u00e9 modelo que lidera coopera\u00e7\u00e3o internacional com \u00c1frica, diz Wang Yi - CRI e Diario de Pernambuco","isPartOf":{"@id":"https:\/\/diariodepe.com.br\/cri\/#website"},"datePublished":"2025-01-08T09:59:07+00:00","breadcrumb":{"@id":"https:\/\/diariodepe.com.br\/cri\/2025\/01\/08\/forum-de-cooperacao-china-africa-e-modelo-que-lidera-cooperacao-internacional-com-africa-diz-wang-yi\/#breadcrumb"},"inLanguage":"pt-BR","potentialAction":[{"@type":"ReadAction","target":["https:\/\/diariodepe.com.br\/cri\/2025\/01\/08\/forum-de-cooperacao-china-africa-e-modelo-que-lidera-cooperacao-internacional-com-africa-diz-wang-yi\/"]}]},{"@type":"BreadcrumbList","@id":"https:\/\/diariodepe.com.br\/cri\/2025\/01\/08\/forum-de-cooperacao-china-africa-e-modelo-que-lidera-cooperacao-internacional-com-africa-diz-wang-yi\/#breadcrumb","itemListElement":[{"@type":"ListItem","position":1,"name":"In\u00edcio","item":"https:\/\/diariodepe.com.br\/cri\/"},{"@type":"ListItem","position":2,"name":"F\u00f3rum de Coopera\u00e7\u00e3o China-\u00c1frica \u00e9 modelo que lidera coopera\u00e7\u00e3o internacional com \u00c1frica, diz Wang Yi"}]},{"@type":"WebSite","@id":"https:\/\/diariodepe.com.br\/cri\/#website","url":"https:\/\/diariodepe.com.br\/cri\/","name":"CRI e Diario de Pernambuco","description":"R\u00e1dio Internacional da China","publisher":{"@id":"https:\/\/diariodepe.com.br\/cri\/#organization"},"potentialAction":[{"@type":"SearchAction","target":{"@type":"EntryPoint","urlTemplate":"https:\/\/diariodepe.com.br\/cri\/?s={search_term_string}"},"query-input":{"@type":"PropertyValueSpecification","valueRequired":true,"valueName":"search_term_string"}}],"inLanguage":"pt-BR"},{"@type":"Organization","@id":"https:\/\/diariodepe.com.br\/cri\/#organization","name":"CRI e Diario de Pernambuco","url":"https:\/\/diariodepe.com.br\/cri\/","logo":{"@type":"ImageObject","inLanguage":"pt-BR","@id":"https:\/\/diariodepe.com.br\/cri\/#\/schema\/logo\/image\/","url":"https:\/\/diariodepe.com.br\/cri\/wp-content\/uploads\/sites\/2\/2022\/12\/cropped-Logo.jpg","contentUrl":"https:\/\/diariodepe.com.br\/cri\/wp-content\/uploads\/sites\/2\/2022\/12\/cropped-Logo.jpg","width":700,"height":59,"caption":"CRI e Diario de Pernambuco"},"image":{"@id":"https:\/\/diariodepe.com.br\/cri\/#\/schema\/logo\/image\/"}},{"@type":"Person","@id":"https:\/\/diariodepe.com.br\/cri\/#\/schema\/person\/121bb28d84f1a5b1205ef4ce9c2e0c6b","name":"Ismael Lucas S. Pereira","image":{"@type":"ImageObject","inLanguage":"pt-BR","@id":"https:\/\/secure.gravatar.com\/avatar\/887a0f3b5a7ceea963a48499fb883ffce6b5037362def025c52c2505b15d63e4?s=96&d=mm&r=g","url":"https:\/\/secure.gravatar.com\/avatar\/887a0f3b5a7ceea963a48499fb883ffce6b5037362def025c52c2505b15d63e4?s=96&d=mm&r=g","contentUrl":"https:\/\/secure.gravatar.com\/avatar\/887a0f3b5a7ceea963a48499fb883ffce6b5037362def025c52c2505b15d63e4?s=96&d=mm&r=g","caption":"Ismael Lucas S. Pereira"},"url":"https:\/\/diariodepe.com.br\/cri\/author\/ismael-lucas\/"}]}},"cc_featured_image_caption":{"caption_text":false,"source_text":false,"source_url":false},"amp_enabled":true,"_links":{"self":[{"href":"https:\/\/diariodepe.com.br\/cri\/wp-json\/wp\/v2\/posts\/7393","targetHints":{"allow":["GET"]}}],"collection":[{"href":"https:\/\/diariodepe.com.br\/cri\/wp-json\/wp\/v2\/posts"}],"about":[{"href":"https:\/\/diariodepe.com.br\/cri\/wp-json\/wp\/v2\/types\/post"}],"author":[{"embeddable":true,"href":"https:\/\/diariodepe.com.br\/cri\/wp-json\/wp\/v2\/users\/2"}],"replies":[{"embeddable":true,"href":"https:\/\/diariodepe.com.br\/cri\/wp-json\/wp\/v2\/comments?post=7393"}],"version-history":[{"count":1,"href":"https:\/\/diariodepe.com.br\/cri\/wp-json\/wp\/v2\/posts\/7393\/revisions"}],"predecessor-version":[{"id":7394,"href":"https:\/\/diariodepe.com.br\/cri\/wp-json\/wp\/v2\/posts\/7393\/revisions\/7394"}],"wp:attachment":[{"href":"https:\/\/diariodepe.com.br\/cri\/wp-json\/wp\/v2\/media?parent=7393"}],"wp:term":[{"taxonomy":"category","embeddable":true,"href":"https:\/\/diariodepe.com.br\/cri\/wp-json\/wp\/v2\/categories?post=7393"},{"taxonomy":"post_tag","embeddable":true,"href":"https:\/\/diariodepe.com.br\/cri\/wp-json\/wp\/v2\/tags?post=7393"}],"curies":[{"name":"wp","href":"https:\/\/api.w.org\/{rel}","templated":true}]}}