{"id":7391,"date":"2025-01-08T06:57:05","date_gmt":"2025-01-08T09:57:05","guid":{"rendered":"https:\/\/diariodepe.com.br\/cri\/?p=7391"},"modified":"2025-01-08T06:57:05","modified_gmt":"2025-01-08T09:57:05","slug":"empresas-estrangeiras-reforcam-investimentos-na-china-no-ano-novo","status":"publish","type":"post","link":"https:\/\/diariodepe.com.br\/cri\/2025\/01\/08\/empresas-estrangeiras-reforcam-investimentos-na-china-no-ano-novo\/","title":{"rendered":"Empresas estrangeiras refor\u00e7am investimentos na China no ano novo"},"content":{"rendered":"<p><span lang=\"PT-BR\">J\u00e1 no in\u00edcio do ano de 2025, v\u00e1rias grandes empresas automobil\u00edsticas estrangeiras anunciaram um aumento na presen\u00e7a na China, desencadeando uma onda de coopera\u00e7\u00e3o.<\/span><\/p>\n<p><span lang=\"PT-BR\">Na ter\u00e7a-feira (7), um novo modelo da BMW Brilliance, uma <i>joint venture<\/i> entre o grupo alem\u00e3o e o lado chin\u00eas, come\u00e7ou a ser produzido em grande quantidade. De acordo com um respons\u00e1vel da empresa, as necessidades dos consumidores chineses foram levadas em considera\u00e7\u00e3o na produ\u00e7\u00e3o do autom\u00f3vel, o que reflete a determina\u00e7\u00e3o da BMW em aprofundar seu investimento no mercado chin\u00eas.<\/span><\/p>\n<p><img decoding=\"async\" class=\"aligncenter\" src=\"https:\/\/38picres.cgtn.com\/photoAlbum\/page\/performance\/img\/2025\/1\/8\/1736317699678_802.jpg\" width=\"100%\" height=\"auto\" \/><\/p>\n<p><span lang=\"PT-BR\">Na segunda-feira (6), a Volkswagen China assinou um memorando de entendimento com a montadora chinesa Xiaopeng Motors para colaborar na constru\u00e7\u00e3o da maior rede de carregamento ultrarr\u00e1pido do pa\u00eds.<\/span><\/p>\n<p><span lang=\"PT-BR\">Vale lembrar tamb\u00e9m que, dias atr\u00e1s, a superf\u00e1brica de armazenamento de energia da Tesla em Shanghai foi conclu\u00edda e come\u00e7ar\u00e1 a produ\u00e7\u00e3o em massa em breve.<\/span><\/p>\n<p><span lang=\"PT-BR\">Al\u00e9m disso, o Parkson Department Store Group, da Mal\u00e1sia, est\u00e1 acelerando sua renova\u00e7\u00e3o em Shanghai. A farmac\u00eautica francesa Sanofi anunciou o estabelecimento de uma nova base de produ\u00e7\u00e3o em Beijing, atingindo um novo recorde de investimento da empresa no pa\u00eds. Em Zhejiang, a Air Products est\u00e1 concluindo sua primeira usina comercial de hidrog\u00eanio l\u00edquido de grande escala na China.<\/span><\/p>\n<p><span lang=\"PT-BR\">Para as empresas estrangeiras, o mercado chin\u00eas \u00e9 grande e vigoroso. Com a chegada da tradicional Festa da Primavera, o consumo aumentar\u00e1 muito no pa\u00eds. <\/span><\/p>\n<p><span lang=\"PT-BR\">Atualmente, a China est\u00e1 acelerando o desenvolvimento das for\u00e7as produtivas de qualidade, e a tend\u00eancia de tornar as ind\u00fastrias inteligentes e ecol\u00f3gicas \u00e9 \u00f3bvia, o que oferece mais oportunidades para as empresas estrangeiras aprofundarem seus neg\u00f3cios no pa\u00eds.<\/span><\/p>\n<p><span lang=\"PT-BR\">O governo chin\u00eas vem lan\u00e7ando uma s\u00e9rie de importantes pol\u00edticas para garantir o crescimento da economia nacional e ampliar sua abertura.<\/span><\/p>\n<p><span lang=\"PT-BR\">Hoje em dia, fatores desfavor\u00e1veis, como a desacelera\u00e7\u00e3o do crescimento da economia mundial e o aumento dos riscos geopol\u00edticos, tiveram um impacto significativo no investimento global. No entanto, nas perspectivas de investimento para 2025 divulgadas por v\u00e1rias institui\u00e7\u00f5es estrangeiras, o mercado chin\u00eas continua sendo promissor. O Morgan Stanley, por exemplo, acredita que a China prestar\u00e1 mais aten\u00e7\u00e3o para a aplica\u00e7\u00e3o da intelig\u00eancia artificial e o espa\u00e7o de desenvolvimento das ind\u00fastrias emergentes no pa\u00eds continuar\u00e1 a se expandir.<\/span><\/p>\n<p><span lang=\"PT-BR\">Como disse recentemente o economista ganhador do Pr\u00eamio Nobel, Michael Spence, a China \u00e9 \u201cinsubstitu\u00edvel\u201d.<\/span><\/p>\n","protected":false},"excerpt":{"rendered":"<p>J\u00e1 no in\u00edcio do ano de 2025, v\u00e1rias grandes empresas automobil\u00edsticas estrangeiras anunciaram um aumento na presen\u00e7a na China, desencadeando uma onda de coopera\u00e7\u00e3o. Na ter\u00e7a-feira (7), um novo modelo da BMW Brilliance, uma joint venture entre o grupo alem\u00e3o&#8230;<\/p>\n","protected":false},"author":2,"featured_media":0,"comment_status":"open","ping_status":"open","sticky":false,"template":"","format":"standard","meta":{"footnotes":""},"categories":[3,7],"tags":[],"class_list":["post-7391","post","type-post","status-publish","format-standard","hentry","category-china","category-visao"],"yoast_head":"<!-- This site is optimized with the Yoast SEO plugin v27.4 - https:\/\/yoast.com\/product\/yoast-seo-wordpress\/ -->\n<title>Empresas estrangeiras refor\u00e7am investimentos na China no ano novo - CRI e Diario de Pernambuco<\/title>\n<meta name=\"robots\" content=\"index, follow, max-snippet:-1, max-image-preview:large, max-video-preview:-1\" \/>\n<link rel=\"canonical\" href=\"https:\/\/diariodepe.com.br\/cri\/2025\/01\/08\/empresas-estrangeiras-reforcam-investimentos-na-china-no-ano-novo\/\" \/>\n<meta property=\"og:locale\" content=\"pt_BR\" \/>\n<meta property=\"og:type\" content=\"article\" \/>\n<meta property=\"og:title\" content=\"Empresas estrangeiras refor\u00e7am investimentos na China no ano novo - CRI e Diario de Pernambuco\" \/>\n<meta property=\"og:description\" content=\"J\u00e1 no in\u00edcio do ano de 2025, v\u00e1rias grandes empresas automobil\u00edsticas estrangeiras anunciaram um aumento na presen\u00e7a na China, desencadeando uma onda de coopera\u00e7\u00e3o. Na ter\u00e7a-feira (7), um novo modelo da BMW Brilliance, uma joint venture entre o grupo alem\u00e3o...\" \/>\n<meta property=\"og:url\" content=\"https:\/\/diariodepe.com.br\/cri\/2025\/01\/08\/empresas-estrangeiras-reforcam-investimentos-na-china-no-ano-novo\/\" \/>\n<meta property=\"og:site_name\" content=\"CRI e Diario de Pernambuco\" \/>\n<meta property=\"article:published_time\" content=\"2025-01-08T09:57:05+00:00\" \/>\n<meta property=\"og:image\" content=\"https:\/\/38picres.cgtn.com\/photoAlbum\/page\/performance\/img\/2025\/1\/8\/1736317699678_802.jpg\" \/>\n<meta name=\"author\" content=\"Ismael Lucas S. Pereira\" \/>\n<meta name=\"twitter:card\" content=\"summary_large_image\" \/>\n<meta name=\"twitter:label1\" content=\"Escrito por\" \/>\n\t<meta name=\"twitter:data1\" content=\"Ismael Lucas S. Pereira\" \/>\n\t<meta name=\"twitter:label2\" content=\"Est. tempo de leitura\" \/>\n\t<meta name=\"twitter:data2\" content=\"3 minutos\" \/>\n<script type=\"application\/ld+json\" class=\"yoast-schema-graph\">{\"@context\":\"https:\\\/\\\/schema.org\",\"@graph\":[{\"@type\":\"Article\",\"@id\":\"https:\\\/\\\/diariodepe.com.br\\\/cri\\\/2025\\\/01\\\/08\\\/empresas-estrangeiras-reforcam-investimentos-na-china-no-ano-novo\\\/#article\",\"isPartOf\":{\"@id\":\"https:\\\/\\\/diariodepe.com.br\\\/cri\\\/2025\\\/01\\\/08\\\/empresas-estrangeiras-reforcam-investimentos-na-china-no-ano-novo\\\/\"},\"author\":{\"name\":\"Ismael Lucas S. Pereira\",\"@id\":\"https:\\\/\\\/diariodepe.com.br\\\/cri\\\/#\\\/schema\\\/person\\\/121bb28d84f1a5b1205ef4ce9c2e0c6b\"},\"headline\":\"Empresas estrangeiras refor\u00e7am investimentos na China no ano novo\",\"datePublished\":\"2025-01-08T09:57:05+00:00\",\"mainEntityOfPage\":{\"@id\":\"https:\\\/\\\/diariodepe.com.br\\\/cri\\\/2025\\\/01\\\/08\\\/empresas-estrangeiras-reforcam-investimentos-na-china-no-ano-novo\\\/\"},\"wordCount\":436,\"commentCount\":0,\"publisher\":{\"@id\":\"https:\\\/\\\/diariodepe.com.br\\\/cri\\\/#organization\"},\"image\":{\"@id\":\"https:\\\/\\\/diariodepe.com.br\\\/cri\\\/2025\\\/01\\\/08\\\/empresas-estrangeiras-reforcam-investimentos-na-china-no-ano-novo\\\/#primaryimage\"},\"thumbnailUrl\":\"https:\\\/\\\/38picres.cgtn.com\\\/photoAlbum\\\/page\\\/performance\\\/img\\\/2025\\\/1\\\/8\\\/1736317699678_802.jpg\",\"articleSection\":[\"China\",\"Vis\u00e3o\"],\"inLanguage\":\"pt-BR\",\"potentialAction\":[{\"@type\":\"CommentAction\",\"name\":\"Comment\",\"target\":[\"https:\\\/\\\/diariodepe.com.br\\\/cri\\\/2025\\\/01\\\/08\\\/empresas-estrangeiras-reforcam-investimentos-na-china-no-ano-novo\\\/#respond\"]}]},{\"@type\":\"WebPage\",\"@id\":\"https:\\\/\\\/diariodepe.com.br\\\/cri\\\/2025\\\/01\\\/08\\\/empresas-estrangeiras-reforcam-investimentos-na-china-no-ano-novo\\\/\",\"url\":\"https:\\\/\\\/diariodepe.com.br\\\/cri\\\/2025\\\/01\\\/08\\\/empresas-estrangeiras-reforcam-investimentos-na-china-no-ano-novo\\\/\",\"name\":\"Empresas estrangeiras refor\u00e7am investimentos na China no ano novo - CRI e Diario de Pernambuco\",\"isPartOf\":{\"@id\":\"https:\\\/\\\/diariodepe.com.br\\\/cri\\\/#website\"},\"primaryImageOfPage\":{\"@id\":\"https:\\\/\\\/diariodepe.com.br\\\/cri\\\/2025\\\/01\\\/08\\\/empresas-estrangeiras-reforcam-investimentos-na-china-no-ano-novo\\\/#primaryimage\"},\"image\":{\"@id\":\"https:\\\/\\\/diariodepe.com.br\\\/cri\\\/2025\\\/01\\\/08\\\/empresas-estrangeiras-reforcam-investimentos-na-china-no-ano-novo\\\/#primaryimage\"},\"thumbnailUrl\":\"https:\\\/\\\/38picres.cgtn.com\\\/photoAlbum\\\/page\\\/performance\\\/img\\\/2025\\\/1\\\/8\\\/1736317699678_802.jpg\",\"datePublished\":\"2025-01-08T09:57:05+00:00\",\"breadcrumb\":{\"@id\":\"https:\\\/\\\/diariodepe.com.br\\\/cri\\\/2025\\\/01\\\/08\\\/empresas-estrangeiras-reforcam-investimentos-na-china-no-ano-novo\\\/#breadcrumb\"},\"inLanguage\":\"pt-BR\",\"potentialAction\":[{\"@type\":\"ReadAction\",\"target\":[\"https:\\\/\\\/diariodepe.com.br\\\/cri\\\/2025\\\/01\\\/08\\\/empresas-estrangeiras-reforcam-investimentos-na-china-no-ano-novo\\\/\"]}]},{\"@type\":\"ImageObject\",\"inLanguage\":\"pt-BR\",\"@id\":\"https:\\\/\\\/diariodepe.com.br\\\/cri\\\/2025\\\/01\\\/08\\\/empresas-estrangeiras-reforcam-investimentos-na-china-no-ano-novo\\\/#primaryimage\",\"url\":\"https:\\\/\\\/38picres.cgtn.com\\\/photoAlbum\\\/page\\\/performance\\\/img\\\/2025\\\/1\\\/8\\\/1736317699678_802.jpg\",\"contentUrl\":\"https:\\\/\\\/38picres.cgtn.com\\\/photoAlbum\\\/page\\\/performance\\\/img\\\/2025\\\/1\\\/8\\\/1736317699678_802.jpg\"},{\"@type\":\"BreadcrumbList\",\"@id\":\"https:\\\/\\\/diariodepe.com.br\\\/cri\\\/2025\\\/01\\\/08\\\/empresas-estrangeiras-reforcam-investimentos-na-china-no-ano-novo\\\/#breadcrumb\",\"itemListElement\":[{\"@type\":\"ListItem\",\"position\":1,\"name\":\"In\u00edcio\",\"item\":\"https:\\\/\\\/diariodepe.com.br\\\/cri\\\/\"},{\"@type\":\"ListItem\",\"position\":2,\"name\":\"Empresas estrangeiras refor\u00e7am investimentos na China no ano novo\"}]},{\"@type\":\"WebSite\",\"@id\":\"https:\\\/\\\/diariodepe.com.br\\\/cri\\\/#website\",\"url\":\"https:\\\/\\\/diariodepe.com.br\\\/cri\\\/\",\"name\":\"CRI e Diario de Pernambuco\",\"description\":\"R\u00e1dio Internacional da China\",\"publisher\":{\"@id\":\"https:\\\/\\\/diariodepe.com.br\\\/cri\\\/#organization\"},\"potentialAction\":[{\"@type\":\"SearchAction\",\"target\":{\"@type\":\"EntryPoint\",\"urlTemplate\":\"https:\\\/\\\/diariodepe.com.br\\\/cri\\\/?s={search_term_string}\"},\"query-input\":{\"@type\":\"PropertyValueSpecification\",\"valueRequired\":true,\"valueName\":\"search_term_string\"}}],\"inLanguage\":\"pt-BR\"},{\"@type\":\"Organization\",\"@id\":\"https:\\\/\\\/diariodepe.com.br\\\/cri\\\/#organization\",\"name\":\"CRI e Diario de Pernambuco\",\"url\":\"https:\\\/\\\/diariodepe.com.br\\\/cri\\\/\",\"logo\":{\"@type\":\"ImageObject\",\"inLanguage\":\"pt-BR\",\"@id\":\"https:\\\/\\\/diariodepe.com.br\\\/cri\\\/#\\\/schema\\\/logo\\\/image\\\/\",\"url\":\"https:\\\/\\\/diariodepe.com.br\\\/cri\\\/wp-content\\\/uploads\\\/sites\\\/2\\\/2022\\\/12\\\/cropped-Logo.jpg\",\"contentUrl\":\"https:\\\/\\\/diariodepe.com.br\\\/cri\\\/wp-content\\\/uploads\\\/sites\\\/2\\\/2022\\\/12\\\/cropped-Logo.jpg\",\"width\":700,\"height\":59,\"caption\":\"CRI e Diario de Pernambuco\"},\"image\":{\"@id\":\"https:\\\/\\\/diariodepe.com.br\\\/cri\\\/#\\\/schema\\\/logo\\\/image\\\/\"}},{\"@type\":\"Person\",\"@id\":\"https:\\\/\\\/diariodepe.com.br\\\/cri\\\/#\\\/schema\\\/person\\\/121bb28d84f1a5b1205ef4ce9c2e0c6b\",\"name\":\"Ismael Lucas S. Pereira\",\"image\":{\"@type\":\"ImageObject\",\"inLanguage\":\"pt-BR\",\"@id\":\"https:\\\/\\\/secure.gravatar.com\\\/avatar\\\/887a0f3b5a7ceea963a48499fb883ffce6b5037362def025c52c2505b15d63e4?s=96&d=mm&r=g\",\"url\":\"https:\\\/\\\/secure.gravatar.com\\\/avatar\\\/887a0f3b5a7ceea963a48499fb883ffce6b5037362def025c52c2505b15d63e4?s=96&d=mm&r=g\",\"contentUrl\":\"https:\\\/\\\/secure.gravatar.com\\\/avatar\\\/887a0f3b5a7ceea963a48499fb883ffce6b5037362def025c52c2505b15d63e4?s=96&d=mm&r=g\",\"caption\":\"Ismael Lucas S. Pereira\"},\"url\":\"https:\\\/\\\/diariodepe.com.br\\\/cri\\\/author\\\/ismael-lucas\\\/\"}]}<\/script>\n<!-- \/ Yoast SEO plugin. -->","yoast_head_json":{"title":"Empresas estrangeiras refor\u00e7am investimentos na China no ano novo - CRI e Diario de Pernambuco","robots":{"index":"index","follow":"follow","max-snippet":"max-snippet:-1","max-image-preview":"max-image-preview:large","max-video-preview":"max-video-preview:-1"},"canonical":"https:\/\/diariodepe.com.br\/cri\/2025\/01\/08\/empresas-estrangeiras-reforcam-investimentos-na-china-no-ano-novo\/","og_locale":"pt_BR","og_type":"article","og_title":"Empresas estrangeiras refor\u00e7am investimentos na China no ano novo - CRI e Diario de Pernambuco","og_description":"J\u00e1 no in\u00edcio do ano de 2025, v\u00e1rias grandes empresas automobil\u00edsticas estrangeiras anunciaram um aumento na presen\u00e7a na China, desencadeando uma onda de coopera\u00e7\u00e3o. Na ter\u00e7a-feira (7), um novo modelo da BMW Brilliance, uma joint venture entre o grupo alem\u00e3o...","og_url":"https:\/\/diariodepe.com.br\/cri\/2025\/01\/08\/empresas-estrangeiras-reforcam-investimentos-na-china-no-ano-novo\/","og_site_name":"CRI e Diario de Pernambuco","article_published_time":"2025-01-08T09:57:05+00:00","og_image":[{"url":"https:\/\/38picres.cgtn.com\/photoAlbum\/page\/performance\/img\/2025\/1\/8\/1736317699678_802.jpg","type":"","width":"","height":""}],"author":"Ismael Lucas S. Pereira","twitter_card":"summary_large_image","twitter_misc":{"Escrito por":"Ismael Lucas S. Pereira","Est. tempo de leitura":"3 minutos"},"schema":{"@context":"https:\/\/schema.org","@graph":[{"@type":"Article","@id":"https:\/\/diariodepe.com.br\/cri\/2025\/01\/08\/empresas-estrangeiras-reforcam-investimentos-na-china-no-ano-novo\/#article","isPartOf":{"@id":"https:\/\/diariodepe.com.br\/cri\/2025\/01\/08\/empresas-estrangeiras-reforcam-investimentos-na-china-no-ano-novo\/"},"author":{"name":"Ismael Lucas S. Pereira","@id":"https:\/\/diariodepe.com.br\/cri\/#\/schema\/person\/121bb28d84f1a5b1205ef4ce9c2e0c6b"},"headline":"Empresas estrangeiras refor\u00e7am investimentos na China no ano novo","datePublished":"2025-01-08T09:57:05+00:00","mainEntityOfPage":{"@id":"https:\/\/diariodepe.com.br\/cri\/2025\/01\/08\/empresas-estrangeiras-reforcam-investimentos-na-china-no-ano-novo\/"},"wordCount":436,"commentCount":0,"publisher":{"@id":"https:\/\/diariodepe.com.br\/cri\/#organization"},"image":{"@id":"https:\/\/diariodepe.com.br\/cri\/2025\/01\/08\/empresas-estrangeiras-reforcam-investimentos-na-china-no-ano-novo\/#primaryimage"},"thumbnailUrl":"https:\/\/38picres.cgtn.com\/photoAlbum\/page\/performance\/img\/2025\/1\/8\/1736317699678_802.jpg","articleSection":["China","Vis\u00e3o"],"inLanguage":"pt-BR","potentialAction":[{"@type":"CommentAction","name":"Comment","target":["https:\/\/diariodepe.com.br\/cri\/2025\/01\/08\/empresas-estrangeiras-reforcam-investimentos-na-china-no-ano-novo\/#respond"]}]},{"@type":"WebPage","@id":"https:\/\/diariodepe.com.br\/cri\/2025\/01\/08\/empresas-estrangeiras-reforcam-investimentos-na-china-no-ano-novo\/","url":"https:\/\/diariodepe.com.br\/cri\/2025\/01\/08\/empresas-estrangeiras-reforcam-investimentos-na-china-no-ano-novo\/","name":"Empresas estrangeiras refor\u00e7am investimentos na China no ano novo - CRI e Diario de Pernambuco","isPartOf":{"@id":"https:\/\/diariodepe.com.br\/cri\/#website"},"primaryImageOfPage":{"@id":"https:\/\/diariodepe.com.br\/cri\/2025\/01\/08\/empresas-estrangeiras-reforcam-investimentos-na-china-no-ano-novo\/#primaryimage"},"image":{"@id":"https:\/\/diariodepe.com.br\/cri\/2025\/01\/08\/empresas-estrangeiras-reforcam-investimentos-na-china-no-ano-novo\/#primaryimage"},"thumbnailUrl":"https:\/\/38picres.cgtn.com\/photoAlbum\/page\/performance\/img\/2025\/1\/8\/1736317699678_802.jpg","datePublished":"2025-01-08T09:57:05+00:00","breadcrumb":{"@id":"https:\/\/diariodepe.com.br\/cri\/2025\/01\/08\/empresas-estrangeiras-reforcam-investimentos-na-china-no-ano-novo\/#breadcrumb"},"inLanguage":"pt-BR","potentialAction":[{"@type":"ReadAction","target":["https:\/\/diariodepe.com.br\/cri\/2025\/01\/08\/empresas-estrangeiras-reforcam-investimentos-na-china-no-ano-novo\/"]}]},{"@type":"ImageObject","inLanguage":"pt-BR","@id":"https:\/\/diariodepe.com.br\/cri\/2025\/01\/08\/empresas-estrangeiras-reforcam-investimentos-na-china-no-ano-novo\/#primaryimage","url":"https:\/\/38picres.cgtn.com\/photoAlbum\/page\/performance\/img\/2025\/1\/8\/1736317699678_802.jpg","contentUrl":"https:\/\/38picres.cgtn.com\/photoAlbum\/page\/performance\/img\/2025\/1\/8\/1736317699678_802.jpg"},{"@type":"BreadcrumbList","@id":"https:\/\/diariodepe.com.br\/cri\/2025\/01\/08\/empresas-estrangeiras-reforcam-investimentos-na-china-no-ano-novo\/#breadcrumb","itemListElement":[{"@type":"ListItem","position":1,"name":"In\u00edcio","item":"https:\/\/diariodepe.com.br\/cri\/"},{"@type":"ListItem","position":2,"name":"Empresas estrangeiras refor\u00e7am investimentos na China no ano novo"}]},{"@type":"WebSite","@id":"https:\/\/diariodepe.com.br\/cri\/#website","url":"https:\/\/diariodepe.com.br\/cri\/","name":"CRI e Diario de Pernambuco","description":"R\u00e1dio Internacional da China","publisher":{"@id":"https:\/\/diariodepe.com.br\/cri\/#organization"},"potentialAction":[{"@type":"SearchAction","target":{"@type":"EntryPoint","urlTemplate":"https:\/\/diariodepe.com.br\/cri\/?s={search_term_string}"},"query-input":{"@type":"PropertyValueSpecification","valueRequired":true,"valueName":"search_term_string"}}],"inLanguage":"pt-BR"},{"@type":"Organization","@id":"https:\/\/diariodepe.com.br\/cri\/#organization","name":"CRI e Diario de Pernambuco","url":"https:\/\/diariodepe.com.br\/cri\/","logo":{"@type":"ImageObject","inLanguage":"pt-BR","@id":"https:\/\/diariodepe.com.br\/cri\/#\/schema\/logo\/image\/","url":"https:\/\/diariodepe.com.br\/cri\/wp-content\/uploads\/sites\/2\/2022\/12\/cropped-Logo.jpg","contentUrl":"https:\/\/diariodepe.com.br\/cri\/wp-content\/uploads\/sites\/2\/2022\/12\/cropped-Logo.jpg","width":700,"height":59,"caption":"CRI e Diario de Pernambuco"},"image":{"@id":"https:\/\/diariodepe.com.br\/cri\/#\/schema\/logo\/image\/"}},{"@type":"Person","@id":"https:\/\/diariodepe.com.br\/cri\/#\/schema\/person\/121bb28d84f1a5b1205ef4ce9c2e0c6b","name":"Ismael Lucas S. Pereira","image":{"@type":"ImageObject","inLanguage":"pt-BR","@id":"https:\/\/secure.gravatar.com\/avatar\/887a0f3b5a7ceea963a48499fb883ffce6b5037362def025c52c2505b15d63e4?s=96&d=mm&r=g","url":"https:\/\/secure.gravatar.com\/avatar\/887a0f3b5a7ceea963a48499fb883ffce6b5037362def025c52c2505b15d63e4?s=96&d=mm&r=g","contentUrl":"https:\/\/secure.gravatar.com\/avatar\/887a0f3b5a7ceea963a48499fb883ffce6b5037362def025c52c2505b15d63e4?s=96&d=mm&r=g","caption":"Ismael Lucas S. Pereira"},"url":"https:\/\/diariodepe.com.br\/cri\/author\/ismael-lucas\/"}]}},"cc_featured_image_caption":{"caption_text":false,"source_text":false,"source_url":false},"amp_enabled":true,"_links":{"self":[{"href":"https:\/\/diariodepe.com.br\/cri\/wp-json\/wp\/v2\/posts\/7391","targetHints":{"allow":["GET"]}}],"collection":[{"href":"https:\/\/diariodepe.com.br\/cri\/wp-json\/wp\/v2\/posts"}],"about":[{"href":"https:\/\/diariodepe.com.br\/cri\/wp-json\/wp\/v2\/types\/post"}],"author":[{"embeddable":true,"href":"https:\/\/diariodepe.com.br\/cri\/wp-json\/wp\/v2\/users\/2"}],"replies":[{"embeddable":true,"href":"https:\/\/diariodepe.com.br\/cri\/wp-json\/wp\/v2\/comments?post=7391"}],"version-history":[{"count":1,"href":"https:\/\/diariodepe.com.br\/cri\/wp-json\/wp\/v2\/posts\/7391\/revisions"}],"predecessor-version":[{"id":7392,"href":"https:\/\/diariodepe.com.br\/cri\/wp-json\/wp\/v2\/posts\/7391\/revisions\/7392"}],"wp:attachment":[{"href":"https:\/\/diariodepe.com.br\/cri\/wp-json\/wp\/v2\/media?parent=7391"}],"wp:term":[{"taxonomy":"category","embeddable":true,"href":"https:\/\/diariodepe.com.br\/cri\/wp-json\/wp\/v2\/categories?post=7391"},{"taxonomy":"post_tag","embeddable":true,"href":"https:\/\/diariodepe.com.br\/cri\/wp-json\/wp\/v2\/tags?post=7391"}],"curies":[{"name":"wp","href":"https:\/\/api.w.org\/{rel}","templated":true}]}}