{"id":7387,"date":"2025-01-08T05:22:55","date_gmt":"2025-01-08T08:22:55","guid":{"rendered":"https:\/\/diariodepe.com.br\/cri\/?p=7387"},"modified":"2025-01-08T05:22:55","modified_gmt":"2025-01-08T08:22:55","slug":"ministerio-das-relacoes-exteriores-chines-parabeniza-integracao-da-indonesia-no-brics","status":"publish","type":"post","link":"https:\/\/diariodepe.com.br\/cri\/2025\/01\/08\/ministerio-das-relacoes-exteriores-chines-parabeniza-integracao-da-indonesia-no-brics\/","title":{"rendered":"Minist\u00e9rio das Rela\u00e7\u00f5es Exteriores chin\u00eas parabeniza integra\u00e7\u00e3o da Indon\u00e9sia no Brics"},"content":{"rendered":"<div class=\"detailContent\" data-v-75a287ca=\"\">\n<div data-v-f69d3ce2=\"\">\n<div id=\"detailContent\" class=\"pc\" data-v-f69d3ce2=\"\">\n<p><span lang=\"PT\">O Minist\u00e9rio das Rela\u00e7\u00f5es Exteriores da China manifestou boas-vindas e calorosas congratula\u00e7\u00f5es nesta segunda-feira (6) \u00e0 Indon\u00e9sia por se tornar membro pleno do Brics.<\/span><\/p>\n<p><span lang=\"PT\">O porta-voz do Minist\u00e9rio, ao comentar em uma coletiva de imprensa sobre a integra\u00e7\u00e3o da Indon\u00e9sia no bloco, apontou que como uma grande na\u00e7\u00e3o em desenvolvimento e uma importante for\u00e7a do Sul Global, a Indon\u00e9sia reconhece altamente o esp\u00edrito do Brics e participa ativamente da coopera\u00e7\u00e3o sob o quadro \u201cBrics Plus\u201d. O integresso da Indon\u00e9sia\u00a0no grupo corresponde aos interesses comuns dos pa\u00edses participantes e do Sul Global e resultar\u00e1 em contribui\u00e7\u00f5es ativas para o desenvolvimento do mecanismo do Brics. <\/span><\/p>\n<p><span lang=\"PT\">O Brics \u00e9 uma importante plataforma de promo\u00e7\u00e3o da solidariedade e coopera\u00e7\u00e3o do Sul Global e tamb\u00e9m uma for\u00e7a relevante para impulsionar a revolu\u00e7\u00e3o do sistema de governan\u00e7a global, dedicando-se sempre \u00e0 salvaguarda do multilateralismo, \u00e0 defesa da equidade e justi\u00e7a e \u00e0 promo\u00e7\u00e3o do desenvolvimento comum, ressaltou o porta-voz. A integra\u00e7\u00e3o do novo membro atende \u00e0 tend\u00eancia hist\u00f3rica do Sul Global. A parte chinesa est\u00e1 disposta a trabalhar juntamente com a Indon\u00e9sia e os demais membros para construir uma parceria mais abrangente, estreita, pragm\u00e1tica e inclusiva e fomentar um desenvolvimento de alta qualidade da \u201cmaior coopera\u00e7\u00e3o do Brics\u201d, bem como promover ainda mais uma comunidade com futuro compartilhado para a humanidade, acrescentou.<\/span><\/p>\n<\/div>\n<\/div>\n<\/div>\n","protected":false},"excerpt":{"rendered":"<p>O Minist\u00e9rio das Rela\u00e7\u00f5es Exteriores da China manifestou boas-vindas e calorosas congratula\u00e7\u00f5es nesta segunda-feira (6) \u00e0 Indon\u00e9sia por se tornar membro pleno do Brics. O porta-voz do Minist\u00e9rio, ao comentar em uma coletiva de imprensa sobre a integra\u00e7\u00e3o da Indon\u00e9sia&#8230;<\/p>\n","protected":false},"author":2,"featured_media":0,"comment_status":"open","ping_status":"open","sticky":false,"template":"","format":"standard","meta":{"footnotes":""},"categories":[3],"tags":[],"class_list":["post-7387","post","type-post","status-publish","format-standard","hentry","category-china"],"yoast_head":"<!-- This site is optimized with the Yoast SEO plugin v27.4 - https:\/\/yoast.com\/product\/yoast-seo-wordpress\/ -->\n<title>Minist\u00e9rio das Rela\u00e7\u00f5es Exteriores chin\u00eas parabeniza integra\u00e7\u00e3o da Indon\u00e9sia no Brics - CRI e Diario de Pernambuco<\/title>\n<meta name=\"robots\" content=\"index, follow, max-snippet:-1, max-image-preview:large, max-video-preview:-1\" \/>\n<link rel=\"canonical\" href=\"https:\/\/diariodepe.com.br\/cri\/2025\/01\/08\/ministerio-das-relacoes-exteriores-chines-parabeniza-integracao-da-indonesia-no-brics\/\" \/>\n<meta property=\"og:locale\" content=\"pt_BR\" \/>\n<meta property=\"og:type\" content=\"article\" \/>\n<meta property=\"og:title\" content=\"Minist\u00e9rio das Rela\u00e7\u00f5es Exteriores chin\u00eas parabeniza integra\u00e7\u00e3o da Indon\u00e9sia no Brics - CRI e Diario de Pernambuco\" \/>\n<meta property=\"og:description\" content=\"O Minist\u00e9rio das Rela\u00e7\u00f5es Exteriores da China manifestou boas-vindas e calorosas congratula\u00e7\u00f5es nesta segunda-feira (6) \u00e0 Indon\u00e9sia por se tornar membro pleno do Brics. O porta-voz do Minist\u00e9rio, ao comentar em uma coletiva de imprensa sobre a integra\u00e7\u00e3o da Indon\u00e9sia...\" \/>\n<meta property=\"og:url\" content=\"https:\/\/diariodepe.com.br\/cri\/2025\/01\/08\/ministerio-das-relacoes-exteriores-chines-parabeniza-integracao-da-indonesia-no-brics\/\" \/>\n<meta property=\"og:site_name\" content=\"CRI e Diario de Pernambuco\" \/>\n<meta property=\"article:published_time\" content=\"2025-01-08T08:22:55+00:00\" \/>\n<meta name=\"author\" content=\"Ismael Lucas S. Pereira\" \/>\n<meta name=\"twitter:card\" content=\"summary_large_image\" \/>\n<meta name=\"twitter:label1\" content=\"Escrito por\" \/>\n\t<meta name=\"twitter:data1\" content=\"Ismael Lucas S. Pereira\" \/>\n\t<meta name=\"twitter:label2\" content=\"Est. tempo de leitura\" \/>\n\t<meta name=\"twitter:data2\" content=\"2 minutos\" \/>\n<script type=\"application\/ld+json\" class=\"yoast-schema-graph\">{\"@context\":\"https:\\\/\\\/schema.org\",\"@graph\":[{\"@type\":\"Article\",\"@id\":\"https:\\\/\\\/diariodepe.com.br\\\/cri\\\/2025\\\/01\\\/08\\\/ministerio-das-relacoes-exteriores-chines-parabeniza-integracao-da-indonesia-no-brics\\\/#article\",\"isPartOf\":{\"@id\":\"https:\\\/\\\/diariodepe.com.br\\\/cri\\\/2025\\\/01\\\/08\\\/ministerio-das-relacoes-exteriores-chines-parabeniza-integracao-da-indonesia-no-brics\\\/\"},\"author\":{\"name\":\"Ismael Lucas S. Pereira\",\"@id\":\"https:\\\/\\\/diariodepe.com.br\\\/cri\\\/#\\\/schema\\\/person\\\/121bb28d84f1a5b1205ef4ce9c2e0c6b\"},\"headline\":\"Minist\u00e9rio das Rela\u00e7\u00f5es Exteriores chin\u00eas parabeniza integra\u00e7\u00e3o da Indon\u00e9sia no Brics\",\"datePublished\":\"2025-01-08T08:22:55+00:00\",\"mainEntityOfPage\":{\"@id\":\"https:\\\/\\\/diariodepe.com.br\\\/cri\\\/2025\\\/01\\\/08\\\/ministerio-das-relacoes-exteriores-chines-parabeniza-integracao-da-indonesia-no-brics\\\/\"},\"wordCount\":255,\"commentCount\":0,\"publisher\":{\"@id\":\"https:\\\/\\\/diariodepe.com.br\\\/cri\\\/#organization\"},\"articleSection\":[\"China\"],\"inLanguage\":\"pt-BR\",\"potentialAction\":[{\"@type\":\"CommentAction\",\"name\":\"Comment\",\"target\":[\"https:\\\/\\\/diariodepe.com.br\\\/cri\\\/2025\\\/01\\\/08\\\/ministerio-das-relacoes-exteriores-chines-parabeniza-integracao-da-indonesia-no-brics\\\/#respond\"]}]},{\"@type\":\"WebPage\",\"@id\":\"https:\\\/\\\/diariodepe.com.br\\\/cri\\\/2025\\\/01\\\/08\\\/ministerio-das-relacoes-exteriores-chines-parabeniza-integracao-da-indonesia-no-brics\\\/\",\"url\":\"https:\\\/\\\/diariodepe.com.br\\\/cri\\\/2025\\\/01\\\/08\\\/ministerio-das-relacoes-exteriores-chines-parabeniza-integracao-da-indonesia-no-brics\\\/\",\"name\":\"Minist\u00e9rio das Rela\u00e7\u00f5es Exteriores chin\u00eas parabeniza integra\u00e7\u00e3o da Indon\u00e9sia no Brics - CRI e Diario de Pernambuco\",\"isPartOf\":{\"@id\":\"https:\\\/\\\/diariodepe.com.br\\\/cri\\\/#website\"},\"datePublished\":\"2025-01-08T08:22:55+00:00\",\"breadcrumb\":{\"@id\":\"https:\\\/\\\/diariodepe.com.br\\\/cri\\\/2025\\\/01\\\/08\\\/ministerio-das-relacoes-exteriores-chines-parabeniza-integracao-da-indonesia-no-brics\\\/#breadcrumb\"},\"inLanguage\":\"pt-BR\",\"potentialAction\":[{\"@type\":\"ReadAction\",\"target\":[\"https:\\\/\\\/diariodepe.com.br\\\/cri\\\/2025\\\/01\\\/08\\\/ministerio-das-relacoes-exteriores-chines-parabeniza-integracao-da-indonesia-no-brics\\\/\"]}]},{\"@type\":\"BreadcrumbList\",\"@id\":\"https:\\\/\\\/diariodepe.com.br\\\/cri\\\/2025\\\/01\\\/08\\\/ministerio-das-relacoes-exteriores-chines-parabeniza-integracao-da-indonesia-no-brics\\\/#breadcrumb\",\"itemListElement\":[{\"@type\":\"ListItem\",\"position\":1,\"name\":\"In\u00edcio\",\"item\":\"https:\\\/\\\/diariodepe.com.br\\\/cri\\\/\"},{\"@type\":\"ListItem\",\"position\":2,\"name\":\"Minist\u00e9rio das Rela\u00e7\u00f5es Exteriores chin\u00eas parabeniza integra\u00e7\u00e3o da Indon\u00e9sia no Brics\"}]},{\"@type\":\"WebSite\",\"@id\":\"https:\\\/\\\/diariodepe.com.br\\\/cri\\\/#website\",\"url\":\"https:\\\/\\\/diariodepe.com.br\\\/cri\\\/\",\"name\":\"CRI e Diario de Pernambuco\",\"description\":\"R\u00e1dio Internacional da China\",\"publisher\":{\"@id\":\"https:\\\/\\\/diariodepe.com.br\\\/cri\\\/#organization\"},\"potentialAction\":[{\"@type\":\"SearchAction\",\"target\":{\"@type\":\"EntryPoint\",\"urlTemplate\":\"https:\\\/\\\/diariodepe.com.br\\\/cri\\\/?s={search_term_string}\"},\"query-input\":{\"@type\":\"PropertyValueSpecification\",\"valueRequired\":true,\"valueName\":\"search_term_string\"}}],\"inLanguage\":\"pt-BR\"},{\"@type\":\"Organization\",\"@id\":\"https:\\\/\\\/diariodepe.com.br\\\/cri\\\/#organization\",\"name\":\"CRI e Diario de Pernambuco\",\"url\":\"https:\\\/\\\/diariodepe.com.br\\\/cri\\\/\",\"logo\":{\"@type\":\"ImageObject\",\"inLanguage\":\"pt-BR\",\"@id\":\"https:\\\/\\\/diariodepe.com.br\\\/cri\\\/#\\\/schema\\\/logo\\\/image\\\/\",\"url\":\"https:\\\/\\\/diariodepe.com.br\\\/cri\\\/wp-content\\\/uploads\\\/sites\\\/2\\\/2022\\\/12\\\/cropped-Logo.jpg\",\"contentUrl\":\"https:\\\/\\\/diariodepe.com.br\\\/cri\\\/wp-content\\\/uploads\\\/sites\\\/2\\\/2022\\\/12\\\/cropped-Logo.jpg\",\"width\":700,\"height\":59,\"caption\":\"CRI e Diario de Pernambuco\"},\"image\":{\"@id\":\"https:\\\/\\\/diariodepe.com.br\\\/cri\\\/#\\\/schema\\\/logo\\\/image\\\/\"}},{\"@type\":\"Person\",\"@id\":\"https:\\\/\\\/diariodepe.com.br\\\/cri\\\/#\\\/schema\\\/person\\\/121bb28d84f1a5b1205ef4ce9c2e0c6b\",\"name\":\"Ismael Lucas S. Pereira\",\"image\":{\"@type\":\"ImageObject\",\"inLanguage\":\"pt-BR\",\"@id\":\"https:\\\/\\\/secure.gravatar.com\\\/avatar\\\/887a0f3b5a7ceea963a48499fb883ffce6b5037362def025c52c2505b15d63e4?s=96&d=mm&r=g\",\"url\":\"https:\\\/\\\/secure.gravatar.com\\\/avatar\\\/887a0f3b5a7ceea963a48499fb883ffce6b5037362def025c52c2505b15d63e4?s=96&d=mm&r=g\",\"contentUrl\":\"https:\\\/\\\/secure.gravatar.com\\\/avatar\\\/887a0f3b5a7ceea963a48499fb883ffce6b5037362def025c52c2505b15d63e4?s=96&d=mm&r=g\",\"caption\":\"Ismael Lucas S. Pereira\"},\"url\":\"https:\\\/\\\/diariodepe.com.br\\\/cri\\\/author\\\/ismael-lucas\\\/\"}]}<\/script>\n<!-- \/ Yoast SEO plugin. -->","yoast_head_json":{"title":"Minist\u00e9rio das Rela\u00e7\u00f5es Exteriores chin\u00eas parabeniza integra\u00e7\u00e3o da Indon\u00e9sia no Brics - CRI e Diario de Pernambuco","robots":{"index":"index","follow":"follow","max-snippet":"max-snippet:-1","max-image-preview":"max-image-preview:large","max-video-preview":"max-video-preview:-1"},"canonical":"https:\/\/diariodepe.com.br\/cri\/2025\/01\/08\/ministerio-das-relacoes-exteriores-chines-parabeniza-integracao-da-indonesia-no-brics\/","og_locale":"pt_BR","og_type":"article","og_title":"Minist\u00e9rio das Rela\u00e7\u00f5es Exteriores chin\u00eas parabeniza integra\u00e7\u00e3o da Indon\u00e9sia no Brics - CRI e Diario de Pernambuco","og_description":"O Minist\u00e9rio das Rela\u00e7\u00f5es Exteriores da China manifestou boas-vindas e calorosas congratula\u00e7\u00f5es nesta segunda-feira (6) \u00e0 Indon\u00e9sia por se tornar membro pleno do Brics. O porta-voz do Minist\u00e9rio, ao comentar em uma coletiva de imprensa sobre a integra\u00e7\u00e3o da Indon\u00e9sia...","og_url":"https:\/\/diariodepe.com.br\/cri\/2025\/01\/08\/ministerio-das-relacoes-exteriores-chines-parabeniza-integracao-da-indonesia-no-brics\/","og_site_name":"CRI e Diario de Pernambuco","article_published_time":"2025-01-08T08:22:55+00:00","author":"Ismael Lucas S. Pereira","twitter_card":"summary_large_image","twitter_misc":{"Escrito por":"Ismael Lucas S. Pereira","Est. tempo de leitura":"2 minutos"},"schema":{"@context":"https:\/\/schema.org","@graph":[{"@type":"Article","@id":"https:\/\/diariodepe.com.br\/cri\/2025\/01\/08\/ministerio-das-relacoes-exteriores-chines-parabeniza-integracao-da-indonesia-no-brics\/#article","isPartOf":{"@id":"https:\/\/diariodepe.com.br\/cri\/2025\/01\/08\/ministerio-das-relacoes-exteriores-chines-parabeniza-integracao-da-indonesia-no-brics\/"},"author":{"name":"Ismael Lucas S. Pereira","@id":"https:\/\/diariodepe.com.br\/cri\/#\/schema\/person\/121bb28d84f1a5b1205ef4ce9c2e0c6b"},"headline":"Minist\u00e9rio das Rela\u00e7\u00f5es Exteriores chin\u00eas parabeniza integra\u00e7\u00e3o da Indon\u00e9sia no Brics","datePublished":"2025-01-08T08:22:55+00:00","mainEntityOfPage":{"@id":"https:\/\/diariodepe.com.br\/cri\/2025\/01\/08\/ministerio-das-relacoes-exteriores-chines-parabeniza-integracao-da-indonesia-no-brics\/"},"wordCount":255,"commentCount":0,"publisher":{"@id":"https:\/\/diariodepe.com.br\/cri\/#organization"},"articleSection":["China"],"inLanguage":"pt-BR","potentialAction":[{"@type":"CommentAction","name":"Comment","target":["https:\/\/diariodepe.com.br\/cri\/2025\/01\/08\/ministerio-das-relacoes-exteriores-chines-parabeniza-integracao-da-indonesia-no-brics\/#respond"]}]},{"@type":"WebPage","@id":"https:\/\/diariodepe.com.br\/cri\/2025\/01\/08\/ministerio-das-relacoes-exteriores-chines-parabeniza-integracao-da-indonesia-no-brics\/","url":"https:\/\/diariodepe.com.br\/cri\/2025\/01\/08\/ministerio-das-relacoes-exteriores-chines-parabeniza-integracao-da-indonesia-no-brics\/","name":"Minist\u00e9rio das Rela\u00e7\u00f5es Exteriores chin\u00eas parabeniza integra\u00e7\u00e3o da Indon\u00e9sia no Brics - CRI e Diario de Pernambuco","isPartOf":{"@id":"https:\/\/diariodepe.com.br\/cri\/#website"},"datePublished":"2025-01-08T08:22:55+00:00","breadcrumb":{"@id":"https:\/\/diariodepe.com.br\/cri\/2025\/01\/08\/ministerio-das-relacoes-exteriores-chines-parabeniza-integracao-da-indonesia-no-brics\/#breadcrumb"},"inLanguage":"pt-BR","potentialAction":[{"@type":"ReadAction","target":["https:\/\/diariodepe.com.br\/cri\/2025\/01\/08\/ministerio-das-relacoes-exteriores-chines-parabeniza-integracao-da-indonesia-no-brics\/"]}]},{"@type":"BreadcrumbList","@id":"https:\/\/diariodepe.com.br\/cri\/2025\/01\/08\/ministerio-das-relacoes-exteriores-chines-parabeniza-integracao-da-indonesia-no-brics\/#breadcrumb","itemListElement":[{"@type":"ListItem","position":1,"name":"In\u00edcio","item":"https:\/\/diariodepe.com.br\/cri\/"},{"@type":"ListItem","position":2,"name":"Minist\u00e9rio das Rela\u00e7\u00f5es Exteriores chin\u00eas parabeniza integra\u00e7\u00e3o da Indon\u00e9sia no Brics"}]},{"@type":"WebSite","@id":"https:\/\/diariodepe.com.br\/cri\/#website","url":"https:\/\/diariodepe.com.br\/cri\/","name":"CRI e Diario de Pernambuco","description":"R\u00e1dio Internacional da China","publisher":{"@id":"https:\/\/diariodepe.com.br\/cri\/#organization"},"potentialAction":[{"@type":"SearchAction","target":{"@type":"EntryPoint","urlTemplate":"https:\/\/diariodepe.com.br\/cri\/?s={search_term_string}"},"query-input":{"@type":"PropertyValueSpecification","valueRequired":true,"valueName":"search_term_string"}}],"inLanguage":"pt-BR"},{"@type":"Organization","@id":"https:\/\/diariodepe.com.br\/cri\/#organization","name":"CRI e Diario de Pernambuco","url":"https:\/\/diariodepe.com.br\/cri\/","logo":{"@type":"ImageObject","inLanguage":"pt-BR","@id":"https:\/\/diariodepe.com.br\/cri\/#\/schema\/logo\/image\/","url":"https:\/\/diariodepe.com.br\/cri\/wp-content\/uploads\/sites\/2\/2022\/12\/cropped-Logo.jpg","contentUrl":"https:\/\/diariodepe.com.br\/cri\/wp-content\/uploads\/sites\/2\/2022\/12\/cropped-Logo.jpg","width":700,"height":59,"caption":"CRI e Diario de Pernambuco"},"image":{"@id":"https:\/\/diariodepe.com.br\/cri\/#\/schema\/logo\/image\/"}},{"@type":"Person","@id":"https:\/\/diariodepe.com.br\/cri\/#\/schema\/person\/121bb28d84f1a5b1205ef4ce9c2e0c6b","name":"Ismael Lucas S. Pereira","image":{"@type":"ImageObject","inLanguage":"pt-BR","@id":"https:\/\/secure.gravatar.com\/avatar\/887a0f3b5a7ceea963a48499fb883ffce6b5037362def025c52c2505b15d63e4?s=96&d=mm&r=g","url":"https:\/\/secure.gravatar.com\/avatar\/887a0f3b5a7ceea963a48499fb883ffce6b5037362def025c52c2505b15d63e4?s=96&d=mm&r=g","contentUrl":"https:\/\/secure.gravatar.com\/avatar\/887a0f3b5a7ceea963a48499fb883ffce6b5037362def025c52c2505b15d63e4?s=96&d=mm&r=g","caption":"Ismael Lucas S. Pereira"},"url":"https:\/\/diariodepe.com.br\/cri\/author\/ismael-lucas\/"}]}},"cc_featured_image_caption":{"caption_text":false,"source_text":false,"source_url":false},"amp_enabled":true,"_links":{"self":[{"href":"https:\/\/diariodepe.com.br\/cri\/wp-json\/wp\/v2\/posts\/7387","targetHints":{"allow":["GET"]}}],"collection":[{"href":"https:\/\/diariodepe.com.br\/cri\/wp-json\/wp\/v2\/posts"}],"about":[{"href":"https:\/\/diariodepe.com.br\/cri\/wp-json\/wp\/v2\/types\/post"}],"author":[{"embeddable":true,"href":"https:\/\/diariodepe.com.br\/cri\/wp-json\/wp\/v2\/users\/2"}],"replies":[{"embeddable":true,"href":"https:\/\/diariodepe.com.br\/cri\/wp-json\/wp\/v2\/comments?post=7387"}],"version-history":[{"count":1,"href":"https:\/\/diariodepe.com.br\/cri\/wp-json\/wp\/v2\/posts\/7387\/revisions"}],"predecessor-version":[{"id":7388,"href":"https:\/\/diariodepe.com.br\/cri\/wp-json\/wp\/v2\/posts\/7387\/revisions\/7388"}],"wp:attachment":[{"href":"https:\/\/diariodepe.com.br\/cri\/wp-json\/wp\/v2\/media?parent=7387"}],"wp:term":[{"taxonomy":"category","embeddable":true,"href":"https:\/\/diariodepe.com.br\/cri\/wp-json\/wp\/v2\/categories?post=7387"},{"taxonomy":"post_tag","embeddable":true,"href":"https:\/\/diariodepe.com.br\/cri\/wp-json\/wp\/v2\/tags?post=7387"}],"curies":[{"name":"wp","href":"https:\/\/api.w.org\/{rel}","templated":true}]}}