{"id":7375,"date":"2025-01-02T01:07:32","date_gmt":"2025-01-02T04:07:32","guid":{"rendered":"https:\/\/diariodepe.com.br\/cri\/?p=7375"},"modified":"2025-01-08T01:08:25","modified_gmt":"2025-01-08T04:08:25","slug":"uma-china-confiante-continuara-contribuindo-para-o-crescimento-economico-global-em-2025","status":"publish","type":"post","link":"https:\/\/diariodepe.com.br\/cri\/2025\/01\/02\/uma-china-confiante-continuara-contribuindo-para-o-crescimento-economico-global-em-2025\/","title":{"rendered":"Uma China confiante continuar\u00e1 contribuindo para o crescimento econ\u00f4mico global em 2025"},"content":{"rendered":"<p><span lang=\"PT\">Quando os primeiros raios de sol do Ano Novo iluminam a terra, pessoas ao redor do mundo carregam tanto expectativas quanto incertezas. No ano que passou, v\u00e1rios lugares enfrentaram conflitos e confrontos. Em 2025, o mundo se tornar\u00e1 melhor? Como a China, o pa\u00eds em desenvolvimento de maior propor\u00e7\u00e3o, continuar\u00e1 a trazer energia positiva para o planeta?<\/span><\/p>\n<p><span lang=\"PT\">\u201cComo sempre crescemos na tempestade de vento e chuva e nos fortalecemos ao respondermos prova\u00e7\u00f5es, todos n\u00f3s devemos ter plena confian\u00e7a\u201d, disse o presidente chin\u00eas, Xi Jinping, na mensagem de Ano Novo de 2025. <\/span><span lang=\"PT-BR\">Por meio desse discurso, a comunidade internacional testemunhou as conquistas extraordin\u00e1rias da China no ano passado e sentiu a confian\u00e7a, determina\u00e7\u00e3o e energia do pa\u00eds ao enfrentar desafios e trabalhar firmemente em dire\u00e7\u00e3o aos seus objetivos. Essa confian\u00e7a, como o sol de inverno, trouxe calor ao globo.<\/span><\/p>\n<p><img decoding=\"async\" src=\"https:\/\/38picres.cgtn.com\/photoAlbum\/page\/performance\/img\/2025\/1\/1\/1735736562228_958.jpg\" width=\"100%\" height=\"auto\" \/><\/p>\n<p><span lang=\"PT\">A confian\u00e7a vem da forte resili\u00eancia do desenvolvimento econ\u00f4mico da China. Em 2024, diante de um ambiente dom\u00e9stico e internacional severo e complexo, o pa\u00eds implementou uma s\u00e9rie de pol\u00edticas que impulsionaram a recupera\u00e7\u00e3o da economia. Seu Produto Interno Bruto (PIB) foi estimado em mais de 130 trilh\u00f5es de yuans. Institui\u00e7\u00f5es nacionais e estrangeiras acreditam que a China alcan\u00e7ar\u00e1 sua meta de crescimento econ\u00f4mico de cerca de 5%. Esse ritmo continuar\u00e1 a ser um dos mais altos entre as principais economias do mundo.<\/span><\/p>\n<p><span lang=\"PT\">Na 3\u00aa Sess\u00e3o Plen\u00e1ria do 20\u00ba Comit\u00ea Central do Partido Comunista da China (PCCh), realizada em julho de 2024, foram propostas mais de 300 medidas importantes da Reforma. No cen\u00e1rio global, poucos partidos no poder conseguem manter estabilidade e continuidade em suas pol\u00edticas como o PCCh o faz. Esta \u00e9 uma vantagem institucional que sustenta o desenvolvimento econ\u00f4mico e a estabilidade social da China a longo prazo.<\/span><\/p>\n<p><img decoding=\"async\" src=\"https:\/\/38picres.cgtn.com\/photoAlbum\/page\/performance\/img\/2025\/1\/1\/1735736570607_994.jpg\" width=\"100%\" height=\"auto\" \/><\/p>\n<p><span lang=\"PT\">No ano passado, a contribui\u00e7\u00e3o chinesa para o crescimento econ\u00f4mico global foi estimada em cerca de 30%, mantendo-se como um &#8220;\u00e2ncora de estabilidade&#8221; para o desenvolvimento global. Diante da complexa conjuntura internacional, a China prop\u00f4s solu\u00e7\u00f5es e iniciativas em v\u00e1rias ocasi\u00f5es, tanto no \u00e2mbito bilateral como multilateral. Desde a constru\u00e7\u00e3o de alto n\u00edvel da Iniciativa Cintur\u00e3o e Rota, at\u00e9 a promo\u00e7\u00e3o de reformas na governan\u00e7a global e o aprofundamento da coopera\u00e7\u00e3o do &#8220;Sul Global&#8221;, as propostas e a\u00e7\u00f5es da China t\u00eam injetado mais energia positiva para preservar a paz e a estabilidade do mundo.<\/span><\/p>\n<p><span lang=\"PT\">De acordo com diversos analistas internacionais, riscos m\u00faltiplos aumentar\u00e3o significativamente em 2025, exigindo maiores esfor\u00e7os na governan\u00e7a global. \u201cA China est\u00e1 disposta, junto com outros pa\u00edses, a trabalhar como agente efetivador da coopera\u00e7\u00e3o amistosa, impulsionador da aprendizagem m\u00fatua dos povos e participante da constru\u00e7\u00e3o de uma comunidade com futuro compartilhado, de modo a criar um futuro brilhante para o mundo\u201d, disse o presidente Xi Jinping. Essa declara\u00e7\u00e3o reflete as aspira\u00e7\u00f5es e expectativas da China, sendo <\/span><span lang=\"PT-BR\">uma interpreta\u00e7\u00e3o v\u00edvida do papel respons\u00e1vel de uma grande na\u00e7\u00e3o.<\/span><\/p>\n","protected":false},"excerpt":{"rendered":"<p>Quando os primeiros raios de sol do Ano Novo iluminam a terra, pessoas ao redor do mundo carregam tanto expectativas quanto incertezas. No ano que passou, v\u00e1rios lugares enfrentaram conflitos e confrontos. Em 2025, o mundo se tornar\u00e1 melhor? Como&#8230;<\/p>\n","protected":false},"author":2,"featured_media":0,"comment_status":"open","ping_status":"open","sticky":false,"template":"","format":"standard","meta":{"footnotes":""},"categories":[7],"tags":[],"class_list":["post-7375","post","type-post","status-publish","format-standard","hentry","category-visao"],"yoast_head":"<!-- This site is optimized with the Yoast SEO plugin v27.4 - https:\/\/yoast.com\/product\/yoast-seo-wordpress\/ -->\n<title>Uma China confiante continuar\u00e1 contribuindo para o crescimento econ\u00f4mico global em 2025 - CRI e Diario de Pernambuco<\/title>\n<meta name=\"robots\" content=\"index, follow, max-snippet:-1, max-image-preview:large, max-video-preview:-1\" \/>\n<link rel=\"canonical\" href=\"https:\/\/diariodepe.com.br\/cri\/2025\/01\/02\/uma-china-confiante-continuara-contribuindo-para-o-crescimento-economico-global-em-2025\/\" \/>\n<meta property=\"og:locale\" content=\"pt_BR\" \/>\n<meta property=\"og:type\" content=\"article\" \/>\n<meta property=\"og:title\" content=\"Uma China confiante continuar\u00e1 contribuindo para o crescimento econ\u00f4mico global em 2025 - CRI e Diario de Pernambuco\" \/>\n<meta property=\"og:description\" content=\"Quando os primeiros raios de sol do Ano Novo iluminam a terra, pessoas ao redor do mundo carregam tanto expectativas quanto incertezas. No ano que passou, v\u00e1rios lugares enfrentaram conflitos e confrontos. Em 2025, o mundo se tornar\u00e1 melhor? Como...\" \/>\n<meta property=\"og:url\" content=\"https:\/\/diariodepe.com.br\/cri\/2025\/01\/02\/uma-china-confiante-continuara-contribuindo-para-o-crescimento-economico-global-em-2025\/\" \/>\n<meta property=\"og:site_name\" content=\"CRI e Diario de Pernambuco\" \/>\n<meta property=\"article:published_time\" content=\"2025-01-02T04:07:32+00:00\" \/>\n<meta property=\"article:modified_time\" content=\"2025-01-08T04:08:25+00:00\" \/>\n<meta property=\"og:image\" content=\"https:\/\/38picres.cgtn.com\/photoAlbum\/page\/performance\/img\/2025\/1\/1\/1735736562228_958.jpg\" \/>\n<meta name=\"author\" content=\"Ismael Lucas S. Pereira\" \/>\n<meta name=\"twitter:card\" content=\"summary_large_image\" \/>\n<meta name=\"twitter:label1\" content=\"Escrito por\" \/>\n\t<meta name=\"twitter:data1\" content=\"Ismael Lucas S. Pereira\" \/>\n\t<meta name=\"twitter:label2\" content=\"Est. tempo de leitura\" \/>\n\t<meta name=\"twitter:data2\" content=\"3 minutos\" \/>\n<script type=\"application\/ld+json\" class=\"yoast-schema-graph\">{\"@context\":\"https:\\\/\\\/schema.org\",\"@graph\":[{\"@type\":\"Article\",\"@id\":\"https:\\\/\\\/diariodepe.com.br\\\/cri\\\/2025\\\/01\\\/02\\\/uma-china-confiante-continuara-contribuindo-para-o-crescimento-economico-global-em-2025\\\/#article\",\"isPartOf\":{\"@id\":\"https:\\\/\\\/diariodepe.com.br\\\/cri\\\/2025\\\/01\\\/02\\\/uma-china-confiante-continuara-contribuindo-para-o-crescimento-economico-global-em-2025\\\/\"},\"author\":{\"name\":\"Ismael Lucas S. Pereira\",\"@id\":\"https:\\\/\\\/diariodepe.com.br\\\/cri\\\/#\\\/schema\\\/person\\\/121bb28d84f1a5b1205ef4ce9c2e0c6b\"},\"headline\":\"Uma China confiante continuar\u00e1 contribuindo para o crescimento econ\u00f4mico global em 2025\",\"datePublished\":\"2025-01-02T04:07:32+00:00\",\"dateModified\":\"2025-01-08T04:08:25+00:00\",\"mainEntityOfPage\":{\"@id\":\"https:\\\/\\\/diariodepe.com.br\\\/cri\\\/2025\\\/01\\\/02\\\/uma-china-confiante-continuara-contribuindo-para-o-crescimento-economico-global-em-2025\\\/\"},\"wordCount\":525,\"commentCount\":0,\"publisher\":{\"@id\":\"https:\\\/\\\/diariodepe.com.br\\\/cri\\\/#organization\"},\"image\":{\"@id\":\"https:\\\/\\\/diariodepe.com.br\\\/cri\\\/2025\\\/01\\\/02\\\/uma-china-confiante-continuara-contribuindo-para-o-crescimento-economico-global-em-2025\\\/#primaryimage\"},\"thumbnailUrl\":\"https:\\\/\\\/38picres.cgtn.com\\\/photoAlbum\\\/page\\\/performance\\\/img\\\/2025\\\/1\\\/1\\\/1735736562228_958.jpg\",\"articleSection\":[\"Vis\u00e3o\"],\"inLanguage\":\"pt-BR\",\"potentialAction\":[{\"@type\":\"CommentAction\",\"name\":\"Comment\",\"target\":[\"https:\\\/\\\/diariodepe.com.br\\\/cri\\\/2025\\\/01\\\/02\\\/uma-china-confiante-continuara-contribuindo-para-o-crescimento-economico-global-em-2025\\\/#respond\"]}]},{\"@type\":\"WebPage\",\"@id\":\"https:\\\/\\\/diariodepe.com.br\\\/cri\\\/2025\\\/01\\\/02\\\/uma-china-confiante-continuara-contribuindo-para-o-crescimento-economico-global-em-2025\\\/\",\"url\":\"https:\\\/\\\/diariodepe.com.br\\\/cri\\\/2025\\\/01\\\/02\\\/uma-china-confiante-continuara-contribuindo-para-o-crescimento-economico-global-em-2025\\\/\",\"name\":\"Uma China confiante continuar\u00e1 contribuindo para o crescimento econ\u00f4mico global em 2025 - CRI e Diario de Pernambuco\",\"isPartOf\":{\"@id\":\"https:\\\/\\\/diariodepe.com.br\\\/cri\\\/#website\"},\"primaryImageOfPage\":{\"@id\":\"https:\\\/\\\/diariodepe.com.br\\\/cri\\\/2025\\\/01\\\/02\\\/uma-china-confiante-continuara-contribuindo-para-o-crescimento-economico-global-em-2025\\\/#primaryimage\"},\"image\":{\"@id\":\"https:\\\/\\\/diariodepe.com.br\\\/cri\\\/2025\\\/01\\\/02\\\/uma-china-confiante-continuara-contribuindo-para-o-crescimento-economico-global-em-2025\\\/#primaryimage\"},\"thumbnailUrl\":\"https:\\\/\\\/38picres.cgtn.com\\\/photoAlbum\\\/page\\\/performance\\\/img\\\/2025\\\/1\\\/1\\\/1735736562228_958.jpg\",\"datePublished\":\"2025-01-02T04:07:32+00:00\",\"dateModified\":\"2025-01-08T04:08:25+00:00\",\"breadcrumb\":{\"@id\":\"https:\\\/\\\/diariodepe.com.br\\\/cri\\\/2025\\\/01\\\/02\\\/uma-china-confiante-continuara-contribuindo-para-o-crescimento-economico-global-em-2025\\\/#breadcrumb\"},\"inLanguage\":\"pt-BR\",\"potentialAction\":[{\"@type\":\"ReadAction\",\"target\":[\"https:\\\/\\\/diariodepe.com.br\\\/cri\\\/2025\\\/01\\\/02\\\/uma-china-confiante-continuara-contribuindo-para-o-crescimento-economico-global-em-2025\\\/\"]}]},{\"@type\":\"ImageObject\",\"inLanguage\":\"pt-BR\",\"@id\":\"https:\\\/\\\/diariodepe.com.br\\\/cri\\\/2025\\\/01\\\/02\\\/uma-china-confiante-continuara-contribuindo-para-o-crescimento-economico-global-em-2025\\\/#primaryimage\",\"url\":\"https:\\\/\\\/38picres.cgtn.com\\\/photoAlbum\\\/page\\\/performance\\\/img\\\/2025\\\/1\\\/1\\\/1735736562228_958.jpg\",\"contentUrl\":\"https:\\\/\\\/38picres.cgtn.com\\\/photoAlbum\\\/page\\\/performance\\\/img\\\/2025\\\/1\\\/1\\\/1735736562228_958.jpg\"},{\"@type\":\"BreadcrumbList\",\"@id\":\"https:\\\/\\\/diariodepe.com.br\\\/cri\\\/2025\\\/01\\\/02\\\/uma-china-confiante-continuara-contribuindo-para-o-crescimento-economico-global-em-2025\\\/#breadcrumb\",\"itemListElement\":[{\"@type\":\"ListItem\",\"position\":1,\"name\":\"In\u00edcio\",\"item\":\"https:\\\/\\\/diariodepe.com.br\\\/cri\\\/\"},{\"@type\":\"ListItem\",\"position\":2,\"name\":\"Uma China confiante continuar\u00e1 contribuindo para o crescimento econ\u00f4mico global em 2025\"}]},{\"@type\":\"WebSite\",\"@id\":\"https:\\\/\\\/diariodepe.com.br\\\/cri\\\/#website\",\"url\":\"https:\\\/\\\/diariodepe.com.br\\\/cri\\\/\",\"name\":\"CRI e Diario de Pernambuco\",\"description\":\"R\u00e1dio Internacional da China\",\"publisher\":{\"@id\":\"https:\\\/\\\/diariodepe.com.br\\\/cri\\\/#organization\"},\"potentialAction\":[{\"@type\":\"SearchAction\",\"target\":{\"@type\":\"EntryPoint\",\"urlTemplate\":\"https:\\\/\\\/diariodepe.com.br\\\/cri\\\/?s={search_term_string}\"},\"query-input\":{\"@type\":\"PropertyValueSpecification\",\"valueRequired\":true,\"valueName\":\"search_term_string\"}}],\"inLanguage\":\"pt-BR\"},{\"@type\":\"Organization\",\"@id\":\"https:\\\/\\\/diariodepe.com.br\\\/cri\\\/#organization\",\"name\":\"CRI e Diario de Pernambuco\",\"url\":\"https:\\\/\\\/diariodepe.com.br\\\/cri\\\/\",\"logo\":{\"@type\":\"ImageObject\",\"inLanguage\":\"pt-BR\",\"@id\":\"https:\\\/\\\/diariodepe.com.br\\\/cri\\\/#\\\/schema\\\/logo\\\/image\\\/\",\"url\":\"https:\\\/\\\/diariodepe.com.br\\\/cri\\\/wp-content\\\/uploads\\\/sites\\\/2\\\/2022\\\/12\\\/cropped-Logo.jpg\",\"contentUrl\":\"https:\\\/\\\/diariodepe.com.br\\\/cri\\\/wp-content\\\/uploads\\\/sites\\\/2\\\/2022\\\/12\\\/cropped-Logo.jpg\",\"width\":700,\"height\":59,\"caption\":\"CRI e Diario de Pernambuco\"},\"image\":{\"@id\":\"https:\\\/\\\/diariodepe.com.br\\\/cri\\\/#\\\/schema\\\/logo\\\/image\\\/\"}},{\"@type\":\"Person\",\"@id\":\"https:\\\/\\\/diariodepe.com.br\\\/cri\\\/#\\\/schema\\\/person\\\/121bb28d84f1a5b1205ef4ce9c2e0c6b\",\"name\":\"Ismael Lucas S. Pereira\",\"image\":{\"@type\":\"ImageObject\",\"inLanguage\":\"pt-BR\",\"@id\":\"https:\\\/\\\/secure.gravatar.com\\\/avatar\\\/887a0f3b5a7ceea963a48499fb883ffce6b5037362def025c52c2505b15d63e4?s=96&d=mm&r=g\",\"url\":\"https:\\\/\\\/secure.gravatar.com\\\/avatar\\\/887a0f3b5a7ceea963a48499fb883ffce6b5037362def025c52c2505b15d63e4?s=96&d=mm&r=g\",\"contentUrl\":\"https:\\\/\\\/secure.gravatar.com\\\/avatar\\\/887a0f3b5a7ceea963a48499fb883ffce6b5037362def025c52c2505b15d63e4?s=96&d=mm&r=g\",\"caption\":\"Ismael Lucas S. Pereira\"},\"url\":\"https:\\\/\\\/diariodepe.com.br\\\/cri\\\/author\\\/ismael-lucas\\\/\"}]}<\/script>\n<!-- \/ Yoast SEO plugin. -->","yoast_head_json":{"title":"Uma China confiante continuar\u00e1 contribuindo para o crescimento econ\u00f4mico global em 2025 - CRI e Diario de Pernambuco","robots":{"index":"index","follow":"follow","max-snippet":"max-snippet:-1","max-image-preview":"max-image-preview:large","max-video-preview":"max-video-preview:-1"},"canonical":"https:\/\/diariodepe.com.br\/cri\/2025\/01\/02\/uma-china-confiante-continuara-contribuindo-para-o-crescimento-economico-global-em-2025\/","og_locale":"pt_BR","og_type":"article","og_title":"Uma China confiante continuar\u00e1 contribuindo para o crescimento econ\u00f4mico global em 2025 - CRI e Diario de Pernambuco","og_description":"Quando os primeiros raios de sol do Ano Novo iluminam a terra, pessoas ao redor do mundo carregam tanto expectativas quanto incertezas. No ano que passou, v\u00e1rios lugares enfrentaram conflitos e confrontos. Em 2025, o mundo se tornar\u00e1 melhor? Como...","og_url":"https:\/\/diariodepe.com.br\/cri\/2025\/01\/02\/uma-china-confiante-continuara-contribuindo-para-o-crescimento-economico-global-em-2025\/","og_site_name":"CRI e Diario de Pernambuco","article_published_time":"2025-01-02T04:07:32+00:00","article_modified_time":"2025-01-08T04:08:25+00:00","og_image":[{"url":"https:\/\/38picres.cgtn.com\/photoAlbum\/page\/performance\/img\/2025\/1\/1\/1735736562228_958.jpg","type":"","width":"","height":""}],"author":"Ismael Lucas S. Pereira","twitter_card":"summary_large_image","twitter_misc":{"Escrito por":"Ismael Lucas S. Pereira","Est. tempo de leitura":"3 minutos"},"schema":{"@context":"https:\/\/schema.org","@graph":[{"@type":"Article","@id":"https:\/\/diariodepe.com.br\/cri\/2025\/01\/02\/uma-china-confiante-continuara-contribuindo-para-o-crescimento-economico-global-em-2025\/#article","isPartOf":{"@id":"https:\/\/diariodepe.com.br\/cri\/2025\/01\/02\/uma-china-confiante-continuara-contribuindo-para-o-crescimento-economico-global-em-2025\/"},"author":{"name":"Ismael Lucas S. Pereira","@id":"https:\/\/diariodepe.com.br\/cri\/#\/schema\/person\/121bb28d84f1a5b1205ef4ce9c2e0c6b"},"headline":"Uma China confiante continuar\u00e1 contribuindo para o crescimento econ\u00f4mico global em 2025","datePublished":"2025-01-02T04:07:32+00:00","dateModified":"2025-01-08T04:08:25+00:00","mainEntityOfPage":{"@id":"https:\/\/diariodepe.com.br\/cri\/2025\/01\/02\/uma-china-confiante-continuara-contribuindo-para-o-crescimento-economico-global-em-2025\/"},"wordCount":525,"commentCount":0,"publisher":{"@id":"https:\/\/diariodepe.com.br\/cri\/#organization"},"image":{"@id":"https:\/\/diariodepe.com.br\/cri\/2025\/01\/02\/uma-china-confiante-continuara-contribuindo-para-o-crescimento-economico-global-em-2025\/#primaryimage"},"thumbnailUrl":"https:\/\/38picres.cgtn.com\/photoAlbum\/page\/performance\/img\/2025\/1\/1\/1735736562228_958.jpg","articleSection":["Vis\u00e3o"],"inLanguage":"pt-BR","potentialAction":[{"@type":"CommentAction","name":"Comment","target":["https:\/\/diariodepe.com.br\/cri\/2025\/01\/02\/uma-china-confiante-continuara-contribuindo-para-o-crescimento-economico-global-em-2025\/#respond"]}]},{"@type":"WebPage","@id":"https:\/\/diariodepe.com.br\/cri\/2025\/01\/02\/uma-china-confiante-continuara-contribuindo-para-o-crescimento-economico-global-em-2025\/","url":"https:\/\/diariodepe.com.br\/cri\/2025\/01\/02\/uma-china-confiante-continuara-contribuindo-para-o-crescimento-economico-global-em-2025\/","name":"Uma China confiante continuar\u00e1 contribuindo para o crescimento econ\u00f4mico global em 2025 - CRI e Diario de Pernambuco","isPartOf":{"@id":"https:\/\/diariodepe.com.br\/cri\/#website"},"primaryImageOfPage":{"@id":"https:\/\/diariodepe.com.br\/cri\/2025\/01\/02\/uma-china-confiante-continuara-contribuindo-para-o-crescimento-economico-global-em-2025\/#primaryimage"},"image":{"@id":"https:\/\/diariodepe.com.br\/cri\/2025\/01\/02\/uma-china-confiante-continuara-contribuindo-para-o-crescimento-economico-global-em-2025\/#primaryimage"},"thumbnailUrl":"https:\/\/38picres.cgtn.com\/photoAlbum\/page\/performance\/img\/2025\/1\/1\/1735736562228_958.jpg","datePublished":"2025-01-02T04:07:32+00:00","dateModified":"2025-01-08T04:08:25+00:00","breadcrumb":{"@id":"https:\/\/diariodepe.com.br\/cri\/2025\/01\/02\/uma-china-confiante-continuara-contribuindo-para-o-crescimento-economico-global-em-2025\/#breadcrumb"},"inLanguage":"pt-BR","potentialAction":[{"@type":"ReadAction","target":["https:\/\/diariodepe.com.br\/cri\/2025\/01\/02\/uma-china-confiante-continuara-contribuindo-para-o-crescimento-economico-global-em-2025\/"]}]},{"@type":"ImageObject","inLanguage":"pt-BR","@id":"https:\/\/diariodepe.com.br\/cri\/2025\/01\/02\/uma-china-confiante-continuara-contribuindo-para-o-crescimento-economico-global-em-2025\/#primaryimage","url":"https:\/\/38picres.cgtn.com\/photoAlbum\/page\/performance\/img\/2025\/1\/1\/1735736562228_958.jpg","contentUrl":"https:\/\/38picres.cgtn.com\/photoAlbum\/page\/performance\/img\/2025\/1\/1\/1735736562228_958.jpg"},{"@type":"BreadcrumbList","@id":"https:\/\/diariodepe.com.br\/cri\/2025\/01\/02\/uma-china-confiante-continuara-contribuindo-para-o-crescimento-economico-global-em-2025\/#breadcrumb","itemListElement":[{"@type":"ListItem","position":1,"name":"In\u00edcio","item":"https:\/\/diariodepe.com.br\/cri\/"},{"@type":"ListItem","position":2,"name":"Uma China confiante continuar\u00e1 contribuindo para o crescimento econ\u00f4mico global em 2025"}]},{"@type":"WebSite","@id":"https:\/\/diariodepe.com.br\/cri\/#website","url":"https:\/\/diariodepe.com.br\/cri\/","name":"CRI e Diario de Pernambuco","description":"R\u00e1dio Internacional da China","publisher":{"@id":"https:\/\/diariodepe.com.br\/cri\/#organization"},"potentialAction":[{"@type":"SearchAction","target":{"@type":"EntryPoint","urlTemplate":"https:\/\/diariodepe.com.br\/cri\/?s={search_term_string}"},"query-input":{"@type":"PropertyValueSpecification","valueRequired":true,"valueName":"search_term_string"}}],"inLanguage":"pt-BR"},{"@type":"Organization","@id":"https:\/\/diariodepe.com.br\/cri\/#organization","name":"CRI e Diario de Pernambuco","url":"https:\/\/diariodepe.com.br\/cri\/","logo":{"@type":"ImageObject","inLanguage":"pt-BR","@id":"https:\/\/diariodepe.com.br\/cri\/#\/schema\/logo\/image\/","url":"https:\/\/diariodepe.com.br\/cri\/wp-content\/uploads\/sites\/2\/2022\/12\/cropped-Logo.jpg","contentUrl":"https:\/\/diariodepe.com.br\/cri\/wp-content\/uploads\/sites\/2\/2022\/12\/cropped-Logo.jpg","width":700,"height":59,"caption":"CRI e Diario de Pernambuco"},"image":{"@id":"https:\/\/diariodepe.com.br\/cri\/#\/schema\/logo\/image\/"}},{"@type":"Person","@id":"https:\/\/diariodepe.com.br\/cri\/#\/schema\/person\/121bb28d84f1a5b1205ef4ce9c2e0c6b","name":"Ismael Lucas S. Pereira","image":{"@type":"ImageObject","inLanguage":"pt-BR","@id":"https:\/\/secure.gravatar.com\/avatar\/887a0f3b5a7ceea963a48499fb883ffce6b5037362def025c52c2505b15d63e4?s=96&d=mm&r=g","url":"https:\/\/secure.gravatar.com\/avatar\/887a0f3b5a7ceea963a48499fb883ffce6b5037362def025c52c2505b15d63e4?s=96&d=mm&r=g","contentUrl":"https:\/\/secure.gravatar.com\/avatar\/887a0f3b5a7ceea963a48499fb883ffce6b5037362def025c52c2505b15d63e4?s=96&d=mm&r=g","caption":"Ismael Lucas S. Pereira"},"url":"https:\/\/diariodepe.com.br\/cri\/author\/ismael-lucas\/"}]}},"cc_featured_image_caption":{"caption_text":false,"source_text":false,"source_url":false},"amp_enabled":true,"_links":{"self":[{"href":"https:\/\/diariodepe.com.br\/cri\/wp-json\/wp\/v2\/posts\/7375","targetHints":{"allow":["GET"]}}],"collection":[{"href":"https:\/\/diariodepe.com.br\/cri\/wp-json\/wp\/v2\/posts"}],"about":[{"href":"https:\/\/diariodepe.com.br\/cri\/wp-json\/wp\/v2\/types\/post"}],"author":[{"embeddable":true,"href":"https:\/\/diariodepe.com.br\/cri\/wp-json\/wp\/v2\/users\/2"}],"replies":[{"embeddable":true,"href":"https:\/\/diariodepe.com.br\/cri\/wp-json\/wp\/v2\/comments?post=7375"}],"version-history":[{"count":1,"href":"https:\/\/diariodepe.com.br\/cri\/wp-json\/wp\/v2\/posts\/7375\/revisions"}],"predecessor-version":[{"id":7376,"href":"https:\/\/diariodepe.com.br\/cri\/wp-json\/wp\/v2\/posts\/7375\/revisions\/7376"}],"wp:attachment":[{"href":"https:\/\/diariodepe.com.br\/cri\/wp-json\/wp\/v2\/media?parent=7375"}],"wp:term":[{"taxonomy":"category","embeddable":true,"href":"https:\/\/diariodepe.com.br\/cri\/wp-json\/wp\/v2\/categories?post=7375"},{"taxonomy":"post_tag","embeddable":true,"href":"https:\/\/diariodepe.com.br\/cri\/wp-json\/wp\/v2\/tags?post=7375"}],"curies":[{"name":"wp","href":"https:\/\/api.w.org\/{rel}","templated":true}]}}