{"id":7371,"date":"2025-01-06T00:59:41","date_gmt":"2025-01-06T03:59:41","guid":{"rendered":"https:\/\/diariodepe.com.br\/cri\/?p=7371"},"modified":"2025-01-08T01:01:39","modified_gmt":"2025-01-08T04:01:39","slug":"por-que-a-guerra-tecnologica-dos-eua-contra-a-china-esta-tendo-o-efeito-contrario","status":"publish","type":"post","link":"https:\/\/diariodepe.com.br\/cri\/2025\/01\/06\/por-que-a-guerra-tecnologica-dos-eua-contra-a-china-esta-tendo-o-efeito-contrario\/","title":{"rendered":"Por que a guerra tecnol\u00f3gica dos EUA contra a China est\u00e1 tendo o efeito contr\u00e1rio?"},"content":{"rendered":"<p><span lang=\"PT\">O ano de 2025 marca o centen\u00e1rio da mec\u00e2nica qu\u00e2ntica. No entanto, no in\u00edcio deste ano, entrou em vigor uma nova regulamenta\u00e7\u00e3o do governo dos Estados Unidos, que limita os investimentos de indiv\u00edduos e empresas norte-americanas em tecnologias avan\u00e7adas chinesas, como a computa\u00e7\u00e3o qu\u00e2ntica. Analistas apontam que, embora os EUA estejam tentando suprimir o desenvolvimento tecnol\u00f3gico da China por motivos pol\u00edticos, seus esfor\u00e7os v\u00e3o fracassar.<\/span><\/p>\n<p><span lang=\"PT\">A tecnologia qu\u00e2ntica est\u00e1 na vanguarda da nova revolu\u00e7\u00e3o cient\u00edfica e da transforma\u00e7\u00e3o industrial, sendo dividida principalmente em tr\u00eas \u00e1reas: computa\u00e7\u00e3o qu\u00e2ntica, comunica\u00e7\u00e3o qu\u00e2ntica e medi\u00e7\u00e3o qu\u00e2ntica de alta precis\u00e3o. Como s\u00e3o os dois pa\u00edses fortes em tecnologia do mundo, a China e os EUA possuem vantagens distintas nas tr\u00eas \u00e1reas da tecnologia qu\u00e2ntica. Em 28 de outubro de 2024, o governo norte-americano publicou uma ordem de proibi\u00e7\u00e3o de investimentos nas \u00e1reas de tecnologias de semicondutores, qu\u00e2ntica e intelig\u00eancia artificial, alegando que os investimentos norte-americanos na China poderiam &#8220;amea\u00e7ar a seguran\u00e7a nacional dos EUA&#8221;. Essa medida entrou em vigor em 2 de janeiro de 2025.<\/span><\/p>\n<p><img decoding=\"async\" src=\"https:\/\/38picres.cgtn.com\/photoAlbum\/page\/performance\/img\/2025\/1\/4\/1736000118420_834.jpg\" width=\"100%\" height=\"auto\" \/><\/p>\n<p><span lang=\"PT\">A coopera\u00e7\u00e3o tecnol\u00f3gica entre a China e os EUA tem enfrentado grandes obst\u00e1culos nos \u00faltimos anos. Desde o bloqueio e san\u00e7\u00f5es contra empresas chinesas de alta tecnologia, como a Huawei, at\u00e9 o controle de tecnologias, interrup\u00e7\u00e3o de interc\u00e2mbios e bloqueio de talentos, os EUA t\u00eam criado obst\u00e1culos artificiais, implementando uma chamada &#8220;guerra fria&#8221; e &#8220;desconex\u00e3o&#8221; na tecnologia.<\/span><\/p>\n<p><span lang=\"PT\">Ser\u00e1 que os EUA alcan\u00e7aram seus objetivos com essas a\u00e7\u00f5es? Os fatos demonstram que foi um esfor\u00e7o em v\u00e3o. At\u00e9 o final de 2023, a China havia alcan\u00e7ado um marco significativo no desenvolvimento de computadores qu\u00e2nticos, com a realiza\u00e7\u00e3o bem-sucedida do entrela\u00e7amento de 100 qubits, tornando-se o primeiro pa\u00eds do mundo a atingir esse feito. Por outro lado, a press\u00e3o do governo dos EUA, na verdade, acelerou o avan\u00e7o da China no design de chips e na fabrica\u00e7\u00e3o de equipamentos, impulsionado pela crescente demanda do mercado.<\/span><\/p>\n<p><img decoding=\"async\" src=\"https:\/\/38picres.cgtn.com\/photoAlbum\/page\/performance\/img\/2025\/1\/4\/1736000128230_205.jpg\" width=\"100%\" height=\"auto\" \/><\/p>\n<p><span lang=\"PT\">Ent\u00e3o, quais ser\u00e3o os impactos da nova regulamenta\u00e7\u00e3o de restri\u00e7\u00e3o aos investimentos dos EUA? O mercado chin\u00eas de tecnologia qu\u00e2ntica recebe a maior parte de investimentos de empresas locais, com mais de tr\u00eas quartos provenientes de empresas dom\u00e9sticas. Isso significa que a nova regra dos EUA ter\u00e1 um impacto limitado sobre a China. Em contrapartida, os pr\u00f3prios EUA podem sofrer danos significativos. Os Estados Unidos s\u00e3o um dos principais investidores estrangeiros em setores de intelig\u00eancia artificial, biotecnologia e semicondutores na China. Nas \u00faltimas d\u00e9cadas, empresas norte-americanas como Apple, Microsoft, General Electric, IBM, Tesla, Intel e Qualcomm investiram amplamente na China. Com as novas restri\u00e7\u00f5es, espera-se que os lucros e o espa\u00e7o comercial dessas empresas na China sejam comprimidos.<\/span><\/p>\n<p><span lang=\"PT\">Em pouco mais de duas semanas, os EUA ter\u00e3o um novo governo. Espera-se que as autoridades norte-americanas adotem uma abordagem mais racional em rela\u00e7\u00e3o \u00e0 coopera\u00e7\u00e3o tecnol\u00f3gica com a China, corrigindo seus erros cometidos e permitindo que os resultados dessa coopera\u00e7\u00e3o beneficiem tanto as na\u00e7\u00f5es como o mundo.<\/span><\/p>\n","protected":false},"excerpt":{"rendered":"<p>O ano de 2025 marca o centen\u00e1rio da mec\u00e2nica qu\u00e2ntica. No entanto, no in\u00edcio deste ano, entrou em vigor uma nova regulamenta\u00e7\u00e3o do governo dos Estados Unidos, que limita os investimentos de indiv\u00edduos e empresas norte-americanas em tecnologias avan\u00e7adas chinesas,&#8230;<\/p>\n","protected":false},"author":2,"featured_media":0,"comment_status":"open","ping_status":"open","sticky":false,"template":"","format":"standard","meta":{"footnotes":""},"categories":[7],"tags":[],"class_list":["post-7371","post","type-post","status-publish","format-standard","hentry","category-visao"],"yoast_head":"<!-- This site is optimized with the Yoast SEO plugin v27.4 - https:\/\/yoast.com\/product\/yoast-seo-wordpress\/ -->\n<title>Por que a guerra tecnol\u00f3gica dos EUA contra a China est\u00e1 tendo o efeito contr\u00e1rio? - CRI e Diario de Pernambuco<\/title>\n<meta name=\"robots\" content=\"index, follow, max-snippet:-1, max-image-preview:large, max-video-preview:-1\" \/>\n<link rel=\"canonical\" href=\"https:\/\/diariodepe.com.br\/cri\/2025\/01\/06\/por-que-a-guerra-tecnologica-dos-eua-contra-a-china-esta-tendo-o-efeito-contrario\/\" \/>\n<meta property=\"og:locale\" content=\"pt_BR\" \/>\n<meta property=\"og:type\" content=\"article\" \/>\n<meta property=\"og:title\" content=\"Por que a guerra tecnol\u00f3gica dos EUA contra a China est\u00e1 tendo o efeito contr\u00e1rio? - CRI e Diario de Pernambuco\" \/>\n<meta property=\"og:description\" content=\"O ano de 2025 marca o centen\u00e1rio da mec\u00e2nica qu\u00e2ntica. No entanto, no in\u00edcio deste ano, entrou em vigor uma nova regulamenta\u00e7\u00e3o do governo dos Estados Unidos, que limita os investimentos de indiv\u00edduos e empresas norte-americanas em tecnologias avan\u00e7adas chinesas,...\" \/>\n<meta property=\"og:url\" content=\"https:\/\/diariodepe.com.br\/cri\/2025\/01\/06\/por-que-a-guerra-tecnologica-dos-eua-contra-a-china-esta-tendo-o-efeito-contrario\/\" \/>\n<meta property=\"og:site_name\" content=\"CRI e Diario de Pernambuco\" \/>\n<meta property=\"article:published_time\" content=\"2025-01-06T03:59:41+00:00\" \/>\n<meta property=\"article:modified_time\" content=\"2025-01-08T04:01:39+00:00\" \/>\n<meta property=\"og:image\" content=\"https:\/\/38picres.cgtn.com\/photoAlbum\/page\/performance\/img\/2025\/1\/4\/1736000118420_834.jpg\" \/>\n<meta name=\"author\" content=\"Ismael Lucas S. Pereira\" \/>\n<meta name=\"twitter:card\" content=\"summary_large_image\" \/>\n<meta name=\"twitter:label1\" content=\"Escrito por\" \/>\n\t<meta name=\"twitter:data1\" content=\"Ismael Lucas S. Pereira\" \/>\n\t<meta name=\"twitter:label2\" content=\"Est. tempo de leitura\" \/>\n\t<meta name=\"twitter:data2\" content=\"4 minutos\" \/>\n<script type=\"application\/ld+json\" class=\"yoast-schema-graph\">{\"@context\":\"https:\\\/\\\/schema.org\",\"@graph\":[{\"@type\":\"Article\",\"@id\":\"https:\\\/\\\/diariodepe.com.br\\\/cri\\\/2025\\\/01\\\/06\\\/por-que-a-guerra-tecnologica-dos-eua-contra-a-china-esta-tendo-o-efeito-contrario\\\/#article\",\"isPartOf\":{\"@id\":\"https:\\\/\\\/diariodepe.com.br\\\/cri\\\/2025\\\/01\\\/06\\\/por-que-a-guerra-tecnologica-dos-eua-contra-a-china-esta-tendo-o-efeito-contrario\\\/\"},\"author\":{\"name\":\"Ismael Lucas S. Pereira\",\"@id\":\"https:\\\/\\\/diariodepe.com.br\\\/cri\\\/#\\\/schema\\\/person\\\/121bb28d84f1a5b1205ef4ce9c2e0c6b\"},\"headline\":\"Por que a guerra tecnol\u00f3gica dos EUA contra a China est\u00e1 tendo o efeito contr\u00e1rio?\",\"datePublished\":\"2025-01-06T03:59:41+00:00\",\"dateModified\":\"2025-01-08T04:01:39+00:00\",\"mainEntityOfPage\":{\"@id\":\"https:\\\/\\\/diariodepe.com.br\\\/cri\\\/2025\\\/01\\\/06\\\/por-que-a-guerra-tecnologica-dos-eua-contra-a-china-esta-tendo-o-efeito-contrario\\\/\"},\"wordCount\":563,\"commentCount\":0,\"publisher\":{\"@id\":\"https:\\\/\\\/diariodepe.com.br\\\/cri\\\/#organization\"},\"image\":{\"@id\":\"https:\\\/\\\/diariodepe.com.br\\\/cri\\\/2025\\\/01\\\/06\\\/por-que-a-guerra-tecnologica-dos-eua-contra-a-china-esta-tendo-o-efeito-contrario\\\/#primaryimage\"},\"thumbnailUrl\":\"https:\\\/\\\/38picres.cgtn.com\\\/photoAlbum\\\/page\\\/performance\\\/img\\\/2025\\\/1\\\/4\\\/1736000118420_834.jpg\",\"articleSection\":[\"Vis\u00e3o\"],\"inLanguage\":\"pt-BR\",\"potentialAction\":[{\"@type\":\"CommentAction\",\"name\":\"Comment\",\"target\":[\"https:\\\/\\\/diariodepe.com.br\\\/cri\\\/2025\\\/01\\\/06\\\/por-que-a-guerra-tecnologica-dos-eua-contra-a-china-esta-tendo-o-efeito-contrario\\\/#respond\"]}]},{\"@type\":\"WebPage\",\"@id\":\"https:\\\/\\\/diariodepe.com.br\\\/cri\\\/2025\\\/01\\\/06\\\/por-que-a-guerra-tecnologica-dos-eua-contra-a-china-esta-tendo-o-efeito-contrario\\\/\",\"url\":\"https:\\\/\\\/diariodepe.com.br\\\/cri\\\/2025\\\/01\\\/06\\\/por-que-a-guerra-tecnologica-dos-eua-contra-a-china-esta-tendo-o-efeito-contrario\\\/\",\"name\":\"Por que a guerra tecnol\u00f3gica dos EUA contra a China est\u00e1 tendo o efeito contr\u00e1rio? - CRI e Diario de Pernambuco\",\"isPartOf\":{\"@id\":\"https:\\\/\\\/diariodepe.com.br\\\/cri\\\/#website\"},\"primaryImageOfPage\":{\"@id\":\"https:\\\/\\\/diariodepe.com.br\\\/cri\\\/2025\\\/01\\\/06\\\/por-que-a-guerra-tecnologica-dos-eua-contra-a-china-esta-tendo-o-efeito-contrario\\\/#primaryimage\"},\"image\":{\"@id\":\"https:\\\/\\\/diariodepe.com.br\\\/cri\\\/2025\\\/01\\\/06\\\/por-que-a-guerra-tecnologica-dos-eua-contra-a-china-esta-tendo-o-efeito-contrario\\\/#primaryimage\"},\"thumbnailUrl\":\"https:\\\/\\\/38picres.cgtn.com\\\/photoAlbum\\\/page\\\/performance\\\/img\\\/2025\\\/1\\\/4\\\/1736000118420_834.jpg\",\"datePublished\":\"2025-01-06T03:59:41+00:00\",\"dateModified\":\"2025-01-08T04:01:39+00:00\",\"breadcrumb\":{\"@id\":\"https:\\\/\\\/diariodepe.com.br\\\/cri\\\/2025\\\/01\\\/06\\\/por-que-a-guerra-tecnologica-dos-eua-contra-a-china-esta-tendo-o-efeito-contrario\\\/#breadcrumb\"},\"inLanguage\":\"pt-BR\",\"potentialAction\":[{\"@type\":\"ReadAction\",\"target\":[\"https:\\\/\\\/diariodepe.com.br\\\/cri\\\/2025\\\/01\\\/06\\\/por-que-a-guerra-tecnologica-dos-eua-contra-a-china-esta-tendo-o-efeito-contrario\\\/\"]}]},{\"@type\":\"ImageObject\",\"inLanguage\":\"pt-BR\",\"@id\":\"https:\\\/\\\/diariodepe.com.br\\\/cri\\\/2025\\\/01\\\/06\\\/por-que-a-guerra-tecnologica-dos-eua-contra-a-china-esta-tendo-o-efeito-contrario\\\/#primaryimage\",\"url\":\"https:\\\/\\\/38picres.cgtn.com\\\/photoAlbum\\\/page\\\/performance\\\/img\\\/2025\\\/1\\\/4\\\/1736000118420_834.jpg\",\"contentUrl\":\"https:\\\/\\\/38picres.cgtn.com\\\/photoAlbum\\\/page\\\/performance\\\/img\\\/2025\\\/1\\\/4\\\/1736000118420_834.jpg\"},{\"@type\":\"BreadcrumbList\",\"@id\":\"https:\\\/\\\/diariodepe.com.br\\\/cri\\\/2025\\\/01\\\/06\\\/por-que-a-guerra-tecnologica-dos-eua-contra-a-china-esta-tendo-o-efeito-contrario\\\/#breadcrumb\",\"itemListElement\":[{\"@type\":\"ListItem\",\"position\":1,\"name\":\"In\u00edcio\",\"item\":\"https:\\\/\\\/diariodepe.com.br\\\/cri\\\/\"},{\"@type\":\"ListItem\",\"position\":2,\"name\":\"Por que a guerra tecnol\u00f3gica dos EUA contra a China est\u00e1 tendo o efeito contr\u00e1rio?\"}]},{\"@type\":\"WebSite\",\"@id\":\"https:\\\/\\\/diariodepe.com.br\\\/cri\\\/#website\",\"url\":\"https:\\\/\\\/diariodepe.com.br\\\/cri\\\/\",\"name\":\"CRI e Diario de Pernambuco\",\"description\":\"R\u00e1dio Internacional da China\",\"publisher\":{\"@id\":\"https:\\\/\\\/diariodepe.com.br\\\/cri\\\/#organization\"},\"potentialAction\":[{\"@type\":\"SearchAction\",\"target\":{\"@type\":\"EntryPoint\",\"urlTemplate\":\"https:\\\/\\\/diariodepe.com.br\\\/cri\\\/?s={search_term_string}\"},\"query-input\":{\"@type\":\"PropertyValueSpecification\",\"valueRequired\":true,\"valueName\":\"search_term_string\"}}],\"inLanguage\":\"pt-BR\"},{\"@type\":\"Organization\",\"@id\":\"https:\\\/\\\/diariodepe.com.br\\\/cri\\\/#organization\",\"name\":\"CRI e Diario de Pernambuco\",\"url\":\"https:\\\/\\\/diariodepe.com.br\\\/cri\\\/\",\"logo\":{\"@type\":\"ImageObject\",\"inLanguage\":\"pt-BR\",\"@id\":\"https:\\\/\\\/diariodepe.com.br\\\/cri\\\/#\\\/schema\\\/logo\\\/image\\\/\",\"url\":\"https:\\\/\\\/diariodepe.com.br\\\/cri\\\/wp-content\\\/uploads\\\/sites\\\/2\\\/2022\\\/12\\\/cropped-Logo.jpg\",\"contentUrl\":\"https:\\\/\\\/diariodepe.com.br\\\/cri\\\/wp-content\\\/uploads\\\/sites\\\/2\\\/2022\\\/12\\\/cropped-Logo.jpg\",\"width\":700,\"height\":59,\"caption\":\"CRI e Diario de Pernambuco\"},\"image\":{\"@id\":\"https:\\\/\\\/diariodepe.com.br\\\/cri\\\/#\\\/schema\\\/logo\\\/image\\\/\"}},{\"@type\":\"Person\",\"@id\":\"https:\\\/\\\/diariodepe.com.br\\\/cri\\\/#\\\/schema\\\/person\\\/121bb28d84f1a5b1205ef4ce9c2e0c6b\",\"name\":\"Ismael Lucas S. Pereira\",\"image\":{\"@type\":\"ImageObject\",\"inLanguage\":\"pt-BR\",\"@id\":\"https:\\\/\\\/secure.gravatar.com\\\/avatar\\\/887a0f3b5a7ceea963a48499fb883ffce6b5037362def025c52c2505b15d63e4?s=96&d=mm&r=g\",\"url\":\"https:\\\/\\\/secure.gravatar.com\\\/avatar\\\/887a0f3b5a7ceea963a48499fb883ffce6b5037362def025c52c2505b15d63e4?s=96&d=mm&r=g\",\"contentUrl\":\"https:\\\/\\\/secure.gravatar.com\\\/avatar\\\/887a0f3b5a7ceea963a48499fb883ffce6b5037362def025c52c2505b15d63e4?s=96&d=mm&r=g\",\"caption\":\"Ismael Lucas S. Pereira\"},\"url\":\"https:\\\/\\\/diariodepe.com.br\\\/cri\\\/author\\\/ismael-lucas\\\/\"}]}<\/script>\n<!-- \/ Yoast SEO plugin. -->","yoast_head_json":{"title":"Por que a guerra tecnol\u00f3gica dos EUA contra a China est\u00e1 tendo o efeito contr\u00e1rio? - CRI e Diario de Pernambuco","robots":{"index":"index","follow":"follow","max-snippet":"max-snippet:-1","max-image-preview":"max-image-preview:large","max-video-preview":"max-video-preview:-1"},"canonical":"https:\/\/diariodepe.com.br\/cri\/2025\/01\/06\/por-que-a-guerra-tecnologica-dos-eua-contra-a-china-esta-tendo-o-efeito-contrario\/","og_locale":"pt_BR","og_type":"article","og_title":"Por que a guerra tecnol\u00f3gica dos EUA contra a China est\u00e1 tendo o efeito contr\u00e1rio? - CRI e Diario de Pernambuco","og_description":"O ano de 2025 marca o centen\u00e1rio da mec\u00e2nica qu\u00e2ntica. No entanto, no in\u00edcio deste ano, entrou em vigor uma nova regulamenta\u00e7\u00e3o do governo dos Estados Unidos, que limita os investimentos de indiv\u00edduos e empresas norte-americanas em tecnologias avan\u00e7adas chinesas,...","og_url":"https:\/\/diariodepe.com.br\/cri\/2025\/01\/06\/por-que-a-guerra-tecnologica-dos-eua-contra-a-china-esta-tendo-o-efeito-contrario\/","og_site_name":"CRI e Diario de Pernambuco","article_published_time":"2025-01-06T03:59:41+00:00","article_modified_time":"2025-01-08T04:01:39+00:00","og_image":[{"url":"https:\/\/38picres.cgtn.com\/photoAlbum\/page\/performance\/img\/2025\/1\/4\/1736000118420_834.jpg","type":"","width":"","height":""}],"author":"Ismael Lucas S. Pereira","twitter_card":"summary_large_image","twitter_misc":{"Escrito por":"Ismael Lucas S. Pereira","Est. tempo de leitura":"4 minutos"},"schema":{"@context":"https:\/\/schema.org","@graph":[{"@type":"Article","@id":"https:\/\/diariodepe.com.br\/cri\/2025\/01\/06\/por-que-a-guerra-tecnologica-dos-eua-contra-a-china-esta-tendo-o-efeito-contrario\/#article","isPartOf":{"@id":"https:\/\/diariodepe.com.br\/cri\/2025\/01\/06\/por-que-a-guerra-tecnologica-dos-eua-contra-a-china-esta-tendo-o-efeito-contrario\/"},"author":{"name":"Ismael Lucas S. Pereira","@id":"https:\/\/diariodepe.com.br\/cri\/#\/schema\/person\/121bb28d84f1a5b1205ef4ce9c2e0c6b"},"headline":"Por que a guerra tecnol\u00f3gica dos EUA contra a China est\u00e1 tendo o efeito contr\u00e1rio?","datePublished":"2025-01-06T03:59:41+00:00","dateModified":"2025-01-08T04:01:39+00:00","mainEntityOfPage":{"@id":"https:\/\/diariodepe.com.br\/cri\/2025\/01\/06\/por-que-a-guerra-tecnologica-dos-eua-contra-a-china-esta-tendo-o-efeito-contrario\/"},"wordCount":563,"commentCount":0,"publisher":{"@id":"https:\/\/diariodepe.com.br\/cri\/#organization"},"image":{"@id":"https:\/\/diariodepe.com.br\/cri\/2025\/01\/06\/por-que-a-guerra-tecnologica-dos-eua-contra-a-china-esta-tendo-o-efeito-contrario\/#primaryimage"},"thumbnailUrl":"https:\/\/38picres.cgtn.com\/photoAlbum\/page\/performance\/img\/2025\/1\/4\/1736000118420_834.jpg","articleSection":["Vis\u00e3o"],"inLanguage":"pt-BR","potentialAction":[{"@type":"CommentAction","name":"Comment","target":["https:\/\/diariodepe.com.br\/cri\/2025\/01\/06\/por-que-a-guerra-tecnologica-dos-eua-contra-a-china-esta-tendo-o-efeito-contrario\/#respond"]}]},{"@type":"WebPage","@id":"https:\/\/diariodepe.com.br\/cri\/2025\/01\/06\/por-que-a-guerra-tecnologica-dos-eua-contra-a-china-esta-tendo-o-efeito-contrario\/","url":"https:\/\/diariodepe.com.br\/cri\/2025\/01\/06\/por-que-a-guerra-tecnologica-dos-eua-contra-a-china-esta-tendo-o-efeito-contrario\/","name":"Por que a guerra tecnol\u00f3gica dos EUA contra a China est\u00e1 tendo o efeito contr\u00e1rio? - CRI e Diario de Pernambuco","isPartOf":{"@id":"https:\/\/diariodepe.com.br\/cri\/#website"},"primaryImageOfPage":{"@id":"https:\/\/diariodepe.com.br\/cri\/2025\/01\/06\/por-que-a-guerra-tecnologica-dos-eua-contra-a-china-esta-tendo-o-efeito-contrario\/#primaryimage"},"image":{"@id":"https:\/\/diariodepe.com.br\/cri\/2025\/01\/06\/por-que-a-guerra-tecnologica-dos-eua-contra-a-china-esta-tendo-o-efeito-contrario\/#primaryimage"},"thumbnailUrl":"https:\/\/38picres.cgtn.com\/photoAlbum\/page\/performance\/img\/2025\/1\/4\/1736000118420_834.jpg","datePublished":"2025-01-06T03:59:41+00:00","dateModified":"2025-01-08T04:01:39+00:00","breadcrumb":{"@id":"https:\/\/diariodepe.com.br\/cri\/2025\/01\/06\/por-que-a-guerra-tecnologica-dos-eua-contra-a-china-esta-tendo-o-efeito-contrario\/#breadcrumb"},"inLanguage":"pt-BR","potentialAction":[{"@type":"ReadAction","target":["https:\/\/diariodepe.com.br\/cri\/2025\/01\/06\/por-que-a-guerra-tecnologica-dos-eua-contra-a-china-esta-tendo-o-efeito-contrario\/"]}]},{"@type":"ImageObject","inLanguage":"pt-BR","@id":"https:\/\/diariodepe.com.br\/cri\/2025\/01\/06\/por-que-a-guerra-tecnologica-dos-eua-contra-a-china-esta-tendo-o-efeito-contrario\/#primaryimage","url":"https:\/\/38picres.cgtn.com\/photoAlbum\/page\/performance\/img\/2025\/1\/4\/1736000118420_834.jpg","contentUrl":"https:\/\/38picres.cgtn.com\/photoAlbum\/page\/performance\/img\/2025\/1\/4\/1736000118420_834.jpg"},{"@type":"BreadcrumbList","@id":"https:\/\/diariodepe.com.br\/cri\/2025\/01\/06\/por-que-a-guerra-tecnologica-dos-eua-contra-a-china-esta-tendo-o-efeito-contrario\/#breadcrumb","itemListElement":[{"@type":"ListItem","position":1,"name":"In\u00edcio","item":"https:\/\/diariodepe.com.br\/cri\/"},{"@type":"ListItem","position":2,"name":"Por que a guerra tecnol\u00f3gica dos EUA contra a China est\u00e1 tendo o efeito contr\u00e1rio?"}]},{"@type":"WebSite","@id":"https:\/\/diariodepe.com.br\/cri\/#website","url":"https:\/\/diariodepe.com.br\/cri\/","name":"CRI e Diario de Pernambuco","description":"R\u00e1dio Internacional da China","publisher":{"@id":"https:\/\/diariodepe.com.br\/cri\/#organization"},"potentialAction":[{"@type":"SearchAction","target":{"@type":"EntryPoint","urlTemplate":"https:\/\/diariodepe.com.br\/cri\/?s={search_term_string}"},"query-input":{"@type":"PropertyValueSpecification","valueRequired":true,"valueName":"search_term_string"}}],"inLanguage":"pt-BR"},{"@type":"Organization","@id":"https:\/\/diariodepe.com.br\/cri\/#organization","name":"CRI e Diario de Pernambuco","url":"https:\/\/diariodepe.com.br\/cri\/","logo":{"@type":"ImageObject","inLanguage":"pt-BR","@id":"https:\/\/diariodepe.com.br\/cri\/#\/schema\/logo\/image\/","url":"https:\/\/diariodepe.com.br\/cri\/wp-content\/uploads\/sites\/2\/2022\/12\/cropped-Logo.jpg","contentUrl":"https:\/\/diariodepe.com.br\/cri\/wp-content\/uploads\/sites\/2\/2022\/12\/cropped-Logo.jpg","width":700,"height":59,"caption":"CRI e Diario de Pernambuco"},"image":{"@id":"https:\/\/diariodepe.com.br\/cri\/#\/schema\/logo\/image\/"}},{"@type":"Person","@id":"https:\/\/diariodepe.com.br\/cri\/#\/schema\/person\/121bb28d84f1a5b1205ef4ce9c2e0c6b","name":"Ismael Lucas S. Pereira","image":{"@type":"ImageObject","inLanguage":"pt-BR","@id":"https:\/\/secure.gravatar.com\/avatar\/887a0f3b5a7ceea963a48499fb883ffce6b5037362def025c52c2505b15d63e4?s=96&d=mm&r=g","url":"https:\/\/secure.gravatar.com\/avatar\/887a0f3b5a7ceea963a48499fb883ffce6b5037362def025c52c2505b15d63e4?s=96&d=mm&r=g","contentUrl":"https:\/\/secure.gravatar.com\/avatar\/887a0f3b5a7ceea963a48499fb883ffce6b5037362def025c52c2505b15d63e4?s=96&d=mm&r=g","caption":"Ismael Lucas S. Pereira"},"url":"https:\/\/diariodepe.com.br\/cri\/author\/ismael-lucas\/"}]}},"cc_featured_image_caption":{"caption_text":false,"source_text":false,"source_url":false},"amp_enabled":true,"_links":{"self":[{"href":"https:\/\/diariodepe.com.br\/cri\/wp-json\/wp\/v2\/posts\/7371","targetHints":{"allow":["GET"]}}],"collection":[{"href":"https:\/\/diariodepe.com.br\/cri\/wp-json\/wp\/v2\/posts"}],"about":[{"href":"https:\/\/diariodepe.com.br\/cri\/wp-json\/wp\/v2\/types\/post"}],"author":[{"embeddable":true,"href":"https:\/\/diariodepe.com.br\/cri\/wp-json\/wp\/v2\/users\/2"}],"replies":[{"embeddable":true,"href":"https:\/\/diariodepe.com.br\/cri\/wp-json\/wp\/v2\/comments?post=7371"}],"version-history":[{"count":1,"href":"https:\/\/diariodepe.com.br\/cri\/wp-json\/wp\/v2\/posts\/7371\/revisions"}],"predecessor-version":[{"id":7372,"href":"https:\/\/diariodepe.com.br\/cri\/wp-json\/wp\/v2\/posts\/7371\/revisions\/7372"}],"wp:attachment":[{"href":"https:\/\/diariodepe.com.br\/cri\/wp-json\/wp\/v2\/media?parent=7371"}],"wp:term":[{"taxonomy":"category","embeddable":true,"href":"https:\/\/diariodepe.com.br\/cri\/wp-json\/wp\/v2\/categories?post=7371"},{"taxonomy":"post_tag","embeddable":true,"href":"https:\/\/diariodepe.com.br\/cri\/wp-json\/wp\/v2\/tags?post=7371"}],"curies":[{"name":"wp","href":"https:\/\/api.w.org\/{rel}","templated":true}]}}