{"id":7367,"date":"2025-01-07T00:45:26","date_gmt":"2025-01-07T03:45:26","guid":{"rendered":"https:\/\/diariodepe.com.br\/cri\/?p=7367"},"modified":"2025-01-08T00:46:31","modified_gmt":"2025-01-08T03:46:31","slug":"lancada-primeira-linha-de-logistica-expressa-entre-guangzhou-e-chengdu","status":"publish","type":"post","link":"https:\/\/diariodepe.com.br\/cri\/2025\/01\/07\/lancada-primeira-linha-de-logistica-expressa-entre-guangzhou-e-chengdu\/","title":{"rendered":"Lan\u00e7ada primeira linha de log\u00edstica expressa entre Guangzhou e Chengdu"},"content":{"rendered":"<p><span lang=\"PT-BR\">O X8512 transportando produtos fabricados na Grande Ba\u00eda Guangdong-Hong Kong-Macau partiu hoje (6) da Esta\u00e7\u00e3o do Porto Internacional de Guangzhou e dever\u00e1 chegar em 31 horas na cidade de Chengdu, capital de Sichuan, no sudoeste da China. Trata-se do lan\u00e7amento da primeira linha de demonstra\u00e7\u00e3o de log\u00edstica expressa do pa\u00eds, que visa aumentar a efici\u00eancia do transporte de suprimentos, reduzir os custos log\u00edsticos e fornecer um grande suporte em prol do desenvolvimento econ\u00f4mico coordenado entre as regi\u00f5es de Guangdong e Sichuan.<\/span><\/p>\n<p><img decoding=\"async\" class=\"aligncenter\" src=\"https:\/\/38picres.cgtn.com\/photoAlbum\/page\/performance\/img\/2025\/1\/6\/1736153335573_644.jpg\" width=\"100%\" height=\"auto\" \/><\/p>\n<p><span lang=\"PT-BR\">O trem opera todos os dias e viaja a uma velocidade m\u00e9dia de 70 km\/h com a m\u00e1xima de 120 km\/h. O trajeto ao transportar os bens de consumo ir\u00e1 agilizar o setor de com\u00e9rcio eletr\u00f4nico.<\/span><\/p>\n<p><span lang=\"PT-BR\">Na pr\u00f3xima etapa, o planejamento \u00e9 de que a opera\u00e7\u00e3o das linhas de trem expresso entre Guangzhou e Tianjin, Dongguan e Hangzhou viabilize um transporte multimodal de alta qualidade.<\/span><\/p>\n","protected":false},"excerpt":{"rendered":"<p>O X8512 transportando produtos fabricados na Grande Ba\u00eda Guangdong-Hong Kong-Macau partiu hoje (6) da Esta\u00e7\u00e3o do Porto Internacional de Guangzhou e dever\u00e1 chegar em 31 horas na cidade de Chengdu, capital de Sichuan, no sudoeste da China. Trata-se do lan\u00e7amento&#8230;<\/p>\n","protected":false},"author":2,"featured_media":0,"comment_status":"open","ping_status":"open","sticky":false,"template":"","format":"standard","meta":{"footnotes":""},"categories":[3],"tags":[],"class_list":["post-7367","post","type-post","status-publish","format-standard","hentry","category-china"],"yoast_head":"<!-- This site is optimized with the Yoast SEO plugin v27.4 - https:\/\/yoast.com\/product\/yoast-seo-wordpress\/ -->\n<title>Lan\u00e7ada primeira linha de log\u00edstica expressa entre Guangzhou e Chengdu - CRI e Diario de Pernambuco<\/title>\n<meta name=\"robots\" content=\"index, follow, max-snippet:-1, max-image-preview:large, max-video-preview:-1\" \/>\n<link rel=\"canonical\" href=\"https:\/\/diariodepe.com.br\/cri\/2025\/01\/07\/lancada-primeira-linha-de-logistica-expressa-entre-guangzhou-e-chengdu\/\" \/>\n<meta property=\"og:locale\" content=\"pt_BR\" \/>\n<meta property=\"og:type\" content=\"article\" \/>\n<meta property=\"og:title\" content=\"Lan\u00e7ada primeira linha de log\u00edstica expressa entre Guangzhou e Chengdu - CRI e Diario de Pernambuco\" \/>\n<meta property=\"og:description\" content=\"O X8512 transportando produtos fabricados na Grande Ba\u00eda Guangdong-Hong Kong-Macau partiu hoje (6) da Esta\u00e7\u00e3o do Porto Internacional de Guangzhou e dever\u00e1 chegar em 31 horas na cidade de Chengdu, capital de Sichuan, no sudoeste da China. Trata-se do lan\u00e7amento...\" \/>\n<meta property=\"og:url\" content=\"https:\/\/diariodepe.com.br\/cri\/2025\/01\/07\/lancada-primeira-linha-de-logistica-expressa-entre-guangzhou-e-chengdu\/\" \/>\n<meta property=\"og:site_name\" content=\"CRI e Diario de Pernambuco\" \/>\n<meta property=\"article:published_time\" content=\"2025-01-07T03:45:26+00:00\" \/>\n<meta property=\"article:modified_time\" content=\"2025-01-08T03:46:31+00:00\" \/>\n<meta property=\"og:image\" content=\"https:\/\/38picres.cgtn.com\/photoAlbum\/page\/performance\/img\/2025\/1\/6\/1736153335573_644.jpg\" \/>\n<meta name=\"author\" content=\"Ismael Lucas S. Pereira\" \/>\n<meta name=\"twitter:card\" content=\"summary_large_image\" \/>\n<meta name=\"twitter:label1\" content=\"Escrito por\" \/>\n\t<meta name=\"twitter:data1\" content=\"Ismael Lucas S. Pereira\" \/>\n\t<meta name=\"twitter:label2\" content=\"Est. tempo de leitura\" \/>\n\t<meta name=\"twitter:data2\" content=\"2 minutos\" \/>\n<script type=\"application\/ld+json\" class=\"yoast-schema-graph\">{\"@context\":\"https:\\\/\\\/schema.org\",\"@graph\":[{\"@type\":\"Article\",\"@id\":\"https:\\\/\\\/diariodepe.com.br\\\/cri\\\/2025\\\/01\\\/07\\\/lancada-primeira-linha-de-logistica-expressa-entre-guangzhou-e-chengdu\\\/#article\",\"isPartOf\":{\"@id\":\"https:\\\/\\\/diariodepe.com.br\\\/cri\\\/2025\\\/01\\\/07\\\/lancada-primeira-linha-de-logistica-expressa-entre-guangzhou-e-chengdu\\\/\"},\"author\":{\"name\":\"Ismael Lucas S. Pereira\",\"@id\":\"https:\\\/\\\/diariodepe.com.br\\\/cri\\\/#\\\/schema\\\/person\\\/121bb28d84f1a5b1205ef4ce9c2e0c6b\"},\"headline\":\"Lan\u00e7ada primeira linha de log\u00edstica expressa entre Guangzhou e Chengdu\",\"datePublished\":\"2025-01-07T03:45:26+00:00\",\"dateModified\":\"2025-01-08T03:46:31+00:00\",\"mainEntityOfPage\":{\"@id\":\"https:\\\/\\\/diariodepe.com.br\\\/cri\\\/2025\\\/01\\\/07\\\/lancada-primeira-linha-de-logistica-expressa-entre-guangzhou-e-chengdu\\\/\"},\"wordCount\":171,\"commentCount\":0,\"publisher\":{\"@id\":\"https:\\\/\\\/diariodepe.com.br\\\/cri\\\/#organization\"},\"image\":{\"@id\":\"https:\\\/\\\/diariodepe.com.br\\\/cri\\\/2025\\\/01\\\/07\\\/lancada-primeira-linha-de-logistica-expressa-entre-guangzhou-e-chengdu\\\/#primaryimage\"},\"thumbnailUrl\":\"https:\\\/\\\/38picres.cgtn.com\\\/photoAlbum\\\/page\\\/performance\\\/img\\\/2025\\\/1\\\/6\\\/1736153335573_644.jpg\",\"articleSection\":[\"China\"],\"inLanguage\":\"pt-BR\",\"potentialAction\":[{\"@type\":\"CommentAction\",\"name\":\"Comment\",\"target\":[\"https:\\\/\\\/diariodepe.com.br\\\/cri\\\/2025\\\/01\\\/07\\\/lancada-primeira-linha-de-logistica-expressa-entre-guangzhou-e-chengdu\\\/#respond\"]}]},{\"@type\":\"WebPage\",\"@id\":\"https:\\\/\\\/diariodepe.com.br\\\/cri\\\/2025\\\/01\\\/07\\\/lancada-primeira-linha-de-logistica-expressa-entre-guangzhou-e-chengdu\\\/\",\"url\":\"https:\\\/\\\/diariodepe.com.br\\\/cri\\\/2025\\\/01\\\/07\\\/lancada-primeira-linha-de-logistica-expressa-entre-guangzhou-e-chengdu\\\/\",\"name\":\"Lan\u00e7ada primeira linha de log\u00edstica expressa entre Guangzhou e Chengdu - CRI e Diario de Pernambuco\",\"isPartOf\":{\"@id\":\"https:\\\/\\\/diariodepe.com.br\\\/cri\\\/#website\"},\"primaryImageOfPage\":{\"@id\":\"https:\\\/\\\/diariodepe.com.br\\\/cri\\\/2025\\\/01\\\/07\\\/lancada-primeira-linha-de-logistica-expressa-entre-guangzhou-e-chengdu\\\/#primaryimage\"},\"image\":{\"@id\":\"https:\\\/\\\/diariodepe.com.br\\\/cri\\\/2025\\\/01\\\/07\\\/lancada-primeira-linha-de-logistica-expressa-entre-guangzhou-e-chengdu\\\/#primaryimage\"},\"thumbnailUrl\":\"https:\\\/\\\/38picres.cgtn.com\\\/photoAlbum\\\/page\\\/performance\\\/img\\\/2025\\\/1\\\/6\\\/1736153335573_644.jpg\",\"datePublished\":\"2025-01-07T03:45:26+00:00\",\"dateModified\":\"2025-01-08T03:46:31+00:00\",\"breadcrumb\":{\"@id\":\"https:\\\/\\\/diariodepe.com.br\\\/cri\\\/2025\\\/01\\\/07\\\/lancada-primeira-linha-de-logistica-expressa-entre-guangzhou-e-chengdu\\\/#breadcrumb\"},\"inLanguage\":\"pt-BR\",\"potentialAction\":[{\"@type\":\"ReadAction\",\"target\":[\"https:\\\/\\\/diariodepe.com.br\\\/cri\\\/2025\\\/01\\\/07\\\/lancada-primeira-linha-de-logistica-expressa-entre-guangzhou-e-chengdu\\\/\"]}]},{\"@type\":\"ImageObject\",\"inLanguage\":\"pt-BR\",\"@id\":\"https:\\\/\\\/diariodepe.com.br\\\/cri\\\/2025\\\/01\\\/07\\\/lancada-primeira-linha-de-logistica-expressa-entre-guangzhou-e-chengdu\\\/#primaryimage\",\"url\":\"https:\\\/\\\/38picres.cgtn.com\\\/photoAlbum\\\/page\\\/performance\\\/img\\\/2025\\\/1\\\/6\\\/1736153335573_644.jpg\",\"contentUrl\":\"https:\\\/\\\/38picres.cgtn.com\\\/photoAlbum\\\/page\\\/performance\\\/img\\\/2025\\\/1\\\/6\\\/1736153335573_644.jpg\"},{\"@type\":\"BreadcrumbList\",\"@id\":\"https:\\\/\\\/diariodepe.com.br\\\/cri\\\/2025\\\/01\\\/07\\\/lancada-primeira-linha-de-logistica-expressa-entre-guangzhou-e-chengdu\\\/#breadcrumb\",\"itemListElement\":[{\"@type\":\"ListItem\",\"position\":1,\"name\":\"In\u00edcio\",\"item\":\"https:\\\/\\\/diariodepe.com.br\\\/cri\\\/\"},{\"@type\":\"ListItem\",\"position\":2,\"name\":\"Lan\u00e7ada primeira linha de log\u00edstica expressa entre Guangzhou e Chengdu\"}]},{\"@type\":\"WebSite\",\"@id\":\"https:\\\/\\\/diariodepe.com.br\\\/cri\\\/#website\",\"url\":\"https:\\\/\\\/diariodepe.com.br\\\/cri\\\/\",\"name\":\"CRI e Diario de Pernambuco\",\"description\":\"R\u00e1dio Internacional da China\",\"publisher\":{\"@id\":\"https:\\\/\\\/diariodepe.com.br\\\/cri\\\/#organization\"},\"potentialAction\":[{\"@type\":\"SearchAction\",\"target\":{\"@type\":\"EntryPoint\",\"urlTemplate\":\"https:\\\/\\\/diariodepe.com.br\\\/cri\\\/?s={search_term_string}\"},\"query-input\":{\"@type\":\"PropertyValueSpecification\",\"valueRequired\":true,\"valueName\":\"search_term_string\"}}],\"inLanguage\":\"pt-BR\"},{\"@type\":\"Organization\",\"@id\":\"https:\\\/\\\/diariodepe.com.br\\\/cri\\\/#organization\",\"name\":\"CRI e Diario de Pernambuco\",\"url\":\"https:\\\/\\\/diariodepe.com.br\\\/cri\\\/\",\"logo\":{\"@type\":\"ImageObject\",\"inLanguage\":\"pt-BR\",\"@id\":\"https:\\\/\\\/diariodepe.com.br\\\/cri\\\/#\\\/schema\\\/logo\\\/image\\\/\",\"url\":\"https:\\\/\\\/diariodepe.com.br\\\/cri\\\/wp-content\\\/uploads\\\/sites\\\/2\\\/2022\\\/12\\\/cropped-Logo.jpg\",\"contentUrl\":\"https:\\\/\\\/diariodepe.com.br\\\/cri\\\/wp-content\\\/uploads\\\/sites\\\/2\\\/2022\\\/12\\\/cropped-Logo.jpg\",\"width\":700,\"height\":59,\"caption\":\"CRI e Diario de Pernambuco\"},\"image\":{\"@id\":\"https:\\\/\\\/diariodepe.com.br\\\/cri\\\/#\\\/schema\\\/logo\\\/image\\\/\"}},{\"@type\":\"Person\",\"@id\":\"https:\\\/\\\/diariodepe.com.br\\\/cri\\\/#\\\/schema\\\/person\\\/121bb28d84f1a5b1205ef4ce9c2e0c6b\",\"name\":\"Ismael Lucas S. Pereira\",\"image\":{\"@type\":\"ImageObject\",\"inLanguage\":\"pt-BR\",\"@id\":\"https:\\\/\\\/secure.gravatar.com\\\/avatar\\\/887a0f3b5a7ceea963a48499fb883ffce6b5037362def025c52c2505b15d63e4?s=96&d=mm&r=g\",\"url\":\"https:\\\/\\\/secure.gravatar.com\\\/avatar\\\/887a0f3b5a7ceea963a48499fb883ffce6b5037362def025c52c2505b15d63e4?s=96&d=mm&r=g\",\"contentUrl\":\"https:\\\/\\\/secure.gravatar.com\\\/avatar\\\/887a0f3b5a7ceea963a48499fb883ffce6b5037362def025c52c2505b15d63e4?s=96&d=mm&r=g\",\"caption\":\"Ismael Lucas S. Pereira\"},\"url\":\"https:\\\/\\\/diariodepe.com.br\\\/cri\\\/author\\\/ismael-lucas\\\/\"}]}<\/script>\n<!-- \/ Yoast SEO plugin. -->","yoast_head_json":{"title":"Lan\u00e7ada primeira linha de log\u00edstica expressa entre Guangzhou e Chengdu - CRI e Diario de Pernambuco","robots":{"index":"index","follow":"follow","max-snippet":"max-snippet:-1","max-image-preview":"max-image-preview:large","max-video-preview":"max-video-preview:-1"},"canonical":"https:\/\/diariodepe.com.br\/cri\/2025\/01\/07\/lancada-primeira-linha-de-logistica-expressa-entre-guangzhou-e-chengdu\/","og_locale":"pt_BR","og_type":"article","og_title":"Lan\u00e7ada primeira linha de log\u00edstica expressa entre Guangzhou e Chengdu - CRI e Diario de Pernambuco","og_description":"O X8512 transportando produtos fabricados na Grande Ba\u00eda Guangdong-Hong Kong-Macau partiu hoje (6) da Esta\u00e7\u00e3o do Porto Internacional de Guangzhou e dever\u00e1 chegar em 31 horas na cidade de Chengdu, capital de Sichuan, no sudoeste da China. Trata-se do lan\u00e7amento...","og_url":"https:\/\/diariodepe.com.br\/cri\/2025\/01\/07\/lancada-primeira-linha-de-logistica-expressa-entre-guangzhou-e-chengdu\/","og_site_name":"CRI e Diario de Pernambuco","article_published_time":"2025-01-07T03:45:26+00:00","article_modified_time":"2025-01-08T03:46:31+00:00","og_image":[{"url":"https:\/\/38picres.cgtn.com\/photoAlbum\/page\/performance\/img\/2025\/1\/6\/1736153335573_644.jpg","type":"","width":"","height":""}],"author":"Ismael Lucas S. Pereira","twitter_card":"summary_large_image","twitter_misc":{"Escrito por":"Ismael Lucas S. Pereira","Est. tempo de leitura":"2 minutos"},"schema":{"@context":"https:\/\/schema.org","@graph":[{"@type":"Article","@id":"https:\/\/diariodepe.com.br\/cri\/2025\/01\/07\/lancada-primeira-linha-de-logistica-expressa-entre-guangzhou-e-chengdu\/#article","isPartOf":{"@id":"https:\/\/diariodepe.com.br\/cri\/2025\/01\/07\/lancada-primeira-linha-de-logistica-expressa-entre-guangzhou-e-chengdu\/"},"author":{"name":"Ismael Lucas S. Pereira","@id":"https:\/\/diariodepe.com.br\/cri\/#\/schema\/person\/121bb28d84f1a5b1205ef4ce9c2e0c6b"},"headline":"Lan\u00e7ada primeira linha de log\u00edstica expressa entre Guangzhou e Chengdu","datePublished":"2025-01-07T03:45:26+00:00","dateModified":"2025-01-08T03:46:31+00:00","mainEntityOfPage":{"@id":"https:\/\/diariodepe.com.br\/cri\/2025\/01\/07\/lancada-primeira-linha-de-logistica-expressa-entre-guangzhou-e-chengdu\/"},"wordCount":171,"commentCount":0,"publisher":{"@id":"https:\/\/diariodepe.com.br\/cri\/#organization"},"image":{"@id":"https:\/\/diariodepe.com.br\/cri\/2025\/01\/07\/lancada-primeira-linha-de-logistica-expressa-entre-guangzhou-e-chengdu\/#primaryimage"},"thumbnailUrl":"https:\/\/38picres.cgtn.com\/photoAlbum\/page\/performance\/img\/2025\/1\/6\/1736153335573_644.jpg","articleSection":["China"],"inLanguage":"pt-BR","potentialAction":[{"@type":"CommentAction","name":"Comment","target":["https:\/\/diariodepe.com.br\/cri\/2025\/01\/07\/lancada-primeira-linha-de-logistica-expressa-entre-guangzhou-e-chengdu\/#respond"]}]},{"@type":"WebPage","@id":"https:\/\/diariodepe.com.br\/cri\/2025\/01\/07\/lancada-primeira-linha-de-logistica-expressa-entre-guangzhou-e-chengdu\/","url":"https:\/\/diariodepe.com.br\/cri\/2025\/01\/07\/lancada-primeira-linha-de-logistica-expressa-entre-guangzhou-e-chengdu\/","name":"Lan\u00e7ada primeira linha de log\u00edstica expressa entre Guangzhou e Chengdu - CRI e Diario de Pernambuco","isPartOf":{"@id":"https:\/\/diariodepe.com.br\/cri\/#website"},"primaryImageOfPage":{"@id":"https:\/\/diariodepe.com.br\/cri\/2025\/01\/07\/lancada-primeira-linha-de-logistica-expressa-entre-guangzhou-e-chengdu\/#primaryimage"},"image":{"@id":"https:\/\/diariodepe.com.br\/cri\/2025\/01\/07\/lancada-primeira-linha-de-logistica-expressa-entre-guangzhou-e-chengdu\/#primaryimage"},"thumbnailUrl":"https:\/\/38picres.cgtn.com\/photoAlbum\/page\/performance\/img\/2025\/1\/6\/1736153335573_644.jpg","datePublished":"2025-01-07T03:45:26+00:00","dateModified":"2025-01-08T03:46:31+00:00","breadcrumb":{"@id":"https:\/\/diariodepe.com.br\/cri\/2025\/01\/07\/lancada-primeira-linha-de-logistica-expressa-entre-guangzhou-e-chengdu\/#breadcrumb"},"inLanguage":"pt-BR","potentialAction":[{"@type":"ReadAction","target":["https:\/\/diariodepe.com.br\/cri\/2025\/01\/07\/lancada-primeira-linha-de-logistica-expressa-entre-guangzhou-e-chengdu\/"]}]},{"@type":"ImageObject","inLanguage":"pt-BR","@id":"https:\/\/diariodepe.com.br\/cri\/2025\/01\/07\/lancada-primeira-linha-de-logistica-expressa-entre-guangzhou-e-chengdu\/#primaryimage","url":"https:\/\/38picres.cgtn.com\/photoAlbum\/page\/performance\/img\/2025\/1\/6\/1736153335573_644.jpg","contentUrl":"https:\/\/38picres.cgtn.com\/photoAlbum\/page\/performance\/img\/2025\/1\/6\/1736153335573_644.jpg"},{"@type":"BreadcrumbList","@id":"https:\/\/diariodepe.com.br\/cri\/2025\/01\/07\/lancada-primeira-linha-de-logistica-expressa-entre-guangzhou-e-chengdu\/#breadcrumb","itemListElement":[{"@type":"ListItem","position":1,"name":"In\u00edcio","item":"https:\/\/diariodepe.com.br\/cri\/"},{"@type":"ListItem","position":2,"name":"Lan\u00e7ada primeira linha de log\u00edstica expressa entre Guangzhou e Chengdu"}]},{"@type":"WebSite","@id":"https:\/\/diariodepe.com.br\/cri\/#website","url":"https:\/\/diariodepe.com.br\/cri\/","name":"CRI e Diario de Pernambuco","description":"R\u00e1dio Internacional da China","publisher":{"@id":"https:\/\/diariodepe.com.br\/cri\/#organization"},"potentialAction":[{"@type":"SearchAction","target":{"@type":"EntryPoint","urlTemplate":"https:\/\/diariodepe.com.br\/cri\/?s={search_term_string}"},"query-input":{"@type":"PropertyValueSpecification","valueRequired":true,"valueName":"search_term_string"}}],"inLanguage":"pt-BR"},{"@type":"Organization","@id":"https:\/\/diariodepe.com.br\/cri\/#organization","name":"CRI e Diario de Pernambuco","url":"https:\/\/diariodepe.com.br\/cri\/","logo":{"@type":"ImageObject","inLanguage":"pt-BR","@id":"https:\/\/diariodepe.com.br\/cri\/#\/schema\/logo\/image\/","url":"https:\/\/diariodepe.com.br\/cri\/wp-content\/uploads\/sites\/2\/2022\/12\/cropped-Logo.jpg","contentUrl":"https:\/\/diariodepe.com.br\/cri\/wp-content\/uploads\/sites\/2\/2022\/12\/cropped-Logo.jpg","width":700,"height":59,"caption":"CRI e Diario de Pernambuco"},"image":{"@id":"https:\/\/diariodepe.com.br\/cri\/#\/schema\/logo\/image\/"}},{"@type":"Person","@id":"https:\/\/diariodepe.com.br\/cri\/#\/schema\/person\/121bb28d84f1a5b1205ef4ce9c2e0c6b","name":"Ismael Lucas S. Pereira","image":{"@type":"ImageObject","inLanguage":"pt-BR","@id":"https:\/\/secure.gravatar.com\/avatar\/887a0f3b5a7ceea963a48499fb883ffce6b5037362def025c52c2505b15d63e4?s=96&d=mm&r=g","url":"https:\/\/secure.gravatar.com\/avatar\/887a0f3b5a7ceea963a48499fb883ffce6b5037362def025c52c2505b15d63e4?s=96&d=mm&r=g","contentUrl":"https:\/\/secure.gravatar.com\/avatar\/887a0f3b5a7ceea963a48499fb883ffce6b5037362def025c52c2505b15d63e4?s=96&d=mm&r=g","caption":"Ismael Lucas S. Pereira"},"url":"https:\/\/diariodepe.com.br\/cri\/author\/ismael-lucas\/"}]}},"cc_featured_image_caption":{"caption_text":false,"source_text":false,"source_url":false},"amp_enabled":true,"_links":{"self":[{"href":"https:\/\/diariodepe.com.br\/cri\/wp-json\/wp\/v2\/posts\/7367","targetHints":{"allow":["GET"]}}],"collection":[{"href":"https:\/\/diariodepe.com.br\/cri\/wp-json\/wp\/v2\/posts"}],"about":[{"href":"https:\/\/diariodepe.com.br\/cri\/wp-json\/wp\/v2\/types\/post"}],"author":[{"embeddable":true,"href":"https:\/\/diariodepe.com.br\/cri\/wp-json\/wp\/v2\/users\/2"}],"replies":[{"embeddable":true,"href":"https:\/\/diariodepe.com.br\/cri\/wp-json\/wp\/v2\/comments?post=7367"}],"version-history":[{"count":1,"href":"https:\/\/diariodepe.com.br\/cri\/wp-json\/wp\/v2\/posts\/7367\/revisions"}],"predecessor-version":[{"id":7368,"href":"https:\/\/diariodepe.com.br\/cri\/wp-json\/wp\/v2\/posts\/7367\/revisions\/7368"}],"wp:attachment":[{"href":"https:\/\/diariodepe.com.br\/cri\/wp-json\/wp\/v2\/media?parent=7367"}],"wp:term":[{"taxonomy":"category","embeddable":true,"href":"https:\/\/diariodepe.com.br\/cri\/wp-json\/wp\/v2\/categories?post=7367"},{"taxonomy":"post_tag","embeddable":true,"href":"https:\/\/diariodepe.com.br\/cri\/wp-json\/wp\/v2\/tags?post=7367"}],"curies":[{"name":"wp","href":"https:\/\/api.w.org\/{rel}","templated":true}]}}