{"id":7338,"date":"2025-01-02T12:25:53","date_gmt":"2025-01-02T15:25:53","guid":{"rendered":"https:\/\/diariodepe.com.br\/cri\/?p=7338"},"modified":"2025-01-02T12:25:53","modified_gmt":"2025-01-02T15:25:53","slug":"xi-jinping-e-presidente-do-equador-trocam-mensagens-em-celebracao-aos-45-anos-de-relacoes-diplomaticas","status":"publish","type":"post","link":"https:\/\/diariodepe.com.br\/cri\/2025\/01\/02\/xi-jinping-e-presidente-do-equador-trocam-mensagens-em-celebracao-aos-45-anos-de-relacoes-diplomaticas\/","title":{"rendered":"Xi Jinping e presidente do Equador trocam mensagens em celebra\u00e7\u00e3o aos 45 anos de rela\u00e7\u00f5es diplom\u00e1ticas"},"content":{"rendered":"<p><span lang=\"PT-BR\">O presidente chin\u00eas, Xi Jinping, e o presidente equatoriano, Daniel Noboa, trocaram nesta quinta-feira (2) mensagens de congratula\u00e7\u00f5es por ocasi\u00e3o do 45\u00ba anivers\u00e1rio do estabelecimento das rela\u00e7\u00f5es diplom\u00e1ticas entre os dois pa\u00edses.<\/span><\/p>\n<p><span lang=\"PT-BR\">Xi Jinping indicou que a China e o Equador s\u00e3o parceiros estrat\u00e9gicos abrangentes. Nestes 45 anos, as rela\u00e7\u00f5es entre os dois pa\u00edses t\u00eam mantido um bom desenvolvimento e nos \u00faltimos anos, a confian\u00e7a pol\u00edtica m\u00fatua vem sendo refor\u00e7ada, as coopera\u00e7\u00f5es pragm\u00e1ticas em todas as \u00e1reas alcan\u00e7aram resultados frut\u00edferos e a amizade sino-equatoriana segue cada vez mais profunda, acrescentou.<\/span><\/p>\n<p><span lang=\"PT-BR\">O l\u00edder chin\u00eas salientou que o Acordo de Livre Com\u00e9rcio entre a China e o Equador injetou novas for\u00e7as motrizes tanto para as coopera\u00e7\u00f5es econ\u00f4micas e comerciais, como tamb\u00e9m para as rela\u00e7\u00f5es bilaterais.<\/span><\/p>\n<p><span lang=\"PT-BR\">\u201cAtribuo grande import\u00e2ncia \u00e0s rela\u00e7\u00f5es com o Equador e quero trabalhar junto com o presidente Noboa para prosseguir com a amizade tradicional, impulsionar as coopera\u00e7\u00f5es em todos os setores e promover as rela\u00e7\u00f5es sino-equatorianas a um novo patamar\u201d, completou Xi Jinping.<\/span><\/p>\n<p><span lang=\"PT-BR\">Daniel Noboa disse que a parceria estrat\u00e9gica abrangente entre os dois pa\u00edses foi estabelecida com base numa rela\u00e7\u00e3o de respeito e confian\u00e7a, com \u00eaxitos <\/span><span lang=\"PT\">alcan\u00e7ados em todos os setores<\/span><span lang=\"PT-BR\">. Segundo ele, o Equador est\u00e1 disposto a continuar fortalecendo seu relacionamento com a China, aprofundar a amizade bilateral e construir um futuro mais pr\u00f3spero.<\/span><\/p>\n","protected":false},"excerpt":{"rendered":"<p>O presidente chin\u00eas, Xi Jinping, e o presidente equatoriano, Daniel Noboa, trocaram nesta quinta-feira (2) mensagens de congratula\u00e7\u00f5es por ocasi\u00e3o do 45\u00ba anivers\u00e1rio do estabelecimento das rela\u00e7\u00f5es diplom\u00e1ticas entre os dois pa\u00edses. Xi Jinping indicou que a China e o&#8230;<\/p>\n","protected":false},"author":2,"featured_media":0,"comment_status":"open","ping_status":"open","sticky":false,"template":"","format":"standard","meta":{"footnotes":""},"categories":[3],"tags":[],"class_list":["post-7338","post","type-post","status-publish","format-standard","hentry","category-china"],"yoast_head":"<!-- This site is optimized with the Yoast SEO plugin v27.4 - https:\/\/yoast.com\/product\/yoast-seo-wordpress\/ -->\n<title>Xi Jinping e presidente do Equador trocam mensagens em celebra\u00e7\u00e3o aos 45 anos de rela\u00e7\u00f5es diplom\u00e1ticas - CRI e Diario de Pernambuco<\/title>\n<meta name=\"robots\" content=\"index, follow, max-snippet:-1, max-image-preview:large, max-video-preview:-1\" \/>\n<link rel=\"canonical\" href=\"https:\/\/diariodepe.com.br\/cri\/2025\/01\/02\/xi-jinping-e-presidente-do-equador-trocam-mensagens-em-celebracao-aos-45-anos-de-relacoes-diplomaticas\/\" \/>\n<meta property=\"og:locale\" content=\"pt_BR\" \/>\n<meta property=\"og:type\" content=\"article\" \/>\n<meta property=\"og:title\" content=\"Xi Jinping e presidente do Equador trocam mensagens em celebra\u00e7\u00e3o aos 45 anos de rela\u00e7\u00f5es diplom\u00e1ticas - CRI e Diario de Pernambuco\" \/>\n<meta property=\"og:description\" content=\"O presidente chin\u00eas, Xi Jinping, e o presidente equatoriano, Daniel Noboa, trocaram nesta quinta-feira (2) mensagens de congratula\u00e7\u00f5es por ocasi\u00e3o do 45\u00ba anivers\u00e1rio do estabelecimento das rela\u00e7\u00f5es diplom\u00e1ticas entre os dois pa\u00edses. Xi Jinping indicou que a China e o...\" \/>\n<meta property=\"og:url\" content=\"https:\/\/diariodepe.com.br\/cri\/2025\/01\/02\/xi-jinping-e-presidente-do-equador-trocam-mensagens-em-celebracao-aos-45-anos-de-relacoes-diplomaticas\/\" \/>\n<meta property=\"og:site_name\" content=\"CRI e Diario de Pernambuco\" \/>\n<meta property=\"article:published_time\" content=\"2025-01-02T15:25:53+00:00\" \/>\n<meta name=\"author\" content=\"Ismael Lucas S. Pereira\" \/>\n<meta name=\"twitter:card\" content=\"summary_large_image\" \/>\n<meta name=\"twitter:label1\" content=\"Escrito por\" \/>\n\t<meta name=\"twitter:data1\" content=\"Ismael Lucas S. Pereira\" \/>\n\t<meta name=\"twitter:label2\" content=\"Est. tempo de leitura\" \/>\n\t<meta name=\"twitter:data2\" content=\"2 minutos\" \/>\n<script type=\"application\/ld+json\" class=\"yoast-schema-graph\">{\"@context\":\"https:\\\/\\\/schema.org\",\"@graph\":[{\"@type\":\"Article\",\"@id\":\"https:\\\/\\\/diariodepe.com.br\\\/cri\\\/2025\\\/01\\\/02\\\/xi-jinping-e-presidente-do-equador-trocam-mensagens-em-celebracao-aos-45-anos-de-relacoes-diplomaticas\\\/#article\",\"isPartOf\":{\"@id\":\"https:\\\/\\\/diariodepe.com.br\\\/cri\\\/2025\\\/01\\\/02\\\/xi-jinping-e-presidente-do-equador-trocam-mensagens-em-celebracao-aos-45-anos-de-relacoes-diplomaticas\\\/\"},\"author\":{\"name\":\"Ismael Lucas S. Pereira\",\"@id\":\"https:\\\/\\\/diariodepe.com.br\\\/cri\\\/#\\\/schema\\\/person\\\/121bb28d84f1a5b1205ef4ce9c2e0c6b\"},\"headline\":\"Xi Jinping e presidente do Equador trocam mensagens em celebra\u00e7\u00e3o aos 45 anos de rela\u00e7\u00f5es diplom\u00e1ticas\",\"datePublished\":\"2025-01-02T15:25:53+00:00\",\"mainEntityOfPage\":{\"@id\":\"https:\\\/\\\/diariodepe.com.br\\\/cri\\\/2025\\\/01\\\/02\\\/xi-jinping-e-presidente-do-equador-trocam-mensagens-em-celebracao-aos-45-anos-de-relacoes-diplomaticas\\\/\"},\"wordCount\":270,\"commentCount\":0,\"publisher\":{\"@id\":\"https:\\\/\\\/diariodepe.com.br\\\/cri\\\/#organization\"},\"articleSection\":[\"China\"],\"inLanguage\":\"pt-BR\",\"potentialAction\":[{\"@type\":\"CommentAction\",\"name\":\"Comment\",\"target\":[\"https:\\\/\\\/diariodepe.com.br\\\/cri\\\/2025\\\/01\\\/02\\\/xi-jinping-e-presidente-do-equador-trocam-mensagens-em-celebracao-aos-45-anos-de-relacoes-diplomaticas\\\/#respond\"]}]},{\"@type\":\"WebPage\",\"@id\":\"https:\\\/\\\/diariodepe.com.br\\\/cri\\\/2025\\\/01\\\/02\\\/xi-jinping-e-presidente-do-equador-trocam-mensagens-em-celebracao-aos-45-anos-de-relacoes-diplomaticas\\\/\",\"url\":\"https:\\\/\\\/diariodepe.com.br\\\/cri\\\/2025\\\/01\\\/02\\\/xi-jinping-e-presidente-do-equador-trocam-mensagens-em-celebracao-aos-45-anos-de-relacoes-diplomaticas\\\/\",\"name\":\"Xi Jinping e presidente do Equador trocam mensagens em celebra\u00e7\u00e3o aos 45 anos de rela\u00e7\u00f5es diplom\u00e1ticas - CRI e Diario de Pernambuco\",\"isPartOf\":{\"@id\":\"https:\\\/\\\/diariodepe.com.br\\\/cri\\\/#website\"},\"datePublished\":\"2025-01-02T15:25:53+00:00\",\"breadcrumb\":{\"@id\":\"https:\\\/\\\/diariodepe.com.br\\\/cri\\\/2025\\\/01\\\/02\\\/xi-jinping-e-presidente-do-equador-trocam-mensagens-em-celebracao-aos-45-anos-de-relacoes-diplomaticas\\\/#breadcrumb\"},\"inLanguage\":\"pt-BR\",\"potentialAction\":[{\"@type\":\"ReadAction\",\"target\":[\"https:\\\/\\\/diariodepe.com.br\\\/cri\\\/2025\\\/01\\\/02\\\/xi-jinping-e-presidente-do-equador-trocam-mensagens-em-celebracao-aos-45-anos-de-relacoes-diplomaticas\\\/\"]}]},{\"@type\":\"BreadcrumbList\",\"@id\":\"https:\\\/\\\/diariodepe.com.br\\\/cri\\\/2025\\\/01\\\/02\\\/xi-jinping-e-presidente-do-equador-trocam-mensagens-em-celebracao-aos-45-anos-de-relacoes-diplomaticas\\\/#breadcrumb\",\"itemListElement\":[{\"@type\":\"ListItem\",\"position\":1,\"name\":\"In\u00edcio\",\"item\":\"https:\\\/\\\/diariodepe.com.br\\\/cri\\\/\"},{\"@type\":\"ListItem\",\"position\":2,\"name\":\"Xi Jinping e presidente do Equador trocam mensagens em celebra\u00e7\u00e3o aos 45 anos de rela\u00e7\u00f5es diplom\u00e1ticas\"}]},{\"@type\":\"WebSite\",\"@id\":\"https:\\\/\\\/diariodepe.com.br\\\/cri\\\/#website\",\"url\":\"https:\\\/\\\/diariodepe.com.br\\\/cri\\\/\",\"name\":\"CRI e Diario de Pernambuco\",\"description\":\"R\u00e1dio Internacional da China\",\"publisher\":{\"@id\":\"https:\\\/\\\/diariodepe.com.br\\\/cri\\\/#organization\"},\"potentialAction\":[{\"@type\":\"SearchAction\",\"target\":{\"@type\":\"EntryPoint\",\"urlTemplate\":\"https:\\\/\\\/diariodepe.com.br\\\/cri\\\/?s={search_term_string}\"},\"query-input\":{\"@type\":\"PropertyValueSpecification\",\"valueRequired\":true,\"valueName\":\"search_term_string\"}}],\"inLanguage\":\"pt-BR\"},{\"@type\":\"Organization\",\"@id\":\"https:\\\/\\\/diariodepe.com.br\\\/cri\\\/#organization\",\"name\":\"CRI e Diario de Pernambuco\",\"url\":\"https:\\\/\\\/diariodepe.com.br\\\/cri\\\/\",\"logo\":{\"@type\":\"ImageObject\",\"inLanguage\":\"pt-BR\",\"@id\":\"https:\\\/\\\/diariodepe.com.br\\\/cri\\\/#\\\/schema\\\/logo\\\/image\\\/\",\"url\":\"https:\\\/\\\/diariodepe.com.br\\\/cri\\\/wp-content\\\/uploads\\\/sites\\\/2\\\/2022\\\/12\\\/cropped-Logo.jpg\",\"contentUrl\":\"https:\\\/\\\/diariodepe.com.br\\\/cri\\\/wp-content\\\/uploads\\\/sites\\\/2\\\/2022\\\/12\\\/cropped-Logo.jpg\",\"width\":700,\"height\":59,\"caption\":\"CRI e Diario de Pernambuco\"},\"image\":{\"@id\":\"https:\\\/\\\/diariodepe.com.br\\\/cri\\\/#\\\/schema\\\/logo\\\/image\\\/\"}},{\"@type\":\"Person\",\"@id\":\"https:\\\/\\\/diariodepe.com.br\\\/cri\\\/#\\\/schema\\\/person\\\/121bb28d84f1a5b1205ef4ce9c2e0c6b\",\"name\":\"Ismael Lucas S. Pereira\",\"image\":{\"@type\":\"ImageObject\",\"inLanguage\":\"pt-BR\",\"@id\":\"https:\\\/\\\/secure.gravatar.com\\\/avatar\\\/887a0f3b5a7ceea963a48499fb883ffce6b5037362def025c52c2505b15d63e4?s=96&d=mm&r=g\",\"url\":\"https:\\\/\\\/secure.gravatar.com\\\/avatar\\\/887a0f3b5a7ceea963a48499fb883ffce6b5037362def025c52c2505b15d63e4?s=96&d=mm&r=g\",\"contentUrl\":\"https:\\\/\\\/secure.gravatar.com\\\/avatar\\\/887a0f3b5a7ceea963a48499fb883ffce6b5037362def025c52c2505b15d63e4?s=96&d=mm&r=g\",\"caption\":\"Ismael Lucas S. Pereira\"},\"url\":\"https:\\\/\\\/diariodepe.com.br\\\/cri\\\/author\\\/ismael-lucas\\\/\"}]}<\/script>\n<!-- \/ Yoast SEO plugin. -->","yoast_head_json":{"title":"Xi Jinping e presidente do Equador trocam mensagens em celebra\u00e7\u00e3o aos 45 anos de rela\u00e7\u00f5es diplom\u00e1ticas - CRI e Diario de Pernambuco","robots":{"index":"index","follow":"follow","max-snippet":"max-snippet:-1","max-image-preview":"max-image-preview:large","max-video-preview":"max-video-preview:-1"},"canonical":"https:\/\/diariodepe.com.br\/cri\/2025\/01\/02\/xi-jinping-e-presidente-do-equador-trocam-mensagens-em-celebracao-aos-45-anos-de-relacoes-diplomaticas\/","og_locale":"pt_BR","og_type":"article","og_title":"Xi Jinping e presidente do Equador trocam mensagens em celebra\u00e7\u00e3o aos 45 anos de rela\u00e7\u00f5es diplom\u00e1ticas - CRI e Diario de Pernambuco","og_description":"O presidente chin\u00eas, Xi Jinping, e o presidente equatoriano, Daniel Noboa, trocaram nesta quinta-feira (2) mensagens de congratula\u00e7\u00f5es por ocasi\u00e3o do 45\u00ba anivers\u00e1rio do estabelecimento das rela\u00e7\u00f5es diplom\u00e1ticas entre os dois pa\u00edses. Xi Jinping indicou que a China e o...","og_url":"https:\/\/diariodepe.com.br\/cri\/2025\/01\/02\/xi-jinping-e-presidente-do-equador-trocam-mensagens-em-celebracao-aos-45-anos-de-relacoes-diplomaticas\/","og_site_name":"CRI e Diario de Pernambuco","article_published_time":"2025-01-02T15:25:53+00:00","author":"Ismael Lucas S. Pereira","twitter_card":"summary_large_image","twitter_misc":{"Escrito por":"Ismael Lucas S. Pereira","Est. tempo de leitura":"2 minutos"},"schema":{"@context":"https:\/\/schema.org","@graph":[{"@type":"Article","@id":"https:\/\/diariodepe.com.br\/cri\/2025\/01\/02\/xi-jinping-e-presidente-do-equador-trocam-mensagens-em-celebracao-aos-45-anos-de-relacoes-diplomaticas\/#article","isPartOf":{"@id":"https:\/\/diariodepe.com.br\/cri\/2025\/01\/02\/xi-jinping-e-presidente-do-equador-trocam-mensagens-em-celebracao-aos-45-anos-de-relacoes-diplomaticas\/"},"author":{"name":"Ismael Lucas S. Pereira","@id":"https:\/\/diariodepe.com.br\/cri\/#\/schema\/person\/121bb28d84f1a5b1205ef4ce9c2e0c6b"},"headline":"Xi Jinping e presidente do Equador trocam mensagens em celebra\u00e7\u00e3o aos 45 anos de rela\u00e7\u00f5es diplom\u00e1ticas","datePublished":"2025-01-02T15:25:53+00:00","mainEntityOfPage":{"@id":"https:\/\/diariodepe.com.br\/cri\/2025\/01\/02\/xi-jinping-e-presidente-do-equador-trocam-mensagens-em-celebracao-aos-45-anos-de-relacoes-diplomaticas\/"},"wordCount":270,"commentCount":0,"publisher":{"@id":"https:\/\/diariodepe.com.br\/cri\/#organization"},"articleSection":["China"],"inLanguage":"pt-BR","potentialAction":[{"@type":"CommentAction","name":"Comment","target":["https:\/\/diariodepe.com.br\/cri\/2025\/01\/02\/xi-jinping-e-presidente-do-equador-trocam-mensagens-em-celebracao-aos-45-anos-de-relacoes-diplomaticas\/#respond"]}]},{"@type":"WebPage","@id":"https:\/\/diariodepe.com.br\/cri\/2025\/01\/02\/xi-jinping-e-presidente-do-equador-trocam-mensagens-em-celebracao-aos-45-anos-de-relacoes-diplomaticas\/","url":"https:\/\/diariodepe.com.br\/cri\/2025\/01\/02\/xi-jinping-e-presidente-do-equador-trocam-mensagens-em-celebracao-aos-45-anos-de-relacoes-diplomaticas\/","name":"Xi Jinping e presidente do Equador trocam mensagens em celebra\u00e7\u00e3o aos 45 anos de rela\u00e7\u00f5es diplom\u00e1ticas - CRI e Diario de Pernambuco","isPartOf":{"@id":"https:\/\/diariodepe.com.br\/cri\/#website"},"datePublished":"2025-01-02T15:25:53+00:00","breadcrumb":{"@id":"https:\/\/diariodepe.com.br\/cri\/2025\/01\/02\/xi-jinping-e-presidente-do-equador-trocam-mensagens-em-celebracao-aos-45-anos-de-relacoes-diplomaticas\/#breadcrumb"},"inLanguage":"pt-BR","potentialAction":[{"@type":"ReadAction","target":["https:\/\/diariodepe.com.br\/cri\/2025\/01\/02\/xi-jinping-e-presidente-do-equador-trocam-mensagens-em-celebracao-aos-45-anos-de-relacoes-diplomaticas\/"]}]},{"@type":"BreadcrumbList","@id":"https:\/\/diariodepe.com.br\/cri\/2025\/01\/02\/xi-jinping-e-presidente-do-equador-trocam-mensagens-em-celebracao-aos-45-anos-de-relacoes-diplomaticas\/#breadcrumb","itemListElement":[{"@type":"ListItem","position":1,"name":"In\u00edcio","item":"https:\/\/diariodepe.com.br\/cri\/"},{"@type":"ListItem","position":2,"name":"Xi Jinping e presidente do Equador trocam mensagens em celebra\u00e7\u00e3o aos 45 anos de rela\u00e7\u00f5es diplom\u00e1ticas"}]},{"@type":"WebSite","@id":"https:\/\/diariodepe.com.br\/cri\/#website","url":"https:\/\/diariodepe.com.br\/cri\/","name":"CRI e Diario de Pernambuco","description":"R\u00e1dio Internacional da China","publisher":{"@id":"https:\/\/diariodepe.com.br\/cri\/#organization"},"potentialAction":[{"@type":"SearchAction","target":{"@type":"EntryPoint","urlTemplate":"https:\/\/diariodepe.com.br\/cri\/?s={search_term_string}"},"query-input":{"@type":"PropertyValueSpecification","valueRequired":true,"valueName":"search_term_string"}}],"inLanguage":"pt-BR"},{"@type":"Organization","@id":"https:\/\/diariodepe.com.br\/cri\/#organization","name":"CRI e Diario de Pernambuco","url":"https:\/\/diariodepe.com.br\/cri\/","logo":{"@type":"ImageObject","inLanguage":"pt-BR","@id":"https:\/\/diariodepe.com.br\/cri\/#\/schema\/logo\/image\/","url":"https:\/\/diariodepe.com.br\/cri\/wp-content\/uploads\/sites\/2\/2022\/12\/cropped-Logo.jpg","contentUrl":"https:\/\/diariodepe.com.br\/cri\/wp-content\/uploads\/sites\/2\/2022\/12\/cropped-Logo.jpg","width":700,"height":59,"caption":"CRI e Diario de Pernambuco"},"image":{"@id":"https:\/\/diariodepe.com.br\/cri\/#\/schema\/logo\/image\/"}},{"@type":"Person","@id":"https:\/\/diariodepe.com.br\/cri\/#\/schema\/person\/121bb28d84f1a5b1205ef4ce9c2e0c6b","name":"Ismael Lucas S. Pereira","image":{"@type":"ImageObject","inLanguage":"pt-BR","@id":"https:\/\/secure.gravatar.com\/avatar\/887a0f3b5a7ceea963a48499fb883ffce6b5037362def025c52c2505b15d63e4?s=96&d=mm&r=g","url":"https:\/\/secure.gravatar.com\/avatar\/887a0f3b5a7ceea963a48499fb883ffce6b5037362def025c52c2505b15d63e4?s=96&d=mm&r=g","contentUrl":"https:\/\/secure.gravatar.com\/avatar\/887a0f3b5a7ceea963a48499fb883ffce6b5037362def025c52c2505b15d63e4?s=96&d=mm&r=g","caption":"Ismael Lucas S. Pereira"},"url":"https:\/\/diariodepe.com.br\/cri\/author\/ismael-lucas\/"}]}},"cc_featured_image_caption":{"caption_text":false,"source_text":false,"source_url":false},"amp_enabled":true,"_links":{"self":[{"href":"https:\/\/diariodepe.com.br\/cri\/wp-json\/wp\/v2\/posts\/7338","targetHints":{"allow":["GET"]}}],"collection":[{"href":"https:\/\/diariodepe.com.br\/cri\/wp-json\/wp\/v2\/posts"}],"about":[{"href":"https:\/\/diariodepe.com.br\/cri\/wp-json\/wp\/v2\/types\/post"}],"author":[{"embeddable":true,"href":"https:\/\/diariodepe.com.br\/cri\/wp-json\/wp\/v2\/users\/2"}],"replies":[{"embeddable":true,"href":"https:\/\/diariodepe.com.br\/cri\/wp-json\/wp\/v2\/comments?post=7338"}],"version-history":[{"count":1,"href":"https:\/\/diariodepe.com.br\/cri\/wp-json\/wp\/v2\/posts\/7338\/revisions"}],"predecessor-version":[{"id":7339,"href":"https:\/\/diariodepe.com.br\/cri\/wp-json\/wp\/v2\/posts\/7338\/revisions\/7339"}],"wp:attachment":[{"href":"https:\/\/diariodepe.com.br\/cri\/wp-json\/wp\/v2\/media?parent=7338"}],"wp:term":[{"taxonomy":"category","embeddable":true,"href":"https:\/\/diariodepe.com.br\/cri\/wp-json\/wp\/v2\/categories?post=7338"},{"taxonomy":"post_tag","embeddable":true,"href":"https:\/\/diariodepe.com.br\/cri\/wp-json\/wp\/v2\/tags?post=7338"}],"curies":[{"name":"wp","href":"https:\/\/api.w.org\/{rel}","templated":true}]}}