{"id":73,"date":"2022-12-02T11:50:31","date_gmt":"2022-12-02T14:50:31","guid":{"rendered":"https:\/\/diariodepe.com.br\/cri\/?p=73"},"modified":"2022-12-07T00:39:15","modified_gmt":"2022-12-07T03:39:15","slug":"fmi-preve-um-crescimento-da-economia-global-abaixo-de-2-em-2023","status":"publish","type":"post","link":"https:\/\/diariodepe.com.br\/cri\/2022\/12\/02\/fmi-preve-um-crescimento-da-economia-global-abaixo-de-2-em-2023\/","title":{"rendered":"<strong>FMI prev\u00ea um crescimento da economia global abaixo de 2% em 2023<\/strong>"},"content":{"rendered":"\n<p>A possibilidade do&nbsp;crescimento econ\u00f4mico global cair abaixo de 2% em 2023 est\u00e1 aumentando devido a uma desacelera\u00e7\u00e3o em algumas principais economias, afirmou a diretora-geral do Fundo Monet\u00e1rio Internacional (FMI), Kristalina Georgieva, na quinta-feira (1).<\/p>\n\n\n\n<p>De acordo com a Agence France-Presse&nbsp;(AFP), Georgieva disse numa confer\u00eancia internacional que alguns indicadores recentes mostraram que a possibilidade de uma nova desacelera\u00e7\u00e3o do aumento da economia global est\u00e1 cada vez maior para o pr\u00f3ximo ano. De acordo com as \u00faltimas expectativas do FMI para o crescimento econ\u00f4mico global em 2023, a probabilidade de crescimento abaixo de 2% aumentou para 25%.<\/p>\n\n\n\n<p>Segundo um relat\u00f3rio divulgado pelo FMI em outubro deste ano, a economia global crescer\u00e1 3,2% at\u00e9 o final deste&nbsp;ano, e 2,7% em 2023.<\/p>\n","protected":false},"excerpt":{"rendered":"<p>A possibilidade do&nbsp;crescimento econ\u00f4mico global cair abaixo de 2% em 2023 est\u00e1 aumentando devido a uma desacelera\u00e7\u00e3o em algumas principais economias, afirmou a diretora-geral do Fundo Monet\u00e1rio Internacional (FMI), Kristalina Georgieva, na quinta-feira (1). De acordo com a Agence France-Presse&nbsp;(AFP),&#8230;<\/p>\n","protected":false},"author":2,"featured_media":74,"comment_status":"open","ping_status":"open","sticky":false,"template":"","format":"standard","meta":{"footnotes":""},"categories":[3],"tags":[],"class_list":["post-73","post","type-post","status-publish","format-standard","has-post-thumbnail","hentry","category-china"],"yoast_head":"<!-- This site is optimized with the Yoast SEO plugin v27.4 - https:\/\/yoast.com\/product\/yoast-seo-wordpress\/ -->\n<title>FMI prev\u00ea um crescimento da economia global abaixo de 2% em 2023 - CRI e Diario de Pernambuco<\/title>\n<meta name=\"robots\" content=\"index, follow, max-snippet:-1, max-image-preview:large, max-video-preview:-1\" \/>\n<link rel=\"canonical\" href=\"https:\/\/diariodepe.com.br\/cri\/2022\/12\/02\/fmi-preve-um-crescimento-da-economia-global-abaixo-de-2-em-2023\/\" \/>\n<meta property=\"og:locale\" content=\"pt_BR\" \/>\n<meta property=\"og:type\" content=\"article\" \/>\n<meta property=\"og:title\" content=\"FMI prev\u00ea um crescimento da economia global abaixo de 2% em 2023 - CRI e Diario de Pernambuco\" \/>\n<meta property=\"og:description\" content=\"A possibilidade do&nbsp;crescimento econ\u00f4mico global cair abaixo de 2% em 2023 est\u00e1 aumentando devido a uma desacelera\u00e7\u00e3o em algumas principais economias, afirmou a diretora-geral do Fundo Monet\u00e1rio Internacional (FMI), Kristalina Georgieva, na quinta-feira (1). De acordo com a Agence France-Presse&nbsp;(AFP),...\" \/>\n<meta property=\"og:url\" content=\"https:\/\/diariodepe.com.br\/cri\/2022\/12\/02\/fmi-preve-um-crescimento-da-economia-global-abaixo-de-2-em-2023\/\" \/>\n<meta property=\"og:site_name\" content=\"CRI e Diario de Pernambuco\" \/>\n<meta property=\"article:published_time\" content=\"2022-12-02T14:50:31+00:00\" \/>\n<meta property=\"article:modified_time\" content=\"2022-12-07T03:39:15+00:00\" \/>\n<meta property=\"og:image\" content=\"https:\/\/diariodepe.com.br\/cri\/wp-content\/uploads\/sites\/2\/2022\/12\/2022120221423612240.jpg\" \/>\n\t<meta property=\"og:image:width\" content=\"650\" \/>\n\t<meta property=\"og:image:height\" content=\"366\" \/>\n\t<meta property=\"og:image:type\" content=\"image\/jpeg\" \/>\n<meta name=\"author\" content=\"Ismael Lucas S. Pereira\" \/>\n<meta name=\"twitter:card\" content=\"summary_large_image\" \/>\n<meta name=\"twitter:label1\" content=\"Escrito por\" \/>\n\t<meta name=\"twitter:data1\" content=\"Ismael Lucas S. Pereira\" \/>\n\t<meta name=\"twitter:label2\" content=\"Est. tempo de leitura\" \/>\n\t<meta name=\"twitter:data2\" content=\"1 minuto\" \/>\n<script type=\"application\/ld+json\" class=\"yoast-schema-graph\">{\"@context\":\"https:\\\/\\\/schema.org\",\"@graph\":[{\"@type\":\"Article\",\"@id\":\"https:\\\/\\\/diariodepe.com.br\\\/cri\\\/2022\\\/12\\\/02\\\/fmi-preve-um-crescimento-da-economia-global-abaixo-de-2-em-2023\\\/#article\",\"isPartOf\":{\"@id\":\"https:\\\/\\\/diariodepe.com.br\\\/cri\\\/2022\\\/12\\\/02\\\/fmi-preve-um-crescimento-da-economia-global-abaixo-de-2-em-2023\\\/\"},\"author\":{\"name\":\"Ismael Lucas S. Pereira\",\"@id\":\"https:\\\/\\\/diariodepe.com.br\\\/cri\\\/#\\\/schema\\\/person\\\/121bb28d84f1a5b1205ef4ce9c2e0c6b\"},\"headline\":\"FMI prev\u00ea um crescimento da economia global abaixo de 2% em 2023\",\"datePublished\":\"2022-12-02T14:50:31+00:00\",\"dateModified\":\"2022-12-07T03:39:15+00:00\",\"mainEntityOfPage\":{\"@id\":\"https:\\\/\\\/diariodepe.com.br\\\/cri\\\/2022\\\/12\\\/02\\\/fmi-preve-um-crescimento-da-economia-global-abaixo-de-2-em-2023\\\/\"},\"wordCount\":133,\"commentCount\":0,\"publisher\":{\"@id\":\"https:\\\/\\\/diariodepe.com.br\\\/cri\\\/#organization\"},\"image\":{\"@id\":\"https:\\\/\\\/diariodepe.com.br\\\/cri\\\/2022\\\/12\\\/02\\\/fmi-preve-um-crescimento-da-economia-global-abaixo-de-2-em-2023\\\/#primaryimage\"},\"thumbnailUrl\":\"https:\\\/\\\/diariodepe.com.br\\\/cri\\\/wp-content\\\/uploads\\\/sites\\\/2\\\/2022\\\/12\\\/2022120221423612240.jpg\",\"articleSection\":[\"China\"],\"inLanguage\":\"pt-BR\",\"potentialAction\":[{\"@type\":\"CommentAction\",\"name\":\"Comment\",\"target\":[\"https:\\\/\\\/diariodepe.com.br\\\/cri\\\/2022\\\/12\\\/02\\\/fmi-preve-um-crescimento-da-economia-global-abaixo-de-2-em-2023\\\/#respond\"]}]},{\"@type\":\"WebPage\",\"@id\":\"https:\\\/\\\/diariodepe.com.br\\\/cri\\\/2022\\\/12\\\/02\\\/fmi-preve-um-crescimento-da-economia-global-abaixo-de-2-em-2023\\\/\",\"url\":\"https:\\\/\\\/diariodepe.com.br\\\/cri\\\/2022\\\/12\\\/02\\\/fmi-preve-um-crescimento-da-economia-global-abaixo-de-2-em-2023\\\/\",\"name\":\"FMI prev\u00ea um crescimento da economia global abaixo de 2% em 2023 - CRI e Diario de Pernambuco\",\"isPartOf\":{\"@id\":\"https:\\\/\\\/diariodepe.com.br\\\/cri\\\/#website\"},\"primaryImageOfPage\":{\"@id\":\"https:\\\/\\\/diariodepe.com.br\\\/cri\\\/2022\\\/12\\\/02\\\/fmi-preve-um-crescimento-da-economia-global-abaixo-de-2-em-2023\\\/#primaryimage\"},\"image\":{\"@id\":\"https:\\\/\\\/diariodepe.com.br\\\/cri\\\/2022\\\/12\\\/02\\\/fmi-preve-um-crescimento-da-economia-global-abaixo-de-2-em-2023\\\/#primaryimage\"},\"thumbnailUrl\":\"https:\\\/\\\/diariodepe.com.br\\\/cri\\\/wp-content\\\/uploads\\\/sites\\\/2\\\/2022\\\/12\\\/2022120221423612240.jpg\",\"datePublished\":\"2022-12-02T14:50:31+00:00\",\"dateModified\":\"2022-12-07T03:39:15+00:00\",\"breadcrumb\":{\"@id\":\"https:\\\/\\\/diariodepe.com.br\\\/cri\\\/2022\\\/12\\\/02\\\/fmi-preve-um-crescimento-da-economia-global-abaixo-de-2-em-2023\\\/#breadcrumb\"},\"inLanguage\":\"pt-BR\",\"potentialAction\":[{\"@type\":\"ReadAction\",\"target\":[\"https:\\\/\\\/diariodepe.com.br\\\/cri\\\/2022\\\/12\\\/02\\\/fmi-preve-um-crescimento-da-economia-global-abaixo-de-2-em-2023\\\/\"]}]},{\"@type\":\"ImageObject\",\"inLanguage\":\"pt-BR\",\"@id\":\"https:\\\/\\\/diariodepe.com.br\\\/cri\\\/2022\\\/12\\\/02\\\/fmi-preve-um-crescimento-da-economia-global-abaixo-de-2-em-2023\\\/#primaryimage\",\"url\":\"https:\\\/\\\/diariodepe.com.br\\\/cri\\\/wp-content\\\/uploads\\\/sites\\\/2\\\/2022\\\/12\\\/2022120221423612240.jpg\",\"contentUrl\":\"https:\\\/\\\/diariodepe.com.br\\\/cri\\\/wp-content\\\/uploads\\\/sites\\\/2\\\/2022\\\/12\\\/2022120221423612240.jpg\",\"width\":650,\"height\":366},{\"@type\":\"BreadcrumbList\",\"@id\":\"https:\\\/\\\/diariodepe.com.br\\\/cri\\\/2022\\\/12\\\/02\\\/fmi-preve-um-crescimento-da-economia-global-abaixo-de-2-em-2023\\\/#breadcrumb\",\"itemListElement\":[{\"@type\":\"ListItem\",\"position\":1,\"name\":\"In\u00edcio\",\"item\":\"https:\\\/\\\/diariodepe.com.br\\\/cri\\\/\"},{\"@type\":\"ListItem\",\"position\":2,\"name\":\"FMI prev\u00ea um crescimento da economia global abaixo de 2% em 2023\"}]},{\"@type\":\"WebSite\",\"@id\":\"https:\\\/\\\/diariodepe.com.br\\\/cri\\\/#website\",\"url\":\"https:\\\/\\\/diariodepe.com.br\\\/cri\\\/\",\"name\":\"CRI e Diario de Pernambuco\",\"description\":\"R\u00e1dio Internacional da China\",\"publisher\":{\"@id\":\"https:\\\/\\\/diariodepe.com.br\\\/cri\\\/#organization\"},\"potentialAction\":[{\"@type\":\"SearchAction\",\"target\":{\"@type\":\"EntryPoint\",\"urlTemplate\":\"https:\\\/\\\/diariodepe.com.br\\\/cri\\\/?s={search_term_string}\"},\"query-input\":{\"@type\":\"PropertyValueSpecification\",\"valueRequired\":true,\"valueName\":\"search_term_string\"}}],\"inLanguage\":\"pt-BR\"},{\"@type\":\"Organization\",\"@id\":\"https:\\\/\\\/diariodepe.com.br\\\/cri\\\/#organization\",\"name\":\"CRI e Diario de Pernambuco\",\"url\":\"https:\\\/\\\/diariodepe.com.br\\\/cri\\\/\",\"logo\":{\"@type\":\"ImageObject\",\"inLanguage\":\"pt-BR\",\"@id\":\"https:\\\/\\\/diariodepe.com.br\\\/cri\\\/#\\\/schema\\\/logo\\\/image\\\/\",\"url\":\"https:\\\/\\\/diariodepe.com.br\\\/cri\\\/wp-content\\\/uploads\\\/sites\\\/2\\\/2022\\\/12\\\/cropped-Logo.jpg\",\"contentUrl\":\"https:\\\/\\\/diariodepe.com.br\\\/cri\\\/wp-content\\\/uploads\\\/sites\\\/2\\\/2022\\\/12\\\/cropped-Logo.jpg\",\"width\":700,\"height\":59,\"caption\":\"CRI e Diario de Pernambuco\"},\"image\":{\"@id\":\"https:\\\/\\\/diariodepe.com.br\\\/cri\\\/#\\\/schema\\\/logo\\\/image\\\/\"}},{\"@type\":\"Person\",\"@id\":\"https:\\\/\\\/diariodepe.com.br\\\/cri\\\/#\\\/schema\\\/person\\\/121bb28d84f1a5b1205ef4ce9c2e0c6b\",\"name\":\"Ismael Lucas S. Pereira\",\"image\":{\"@type\":\"ImageObject\",\"inLanguage\":\"pt-BR\",\"@id\":\"https:\\\/\\\/secure.gravatar.com\\\/avatar\\\/887a0f3b5a7ceea963a48499fb883ffce6b5037362def025c52c2505b15d63e4?s=96&d=mm&r=g\",\"url\":\"https:\\\/\\\/secure.gravatar.com\\\/avatar\\\/887a0f3b5a7ceea963a48499fb883ffce6b5037362def025c52c2505b15d63e4?s=96&d=mm&r=g\",\"contentUrl\":\"https:\\\/\\\/secure.gravatar.com\\\/avatar\\\/887a0f3b5a7ceea963a48499fb883ffce6b5037362def025c52c2505b15d63e4?s=96&d=mm&r=g\",\"caption\":\"Ismael Lucas S. Pereira\"},\"url\":\"https:\\\/\\\/diariodepe.com.br\\\/cri\\\/author\\\/ismael-lucas\\\/\"}]}<\/script>\n<!-- \/ Yoast SEO plugin. -->","yoast_head_json":{"title":"FMI prev\u00ea um crescimento da economia global abaixo de 2% em 2023 - CRI e Diario de Pernambuco","robots":{"index":"index","follow":"follow","max-snippet":"max-snippet:-1","max-image-preview":"max-image-preview:large","max-video-preview":"max-video-preview:-1"},"canonical":"https:\/\/diariodepe.com.br\/cri\/2022\/12\/02\/fmi-preve-um-crescimento-da-economia-global-abaixo-de-2-em-2023\/","og_locale":"pt_BR","og_type":"article","og_title":"FMI prev\u00ea um crescimento da economia global abaixo de 2% em 2023 - CRI e Diario de Pernambuco","og_description":"A possibilidade do&nbsp;crescimento econ\u00f4mico global cair abaixo de 2% em 2023 est\u00e1 aumentando devido a uma desacelera\u00e7\u00e3o em algumas principais economias, afirmou a diretora-geral do Fundo Monet\u00e1rio Internacional (FMI), Kristalina Georgieva, na quinta-feira (1). De acordo com a Agence France-Presse&nbsp;(AFP),...","og_url":"https:\/\/diariodepe.com.br\/cri\/2022\/12\/02\/fmi-preve-um-crescimento-da-economia-global-abaixo-de-2-em-2023\/","og_site_name":"CRI e Diario de Pernambuco","article_published_time":"2022-12-02T14:50:31+00:00","article_modified_time":"2022-12-07T03:39:15+00:00","og_image":[{"width":650,"height":366,"url":"https:\/\/diariodepe.com.br\/cri\/wp-content\/uploads\/sites\/2\/2022\/12\/2022120221423612240.jpg","type":"image\/jpeg"}],"author":"Ismael Lucas S. Pereira","twitter_card":"summary_large_image","twitter_misc":{"Escrito por":"Ismael Lucas S. Pereira","Est. tempo de leitura":"1 minuto"},"schema":{"@context":"https:\/\/schema.org","@graph":[{"@type":"Article","@id":"https:\/\/diariodepe.com.br\/cri\/2022\/12\/02\/fmi-preve-um-crescimento-da-economia-global-abaixo-de-2-em-2023\/#article","isPartOf":{"@id":"https:\/\/diariodepe.com.br\/cri\/2022\/12\/02\/fmi-preve-um-crescimento-da-economia-global-abaixo-de-2-em-2023\/"},"author":{"name":"Ismael Lucas S. Pereira","@id":"https:\/\/diariodepe.com.br\/cri\/#\/schema\/person\/121bb28d84f1a5b1205ef4ce9c2e0c6b"},"headline":"FMI prev\u00ea um crescimento da economia global abaixo de 2% em 2023","datePublished":"2022-12-02T14:50:31+00:00","dateModified":"2022-12-07T03:39:15+00:00","mainEntityOfPage":{"@id":"https:\/\/diariodepe.com.br\/cri\/2022\/12\/02\/fmi-preve-um-crescimento-da-economia-global-abaixo-de-2-em-2023\/"},"wordCount":133,"commentCount":0,"publisher":{"@id":"https:\/\/diariodepe.com.br\/cri\/#organization"},"image":{"@id":"https:\/\/diariodepe.com.br\/cri\/2022\/12\/02\/fmi-preve-um-crescimento-da-economia-global-abaixo-de-2-em-2023\/#primaryimage"},"thumbnailUrl":"https:\/\/diariodepe.com.br\/cri\/wp-content\/uploads\/sites\/2\/2022\/12\/2022120221423612240.jpg","articleSection":["China"],"inLanguage":"pt-BR","potentialAction":[{"@type":"CommentAction","name":"Comment","target":["https:\/\/diariodepe.com.br\/cri\/2022\/12\/02\/fmi-preve-um-crescimento-da-economia-global-abaixo-de-2-em-2023\/#respond"]}]},{"@type":"WebPage","@id":"https:\/\/diariodepe.com.br\/cri\/2022\/12\/02\/fmi-preve-um-crescimento-da-economia-global-abaixo-de-2-em-2023\/","url":"https:\/\/diariodepe.com.br\/cri\/2022\/12\/02\/fmi-preve-um-crescimento-da-economia-global-abaixo-de-2-em-2023\/","name":"FMI prev\u00ea um crescimento da economia global abaixo de 2% em 2023 - CRI e Diario de Pernambuco","isPartOf":{"@id":"https:\/\/diariodepe.com.br\/cri\/#website"},"primaryImageOfPage":{"@id":"https:\/\/diariodepe.com.br\/cri\/2022\/12\/02\/fmi-preve-um-crescimento-da-economia-global-abaixo-de-2-em-2023\/#primaryimage"},"image":{"@id":"https:\/\/diariodepe.com.br\/cri\/2022\/12\/02\/fmi-preve-um-crescimento-da-economia-global-abaixo-de-2-em-2023\/#primaryimage"},"thumbnailUrl":"https:\/\/diariodepe.com.br\/cri\/wp-content\/uploads\/sites\/2\/2022\/12\/2022120221423612240.jpg","datePublished":"2022-12-02T14:50:31+00:00","dateModified":"2022-12-07T03:39:15+00:00","breadcrumb":{"@id":"https:\/\/diariodepe.com.br\/cri\/2022\/12\/02\/fmi-preve-um-crescimento-da-economia-global-abaixo-de-2-em-2023\/#breadcrumb"},"inLanguage":"pt-BR","potentialAction":[{"@type":"ReadAction","target":["https:\/\/diariodepe.com.br\/cri\/2022\/12\/02\/fmi-preve-um-crescimento-da-economia-global-abaixo-de-2-em-2023\/"]}]},{"@type":"ImageObject","inLanguage":"pt-BR","@id":"https:\/\/diariodepe.com.br\/cri\/2022\/12\/02\/fmi-preve-um-crescimento-da-economia-global-abaixo-de-2-em-2023\/#primaryimage","url":"https:\/\/diariodepe.com.br\/cri\/wp-content\/uploads\/sites\/2\/2022\/12\/2022120221423612240.jpg","contentUrl":"https:\/\/diariodepe.com.br\/cri\/wp-content\/uploads\/sites\/2\/2022\/12\/2022120221423612240.jpg","width":650,"height":366},{"@type":"BreadcrumbList","@id":"https:\/\/diariodepe.com.br\/cri\/2022\/12\/02\/fmi-preve-um-crescimento-da-economia-global-abaixo-de-2-em-2023\/#breadcrumb","itemListElement":[{"@type":"ListItem","position":1,"name":"In\u00edcio","item":"https:\/\/diariodepe.com.br\/cri\/"},{"@type":"ListItem","position":2,"name":"FMI prev\u00ea um crescimento da economia global abaixo de 2% em 2023"}]},{"@type":"WebSite","@id":"https:\/\/diariodepe.com.br\/cri\/#website","url":"https:\/\/diariodepe.com.br\/cri\/","name":"CRI e Diario de Pernambuco","description":"R\u00e1dio Internacional da China","publisher":{"@id":"https:\/\/diariodepe.com.br\/cri\/#organization"},"potentialAction":[{"@type":"SearchAction","target":{"@type":"EntryPoint","urlTemplate":"https:\/\/diariodepe.com.br\/cri\/?s={search_term_string}"},"query-input":{"@type":"PropertyValueSpecification","valueRequired":true,"valueName":"search_term_string"}}],"inLanguage":"pt-BR"},{"@type":"Organization","@id":"https:\/\/diariodepe.com.br\/cri\/#organization","name":"CRI e Diario de Pernambuco","url":"https:\/\/diariodepe.com.br\/cri\/","logo":{"@type":"ImageObject","inLanguage":"pt-BR","@id":"https:\/\/diariodepe.com.br\/cri\/#\/schema\/logo\/image\/","url":"https:\/\/diariodepe.com.br\/cri\/wp-content\/uploads\/sites\/2\/2022\/12\/cropped-Logo.jpg","contentUrl":"https:\/\/diariodepe.com.br\/cri\/wp-content\/uploads\/sites\/2\/2022\/12\/cropped-Logo.jpg","width":700,"height":59,"caption":"CRI e Diario de Pernambuco"},"image":{"@id":"https:\/\/diariodepe.com.br\/cri\/#\/schema\/logo\/image\/"}},{"@type":"Person","@id":"https:\/\/diariodepe.com.br\/cri\/#\/schema\/person\/121bb28d84f1a5b1205ef4ce9c2e0c6b","name":"Ismael Lucas S. Pereira","image":{"@type":"ImageObject","inLanguage":"pt-BR","@id":"https:\/\/secure.gravatar.com\/avatar\/887a0f3b5a7ceea963a48499fb883ffce6b5037362def025c52c2505b15d63e4?s=96&d=mm&r=g","url":"https:\/\/secure.gravatar.com\/avatar\/887a0f3b5a7ceea963a48499fb883ffce6b5037362def025c52c2505b15d63e4?s=96&d=mm&r=g","contentUrl":"https:\/\/secure.gravatar.com\/avatar\/887a0f3b5a7ceea963a48499fb883ffce6b5037362def025c52c2505b15d63e4?s=96&d=mm&r=g","caption":"Ismael Lucas S. Pereira"},"url":"https:\/\/diariodepe.com.br\/cri\/author\/ismael-lucas\/"}]}},"cc_featured_image_caption":{"caption_text":"","source_text":"","source_url":""},"amp_enabled":true,"_links":{"self":[{"href":"https:\/\/diariodepe.com.br\/cri\/wp-json\/wp\/v2\/posts\/73","targetHints":{"allow":["GET"]}}],"collection":[{"href":"https:\/\/diariodepe.com.br\/cri\/wp-json\/wp\/v2\/posts"}],"about":[{"href":"https:\/\/diariodepe.com.br\/cri\/wp-json\/wp\/v2\/types\/post"}],"author":[{"embeddable":true,"href":"https:\/\/diariodepe.com.br\/cri\/wp-json\/wp\/v2\/users\/2"}],"replies":[{"embeddable":true,"href":"https:\/\/diariodepe.com.br\/cri\/wp-json\/wp\/v2\/comments?post=73"}],"version-history":[{"count":1,"href":"https:\/\/diariodepe.com.br\/cri\/wp-json\/wp\/v2\/posts\/73\/revisions"}],"predecessor-version":[{"id":75,"href":"https:\/\/diariodepe.com.br\/cri\/wp-json\/wp\/v2\/posts\/73\/revisions\/75"}],"wp:featuredmedia":[{"embeddable":true,"href":"https:\/\/diariodepe.com.br\/cri\/wp-json\/wp\/v2\/media\/74"}],"wp:attachment":[{"href":"https:\/\/diariodepe.com.br\/cri\/wp-json\/wp\/v2\/media?parent=73"}],"wp:term":[{"taxonomy":"category","embeddable":true,"href":"https:\/\/diariodepe.com.br\/cri\/wp-json\/wp\/v2\/categories?post=73"},{"taxonomy":"post_tag","embeddable":true,"href":"https:\/\/diariodepe.com.br\/cri\/wp-json\/wp\/v2\/tags?post=73"}],"curies":[{"name":"wp","href":"https:\/\/api.w.org\/{rel}","templated":true}]}}