{"id":7289,"date":"2024-10-15T04:03:53","date_gmt":"2024-10-15T07:03:53","guid":{"rendered":"https:\/\/diariodepe.com.br\/cri\/?p=7289"},"modified":"2024-12-23T04:04:32","modified_gmt":"2024-12-23T07:04:32","slug":"guerra-mundial-pode-acontecer","status":"publish","type":"post","link":"https:\/\/diariodepe.com.br\/cri\/2024\/10\/15\/guerra-mundial-pode-acontecer\/","title":{"rendered":"Guerra Mundial Pode Acontecer?"},"content":{"rendered":"<p data-spm-anchor-id=\"0.0.0.i1\">A crise na Ucr\u00e2nia vem se arrastando sem grandes avan\u00e7os. \u00c9 dif\u00edcil enxergar a retomada da paz no Oriente M\u00e9dio. Alguns pol\u00edticos dos Estados Unidos e do Ocidente come\u00e7am a apregoar uma terceira Guerra Mundial. Ent\u00e3o, isso pode acontecer?<\/p>\n<p>\u00c0s v\u00e9speras das duas Guerras Mundiais, os principais pa\u00edses capitalistas tiveram uma motiva\u00e7\u00e3o mais forte de conquistar \u201cespa\u00e7o vital\u201d no exterior devido \u00e0 intensifica\u00e7\u00e3o das contradi\u00e7\u00f5es de classes no pr\u00f3prio pa\u00eds. Se intensificaram a luta pela hegemonia e a confronta\u00e7\u00e3o entre as alian\u00e7as, quando as principais pot\u00eancias formaram alian\u00e7as e se engajaram em confronto entre blocos. O ressurgimento do ultranacionalismo, a influ\u00eancia do populismo e a instiga\u00e7\u00e3o de figuras pol\u00edticas extremistas tornaram a opini\u00e3o p\u00fablica mais conflituosa e violenta. O confronto de bloco entre pa\u00edses imperialistas causou a perda de espa\u00e7o para o trabalho diplom\u00e1tico e o fracasso de canais e mecanismos de manuten\u00e7\u00e3o da paz.<\/p>\n<p>Atualmente, ao entrar em um novo per\u00edodo de turbul\u00eancia e transforma\u00e7\u00e3o, o mundo enfrenta a situa\u00e7\u00e3o semelhante \u00e0 v\u00e9spera das duas Guerras Mundiais. O mundo capitalista desenvolvido sofre o crescimento econ\u00f4mico desacelerado e as contradi\u00e7\u00f5es internas intensificadas, e gera transbordamentos negativos para o exterior. Os pa\u00edses hegem\u00f4nicos, obcecados em continuar com a hegemonia, instigam a competi\u00e7\u00e3o entre grandes pot\u00eancias e impactam a configura\u00e7\u00e3o internacional. O prolongamento da crise na Ucr\u00e2nia e o conflito palestino-israelense aumenta o risco de confronto entre blocos. O agravamento do populismo, do protecionismo, da antiglobaliza\u00e7\u00e3o e do tecno-nacionalismo possibilitar\u00e1 o mundo dividido em \u201csistemas paralelos\u201d. O pensamento da extrema direita dos Estados Unidos e do Ocidente corr\u00f3i o poder pol\u00edtico, e acrescenta o risco e a instabilidade estrat\u00e9gicos. A falta da confian\u00e7a m\u00fatua e da coordena\u00e7\u00e3o entre grandes pot\u00eancias prejudica a efic\u00e1cia do sistema internacional.<\/p>\n<p>Os Estados Unidos s\u00e3o fonte de riscos de uma guerra mundial. Disturbam a coopera\u00e7\u00e3o mundial mutuamente ben\u00e9fica por meio da antiglobaliza\u00e7\u00e3o. Abusam da hegemonia financeira, praticam o desacoplamento e corte de cadeia de suprimentos. Politizam e imp\u00f5em implica\u00e7\u00f5es de seguran\u00e7a em assuntos econ\u00f4micos. Tentam utilizar pr\u00f3prios valores e sistema pol\u00edtico para moldar outros pa\u00edses e a ordem mundial. Dividem o mundo em \u201cblocos democr\u00e1ticos e n\u00e3o democr\u00e1ticos\u201d e advogam o unilateralismo. Os Estados Unidos alimentam fogo e empurram outros pa\u00edses no atoleiro de guerras, para que o complexo militar-industrial possa tirar lucros. Para suprir e esganar a China, o pa\u00eds norte-americano re\u00fane seus aliados para praticar a \u201cdissuas\u00e3o integrada\u201d na vizinhan\u00e7a da China, promove a \u00c1sia-Pacificiza\u00e7\u00e3o da OTAN, especula sobre a narrativa falsa de \u201cUcr\u00e2nia hoje, Taiwan amanh\u00e3\u201d, e manifesta-se a disposi\u00e7\u00e3o de ajudar na defesa de Taiwan at\u00e9 n\u00e3o hesitar em iniciar uma guerra.<\/p>\n<p>Uma terceira Guerra Mundial n\u00e3o \u00e9 necessariamente inevit\u00e1vel. O crescimento da for\u00e7a do desenvolvimento pac\u00edfico, bem como o fortalecimento do senso de comunidade devido \u00e0 multipolariza\u00e7\u00e3o global e \u00e0 globaliza\u00e7\u00e3o econ\u00f4mica, s\u00e3o fatores que restringem o desencadeamento de uma guerra mundial. O pensamento antib\u00e9lico, junto com o apoio ao controle de armas, j\u00e1 re\u00fanem voz forte no mundo. A efic\u00e1cia dos mecanismos internacionais de paz \u00e9 refor\u00e7ada, e as Na\u00e7\u00f5es Unidas desempenham seu papel na salvaguarda da seguran\u00e7a internacional e na promo\u00e7\u00e3o da redu\u00e7\u00e3o de armas. Os Estados Unidos t\u00eam receio do custo de guerra nuclear. Devido \u00e0 dissuas\u00e3o nuclear estrat\u00e9gica, os Estados Unidos preferem lan\u00e7ar \u201cguerras por procura\u00e7\u00e3o\u201d e provocar conflitos regionais.<\/p>\n<p>\u00c9 mais importante constar que o desenvolvimento da China \u00e9 o crescimento da for\u00e7a da paz no mundo. A China considera o desenvolvimento pac\u00edfico como escolha estrat\u00e9gica, e abriu um novo caminho de ascens\u00e3o, diferente do que das grandes pot\u00eancias tradicionais. Os Cinco Princ\u00edpios de Coexist\u00eancia Pac\u00edfica, consagrados na Constitui\u00e7\u00e3o da China, servem de alicerce da pol\u00edtica diplom\u00e1tica independente de paz da China. Nos \u00faltimos anos, a China tem promovido o lan\u00e7amento de uma declara\u00e7\u00e3o conjunta dos cinco Estados com armas nucleares sobre a preven\u00e7\u00e3o da guerra nuclear, facilitado a solu\u00e7\u00e3o da crise na Ucr\u00e2nia, e contribu\u00eddo para a reconcilia\u00e7\u00e3o e o restabelecimento das rela\u00e7\u00f5es diplom\u00e1ticas entre a Ar\u00e1bia Saudita e o Ir\u00e3, contribuindo para a paz e a estabilidade do mundo. Segundo acad\u00eamicos indianos, a \u201cneutralidade\u201d da posi\u00e7\u00e3o chinesa na crise na Ucr\u00e2nia impediu efetivamente uma terceira Guerra Mundial.<\/p>\n<p>No fundo, o mundo necessita paz em vez de guerra. Isto exige a nossa vontade e esfor\u00e7os comuns.<\/p>\n<p><em>(Xi Pu \u00e9 observador de assuntos internacionais baseado em Beijing.)<\/em><\/p>\n<p>&nbsp;<\/p>\n","protected":false},"excerpt":{"rendered":"<p>A crise na Ucr\u00e2nia vem se arrastando sem grandes avan\u00e7os. \u00c9 dif\u00edcil enxergar a retomada da paz no Oriente M\u00e9dio. Alguns pol\u00edticos dos Estados Unidos e do Ocidente come\u00e7am a apregoar uma terceira Guerra Mundial. Ent\u00e3o, isso pode acontecer? \u00c0s&#8230;<\/p>\n","protected":false},"author":2,"featured_media":0,"comment_status":"open","ping_status":"open","sticky":false,"template":"","format":"standard","meta":{"footnotes":""},"categories":[7],"tags":[],"class_list":["post-7289","post","type-post","status-publish","format-standard","hentry","category-visao"],"yoast_head":"<!-- This site is optimized with the Yoast SEO plugin v27.4 - https:\/\/yoast.com\/product\/yoast-seo-wordpress\/ -->\n<title>Guerra Mundial Pode Acontecer? - CRI e Diario de Pernambuco<\/title>\n<meta name=\"robots\" content=\"index, follow, max-snippet:-1, max-image-preview:large, max-video-preview:-1\" \/>\n<link rel=\"canonical\" href=\"https:\/\/diariodepe.com.br\/cri\/2024\/10\/15\/guerra-mundial-pode-acontecer\/\" \/>\n<meta property=\"og:locale\" content=\"pt_BR\" \/>\n<meta property=\"og:type\" content=\"article\" \/>\n<meta property=\"og:title\" content=\"Guerra Mundial Pode Acontecer? - CRI e Diario de Pernambuco\" \/>\n<meta property=\"og:description\" content=\"A crise na Ucr\u00e2nia vem se arrastando sem grandes avan\u00e7os. \u00c9 dif\u00edcil enxergar a retomada da paz no Oriente M\u00e9dio. Alguns pol\u00edticos dos Estados Unidos e do Ocidente come\u00e7am a apregoar uma terceira Guerra Mundial. Ent\u00e3o, isso pode acontecer? \u00c0s...\" \/>\n<meta property=\"og:url\" content=\"https:\/\/diariodepe.com.br\/cri\/2024\/10\/15\/guerra-mundial-pode-acontecer\/\" \/>\n<meta property=\"og:site_name\" content=\"CRI e Diario de Pernambuco\" \/>\n<meta property=\"article:published_time\" content=\"2024-10-15T07:03:53+00:00\" \/>\n<meta property=\"article:modified_time\" content=\"2024-12-23T07:04:32+00:00\" \/>\n<meta name=\"author\" content=\"Ismael Lucas S. Pereira\" \/>\n<meta name=\"twitter:card\" content=\"summary_large_image\" \/>\n<meta name=\"twitter:label1\" content=\"Escrito por\" \/>\n\t<meta name=\"twitter:data1\" content=\"Ismael Lucas S. Pereira\" \/>\n\t<meta name=\"twitter:label2\" content=\"Est. tempo de leitura\" \/>\n\t<meta name=\"twitter:data2\" content=\"4 minutos\" \/>\n<script type=\"application\/ld+json\" class=\"yoast-schema-graph\">{\"@context\":\"https:\\\/\\\/schema.org\",\"@graph\":[{\"@type\":\"Article\",\"@id\":\"https:\\\/\\\/diariodepe.com.br\\\/cri\\\/2024\\\/10\\\/15\\\/guerra-mundial-pode-acontecer\\\/#article\",\"isPartOf\":{\"@id\":\"https:\\\/\\\/diariodepe.com.br\\\/cri\\\/2024\\\/10\\\/15\\\/guerra-mundial-pode-acontecer\\\/\"},\"author\":{\"name\":\"Ismael Lucas S. Pereira\",\"@id\":\"https:\\\/\\\/diariodepe.com.br\\\/cri\\\/#\\\/schema\\\/person\\\/121bb28d84f1a5b1205ef4ce9c2e0c6b\"},\"headline\":\"Guerra Mundial Pode Acontecer?\",\"datePublished\":\"2024-10-15T07:03:53+00:00\",\"dateModified\":\"2024-12-23T07:04:32+00:00\",\"mainEntityOfPage\":{\"@id\":\"https:\\\/\\\/diariodepe.com.br\\\/cri\\\/2024\\\/10\\\/15\\\/guerra-mundial-pode-acontecer\\\/\"},\"wordCount\":823,\"commentCount\":0,\"publisher\":{\"@id\":\"https:\\\/\\\/diariodepe.com.br\\\/cri\\\/#organization\"},\"articleSection\":[\"Vis\u00e3o\"],\"inLanguage\":\"pt-BR\",\"potentialAction\":[{\"@type\":\"CommentAction\",\"name\":\"Comment\",\"target\":[\"https:\\\/\\\/diariodepe.com.br\\\/cri\\\/2024\\\/10\\\/15\\\/guerra-mundial-pode-acontecer\\\/#respond\"]}]},{\"@type\":\"WebPage\",\"@id\":\"https:\\\/\\\/diariodepe.com.br\\\/cri\\\/2024\\\/10\\\/15\\\/guerra-mundial-pode-acontecer\\\/\",\"url\":\"https:\\\/\\\/diariodepe.com.br\\\/cri\\\/2024\\\/10\\\/15\\\/guerra-mundial-pode-acontecer\\\/\",\"name\":\"Guerra Mundial Pode Acontecer? - CRI e Diario de Pernambuco\",\"isPartOf\":{\"@id\":\"https:\\\/\\\/diariodepe.com.br\\\/cri\\\/#website\"},\"datePublished\":\"2024-10-15T07:03:53+00:00\",\"dateModified\":\"2024-12-23T07:04:32+00:00\",\"breadcrumb\":{\"@id\":\"https:\\\/\\\/diariodepe.com.br\\\/cri\\\/2024\\\/10\\\/15\\\/guerra-mundial-pode-acontecer\\\/#breadcrumb\"},\"inLanguage\":\"pt-BR\",\"potentialAction\":[{\"@type\":\"ReadAction\",\"target\":[\"https:\\\/\\\/diariodepe.com.br\\\/cri\\\/2024\\\/10\\\/15\\\/guerra-mundial-pode-acontecer\\\/\"]}]},{\"@type\":\"BreadcrumbList\",\"@id\":\"https:\\\/\\\/diariodepe.com.br\\\/cri\\\/2024\\\/10\\\/15\\\/guerra-mundial-pode-acontecer\\\/#breadcrumb\",\"itemListElement\":[{\"@type\":\"ListItem\",\"position\":1,\"name\":\"In\u00edcio\",\"item\":\"https:\\\/\\\/diariodepe.com.br\\\/cri\\\/\"},{\"@type\":\"ListItem\",\"position\":2,\"name\":\"Guerra Mundial Pode Acontecer?\"}]},{\"@type\":\"WebSite\",\"@id\":\"https:\\\/\\\/diariodepe.com.br\\\/cri\\\/#website\",\"url\":\"https:\\\/\\\/diariodepe.com.br\\\/cri\\\/\",\"name\":\"CRI e Diario de Pernambuco\",\"description\":\"R\u00e1dio Internacional da China\",\"publisher\":{\"@id\":\"https:\\\/\\\/diariodepe.com.br\\\/cri\\\/#organization\"},\"potentialAction\":[{\"@type\":\"SearchAction\",\"target\":{\"@type\":\"EntryPoint\",\"urlTemplate\":\"https:\\\/\\\/diariodepe.com.br\\\/cri\\\/?s={search_term_string}\"},\"query-input\":{\"@type\":\"PropertyValueSpecification\",\"valueRequired\":true,\"valueName\":\"search_term_string\"}}],\"inLanguage\":\"pt-BR\"},{\"@type\":\"Organization\",\"@id\":\"https:\\\/\\\/diariodepe.com.br\\\/cri\\\/#organization\",\"name\":\"CRI e Diario de Pernambuco\",\"url\":\"https:\\\/\\\/diariodepe.com.br\\\/cri\\\/\",\"logo\":{\"@type\":\"ImageObject\",\"inLanguage\":\"pt-BR\",\"@id\":\"https:\\\/\\\/diariodepe.com.br\\\/cri\\\/#\\\/schema\\\/logo\\\/image\\\/\",\"url\":\"https:\\\/\\\/diariodepe.com.br\\\/cri\\\/wp-content\\\/uploads\\\/sites\\\/2\\\/2022\\\/12\\\/cropped-Logo.jpg\",\"contentUrl\":\"https:\\\/\\\/diariodepe.com.br\\\/cri\\\/wp-content\\\/uploads\\\/sites\\\/2\\\/2022\\\/12\\\/cropped-Logo.jpg\",\"width\":700,\"height\":59,\"caption\":\"CRI e Diario de Pernambuco\"},\"image\":{\"@id\":\"https:\\\/\\\/diariodepe.com.br\\\/cri\\\/#\\\/schema\\\/logo\\\/image\\\/\"}},{\"@type\":\"Person\",\"@id\":\"https:\\\/\\\/diariodepe.com.br\\\/cri\\\/#\\\/schema\\\/person\\\/121bb28d84f1a5b1205ef4ce9c2e0c6b\",\"name\":\"Ismael Lucas S. Pereira\",\"image\":{\"@type\":\"ImageObject\",\"inLanguage\":\"pt-BR\",\"@id\":\"https:\\\/\\\/secure.gravatar.com\\\/avatar\\\/887a0f3b5a7ceea963a48499fb883ffce6b5037362def025c52c2505b15d63e4?s=96&d=mm&r=g\",\"url\":\"https:\\\/\\\/secure.gravatar.com\\\/avatar\\\/887a0f3b5a7ceea963a48499fb883ffce6b5037362def025c52c2505b15d63e4?s=96&d=mm&r=g\",\"contentUrl\":\"https:\\\/\\\/secure.gravatar.com\\\/avatar\\\/887a0f3b5a7ceea963a48499fb883ffce6b5037362def025c52c2505b15d63e4?s=96&d=mm&r=g\",\"caption\":\"Ismael Lucas S. Pereira\"},\"url\":\"https:\\\/\\\/diariodepe.com.br\\\/cri\\\/author\\\/ismael-lucas\\\/\"}]}<\/script>\n<!-- \/ Yoast SEO plugin. -->","yoast_head_json":{"title":"Guerra Mundial Pode Acontecer? - CRI e Diario de Pernambuco","robots":{"index":"index","follow":"follow","max-snippet":"max-snippet:-1","max-image-preview":"max-image-preview:large","max-video-preview":"max-video-preview:-1"},"canonical":"https:\/\/diariodepe.com.br\/cri\/2024\/10\/15\/guerra-mundial-pode-acontecer\/","og_locale":"pt_BR","og_type":"article","og_title":"Guerra Mundial Pode Acontecer? - CRI e Diario de Pernambuco","og_description":"A crise na Ucr\u00e2nia vem se arrastando sem grandes avan\u00e7os. \u00c9 dif\u00edcil enxergar a retomada da paz no Oriente M\u00e9dio. Alguns pol\u00edticos dos Estados Unidos e do Ocidente come\u00e7am a apregoar uma terceira Guerra Mundial. Ent\u00e3o, isso pode acontecer? \u00c0s...","og_url":"https:\/\/diariodepe.com.br\/cri\/2024\/10\/15\/guerra-mundial-pode-acontecer\/","og_site_name":"CRI e Diario de Pernambuco","article_published_time":"2024-10-15T07:03:53+00:00","article_modified_time":"2024-12-23T07:04:32+00:00","author":"Ismael Lucas S. Pereira","twitter_card":"summary_large_image","twitter_misc":{"Escrito por":"Ismael Lucas S. Pereira","Est. tempo de leitura":"4 minutos"},"schema":{"@context":"https:\/\/schema.org","@graph":[{"@type":"Article","@id":"https:\/\/diariodepe.com.br\/cri\/2024\/10\/15\/guerra-mundial-pode-acontecer\/#article","isPartOf":{"@id":"https:\/\/diariodepe.com.br\/cri\/2024\/10\/15\/guerra-mundial-pode-acontecer\/"},"author":{"name":"Ismael Lucas S. Pereira","@id":"https:\/\/diariodepe.com.br\/cri\/#\/schema\/person\/121bb28d84f1a5b1205ef4ce9c2e0c6b"},"headline":"Guerra Mundial Pode Acontecer?","datePublished":"2024-10-15T07:03:53+00:00","dateModified":"2024-12-23T07:04:32+00:00","mainEntityOfPage":{"@id":"https:\/\/diariodepe.com.br\/cri\/2024\/10\/15\/guerra-mundial-pode-acontecer\/"},"wordCount":823,"commentCount":0,"publisher":{"@id":"https:\/\/diariodepe.com.br\/cri\/#organization"},"articleSection":["Vis\u00e3o"],"inLanguage":"pt-BR","potentialAction":[{"@type":"CommentAction","name":"Comment","target":["https:\/\/diariodepe.com.br\/cri\/2024\/10\/15\/guerra-mundial-pode-acontecer\/#respond"]}]},{"@type":"WebPage","@id":"https:\/\/diariodepe.com.br\/cri\/2024\/10\/15\/guerra-mundial-pode-acontecer\/","url":"https:\/\/diariodepe.com.br\/cri\/2024\/10\/15\/guerra-mundial-pode-acontecer\/","name":"Guerra Mundial Pode Acontecer? - CRI e Diario de Pernambuco","isPartOf":{"@id":"https:\/\/diariodepe.com.br\/cri\/#website"},"datePublished":"2024-10-15T07:03:53+00:00","dateModified":"2024-12-23T07:04:32+00:00","breadcrumb":{"@id":"https:\/\/diariodepe.com.br\/cri\/2024\/10\/15\/guerra-mundial-pode-acontecer\/#breadcrumb"},"inLanguage":"pt-BR","potentialAction":[{"@type":"ReadAction","target":["https:\/\/diariodepe.com.br\/cri\/2024\/10\/15\/guerra-mundial-pode-acontecer\/"]}]},{"@type":"BreadcrumbList","@id":"https:\/\/diariodepe.com.br\/cri\/2024\/10\/15\/guerra-mundial-pode-acontecer\/#breadcrumb","itemListElement":[{"@type":"ListItem","position":1,"name":"In\u00edcio","item":"https:\/\/diariodepe.com.br\/cri\/"},{"@type":"ListItem","position":2,"name":"Guerra Mundial Pode Acontecer?"}]},{"@type":"WebSite","@id":"https:\/\/diariodepe.com.br\/cri\/#website","url":"https:\/\/diariodepe.com.br\/cri\/","name":"CRI e Diario de Pernambuco","description":"R\u00e1dio Internacional da China","publisher":{"@id":"https:\/\/diariodepe.com.br\/cri\/#organization"},"potentialAction":[{"@type":"SearchAction","target":{"@type":"EntryPoint","urlTemplate":"https:\/\/diariodepe.com.br\/cri\/?s={search_term_string}"},"query-input":{"@type":"PropertyValueSpecification","valueRequired":true,"valueName":"search_term_string"}}],"inLanguage":"pt-BR"},{"@type":"Organization","@id":"https:\/\/diariodepe.com.br\/cri\/#organization","name":"CRI e Diario de Pernambuco","url":"https:\/\/diariodepe.com.br\/cri\/","logo":{"@type":"ImageObject","inLanguage":"pt-BR","@id":"https:\/\/diariodepe.com.br\/cri\/#\/schema\/logo\/image\/","url":"https:\/\/diariodepe.com.br\/cri\/wp-content\/uploads\/sites\/2\/2022\/12\/cropped-Logo.jpg","contentUrl":"https:\/\/diariodepe.com.br\/cri\/wp-content\/uploads\/sites\/2\/2022\/12\/cropped-Logo.jpg","width":700,"height":59,"caption":"CRI e Diario de Pernambuco"},"image":{"@id":"https:\/\/diariodepe.com.br\/cri\/#\/schema\/logo\/image\/"}},{"@type":"Person","@id":"https:\/\/diariodepe.com.br\/cri\/#\/schema\/person\/121bb28d84f1a5b1205ef4ce9c2e0c6b","name":"Ismael Lucas S. Pereira","image":{"@type":"ImageObject","inLanguage":"pt-BR","@id":"https:\/\/secure.gravatar.com\/avatar\/887a0f3b5a7ceea963a48499fb883ffce6b5037362def025c52c2505b15d63e4?s=96&d=mm&r=g","url":"https:\/\/secure.gravatar.com\/avatar\/887a0f3b5a7ceea963a48499fb883ffce6b5037362def025c52c2505b15d63e4?s=96&d=mm&r=g","contentUrl":"https:\/\/secure.gravatar.com\/avatar\/887a0f3b5a7ceea963a48499fb883ffce6b5037362def025c52c2505b15d63e4?s=96&d=mm&r=g","caption":"Ismael Lucas S. Pereira"},"url":"https:\/\/diariodepe.com.br\/cri\/author\/ismael-lucas\/"}]}},"cc_featured_image_caption":{"caption_text":false,"source_text":false,"source_url":false},"amp_enabled":true,"_links":{"self":[{"href":"https:\/\/diariodepe.com.br\/cri\/wp-json\/wp\/v2\/posts\/7289","targetHints":{"allow":["GET"]}}],"collection":[{"href":"https:\/\/diariodepe.com.br\/cri\/wp-json\/wp\/v2\/posts"}],"about":[{"href":"https:\/\/diariodepe.com.br\/cri\/wp-json\/wp\/v2\/types\/post"}],"author":[{"embeddable":true,"href":"https:\/\/diariodepe.com.br\/cri\/wp-json\/wp\/v2\/users\/2"}],"replies":[{"embeddable":true,"href":"https:\/\/diariodepe.com.br\/cri\/wp-json\/wp\/v2\/comments?post=7289"}],"version-history":[{"count":1,"href":"https:\/\/diariodepe.com.br\/cri\/wp-json\/wp\/v2\/posts\/7289\/revisions"}],"predecessor-version":[{"id":7290,"href":"https:\/\/diariodepe.com.br\/cri\/wp-json\/wp\/v2\/posts\/7289\/revisions\/7290"}],"wp:attachment":[{"href":"https:\/\/diariodepe.com.br\/cri\/wp-json\/wp\/v2\/media?parent=7289"}],"wp:term":[{"taxonomy":"category","embeddable":true,"href":"https:\/\/diariodepe.com.br\/cri\/wp-json\/wp\/v2\/categories?post=7289"},{"taxonomy":"post_tag","embeddable":true,"href":"https:\/\/diariodepe.com.br\/cri\/wp-json\/wp\/v2\/tags?post=7289"}],"curies":[{"name":"wp","href":"https:\/\/api.w.org\/{rel}","templated":true}]}}