{"id":7179,"date":"2024-12-13T23:39:26","date_gmt":"2024-12-14T02:39:26","guid":{"rendered":"https:\/\/diariodepe.com.br\/cri\/?p=7179"},"modified":"2024-12-13T23:39:26","modified_gmt":"2024-12-14T02:39:26","slug":"xi-jinping-avalia-positivamente-relatorio-de-trabalho-do-chefe-do-executivo-de-hong-kong","status":"publish","type":"post","link":"https:\/\/diariodepe.com.br\/cri\/2024\/12\/13\/xi-jinping-avalia-positivamente-relatorio-de-trabalho-do-chefe-do-executivo-de-hong-kong\/","title":{"rendered":"Xi Jinping avalia positivamente relat\u00f3rio de trabalho do chefe do Executivo de Hong Kong"},"content":{"rendered":"<p><span lang=\"PT-BR\">O presidente chin\u00eas, Xi Jinping, assistiu nesta sexta-feira (13), em Beijing, \u00e0 apresenta\u00e7\u00e3o do relat\u00f3rio de trabalho de John Lee, chefe do Executivo da Regi\u00e3o Administrativa Especial de Hong Kong.<\/span><\/p>\n<p><span lang=\"PT-BR\">O l\u00edder chin\u00eas avaliou positivamente os trabalhos do governo de Hong Kong em 2024, indicando que a regi\u00e3o enfrenta novas oportunidades hist\u00f3ricas, associadas \u00e0s vantagens pol\u00edticas de \u201cUm Pa\u00eds, Dois Sistemas\u201d sublinhadas na 3\u00aa Sess\u00e3o Plen\u00e1ria do 20\u00ba Congresso Nacional do Partido Comunista da China (PCCh), que fez disposi\u00e7\u00f5es estrat\u00e9gicas sobre continuar aprofundando integralmente a reforma e promover a moderniza\u00e7\u00e3o chinesa.<\/span><\/p>\n<p><span lang=\"PT-BR\">Xi Jinping afirmou que o governo central vai continuar apoiando, com todos os esfor\u00e7os, o chefe do Executivo e o governo de Hong Kong, para unir todos os c\u00edrculos sociais, combinar com as estrat\u00e9gias de desenvolvimento do pa\u00eds e fazer mais contribui\u00e7\u00f5es para a estabilidade e a prosperidade de Hong Kong.<\/span><\/p>\n","protected":false},"excerpt":{"rendered":"<p>O presidente chin\u00eas, Xi Jinping, assistiu nesta sexta-feira (13), em Beijing, \u00e0 apresenta\u00e7\u00e3o do relat\u00f3rio de trabalho de John Lee, chefe do Executivo da Regi\u00e3o Administrativa Especial de Hong Kong. O l\u00edder chin\u00eas avaliou positivamente os trabalhos do governo de&#8230;<\/p>\n","protected":false},"author":2,"featured_media":7180,"comment_status":"open","ping_status":"open","sticky":false,"template":"","format":"standard","meta":{"footnotes":""},"categories":[5],"tags":[],"class_list":["post-7179","post","type-post","status-publish","format-standard","has-post-thumbnail","hentry","category-destaques-capa"],"yoast_head":"<!-- This site is optimized with the Yoast SEO plugin v27.4 - https:\/\/yoast.com\/product\/yoast-seo-wordpress\/ -->\n<title>Xi Jinping avalia positivamente relat\u00f3rio de trabalho do chefe do Executivo de Hong Kong - CRI e Diario de Pernambuco<\/title>\n<meta name=\"robots\" content=\"index, follow, max-snippet:-1, max-image-preview:large, max-video-preview:-1\" \/>\n<link rel=\"canonical\" href=\"https:\/\/diariodepe.com.br\/cri\/2024\/12\/13\/xi-jinping-avalia-positivamente-relatorio-de-trabalho-do-chefe-do-executivo-de-hong-kong\/\" \/>\n<meta property=\"og:locale\" content=\"pt_BR\" \/>\n<meta property=\"og:type\" content=\"article\" \/>\n<meta property=\"og:title\" content=\"Xi Jinping avalia positivamente relat\u00f3rio de trabalho do chefe do Executivo de Hong Kong - CRI e Diario de Pernambuco\" \/>\n<meta property=\"og:description\" content=\"O presidente chin\u00eas, Xi Jinping, assistiu nesta sexta-feira (13), em Beijing, \u00e0 apresenta\u00e7\u00e3o do relat\u00f3rio de trabalho de John Lee, chefe do Executivo da Regi\u00e3o Administrativa Especial de Hong Kong. O l\u00edder chin\u00eas avaliou positivamente os trabalhos do governo de...\" \/>\n<meta property=\"og:url\" content=\"https:\/\/diariodepe.com.br\/cri\/2024\/12\/13\/xi-jinping-avalia-positivamente-relatorio-de-trabalho-do-chefe-do-executivo-de-hong-kong\/\" \/>\n<meta property=\"og:site_name\" content=\"CRI e Diario de Pernambuco\" \/>\n<meta property=\"article:published_time\" content=\"2024-12-14T02:39:26+00:00\" \/>\n<meta property=\"og:image\" content=\"https:\/\/diariodepe.com.br\/cri\/wp-content\/uploads\/sites\/2\/2024\/12\/1734095057482_0-1.jpeg\" \/>\n\t<meta property=\"og:image:width\" content=\"1024\" \/>\n\t<meta property=\"og:image:height\" content=\"660\" \/>\n\t<meta property=\"og:image:type\" content=\"image\/jpeg\" \/>\n<meta name=\"author\" content=\"Ismael Lucas S. Pereira\" \/>\n<meta name=\"twitter:card\" content=\"summary_large_image\" \/>\n<meta name=\"twitter:label1\" content=\"Escrito por\" \/>\n\t<meta name=\"twitter:data1\" content=\"Ismael Lucas S. Pereira\" \/>\n<script type=\"application\/ld+json\" class=\"yoast-schema-graph\">{\"@context\":\"https:\\\/\\\/schema.org\",\"@graph\":[{\"@type\":\"Article\",\"@id\":\"https:\\\/\\\/diariodepe.com.br\\\/cri\\\/2024\\\/12\\\/13\\\/xi-jinping-avalia-positivamente-relatorio-de-trabalho-do-chefe-do-executivo-de-hong-kong\\\/#article\",\"isPartOf\":{\"@id\":\"https:\\\/\\\/diariodepe.com.br\\\/cri\\\/2024\\\/12\\\/13\\\/xi-jinping-avalia-positivamente-relatorio-de-trabalho-do-chefe-do-executivo-de-hong-kong\\\/\"},\"author\":{\"name\":\"Ismael Lucas S. Pereira\",\"@id\":\"https:\\\/\\\/diariodepe.com.br\\\/cri\\\/#\\\/schema\\\/person\\\/121bb28d84f1a5b1205ef4ce9c2e0c6b\"},\"headline\":\"Xi Jinping avalia positivamente relat\u00f3rio de trabalho do chefe do Executivo de Hong Kong\",\"datePublished\":\"2024-12-14T02:39:26+00:00\",\"mainEntityOfPage\":{\"@id\":\"https:\\\/\\\/diariodepe.com.br\\\/cri\\\/2024\\\/12\\\/13\\\/xi-jinping-avalia-positivamente-relatorio-de-trabalho-do-chefe-do-executivo-de-hong-kong\\\/\"},\"wordCount\":172,\"commentCount\":0,\"publisher\":{\"@id\":\"https:\\\/\\\/diariodepe.com.br\\\/cri\\\/#organization\"},\"image\":{\"@id\":\"https:\\\/\\\/diariodepe.com.br\\\/cri\\\/2024\\\/12\\\/13\\\/xi-jinping-avalia-positivamente-relatorio-de-trabalho-do-chefe-do-executivo-de-hong-kong\\\/#primaryimage\"},\"thumbnailUrl\":\"https:\\\/\\\/diariodepe.com.br\\\/cri\\\/wp-content\\\/uploads\\\/sites\\\/2\\\/2024\\\/12\\\/1734095057482_0-1.jpeg\",\"articleSection\":[\"Destaques Capa\"],\"inLanguage\":\"pt-BR\",\"potentialAction\":[{\"@type\":\"CommentAction\",\"name\":\"Comment\",\"target\":[\"https:\\\/\\\/diariodepe.com.br\\\/cri\\\/2024\\\/12\\\/13\\\/xi-jinping-avalia-positivamente-relatorio-de-trabalho-do-chefe-do-executivo-de-hong-kong\\\/#respond\"]}]},{\"@type\":\"WebPage\",\"@id\":\"https:\\\/\\\/diariodepe.com.br\\\/cri\\\/2024\\\/12\\\/13\\\/xi-jinping-avalia-positivamente-relatorio-de-trabalho-do-chefe-do-executivo-de-hong-kong\\\/\",\"url\":\"https:\\\/\\\/diariodepe.com.br\\\/cri\\\/2024\\\/12\\\/13\\\/xi-jinping-avalia-positivamente-relatorio-de-trabalho-do-chefe-do-executivo-de-hong-kong\\\/\",\"name\":\"Xi Jinping avalia positivamente relat\u00f3rio de trabalho do chefe do Executivo de Hong Kong - CRI e Diario de Pernambuco\",\"isPartOf\":{\"@id\":\"https:\\\/\\\/diariodepe.com.br\\\/cri\\\/#website\"},\"primaryImageOfPage\":{\"@id\":\"https:\\\/\\\/diariodepe.com.br\\\/cri\\\/2024\\\/12\\\/13\\\/xi-jinping-avalia-positivamente-relatorio-de-trabalho-do-chefe-do-executivo-de-hong-kong\\\/#primaryimage\"},\"image\":{\"@id\":\"https:\\\/\\\/diariodepe.com.br\\\/cri\\\/2024\\\/12\\\/13\\\/xi-jinping-avalia-positivamente-relatorio-de-trabalho-do-chefe-do-executivo-de-hong-kong\\\/#primaryimage\"},\"thumbnailUrl\":\"https:\\\/\\\/diariodepe.com.br\\\/cri\\\/wp-content\\\/uploads\\\/sites\\\/2\\\/2024\\\/12\\\/1734095057482_0-1.jpeg\",\"datePublished\":\"2024-12-14T02:39:26+00:00\",\"breadcrumb\":{\"@id\":\"https:\\\/\\\/diariodepe.com.br\\\/cri\\\/2024\\\/12\\\/13\\\/xi-jinping-avalia-positivamente-relatorio-de-trabalho-do-chefe-do-executivo-de-hong-kong\\\/#breadcrumb\"},\"inLanguage\":\"pt-BR\",\"potentialAction\":[{\"@type\":\"ReadAction\",\"target\":[\"https:\\\/\\\/diariodepe.com.br\\\/cri\\\/2024\\\/12\\\/13\\\/xi-jinping-avalia-positivamente-relatorio-de-trabalho-do-chefe-do-executivo-de-hong-kong\\\/\"]}]},{\"@type\":\"ImageObject\",\"inLanguage\":\"pt-BR\",\"@id\":\"https:\\\/\\\/diariodepe.com.br\\\/cri\\\/2024\\\/12\\\/13\\\/xi-jinping-avalia-positivamente-relatorio-de-trabalho-do-chefe-do-executivo-de-hong-kong\\\/#primaryimage\",\"url\":\"https:\\\/\\\/diariodepe.com.br\\\/cri\\\/wp-content\\\/uploads\\\/sites\\\/2\\\/2024\\\/12\\\/1734095057482_0-1.jpeg\",\"contentUrl\":\"https:\\\/\\\/diariodepe.com.br\\\/cri\\\/wp-content\\\/uploads\\\/sites\\\/2\\\/2024\\\/12\\\/1734095057482_0-1.jpeg\",\"width\":1024,\"height\":660},{\"@type\":\"BreadcrumbList\",\"@id\":\"https:\\\/\\\/diariodepe.com.br\\\/cri\\\/2024\\\/12\\\/13\\\/xi-jinping-avalia-positivamente-relatorio-de-trabalho-do-chefe-do-executivo-de-hong-kong\\\/#breadcrumb\",\"itemListElement\":[{\"@type\":\"ListItem\",\"position\":1,\"name\":\"In\u00edcio\",\"item\":\"https:\\\/\\\/diariodepe.com.br\\\/cri\\\/\"},{\"@type\":\"ListItem\",\"position\":2,\"name\":\"Xi Jinping avalia positivamente relat\u00f3rio de trabalho do chefe do Executivo de Hong Kong\"}]},{\"@type\":\"WebSite\",\"@id\":\"https:\\\/\\\/diariodepe.com.br\\\/cri\\\/#website\",\"url\":\"https:\\\/\\\/diariodepe.com.br\\\/cri\\\/\",\"name\":\"CRI e Diario de Pernambuco\",\"description\":\"R\u00e1dio Internacional da China\",\"publisher\":{\"@id\":\"https:\\\/\\\/diariodepe.com.br\\\/cri\\\/#organization\"},\"potentialAction\":[{\"@type\":\"SearchAction\",\"target\":{\"@type\":\"EntryPoint\",\"urlTemplate\":\"https:\\\/\\\/diariodepe.com.br\\\/cri\\\/?s={search_term_string}\"},\"query-input\":{\"@type\":\"PropertyValueSpecification\",\"valueRequired\":true,\"valueName\":\"search_term_string\"}}],\"inLanguage\":\"pt-BR\"},{\"@type\":\"Organization\",\"@id\":\"https:\\\/\\\/diariodepe.com.br\\\/cri\\\/#organization\",\"name\":\"CRI e Diario de Pernambuco\",\"url\":\"https:\\\/\\\/diariodepe.com.br\\\/cri\\\/\",\"logo\":{\"@type\":\"ImageObject\",\"inLanguage\":\"pt-BR\",\"@id\":\"https:\\\/\\\/diariodepe.com.br\\\/cri\\\/#\\\/schema\\\/logo\\\/image\\\/\",\"url\":\"https:\\\/\\\/diariodepe.com.br\\\/cri\\\/wp-content\\\/uploads\\\/sites\\\/2\\\/2022\\\/12\\\/cropped-Logo.jpg\",\"contentUrl\":\"https:\\\/\\\/diariodepe.com.br\\\/cri\\\/wp-content\\\/uploads\\\/sites\\\/2\\\/2022\\\/12\\\/cropped-Logo.jpg\",\"width\":700,\"height\":59,\"caption\":\"CRI e Diario de Pernambuco\"},\"image\":{\"@id\":\"https:\\\/\\\/diariodepe.com.br\\\/cri\\\/#\\\/schema\\\/logo\\\/image\\\/\"}},{\"@type\":\"Person\",\"@id\":\"https:\\\/\\\/diariodepe.com.br\\\/cri\\\/#\\\/schema\\\/person\\\/121bb28d84f1a5b1205ef4ce9c2e0c6b\",\"name\":\"Ismael Lucas S. Pereira\",\"image\":{\"@type\":\"ImageObject\",\"inLanguage\":\"pt-BR\",\"@id\":\"https:\\\/\\\/secure.gravatar.com\\\/avatar\\\/887a0f3b5a7ceea963a48499fb883ffce6b5037362def025c52c2505b15d63e4?s=96&d=mm&r=g\",\"url\":\"https:\\\/\\\/secure.gravatar.com\\\/avatar\\\/887a0f3b5a7ceea963a48499fb883ffce6b5037362def025c52c2505b15d63e4?s=96&d=mm&r=g\",\"contentUrl\":\"https:\\\/\\\/secure.gravatar.com\\\/avatar\\\/887a0f3b5a7ceea963a48499fb883ffce6b5037362def025c52c2505b15d63e4?s=96&d=mm&r=g\",\"caption\":\"Ismael Lucas S. Pereira\"},\"url\":\"https:\\\/\\\/diariodepe.com.br\\\/cri\\\/author\\\/ismael-lucas\\\/\"}]}<\/script>\n<!-- \/ Yoast SEO plugin. -->","yoast_head_json":{"title":"Xi Jinping avalia positivamente relat\u00f3rio de trabalho do chefe do Executivo de Hong Kong - CRI e Diario de Pernambuco","robots":{"index":"index","follow":"follow","max-snippet":"max-snippet:-1","max-image-preview":"max-image-preview:large","max-video-preview":"max-video-preview:-1"},"canonical":"https:\/\/diariodepe.com.br\/cri\/2024\/12\/13\/xi-jinping-avalia-positivamente-relatorio-de-trabalho-do-chefe-do-executivo-de-hong-kong\/","og_locale":"pt_BR","og_type":"article","og_title":"Xi Jinping avalia positivamente relat\u00f3rio de trabalho do chefe do Executivo de Hong Kong - CRI e Diario de Pernambuco","og_description":"O presidente chin\u00eas, Xi Jinping, assistiu nesta sexta-feira (13), em Beijing, \u00e0 apresenta\u00e7\u00e3o do relat\u00f3rio de trabalho de John Lee, chefe do Executivo da Regi\u00e3o Administrativa Especial de Hong Kong. O l\u00edder chin\u00eas avaliou positivamente os trabalhos do governo de...","og_url":"https:\/\/diariodepe.com.br\/cri\/2024\/12\/13\/xi-jinping-avalia-positivamente-relatorio-de-trabalho-do-chefe-do-executivo-de-hong-kong\/","og_site_name":"CRI e Diario de Pernambuco","article_published_time":"2024-12-14T02:39:26+00:00","og_image":[{"width":1024,"height":660,"url":"https:\/\/diariodepe.com.br\/cri\/wp-content\/uploads\/sites\/2\/2024\/12\/1734095057482_0-1.jpeg","type":"image\/jpeg"}],"author":"Ismael Lucas S. Pereira","twitter_card":"summary_large_image","twitter_misc":{"Escrito por":"Ismael Lucas S. Pereira"},"schema":{"@context":"https:\/\/schema.org","@graph":[{"@type":"Article","@id":"https:\/\/diariodepe.com.br\/cri\/2024\/12\/13\/xi-jinping-avalia-positivamente-relatorio-de-trabalho-do-chefe-do-executivo-de-hong-kong\/#article","isPartOf":{"@id":"https:\/\/diariodepe.com.br\/cri\/2024\/12\/13\/xi-jinping-avalia-positivamente-relatorio-de-trabalho-do-chefe-do-executivo-de-hong-kong\/"},"author":{"name":"Ismael Lucas S. Pereira","@id":"https:\/\/diariodepe.com.br\/cri\/#\/schema\/person\/121bb28d84f1a5b1205ef4ce9c2e0c6b"},"headline":"Xi Jinping avalia positivamente relat\u00f3rio de trabalho do chefe do Executivo de Hong Kong","datePublished":"2024-12-14T02:39:26+00:00","mainEntityOfPage":{"@id":"https:\/\/diariodepe.com.br\/cri\/2024\/12\/13\/xi-jinping-avalia-positivamente-relatorio-de-trabalho-do-chefe-do-executivo-de-hong-kong\/"},"wordCount":172,"commentCount":0,"publisher":{"@id":"https:\/\/diariodepe.com.br\/cri\/#organization"},"image":{"@id":"https:\/\/diariodepe.com.br\/cri\/2024\/12\/13\/xi-jinping-avalia-positivamente-relatorio-de-trabalho-do-chefe-do-executivo-de-hong-kong\/#primaryimage"},"thumbnailUrl":"https:\/\/diariodepe.com.br\/cri\/wp-content\/uploads\/sites\/2\/2024\/12\/1734095057482_0-1.jpeg","articleSection":["Destaques Capa"],"inLanguage":"pt-BR","potentialAction":[{"@type":"CommentAction","name":"Comment","target":["https:\/\/diariodepe.com.br\/cri\/2024\/12\/13\/xi-jinping-avalia-positivamente-relatorio-de-trabalho-do-chefe-do-executivo-de-hong-kong\/#respond"]}]},{"@type":"WebPage","@id":"https:\/\/diariodepe.com.br\/cri\/2024\/12\/13\/xi-jinping-avalia-positivamente-relatorio-de-trabalho-do-chefe-do-executivo-de-hong-kong\/","url":"https:\/\/diariodepe.com.br\/cri\/2024\/12\/13\/xi-jinping-avalia-positivamente-relatorio-de-trabalho-do-chefe-do-executivo-de-hong-kong\/","name":"Xi Jinping avalia positivamente relat\u00f3rio de trabalho do chefe do Executivo de Hong Kong - CRI e Diario de Pernambuco","isPartOf":{"@id":"https:\/\/diariodepe.com.br\/cri\/#website"},"primaryImageOfPage":{"@id":"https:\/\/diariodepe.com.br\/cri\/2024\/12\/13\/xi-jinping-avalia-positivamente-relatorio-de-trabalho-do-chefe-do-executivo-de-hong-kong\/#primaryimage"},"image":{"@id":"https:\/\/diariodepe.com.br\/cri\/2024\/12\/13\/xi-jinping-avalia-positivamente-relatorio-de-trabalho-do-chefe-do-executivo-de-hong-kong\/#primaryimage"},"thumbnailUrl":"https:\/\/diariodepe.com.br\/cri\/wp-content\/uploads\/sites\/2\/2024\/12\/1734095057482_0-1.jpeg","datePublished":"2024-12-14T02:39:26+00:00","breadcrumb":{"@id":"https:\/\/diariodepe.com.br\/cri\/2024\/12\/13\/xi-jinping-avalia-positivamente-relatorio-de-trabalho-do-chefe-do-executivo-de-hong-kong\/#breadcrumb"},"inLanguage":"pt-BR","potentialAction":[{"@type":"ReadAction","target":["https:\/\/diariodepe.com.br\/cri\/2024\/12\/13\/xi-jinping-avalia-positivamente-relatorio-de-trabalho-do-chefe-do-executivo-de-hong-kong\/"]}]},{"@type":"ImageObject","inLanguage":"pt-BR","@id":"https:\/\/diariodepe.com.br\/cri\/2024\/12\/13\/xi-jinping-avalia-positivamente-relatorio-de-trabalho-do-chefe-do-executivo-de-hong-kong\/#primaryimage","url":"https:\/\/diariodepe.com.br\/cri\/wp-content\/uploads\/sites\/2\/2024\/12\/1734095057482_0-1.jpeg","contentUrl":"https:\/\/diariodepe.com.br\/cri\/wp-content\/uploads\/sites\/2\/2024\/12\/1734095057482_0-1.jpeg","width":1024,"height":660},{"@type":"BreadcrumbList","@id":"https:\/\/diariodepe.com.br\/cri\/2024\/12\/13\/xi-jinping-avalia-positivamente-relatorio-de-trabalho-do-chefe-do-executivo-de-hong-kong\/#breadcrumb","itemListElement":[{"@type":"ListItem","position":1,"name":"In\u00edcio","item":"https:\/\/diariodepe.com.br\/cri\/"},{"@type":"ListItem","position":2,"name":"Xi Jinping avalia positivamente relat\u00f3rio de trabalho do chefe do Executivo de Hong Kong"}]},{"@type":"WebSite","@id":"https:\/\/diariodepe.com.br\/cri\/#website","url":"https:\/\/diariodepe.com.br\/cri\/","name":"CRI e Diario de Pernambuco","description":"R\u00e1dio Internacional da China","publisher":{"@id":"https:\/\/diariodepe.com.br\/cri\/#organization"},"potentialAction":[{"@type":"SearchAction","target":{"@type":"EntryPoint","urlTemplate":"https:\/\/diariodepe.com.br\/cri\/?s={search_term_string}"},"query-input":{"@type":"PropertyValueSpecification","valueRequired":true,"valueName":"search_term_string"}}],"inLanguage":"pt-BR"},{"@type":"Organization","@id":"https:\/\/diariodepe.com.br\/cri\/#organization","name":"CRI e Diario de Pernambuco","url":"https:\/\/diariodepe.com.br\/cri\/","logo":{"@type":"ImageObject","inLanguage":"pt-BR","@id":"https:\/\/diariodepe.com.br\/cri\/#\/schema\/logo\/image\/","url":"https:\/\/diariodepe.com.br\/cri\/wp-content\/uploads\/sites\/2\/2022\/12\/cropped-Logo.jpg","contentUrl":"https:\/\/diariodepe.com.br\/cri\/wp-content\/uploads\/sites\/2\/2022\/12\/cropped-Logo.jpg","width":700,"height":59,"caption":"CRI e Diario de Pernambuco"},"image":{"@id":"https:\/\/diariodepe.com.br\/cri\/#\/schema\/logo\/image\/"}},{"@type":"Person","@id":"https:\/\/diariodepe.com.br\/cri\/#\/schema\/person\/121bb28d84f1a5b1205ef4ce9c2e0c6b","name":"Ismael Lucas S. Pereira","image":{"@type":"ImageObject","inLanguage":"pt-BR","@id":"https:\/\/secure.gravatar.com\/avatar\/887a0f3b5a7ceea963a48499fb883ffce6b5037362def025c52c2505b15d63e4?s=96&d=mm&r=g","url":"https:\/\/secure.gravatar.com\/avatar\/887a0f3b5a7ceea963a48499fb883ffce6b5037362def025c52c2505b15d63e4?s=96&d=mm&r=g","contentUrl":"https:\/\/secure.gravatar.com\/avatar\/887a0f3b5a7ceea963a48499fb883ffce6b5037362def025c52c2505b15d63e4?s=96&d=mm&r=g","caption":"Ismael Lucas S. Pereira"},"url":"https:\/\/diariodepe.com.br\/cri\/author\/ismael-lucas\/"}]}},"cc_featured_image_caption":{"caption_text":false,"source_text":false,"source_url":false},"amp_enabled":true,"_links":{"self":[{"href":"https:\/\/diariodepe.com.br\/cri\/wp-json\/wp\/v2\/posts\/7179","targetHints":{"allow":["GET"]}}],"collection":[{"href":"https:\/\/diariodepe.com.br\/cri\/wp-json\/wp\/v2\/posts"}],"about":[{"href":"https:\/\/diariodepe.com.br\/cri\/wp-json\/wp\/v2\/types\/post"}],"author":[{"embeddable":true,"href":"https:\/\/diariodepe.com.br\/cri\/wp-json\/wp\/v2\/users\/2"}],"replies":[{"embeddable":true,"href":"https:\/\/diariodepe.com.br\/cri\/wp-json\/wp\/v2\/comments?post=7179"}],"version-history":[{"count":1,"href":"https:\/\/diariodepe.com.br\/cri\/wp-json\/wp\/v2\/posts\/7179\/revisions"}],"predecessor-version":[{"id":7181,"href":"https:\/\/diariodepe.com.br\/cri\/wp-json\/wp\/v2\/posts\/7179\/revisions\/7181"}],"wp:featuredmedia":[{"embeddable":true,"href":"https:\/\/diariodepe.com.br\/cri\/wp-json\/wp\/v2\/media\/7180"}],"wp:attachment":[{"href":"https:\/\/diariodepe.com.br\/cri\/wp-json\/wp\/v2\/media?parent=7179"}],"wp:term":[{"taxonomy":"category","embeddable":true,"href":"https:\/\/diariodepe.com.br\/cri\/wp-json\/wp\/v2\/categories?post=7179"},{"taxonomy":"post_tag","embeddable":true,"href":"https:\/\/diariodepe.com.br\/cri\/wp-json\/wp\/v2\/tags?post=7179"}],"curies":[{"name":"wp","href":"https:\/\/api.w.org\/{rel}","templated":true}]}}