{"id":7164,"date":"2024-12-11T23:19:08","date_gmt":"2024-12-12T02:19:08","guid":{"rendered":"https:\/\/diariodepe.com.br\/cri\/?p=7164"},"modified":"2024-12-11T23:19:08","modified_gmt":"2024-12-12T02:19:08","slug":"comercio-exterior-chines-responde-pergunta-global","status":"publish","type":"post","link":"https:\/\/diariodepe.com.br\/cri\/2024\/12\/11\/comercio-exterior-chines-responde-pergunta-global\/","title":{"rendered":"Com\u00e9rcio exterior chin\u00eas responde pergunta global"},"content":{"rendered":"<p><img decoding=\"async\" src=\"https:\/\/38picres.cgtn.com\/photoAlbum\/page\/performance\/img\/2024\/12\/11\/1733887018686_209.jpg\" \/>O com\u00e9rcio exterior da China registrou um crescimento est\u00e1vel de janeiro a novembro deste ano. De acordo com dados divulgados pelo governo chin\u00eas na ter\u00e7a-feira (10), o volume de importa\u00e7\u00f5es e exporta\u00e7\u00f5es de mercadorias do pa\u00eds totalizou 39,79 trilh\u00f5es de yuans, um aumento de 4,9% em rela\u00e7\u00e3o ao ano anterior, mostrando um aumento est\u00e1vel. Somente as exporta\u00e7\u00f5es somaram 23,04 trilh\u00f5es de yuans e as importa\u00e7\u00f5es, 16,75 trilh\u00f5es de yuans, um aumento de 6,7% e 2,4%, respectivamente.<\/p>\n<p>No mundo de hoje, onde os conflitos geopol\u00edticos continuam e o protecionismo comercial global est\u00e1 se intensificando, n\u00e3o \u00e9 f\u00e1cil alcan\u00e7ar essa conquista. Em uma reuni\u00e3o com os chefes das principais organiza\u00e7\u00f5es econ\u00f4micas internacionais ontem (10), o presidente chin\u00eas, Xi Jinping, enfatizou que a \u201cmaneira para colocar a economia global no caminho do crescimento forte e sustent\u00e1vel \u00e9 a quest\u00e3o crucial para a comunidade internacional\u201d. Como elementos da economia chinesa, a resili\u00eancia e o desempenho do com\u00e9rcio exterior do pa\u00eds fornecem uma resposta clara a essa \u201cquest\u00e3o global\u201d.<\/p>\n<p><img decoding=\"async\" src=\"https:\/\/38picres.cgtn.com\/photoAlbum\/page\/performance\/img\/2024\/12\/11\/1733887028949_942.jpg\" \/>De janeiro a novembro deste ano, as exporta\u00e7\u00f5es chinesas de produtos mec\u00e2nicos e el\u00e9tricos de alta tecnologia e alto valor agregado atingiram 13,7 trilh\u00f5es de yuans, representando quase 60% do total das exporta\u00e7\u00f5es. O dado mostra que a China tem acelerado constantemente o desenvolvimento de novas for\u00e7as produtivas de qualidade. Ve\u00edculos movidos a novas energias, baterias de l\u00edtio e produtos fotovoltaicos continuam a liderar o crescimento do com\u00e9rcio exterior, tornando a fabrica\u00e7\u00e3o inteligente do pa\u00eds cada vez mais popular no mundo todo.<\/p>\n<p>A China tamb\u00e9m compartilha seu enorme mercado e novas oportunidades por meio da expans\u00e3o das importa\u00e7\u00f5es. Nos primeiros 11 meses, as importa\u00e7\u00f5es de produtos energ\u00e9ticos e minerais da China aumentaram 6,3% e 4,3%, respectivamente. As importa\u00e7\u00f5es de produtos mec\u00e2nicos e el\u00e9tricos totalizaram 6,35 trilh\u00f5es de yuans, um aumento de 7,5%.<\/p>\n<p>De onde vem esse desempenho extraordin\u00e1rio? De uma perspectiva global, o com\u00e9rcio atual de mercadorias em todo o mundo mostrou uma tend\u00eancia de recupera\u00e7\u00e3o, o que criou condi\u00e7\u00f5es para uma retomada da demanda. Vale a pena observar que o com\u00e9rcio exterior da China com a Uni\u00e3o Europeia e os Estados Unidos aumentou 1,3% e 4,2%, respectivamente, apesar da intensifica\u00e7\u00e3o das disputas comerciais, verificando a atratividade do mercado chin\u00eas e a vantagem competitiva dos produtos chineses.<\/p>\n<p><img decoding=\"async\" src=\"https:\/\/38picres.cgtn.com\/photoAlbum\/page\/performance\/img\/2024\/12\/11\/1733887035526_412.jpg\" \/>Mais importante ainda, os fundamentos da economia chinesa permanecem s\u00f3lidos, com um enorme mercado interno, forte resili\u00eancia e grande potencial. Al\u00e9m disso, o \u00faltimo pacote de medidas do governo chin\u00eas deu um novo impulso ao crescimento econ\u00f4mico, do qual o com\u00e9rcio exterior tamb\u00e9m pode se beneficiar significativamente.<\/p>\n<p>Como a segunda maior economia do mundo e o maior pa\u00eds comercial de commodities, a China sempre defendeu a abertura e a conectividade, mantendo efetivamente a estabilidade das cadeias industriais e de suprimentos globais e promovendo o desenvolvimento sustent\u00e1vel e saud\u00e1vel do com\u00e9rcio mundial.<\/p>\n","protected":false},"excerpt":{"rendered":"<p>O com\u00e9rcio exterior da China registrou um crescimento est\u00e1vel de janeiro a novembro deste ano. De acordo com dados divulgados pelo governo chin\u00eas na ter\u00e7a-feira (10), o volume de importa\u00e7\u00f5es e exporta\u00e7\u00f5es de mercadorias do pa\u00eds totalizou 39,79 trilh\u00f5es de&#8230;<\/p>\n","protected":false},"author":2,"featured_media":0,"comment_status":"open","ping_status":"open","sticky":false,"template":"","format":"standard","meta":{"footnotes":""},"categories":[7],"tags":[],"class_list":["post-7164","post","type-post","status-publish","format-standard","hentry","category-visao"],"yoast_head":"<!-- This site is optimized with the Yoast SEO plugin v27.4 - https:\/\/yoast.com\/product\/yoast-seo-wordpress\/ -->\n<title>Com\u00e9rcio exterior chin\u00eas responde pergunta global - CRI e Diario de Pernambuco<\/title>\n<meta name=\"robots\" content=\"index, follow, max-snippet:-1, max-image-preview:large, max-video-preview:-1\" \/>\n<link rel=\"canonical\" href=\"https:\/\/diariodepe.com.br\/cri\/2024\/12\/11\/comercio-exterior-chines-responde-pergunta-global\/\" \/>\n<meta property=\"og:locale\" content=\"pt_BR\" \/>\n<meta property=\"og:type\" content=\"article\" \/>\n<meta property=\"og:title\" content=\"Com\u00e9rcio exterior chin\u00eas responde pergunta global - CRI e Diario de Pernambuco\" \/>\n<meta property=\"og:description\" content=\"O com\u00e9rcio exterior da China registrou um crescimento est\u00e1vel de janeiro a novembro deste ano. De acordo com dados divulgados pelo governo chin\u00eas na ter\u00e7a-feira (10), o volume de importa\u00e7\u00f5es e exporta\u00e7\u00f5es de mercadorias do pa\u00eds totalizou 39,79 trilh\u00f5es de...\" \/>\n<meta property=\"og:url\" content=\"https:\/\/diariodepe.com.br\/cri\/2024\/12\/11\/comercio-exterior-chines-responde-pergunta-global\/\" \/>\n<meta property=\"og:site_name\" content=\"CRI e Diario de Pernambuco\" \/>\n<meta property=\"article:published_time\" content=\"2024-12-12T02:19:08+00:00\" \/>\n<meta property=\"og:image\" content=\"https:\/\/38picres.cgtn.com\/photoAlbum\/page\/performance\/img\/2024\/12\/11\/1733887018686_209.jpg\" \/>\n<meta name=\"author\" content=\"Ismael Lucas S. Pereira\" \/>\n<meta name=\"twitter:card\" content=\"summary_large_image\" \/>\n<meta name=\"twitter:label1\" content=\"Escrito por\" \/>\n\t<meta name=\"twitter:data1\" content=\"Ismael Lucas S. Pereira\" \/>\n<script type=\"application\/ld+json\" class=\"yoast-schema-graph\">{\"@context\":\"https:\\\/\\\/schema.org\",\"@graph\":[{\"@type\":\"Article\",\"@id\":\"https:\\\/\\\/diariodepe.com.br\\\/cri\\\/2024\\\/12\\\/11\\\/comercio-exterior-chines-responde-pergunta-global\\\/#article\",\"isPartOf\":{\"@id\":\"https:\\\/\\\/diariodepe.com.br\\\/cri\\\/2024\\\/12\\\/11\\\/comercio-exterior-chines-responde-pergunta-global\\\/\"},\"author\":{\"name\":\"Ismael Lucas S. Pereira\",\"@id\":\"https:\\\/\\\/diariodepe.com.br\\\/cri\\\/#\\\/schema\\\/person\\\/121bb28d84f1a5b1205ef4ce9c2e0c6b\"},\"headline\":\"Com\u00e9rcio exterior chin\u00eas responde pergunta global\",\"datePublished\":\"2024-12-12T02:19:08+00:00\",\"mainEntityOfPage\":{\"@id\":\"https:\\\/\\\/diariodepe.com.br\\\/cri\\\/2024\\\/12\\\/11\\\/comercio-exterior-chines-responde-pergunta-global\\\/\"},\"wordCount\":519,\"commentCount\":0,\"publisher\":{\"@id\":\"https:\\\/\\\/diariodepe.com.br\\\/cri\\\/#organization\"},\"image\":{\"@id\":\"https:\\\/\\\/diariodepe.com.br\\\/cri\\\/2024\\\/12\\\/11\\\/comercio-exterior-chines-responde-pergunta-global\\\/#primaryimage\"},\"thumbnailUrl\":\"https:\\\/\\\/38picres.cgtn.com\\\/photoAlbum\\\/page\\\/performance\\\/img\\\/2024\\\/12\\\/11\\\/1733887018686_209.jpg\",\"articleSection\":[\"Vis\u00e3o\"],\"inLanguage\":\"pt-BR\",\"potentialAction\":[{\"@type\":\"CommentAction\",\"name\":\"Comment\",\"target\":[\"https:\\\/\\\/diariodepe.com.br\\\/cri\\\/2024\\\/12\\\/11\\\/comercio-exterior-chines-responde-pergunta-global\\\/#respond\"]}]},{\"@type\":\"WebPage\",\"@id\":\"https:\\\/\\\/diariodepe.com.br\\\/cri\\\/2024\\\/12\\\/11\\\/comercio-exterior-chines-responde-pergunta-global\\\/\",\"url\":\"https:\\\/\\\/diariodepe.com.br\\\/cri\\\/2024\\\/12\\\/11\\\/comercio-exterior-chines-responde-pergunta-global\\\/\",\"name\":\"Com\u00e9rcio exterior chin\u00eas responde pergunta global - CRI e Diario de Pernambuco\",\"isPartOf\":{\"@id\":\"https:\\\/\\\/diariodepe.com.br\\\/cri\\\/#website\"},\"primaryImageOfPage\":{\"@id\":\"https:\\\/\\\/diariodepe.com.br\\\/cri\\\/2024\\\/12\\\/11\\\/comercio-exterior-chines-responde-pergunta-global\\\/#primaryimage\"},\"image\":{\"@id\":\"https:\\\/\\\/diariodepe.com.br\\\/cri\\\/2024\\\/12\\\/11\\\/comercio-exterior-chines-responde-pergunta-global\\\/#primaryimage\"},\"thumbnailUrl\":\"https:\\\/\\\/38picres.cgtn.com\\\/photoAlbum\\\/page\\\/performance\\\/img\\\/2024\\\/12\\\/11\\\/1733887018686_209.jpg\",\"datePublished\":\"2024-12-12T02:19:08+00:00\",\"breadcrumb\":{\"@id\":\"https:\\\/\\\/diariodepe.com.br\\\/cri\\\/2024\\\/12\\\/11\\\/comercio-exterior-chines-responde-pergunta-global\\\/#breadcrumb\"},\"inLanguage\":\"pt-BR\",\"potentialAction\":[{\"@type\":\"ReadAction\",\"target\":[\"https:\\\/\\\/diariodepe.com.br\\\/cri\\\/2024\\\/12\\\/11\\\/comercio-exterior-chines-responde-pergunta-global\\\/\"]}]},{\"@type\":\"ImageObject\",\"inLanguage\":\"pt-BR\",\"@id\":\"https:\\\/\\\/diariodepe.com.br\\\/cri\\\/2024\\\/12\\\/11\\\/comercio-exterior-chines-responde-pergunta-global\\\/#primaryimage\",\"url\":\"https:\\\/\\\/38picres.cgtn.com\\\/photoAlbum\\\/page\\\/performance\\\/img\\\/2024\\\/12\\\/11\\\/1733887018686_209.jpg\",\"contentUrl\":\"https:\\\/\\\/38picres.cgtn.com\\\/photoAlbum\\\/page\\\/performance\\\/img\\\/2024\\\/12\\\/11\\\/1733887018686_209.jpg\"},{\"@type\":\"BreadcrumbList\",\"@id\":\"https:\\\/\\\/diariodepe.com.br\\\/cri\\\/2024\\\/12\\\/11\\\/comercio-exterior-chines-responde-pergunta-global\\\/#breadcrumb\",\"itemListElement\":[{\"@type\":\"ListItem\",\"position\":1,\"name\":\"In\u00edcio\",\"item\":\"https:\\\/\\\/diariodepe.com.br\\\/cri\\\/\"},{\"@type\":\"ListItem\",\"position\":2,\"name\":\"Com\u00e9rcio exterior chin\u00eas responde pergunta global\"}]},{\"@type\":\"WebSite\",\"@id\":\"https:\\\/\\\/diariodepe.com.br\\\/cri\\\/#website\",\"url\":\"https:\\\/\\\/diariodepe.com.br\\\/cri\\\/\",\"name\":\"CRI e Diario de Pernambuco\",\"description\":\"R\u00e1dio Internacional da China\",\"publisher\":{\"@id\":\"https:\\\/\\\/diariodepe.com.br\\\/cri\\\/#organization\"},\"potentialAction\":[{\"@type\":\"SearchAction\",\"target\":{\"@type\":\"EntryPoint\",\"urlTemplate\":\"https:\\\/\\\/diariodepe.com.br\\\/cri\\\/?s={search_term_string}\"},\"query-input\":{\"@type\":\"PropertyValueSpecification\",\"valueRequired\":true,\"valueName\":\"search_term_string\"}}],\"inLanguage\":\"pt-BR\"},{\"@type\":\"Organization\",\"@id\":\"https:\\\/\\\/diariodepe.com.br\\\/cri\\\/#organization\",\"name\":\"CRI e Diario de Pernambuco\",\"url\":\"https:\\\/\\\/diariodepe.com.br\\\/cri\\\/\",\"logo\":{\"@type\":\"ImageObject\",\"inLanguage\":\"pt-BR\",\"@id\":\"https:\\\/\\\/diariodepe.com.br\\\/cri\\\/#\\\/schema\\\/logo\\\/image\\\/\",\"url\":\"https:\\\/\\\/diariodepe.com.br\\\/cri\\\/wp-content\\\/uploads\\\/sites\\\/2\\\/2022\\\/12\\\/cropped-Logo.jpg\",\"contentUrl\":\"https:\\\/\\\/diariodepe.com.br\\\/cri\\\/wp-content\\\/uploads\\\/sites\\\/2\\\/2022\\\/12\\\/cropped-Logo.jpg\",\"width\":700,\"height\":59,\"caption\":\"CRI e Diario de Pernambuco\"},\"image\":{\"@id\":\"https:\\\/\\\/diariodepe.com.br\\\/cri\\\/#\\\/schema\\\/logo\\\/image\\\/\"}},{\"@type\":\"Person\",\"@id\":\"https:\\\/\\\/diariodepe.com.br\\\/cri\\\/#\\\/schema\\\/person\\\/121bb28d84f1a5b1205ef4ce9c2e0c6b\",\"name\":\"Ismael Lucas S. Pereira\",\"image\":{\"@type\":\"ImageObject\",\"inLanguage\":\"pt-BR\",\"@id\":\"https:\\\/\\\/secure.gravatar.com\\\/avatar\\\/887a0f3b5a7ceea963a48499fb883ffce6b5037362def025c52c2505b15d63e4?s=96&d=mm&r=g\",\"url\":\"https:\\\/\\\/secure.gravatar.com\\\/avatar\\\/887a0f3b5a7ceea963a48499fb883ffce6b5037362def025c52c2505b15d63e4?s=96&d=mm&r=g\",\"contentUrl\":\"https:\\\/\\\/secure.gravatar.com\\\/avatar\\\/887a0f3b5a7ceea963a48499fb883ffce6b5037362def025c52c2505b15d63e4?s=96&d=mm&r=g\",\"caption\":\"Ismael Lucas S. Pereira\"},\"url\":\"https:\\\/\\\/diariodepe.com.br\\\/cri\\\/author\\\/ismael-lucas\\\/\"}]}<\/script>\n<!-- \/ Yoast SEO plugin. -->","yoast_head_json":{"title":"Com\u00e9rcio exterior chin\u00eas responde pergunta global - CRI e Diario de Pernambuco","robots":{"index":"index","follow":"follow","max-snippet":"max-snippet:-1","max-image-preview":"max-image-preview:large","max-video-preview":"max-video-preview:-1"},"canonical":"https:\/\/diariodepe.com.br\/cri\/2024\/12\/11\/comercio-exterior-chines-responde-pergunta-global\/","og_locale":"pt_BR","og_type":"article","og_title":"Com\u00e9rcio exterior chin\u00eas responde pergunta global - CRI e Diario de Pernambuco","og_description":"O com\u00e9rcio exterior da China registrou um crescimento est\u00e1vel de janeiro a novembro deste ano. De acordo com dados divulgados pelo governo chin\u00eas na ter\u00e7a-feira (10), o volume de importa\u00e7\u00f5es e exporta\u00e7\u00f5es de mercadorias do pa\u00eds totalizou 39,79 trilh\u00f5es de...","og_url":"https:\/\/diariodepe.com.br\/cri\/2024\/12\/11\/comercio-exterior-chines-responde-pergunta-global\/","og_site_name":"CRI e Diario de Pernambuco","article_published_time":"2024-12-12T02:19:08+00:00","og_image":[{"url":"https:\/\/38picres.cgtn.com\/photoAlbum\/page\/performance\/img\/2024\/12\/11\/1733887018686_209.jpg","type":"","width":"","height":""}],"author":"Ismael Lucas S. Pereira","twitter_card":"summary_large_image","twitter_misc":{"Escrito por":"Ismael Lucas S. Pereira"},"schema":{"@context":"https:\/\/schema.org","@graph":[{"@type":"Article","@id":"https:\/\/diariodepe.com.br\/cri\/2024\/12\/11\/comercio-exterior-chines-responde-pergunta-global\/#article","isPartOf":{"@id":"https:\/\/diariodepe.com.br\/cri\/2024\/12\/11\/comercio-exterior-chines-responde-pergunta-global\/"},"author":{"name":"Ismael Lucas S. Pereira","@id":"https:\/\/diariodepe.com.br\/cri\/#\/schema\/person\/121bb28d84f1a5b1205ef4ce9c2e0c6b"},"headline":"Com\u00e9rcio exterior chin\u00eas responde pergunta global","datePublished":"2024-12-12T02:19:08+00:00","mainEntityOfPage":{"@id":"https:\/\/diariodepe.com.br\/cri\/2024\/12\/11\/comercio-exterior-chines-responde-pergunta-global\/"},"wordCount":519,"commentCount":0,"publisher":{"@id":"https:\/\/diariodepe.com.br\/cri\/#organization"},"image":{"@id":"https:\/\/diariodepe.com.br\/cri\/2024\/12\/11\/comercio-exterior-chines-responde-pergunta-global\/#primaryimage"},"thumbnailUrl":"https:\/\/38picres.cgtn.com\/photoAlbum\/page\/performance\/img\/2024\/12\/11\/1733887018686_209.jpg","articleSection":["Vis\u00e3o"],"inLanguage":"pt-BR","potentialAction":[{"@type":"CommentAction","name":"Comment","target":["https:\/\/diariodepe.com.br\/cri\/2024\/12\/11\/comercio-exterior-chines-responde-pergunta-global\/#respond"]}]},{"@type":"WebPage","@id":"https:\/\/diariodepe.com.br\/cri\/2024\/12\/11\/comercio-exterior-chines-responde-pergunta-global\/","url":"https:\/\/diariodepe.com.br\/cri\/2024\/12\/11\/comercio-exterior-chines-responde-pergunta-global\/","name":"Com\u00e9rcio exterior chin\u00eas responde pergunta global - CRI e Diario de Pernambuco","isPartOf":{"@id":"https:\/\/diariodepe.com.br\/cri\/#website"},"primaryImageOfPage":{"@id":"https:\/\/diariodepe.com.br\/cri\/2024\/12\/11\/comercio-exterior-chines-responde-pergunta-global\/#primaryimage"},"image":{"@id":"https:\/\/diariodepe.com.br\/cri\/2024\/12\/11\/comercio-exterior-chines-responde-pergunta-global\/#primaryimage"},"thumbnailUrl":"https:\/\/38picres.cgtn.com\/photoAlbum\/page\/performance\/img\/2024\/12\/11\/1733887018686_209.jpg","datePublished":"2024-12-12T02:19:08+00:00","breadcrumb":{"@id":"https:\/\/diariodepe.com.br\/cri\/2024\/12\/11\/comercio-exterior-chines-responde-pergunta-global\/#breadcrumb"},"inLanguage":"pt-BR","potentialAction":[{"@type":"ReadAction","target":["https:\/\/diariodepe.com.br\/cri\/2024\/12\/11\/comercio-exterior-chines-responde-pergunta-global\/"]}]},{"@type":"ImageObject","inLanguage":"pt-BR","@id":"https:\/\/diariodepe.com.br\/cri\/2024\/12\/11\/comercio-exterior-chines-responde-pergunta-global\/#primaryimage","url":"https:\/\/38picres.cgtn.com\/photoAlbum\/page\/performance\/img\/2024\/12\/11\/1733887018686_209.jpg","contentUrl":"https:\/\/38picres.cgtn.com\/photoAlbum\/page\/performance\/img\/2024\/12\/11\/1733887018686_209.jpg"},{"@type":"BreadcrumbList","@id":"https:\/\/diariodepe.com.br\/cri\/2024\/12\/11\/comercio-exterior-chines-responde-pergunta-global\/#breadcrumb","itemListElement":[{"@type":"ListItem","position":1,"name":"In\u00edcio","item":"https:\/\/diariodepe.com.br\/cri\/"},{"@type":"ListItem","position":2,"name":"Com\u00e9rcio exterior chin\u00eas responde pergunta global"}]},{"@type":"WebSite","@id":"https:\/\/diariodepe.com.br\/cri\/#website","url":"https:\/\/diariodepe.com.br\/cri\/","name":"CRI e Diario de Pernambuco","description":"R\u00e1dio Internacional da China","publisher":{"@id":"https:\/\/diariodepe.com.br\/cri\/#organization"},"potentialAction":[{"@type":"SearchAction","target":{"@type":"EntryPoint","urlTemplate":"https:\/\/diariodepe.com.br\/cri\/?s={search_term_string}"},"query-input":{"@type":"PropertyValueSpecification","valueRequired":true,"valueName":"search_term_string"}}],"inLanguage":"pt-BR"},{"@type":"Organization","@id":"https:\/\/diariodepe.com.br\/cri\/#organization","name":"CRI e Diario de Pernambuco","url":"https:\/\/diariodepe.com.br\/cri\/","logo":{"@type":"ImageObject","inLanguage":"pt-BR","@id":"https:\/\/diariodepe.com.br\/cri\/#\/schema\/logo\/image\/","url":"https:\/\/diariodepe.com.br\/cri\/wp-content\/uploads\/sites\/2\/2022\/12\/cropped-Logo.jpg","contentUrl":"https:\/\/diariodepe.com.br\/cri\/wp-content\/uploads\/sites\/2\/2022\/12\/cropped-Logo.jpg","width":700,"height":59,"caption":"CRI e Diario de Pernambuco"},"image":{"@id":"https:\/\/diariodepe.com.br\/cri\/#\/schema\/logo\/image\/"}},{"@type":"Person","@id":"https:\/\/diariodepe.com.br\/cri\/#\/schema\/person\/121bb28d84f1a5b1205ef4ce9c2e0c6b","name":"Ismael Lucas S. Pereira","image":{"@type":"ImageObject","inLanguage":"pt-BR","@id":"https:\/\/secure.gravatar.com\/avatar\/887a0f3b5a7ceea963a48499fb883ffce6b5037362def025c52c2505b15d63e4?s=96&d=mm&r=g","url":"https:\/\/secure.gravatar.com\/avatar\/887a0f3b5a7ceea963a48499fb883ffce6b5037362def025c52c2505b15d63e4?s=96&d=mm&r=g","contentUrl":"https:\/\/secure.gravatar.com\/avatar\/887a0f3b5a7ceea963a48499fb883ffce6b5037362def025c52c2505b15d63e4?s=96&d=mm&r=g","caption":"Ismael Lucas S. Pereira"},"url":"https:\/\/diariodepe.com.br\/cri\/author\/ismael-lucas\/"}]}},"cc_featured_image_caption":{"caption_text":false,"source_text":false,"source_url":false},"amp_enabled":true,"_links":{"self":[{"href":"https:\/\/diariodepe.com.br\/cri\/wp-json\/wp\/v2\/posts\/7164","targetHints":{"allow":["GET"]}}],"collection":[{"href":"https:\/\/diariodepe.com.br\/cri\/wp-json\/wp\/v2\/posts"}],"about":[{"href":"https:\/\/diariodepe.com.br\/cri\/wp-json\/wp\/v2\/types\/post"}],"author":[{"embeddable":true,"href":"https:\/\/diariodepe.com.br\/cri\/wp-json\/wp\/v2\/users\/2"}],"replies":[{"embeddable":true,"href":"https:\/\/diariodepe.com.br\/cri\/wp-json\/wp\/v2\/comments?post=7164"}],"version-history":[{"count":1,"href":"https:\/\/diariodepe.com.br\/cri\/wp-json\/wp\/v2\/posts\/7164\/revisions"}],"predecessor-version":[{"id":7165,"href":"https:\/\/diariodepe.com.br\/cri\/wp-json\/wp\/v2\/posts\/7164\/revisions\/7165"}],"wp:attachment":[{"href":"https:\/\/diariodepe.com.br\/cri\/wp-json\/wp\/v2\/media?parent=7164"}],"wp:term":[{"taxonomy":"category","embeddable":true,"href":"https:\/\/diariodepe.com.br\/cri\/wp-json\/wp\/v2\/categories?post=7164"},{"taxonomy":"post_tag","embeddable":true,"href":"https:\/\/diariodepe.com.br\/cri\/wp-json\/wp\/v2\/tags?post=7164"}],"curies":[{"name":"wp","href":"https:\/\/api.w.org\/{rel}","templated":true}]}}