{"id":7156,"date":"2024-12-11T23:16:28","date_gmt":"2024-12-12T02:16:28","guid":{"rendered":"https:\/\/diariodepe.com.br\/cri\/?p=7156"},"modified":"2024-12-11T23:16:28","modified_gmt":"2024-12-12T02:16:28","slug":"primeiro-ministro-do-nepal-concede-entrevista-exclusiva-ao-cmg-2","status":"publish","type":"post","link":"https:\/\/diariodepe.com.br\/cri\/2024\/12\/11\/primeiro-ministro-do-nepal-concede-entrevista-exclusiva-ao-cmg-2\/","title":{"rendered":"Primeiro-ministro do Nepal concede entrevista exclusiva ao CMG"},"content":{"rendered":"<p><img decoding=\"async\" src=\"https:\/\/38picres.cgtn.com\/photoAlbum\/page\/performance\/img\/2024\/12\/7\/1733568958436_893.jpeg\" \/><\/p>\n<p><span lang=\"PT\">O premi\u00ea do Nepal, Khadga Prasad Sharma Oli, realizou uma visita oficial \u00e0 China entre 2 e 5 de dezembro. Durante sua estadia, ele concedeu uma entrevista exclusiva ao Grupo de M\u00eddia da China (CMG), na qual compartilhou suas vis\u00f5es sobre a moderniza\u00e7\u00e3o chinesa e as perspectivas sobre as rela\u00e7\u00f5es entre a China e o Nepal.<\/span><\/p>\n<p><span lang=\"PT\"><img decoding=\"async\" src=\"https:\/\/38picres.cgtn.com\/photoAlbum\/page\/performance\/img\/2024\/12\/7\/1733569006300_960.jpeg\" \/><\/span><\/p>\n<p><span lang=\"PT\">O presidente chin\u00eas, Xi Jinping, se reuniu com o premi\u00ea em 3 de dezembro. Sob o quadro de coopera\u00e7\u00e3o da Iniciativa Cintur\u00e3o e Rota (ICR), a China e o Nepal assinaram v\u00e1rios acordos importantes. O premi\u00ea destacou que a ICR, que visa alcan\u00e7ar a prosperidade comum e promover o desenvolvimento conjunto, \u00e9 uma proposta muito boa, importante e bem recebida por muitos pa\u00edses, incluindo o Nepal.<\/span><\/p>\n<p><span lang=\"PT\"><img decoding=\"async\" src=\"https:\/\/38picres.cgtn.com\/photoAlbum\/page\/performance\/img\/2024\/12\/7\/1733568966445_568.jpeg\" \/><\/span><\/p>\n<p><span lang=\"PT\">O premi\u00ea elogiou o desenvolvimento econ\u00f4mico e social da China. Ele enfatizou que o progresso da China \u00e9 um sucesso multifacetado.<\/span><span lang=\"PT\">\u00a0<\/span><span lang=\"PT\">Sob a lideran\u00e7a do presidente Xi Jinping, a China alcan\u00e7ou um desenvolvimento not\u00e1vel e promoveu avan\u00e7os em todos os aspectos da vida social, incluindo o desenvolvimento econ\u00f4mico, a governan\u00e7a do Estado e a impressionante capacidade de mobiliza\u00e7\u00e3o do partido, destacou o premi\u00ea.<\/span><\/p>\n<p><span lang=\"PT\">O ano de 2025 marcar\u00e1 os 70 anos do estabelecimento de rela\u00e7\u00f5es diplom\u00e1ticas entre a China e o Nepal. O primeiro-ministro disse que os dois pa\u00edses intensificar\u00e3o as visitas de alto n\u00edvel, trocar\u00e3o opini\u00f5es e ideias, e construir\u00e3o uma parceria baseada em ajuda e confian\u00e7a m\u00fatuas. \u201cA China j\u00e1 declarou que 2025 ser\u00e1 o Ano do Turismo no Nepal, o que contribuir\u00e1 para o desenvolvimento do setor tur\u00edstico nepal\u00eas\u201d, disse Oli.<\/span><\/p>\n<p><span lang=\"PT\"><img decoding=\"async\" src=\"https:\/\/38picres.cgtn.com\/photoAlbum\/page\/performance\/img\/2024\/12\/7\/1733568984555_256.jpeg\" \/><\/span><\/p>\n<p><span lang=\"PT\">Em rela\u00e7\u00e3o \u00e0s interpreta\u00e7\u00f5es da m\u00eddia ocidental sobre esta visita \u00e0 China, Oli respondeu que o Nepal, como um pa\u00eds soberano e politicamente independente, tem total capacidade para decidir suas pr\u00f3prias pol\u00edticas internas e externas. Em primeiro lugar, as decis\u00f5es do pa\u00eds s\u00e3o guiadas pelos interesses nacionais. Em segundo lugar, o Nepal valoriza a justi\u00e7a. Segundo o premi\u00ea, o Nepal e a China s\u00e3o amigos e sempre mantiveram uma rela\u00e7\u00e3o de amizade, que continuar\u00e1 a se desenvolver e aprofundar. \u201cNo futuro, a nossa rela\u00e7\u00e3o de amizade ser\u00e1 ainda mais s\u00f3lida e ampla&#8221;, destacou Oli.<\/span><\/p>\n","protected":false},"excerpt":{"rendered":"<p>O premi\u00ea do Nepal, Khadga Prasad Sharma Oli, realizou uma visita oficial \u00e0 China entre 2 e 5 de dezembro. Durante sua estadia, ele concedeu uma entrevista exclusiva ao Grupo de M\u00eddia da China (CMG), na qual compartilhou suas vis\u00f5es&#8230;<\/p>\n","protected":false},"author":2,"featured_media":0,"comment_status":"open","ping_status":"open","sticky":false,"template":"","format":"standard","meta":{"footnotes":""},"categories":[3],"tags":[],"class_list":["post-7156","post","type-post","status-publish","format-standard","hentry","category-china"],"yoast_head":"<!-- This site is optimized with the Yoast SEO plugin v27.4 - https:\/\/yoast.com\/product\/yoast-seo-wordpress\/ -->\n<title>Primeiro-ministro do Nepal concede entrevista exclusiva ao CMG - CRI e Diario de Pernambuco<\/title>\n<meta name=\"robots\" content=\"index, follow, max-snippet:-1, max-image-preview:large, max-video-preview:-1\" \/>\n<link rel=\"canonical\" href=\"https:\/\/diariodepe.com.br\/cri\/2024\/12\/11\/primeiro-ministro-do-nepal-concede-entrevista-exclusiva-ao-cmg-2\/\" \/>\n<meta property=\"og:locale\" content=\"pt_BR\" \/>\n<meta property=\"og:type\" content=\"article\" \/>\n<meta property=\"og:title\" content=\"Primeiro-ministro do Nepal concede entrevista exclusiva ao CMG - CRI e Diario de Pernambuco\" \/>\n<meta property=\"og:description\" content=\"O premi\u00ea do Nepal, Khadga Prasad Sharma Oli, realizou uma visita oficial \u00e0 China entre 2 e 5 de dezembro. Durante sua estadia, ele concedeu uma entrevista exclusiva ao Grupo de M\u00eddia da China (CMG), na qual compartilhou suas vis\u00f5es...\" \/>\n<meta property=\"og:url\" content=\"https:\/\/diariodepe.com.br\/cri\/2024\/12\/11\/primeiro-ministro-do-nepal-concede-entrevista-exclusiva-ao-cmg-2\/\" \/>\n<meta property=\"og:site_name\" content=\"CRI e Diario de Pernambuco\" \/>\n<meta property=\"article:published_time\" content=\"2024-12-12T02:16:28+00:00\" \/>\n<meta property=\"og:image\" content=\"https:\/\/38picres.cgtn.com\/photoAlbum\/page\/performance\/img\/2024\/12\/7\/1733568958436_893.jpeg\" \/>\n<meta name=\"author\" content=\"Ismael Lucas S. Pereira\" \/>\n<meta name=\"twitter:card\" content=\"summary_large_image\" \/>\n<meta name=\"twitter:label1\" content=\"Escrito por\" \/>\n\t<meta name=\"twitter:data1\" content=\"Ismael Lucas S. Pereira\" \/>\n\t<meta name=\"twitter:label2\" content=\"Est. tempo de leitura\" \/>\n\t<meta name=\"twitter:data2\" content=\"3 minutos\" \/>\n<script type=\"application\/ld+json\" class=\"yoast-schema-graph\">{\"@context\":\"https:\\\/\\\/schema.org\",\"@graph\":[{\"@type\":\"Article\",\"@id\":\"https:\\\/\\\/diariodepe.com.br\\\/cri\\\/2024\\\/12\\\/11\\\/primeiro-ministro-do-nepal-concede-entrevista-exclusiva-ao-cmg-2\\\/#article\",\"isPartOf\":{\"@id\":\"https:\\\/\\\/diariodepe.com.br\\\/cri\\\/2024\\\/12\\\/11\\\/primeiro-ministro-do-nepal-concede-entrevista-exclusiva-ao-cmg-2\\\/\"},\"author\":{\"name\":\"Ismael Lucas S. Pereira\",\"@id\":\"https:\\\/\\\/diariodepe.com.br\\\/cri\\\/#\\\/schema\\\/person\\\/121bb28d84f1a5b1205ef4ce9c2e0c6b\"},\"headline\":\"Primeiro-ministro do Nepal concede entrevista exclusiva ao CMG\",\"datePublished\":\"2024-12-12T02:16:28+00:00\",\"mainEntityOfPage\":{\"@id\":\"https:\\\/\\\/diariodepe.com.br\\\/cri\\\/2024\\\/12\\\/11\\\/primeiro-ministro-do-nepal-concede-entrevista-exclusiva-ao-cmg-2\\\/\"},\"wordCount\":392,\"commentCount\":0,\"publisher\":{\"@id\":\"https:\\\/\\\/diariodepe.com.br\\\/cri\\\/#organization\"},\"image\":{\"@id\":\"https:\\\/\\\/diariodepe.com.br\\\/cri\\\/2024\\\/12\\\/11\\\/primeiro-ministro-do-nepal-concede-entrevista-exclusiva-ao-cmg-2\\\/#primaryimage\"},\"thumbnailUrl\":\"https:\\\/\\\/38picres.cgtn.com\\\/photoAlbum\\\/page\\\/performance\\\/img\\\/2024\\\/12\\\/7\\\/1733568958436_893.jpeg\",\"articleSection\":[\"China\"],\"inLanguage\":\"pt-BR\",\"potentialAction\":[{\"@type\":\"CommentAction\",\"name\":\"Comment\",\"target\":[\"https:\\\/\\\/diariodepe.com.br\\\/cri\\\/2024\\\/12\\\/11\\\/primeiro-ministro-do-nepal-concede-entrevista-exclusiva-ao-cmg-2\\\/#respond\"]}]},{\"@type\":\"WebPage\",\"@id\":\"https:\\\/\\\/diariodepe.com.br\\\/cri\\\/2024\\\/12\\\/11\\\/primeiro-ministro-do-nepal-concede-entrevista-exclusiva-ao-cmg-2\\\/\",\"url\":\"https:\\\/\\\/diariodepe.com.br\\\/cri\\\/2024\\\/12\\\/11\\\/primeiro-ministro-do-nepal-concede-entrevista-exclusiva-ao-cmg-2\\\/\",\"name\":\"Primeiro-ministro do Nepal concede entrevista exclusiva ao CMG - CRI e Diario de Pernambuco\",\"isPartOf\":{\"@id\":\"https:\\\/\\\/diariodepe.com.br\\\/cri\\\/#website\"},\"primaryImageOfPage\":{\"@id\":\"https:\\\/\\\/diariodepe.com.br\\\/cri\\\/2024\\\/12\\\/11\\\/primeiro-ministro-do-nepal-concede-entrevista-exclusiva-ao-cmg-2\\\/#primaryimage\"},\"image\":{\"@id\":\"https:\\\/\\\/diariodepe.com.br\\\/cri\\\/2024\\\/12\\\/11\\\/primeiro-ministro-do-nepal-concede-entrevista-exclusiva-ao-cmg-2\\\/#primaryimage\"},\"thumbnailUrl\":\"https:\\\/\\\/38picres.cgtn.com\\\/photoAlbum\\\/page\\\/performance\\\/img\\\/2024\\\/12\\\/7\\\/1733568958436_893.jpeg\",\"datePublished\":\"2024-12-12T02:16:28+00:00\",\"breadcrumb\":{\"@id\":\"https:\\\/\\\/diariodepe.com.br\\\/cri\\\/2024\\\/12\\\/11\\\/primeiro-ministro-do-nepal-concede-entrevista-exclusiva-ao-cmg-2\\\/#breadcrumb\"},\"inLanguage\":\"pt-BR\",\"potentialAction\":[{\"@type\":\"ReadAction\",\"target\":[\"https:\\\/\\\/diariodepe.com.br\\\/cri\\\/2024\\\/12\\\/11\\\/primeiro-ministro-do-nepal-concede-entrevista-exclusiva-ao-cmg-2\\\/\"]}]},{\"@type\":\"ImageObject\",\"inLanguage\":\"pt-BR\",\"@id\":\"https:\\\/\\\/diariodepe.com.br\\\/cri\\\/2024\\\/12\\\/11\\\/primeiro-ministro-do-nepal-concede-entrevista-exclusiva-ao-cmg-2\\\/#primaryimage\",\"url\":\"https:\\\/\\\/38picres.cgtn.com\\\/photoAlbum\\\/page\\\/performance\\\/img\\\/2024\\\/12\\\/7\\\/1733568958436_893.jpeg\",\"contentUrl\":\"https:\\\/\\\/38picres.cgtn.com\\\/photoAlbum\\\/page\\\/performance\\\/img\\\/2024\\\/12\\\/7\\\/1733568958436_893.jpeg\"},{\"@type\":\"BreadcrumbList\",\"@id\":\"https:\\\/\\\/diariodepe.com.br\\\/cri\\\/2024\\\/12\\\/11\\\/primeiro-ministro-do-nepal-concede-entrevista-exclusiva-ao-cmg-2\\\/#breadcrumb\",\"itemListElement\":[{\"@type\":\"ListItem\",\"position\":1,\"name\":\"In\u00edcio\",\"item\":\"https:\\\/\\\/diariodepe.com.br\\\/cri\\\/\"},{\"@type\":\"ListItem\",\"position\":2,\"name\":\"Primeiro-ministro do Nepal concede entrevista exclusiva ao CMG\"}]},{\"@type\":\"WebSite\",\"@id\":\"https:\\\/\\\/diariodepe.com.br\\\/cri\\\/#website\",\"url\":\"https:\\\/\\\/diariodepe.com.br\\\/cri\\\/\",\"name\":\"CRI e Diario de Pernambuco\",\"description\":\"R\u00e1dio Internacional da China\",\"publisher\":{\"@id\":\"https:\\\/\\\/diariodepe.com.br\\\/cri\\\/#organization\"},\"potentialAction\":[{\"@type\":\"SearchAction\",\"target\":{\"@type\":\"EntryPoint\",\"urlTemplate\":\"https:\\\/\\\/diariodepe.com.br\\\/cri\\\/?s={search_term_string}\"},\"query-input\":{\"@type\":\"PropertyValueSpecification\",\"valueRequired\":true,\"valueName\":\"search_term_string\"}}],\"inLanguage\":\"pt-BR\"},{\"@type\":\"Organization\",\"@id\":\"https:\\\/\\\/diariodepe.com.br\\\/cri\\\/#organization\",\"name\":\"CRI e Diario de Pernambuco\",\"url\":\"https:\\\/\\\/diariodepe.com.br\\\/cri\\\/\",\"logo\":{\"@type\":\"ImageObject\",\"inLanguage\":\"pt-BR\",\"@id\":\"https:\\\/\\\/diariodepe.com.br\\\/cri\\\/#\\\/schema\\\/logo\\\/image\\\/\",\"url\":\"https:\\\/\\\/diariodepe.com.br\\\/cri\\\/wp-content\\\/uploads\\\/sites\\\/2\\\/2022\\\/12\\\/cropped-Logo.jpg\",\"contentUrl\":\"https:\\\/\\\/diariodepe.com.br\\\/cri\\\/wp-content\\\/uploads\\\/sites\\\/2\\\/2022\\\/12\\\/cropped-Logo.jpg\",\"width\":700,\"height\":59,\"caption\":\"CRI e Diario de Pernambuco\"},\"image\":{\"@id\":\"https:\\\/\\\/diariodepe.com.br\\\/cri\\\/#\\\/schema\\\/logo\\\/image\\\/\"}},{\"@type\":\"Person\",\"@id\":\"https:\\\/\\\/diariodepe.com.br\\\/cri\\\/#\\\/schema\\\/person\\\/121bb28d84f1a5b1205ef4ce9c2e0c6b\",\"name\":\"Ismael Lucas S. Pereira\",\"image\":{\"@type\":\"ImageObject\",\"inLanguage\":\"pt-BR\",\"@id\":\"https:\\\/\\\/secure.gravatar.com\\\/avatar\\\/887a0f3b5a7ceea963a48499fb883ffce6b5037362def025c52c2505b15d63e4?s=96&d=mm&r=g\",\"url\":\"https:\\\/\\\/secure.gravatar.com\\\/avatar\\\/887a0f3b5a7ceea963a48499fb883ffce6b5037362def025c52c2505b15d63e4?s=96&d=mm&r=g\",\"contentUrl\":\"https:\\\/\\\/secure.gravatar.com\\\/avatar\\\/887a0f3b5a7ceea963a48499fb883ffce6b5037362def025c52c2505b15d63e4?s=96&d=mm&r=g\",\"caption\":\"Ismael Lucas S. Pereira\"},\"url\":\"https:\\\/\\\/diariodepe.com.br\\\/cri\\\/author\\\/ismael-lucas\\\/\"}]}<\/script>\n<!-- \/ Yoast SEO plugin. -->","yoast_head_json":{"title":"Primeiro-ministro do Nepal concede entrevista exclusiva ao CMG - CRI e Diario de Pernambuco","robots":{"index":"index","follow":"follow","max-snippet":"max-snippet:-1","max-image-preview":"max-image-preview:large","max-video-preview":"max-video-preview:-1"},"canonical":"https:\/\/diariodepe.com.br\/cri\/2024\/12\/11\/primeiro-ministro-do-nepal-concede-entrevista-exclusiva-ao-cmg-2\/","og_locale":"pt_BR","og_type":"article","og_title":"Primeiro-ministro do Nepal concede entrevista exclusiva ao CMG - CRI e Diario de Pernambuco","og_description":"O premi\u00ea do Nepal, Khadga Prasad Sharma Oli, realizou uma visita oficial \u00e0 China entre 2 e 5 de dezembro. Durante sua estadia, ele concedeu uma entrevista exclusiva ao Grupo de M\u00eddia da China (CMG), na qual compartilhou suas vis\u00f5es...","og_url":"https:\/\/diariodepe.com.br\/cri\/2024\/12\/11\/primeiro-ministro-do-nepal-concede-entrevista-exclusiva-ao-cmg-2\/","og_site_name":"CRI e Diario de Pernambuco","article_published_time":"2024-12-12T02:16:28+00:00","og_image":[{"url":"https:\/\/38picres.cgtn.com\/photoAlbum\/page\/performance\/img\/2024\/12\/7\/1733568958436_893.jpeg","type":"","width":"","height":""}],"author":"Ismael Lucas S. Pereira","twitter_card":"summary_large_image","twitter_misc":{"Escrito por":"Ismael Lucas S. Pereira","Est. tempo de leitura":"3 minutos"},"schema":{"@context":"https:\/\/schema.org","@graph":[{"@type":"Article","@id":"https:\/\/diariodepe.com.br\/cri\/2024\/12\/11\/primeiro-ministro-do-nepal-concede-entrevista-exclusiva-ao-cmg-2\/#article","isPartOf":{"@id":"https:\/\/diariodepe.com.br\/cri\/2024\/12\/11\/primeiro-ministro-do-nepal-concede-entrevista-exclusiva-ao-cmg-2\/"},"author":{"name":"Ismael Lucas S. Pereira","@id":"https:\/\/diariodepe.com.br\/cri\/#\/schema\/person\/121bb28d84f1a5b1205ef4ce9c2e0c6b"},"headline":"Primeiro-ministro do Nepal concede entrevista exclusiva ao CMG","datePublished":"2024-12-12T02:16:28+00:00","mainEntityOfPage":{"@id":"https:\/\/diariodepe.com.br\/cri\/2024\/12\/11\/primeiro-ministro-do-nepal-concede-entrevista-exclusiva-ao-cmg-2\/"},"wordCount":392,"commentCount":0,"publisher":{"@id":"https:\/\/diariodepe.com.br\/cri\/#organization"},"image":{"@id":"https:\/\/diariodepe.com.br\/cri\/2024\/12\/11\/primeiro-ministro-do-nepal-concede-entrevista-exclusiva-ao-cmg-2\/#primaryimage"},"thumbnailUrl":"https:\/\/38picres.cgtn.com\/photoAlbum\/page\/performance\/img\/2024\/12\/7\/1733568958436_893.jpeg","articleSection":["China"],"inLanguage":"pt-BR","potentialAction":[{"@type":"CommentAction","name":"Comment","target":["https:\/\/diariodepe.com.br\/cri\/2024\/12\/11\/primeiro-ministro-do-nepal-concede-entrevista-exclusiva-ao-cmg-2\/#respond"]}]},{"@type":"WebPage","@id":"https:\/\/diariodepe.com.br\/cri\/2024\/12\/11\/primeiro-ministro-do-nepal-concede-entrevista-exclusiva-ao-cmg-2\/","url":"https:\/\/diariodepe.com.br\/cri\/2024\/12\/11\/primeiro-ministro-do-nepal-concede-entrevista-exclusiva-ao-cmg-2\/","name":"Primeiro-ministro do Nepal concede entrevista exclusiva ao CMG - CRI e Diario de Pernambuco","isPartOf":{"@id":"https:\/\/diariodepe.com.br\/cri\/#website"},"primaryImageOfPage":{"@id":"https:\/\/diariodepe.com.br\/cri\/2024\/12\/11\/primeiro-ministro-do-nepal-concede-entrevista-exclusiva-ao-cmg-2\/#primaryimage"},"image":{"@id":"https:\/\/diariodepe.com.br\/cri\/2024\/12\/11\/primeiro-ministro-do-nepal-concede-entrevista-exclusiva-ao-cmg-2\/#primaryimage"},"thumbnailUrl":"https:\/\/38picres.cgtn.com\/photoAlbum\/page\/performance\/img\/2024\/12\/7\/1733568958436_893.jpeg","datePublished":"2024-12-12T02:16:28+00:00","breadcrumb":{"@id":"https:\/\/diariodepe.com.br\/cri\/2024\/12\/11\/primeiro-ministro-do-nepal-concede-entrevista-exclusiva-ao-cmg-2\/#breadcrumb"},"inLanguage":"pt-BR","potentialAction":[{"@type":"ReadAction","target":["https:\/\/diariodepe.com.br\/cri\/2024\/12\/11\/primeiro-ministro-do-nepal-concede-entrevista-exclusiva-ao-cmg-2\/"]}]},{"@type":"ImageObject","inLanguage":"pt-BR","@id":"https:\/\/diariodepe.com.br\/cri\/2024\/12\/11\/primeiro-ministro-do-nepal-concede-entrevista-exclusiva-ao-cmg-2\/#primaryimage","url":"https:\/\/38picres.cgtn.com\/photoAlbum\/page\/performance\/img\/2024\/12\/7\/1733568958436_893.jpeg","contentUrl":"https:\/\/38picres.cgtn.com\/photoAlbum\/page\/performance\/img\/2024\/12\/7\/1733568958436_893.jpeg"},{"@type":"BreadcrumbList","@id":"https:\/\/diariodepe.com.br\/cri\/2024\/12\/11\/primeiro-ministro-do-nepal-concede-entrevista-exclusiva-ao-cmg-2\/#breadcrumb","itemListElement":[{"@type":"ListItem","position":1,"name":"In\u00edcio","item":"https:\/\/diariodepe.com.br\/cri\/"},{"@type":"ListItem","position":2,"name":"Primeiro-ministro do Nepal concede entrevista exclusiva ao CMG"}]},{"@type":"WebSite","@id":"https:\/\/diariodepe.com.br\/cri\/#website","url":"https:\/\/diariodepe.com.br\/cri\/","name":"CRI e Diario de Pernambuco","description":"R\u00e1dio Internacional da China","publisher":{"@id":"https:\/\/diariodepe.com.br\/cri\/#organization"},"potentialAction":[{"@type":"SearchAction","target":{"@type":"EntryPoint","urlTemplate":"https:\/\/diariodepe.com.br\/cri\/?s={search_term_string}"},"query-input":{"@type":"PropertyValueSpecification","valueRequired":true,"valueName":"search_term_string"}}],"inLanguage":"pt-BR"},{"@type":"Organization","@id":"https:\/\/diariodepe.com.br\/cri\/#organization","name":"CRI e Diario de Pernambuco","url":"https:\/\/diariodepe.com.br\/cri\/","logo":{"@type":"ImageObject","inLanguage":"pt-BR","@id":"https:\/\/diariodepe.com.br\/cri\/#\/schema\/logo\/image\/","url":"https:\/\/diariodepe.com.br\/cri\/wp-content\/uploads\/sites\/2\/2022\/12\/cropped-Logo.jpg","contentUrl":"https:\/\/diariodepe.com.br\/cri\/wp-content\/uploads\/sites\/2\/2022\/12\/cropped-Logo.jpg","width":700,"height":59,"caption":"CRI e Diario de Pernambuco"},"image":{"@id":"https:\/\/diariodepe.com.br\/cri\/#\/schema\/logo\/image\/"}},{"@type":"Person","@id":"https:\/\/diariodepe.com.br\/cri\/#\/schema\/person\/121bb28d84f1a5b1205ef4ce9c2e0c6b","name":"Ismael Lucas S. Pereira","image":{"@type":"ImageObject","inLanguage":"pt-BR","@id":"https:\/\/secure.gravatar.com\/avatar\/887a0f3b5a7ceea963a48499fb883ffce6b5037362def025c52c2505b15d63e4?s=96&d=mm&r=g","url":"https:\/\/secure.gravatar.com\/avatar\/887a0f3b5a7ceea963a48499fb883ffce6b5037362def025c52c2505b15d63e4?s=96&d=mm&r=g","contentUrl":"https:\/\/secure.gravatar.com\/avatar\/887a0f3b5a7ceea963a48499fb883ffce6b5037362def025c52c2505b15d63e4?s=96&d=mm&r=g","caption":"Ismael Lucas S. Pereira"},"url":"https:\/\/diariodepe.com.br\/cri\/author\/ismael-lucas\/"}]}},"cc_featured_image_caption":{"caption_text":false,"source_text":false,"source_url":false},"amp_enabled":true,"_links":{"self":[{"href":"https:\/\/diariodepe.com.br\/cri\/wp-json\/wp\/v2\/posts\/7156","targetHints":{"allow":["GET"]}}],"collection":[{"href":"https:\/\/diariodepe.com.br\/cri\/wp-json\/wp\/v2\/posts"}],"about":[{"href":"https:\/\/diariodepe.com.br\/cri\/wp-json\/wp\/v2\/types\/post"}],"author":[{"embeddable":true,"href":"https:\/\/diariodepe.com.br\/cri\/wp-json\/wp\/v2\/users\/2"}],"replies":[{"embeddable":true,"href":"https:\/\/diariodepe.com.br\/cri\/wp-json\/wp\/v2\/comments?post=7156"}],"version-history":[{"count":1,"href":"https:\/\/diariodepe.com.br\/cri\/wp-json\/wp\/v2\/posts\/7156\/revisions"}],"predecessor-version":[{"id":7157,"href":"https:\/\/diariodepe.com.br\/cri\/wp-json\/wp\/v2\/posts\/7156\/revisions\/7157"}],"wp:attachment":[{"href":"https:\/\/diariodepe.com.br\/cri\/wp-json\/wp\/v2\/media?parent=7156"}],"wp:term":[{"taxonomy":"category","embeddable":true,"href":"https:\/\/diariodepe.com.br\/cri\/wp-json\/wp\/v2\/categories?post=7156"},{"taxonomy":"post_tag","embeddable":true,"href":"https:\/\/diariodepe.com.br\/cri\/wp-json\/wp\/v2\/tags?post=7156"}],"curies":[{"name":"wp","href":"https:\/\/api.w.org\/{rel}","templated":true}]}}