{"id":7148,"date":"2024-12-11T23:14:19","date_gmt":"2024-12-12T02:14:19","guid":{"rendered":"https:\/\/diariodepe.com.br\/cri\/?p=7148"},"modified":"2024-12-11T23:14:19","modified_gmt":"2024-12-12T02:14:19","slug":"ano-novo-chines-e-incluido-na-lista-de-patrimonios-culturais-imateriais-da-humanidade","status":"publish","type":"post","link":"https:\/\/diariodepe.com.br\/cri\/2024\/12\/11\/ano-novo-chines-e-incluido-na-lista-de-patrimonios-culturais-imateriais-da-humanidade\/","title":{"rendered":"Ano Novo Chin\u00eas \u00e9 inclu\u00eddo na lista de Patrim\u00f4nios Culturais Imateriais da Humanidade"},"content":{"rendered":"<p><img decoding=\"async\" src=\"https:\/\/38picres.cgtn.com\/photoAlbum\/page\/performance\/img\/2024\/12\/5\/1733365344375_813.png\" width=\"100%\" height=\"auto\" \/><\/p>\n<p><span lang=\"PT-BR\">Na 19\u00aa sess\u00e3o do Comit\u00ea Intergovernamental para a Salvaguarda do Patrim\u00f4nio Cultural Imaterial da UNESCO, realizada ontem (4) em Assun\u00e7\u00e3o, no Paraguai, a candidatura do \u201cAno Novo Chin\u00eas &#8211; Pr\u00e1ticas Sociais do Povo Chin\u00eas na Celebra\u00e7\u00e3o do Ano Novo Tradicional\u201d foi aprovada e inclu\u00edda na Lista de Patrim\u00f4nios Culturais Imateriais da Humanidade da UNESCO.<\/span><\/p>\n<p><span lang=\"PT-BR\">Com isso, a China soma 44 bens culturais listados, ocupando o primeiro lugar no mundo.<\/span><\/p>\n","protected":false},"excerpt":{"rendered":"<p>Na 19\u00aa sess\u00e3o do Comit\u00ea Intergovernamental para a Salvaguarda do Patrim\u00f4nio Cultural Imaterial da UNESCO, realizada ontem (4) em Assun\u00e7\u00e3o, no Paraguai, a candidatura do \u201cAno Novo Chin\u00eas &#8211; Pr\u00e1ticas Sociais do Povo Chin\u00eas na Celebra\u00e7\u00e3o do Ano Novo Tradicional\u201d&#8230;<\/p>\n","protected":false},"author":2,"featured_media":0,"comment_status":"open","ping_status":"open","sticky":false,"template":"","format":"standard","meta":{"footnotes":""},"categories":[3],"tags":[],"class_list":["post-7148","post","type-post","status-publish","format-standard","hentry","category-china"],"yoast_head":"<!-- This site is optimized with the Yoast SEO plugin v27.4 - https:\/\/yoast.com\/product\/yoast-seo-wordpress\/ -->\n<title>Ano Novo Chin\u00eas \u00e9 inclu\u00eddo na lista de Patrim\u00f4nios Culturais Imateriais da Humanidade - CRI e Diario de Pernambuco<\/title>\n<meta name=\"robots\" content=\"index, follow, max-snippet:-1, max-image-preview:large, max-video-preview:-1\" \/>\n<link rel=\"canonical\" href=\"https:\/\/diariodepe.com.br\/cri\/2024\/12\/11\/ano-novo-chines-e-incluido-na-lista-de-patrimonios-culturais-imateriais-da-humanidade\/\" \/>\n<meta property=\"og:locale\" content=\"pt_BR\" \/>\n<meta property=\"og:type\" content=\"article\" \/>\n<meta property=\"og:title\" content=\"Ano Novo Chin\u00eas \u00e9 inclu\u00eddo na lista de Patrim\u00f4nios Culturais Imateriais da Humanidade - CRI e Diario de Pernambuco\" \/>\n<meta property=\"og:description\" content=\"Na 19\u00aa sess\u00e3o do Comit\u00ea Intergovernamental para a Salvaguarda do Patrim\u00f4nio Cultural Imaterial da UNESCO, realizada ontem (4) em Assun\u00e7\u00e3o, no Paraguai, a candidatura do \u201cAno Novo Chin\u00eas &#8211; Pr\u00e1ticas Sociais do Povo Chin\u00eas na Celebra\u00e7\u00e3o do Ano Novo Tradicional\u201d...\" \/>\n<meta property=\"og:url\" content=\"https:\/\/diariodepe.com.br\/cri\/2024\/12\/11\/ano-novo-chines-e-incluido-na-lista-de-patrimonios-culturais-imateriais-da-humanidade\/\" \/>\n<meta property=\"og:site_name\" content=\"CRI e Diario de Pernambuco\" \/>\n<meta property=\"article:published_time\" content=\"2024-12-12T02:14:19+00:00\" \/>\n<meta property=\"og:image\" content=\"https:\/\/38picres.cgtn.com\/photoAlbum\/page\/performance\/img\/2024\/12\/5\/1733365344375_813.png\" \/>\n<meta name=\"author\" content=\"Ismael Lucas S. Pereira\" \/>\n<meta name=\"twitter:card\" content=\"summary_large_image\" \/>\n<meta name=\"twitter:label1\" content=\"Escrito por\" \/>\n\t<meta name=\"twitter:data1\" content=\"Ismael Lucas S. Pereira\" \/>\n<script type=\"application\/ld+json\" class=\"yoast-schema-graph\">{\"@context\":\"https:\\\/\\\/schema.org\",\"@graph\":[{\"@type\":\"Article\",\"@id\":\"https:\\\/\\\/diariodepe.com.br\\\/cri\\\/2024\\\/12\\\/11\\\/ano-novo-chines-e-incluido-na-lista-de-patrimonios-culturais-imateriais-da-humanidade\\\/#article\",\"isPartOf\":{\"@id\":\"https:\\\/\\\/diariodepe.com.br\\\/cri\\\/2024\\\/12\\\/11\\\/ano-novo-chines-e-incluido-na-lista-de-patrimonios-culturais-imateriais-da-humanidade\\\/\"},\"author\":{\"name\":\"Ismael Lucas S. Pereira\",\"@id\":\"https:\\\/\\\/diariodepe.com.br\\\/cri\\\/#\\\/schema\\\/person\\\/121bb28d84f1a5b1205ef4ce9c2e0c6b\"},\"headline\":\"Ano Novo Chin\u00eas \u00e9 inclu\u00eddo na lista de Patrim\u00f4nios Culturais Imateriais da Humanidade\",\"datePublished\":\"2024-12-12T02:14:19+00:00\",\"mainEntityOfPage\":{\"@id\":\"https:\\\/\\\/diariodepe.com.br\\\/cri\\\/2024\\\/12\\\/11\\\/ano-novo-chines-e-incluido-na-lista-de-patrimonios-culturais-imateriais-da-humanidade\\\/\"},\"wordCount\":90,\"commentCount\":0,\"publisher\":{\"@id\":\"https:\\\/\\\/diariodepe.com.br\\\/cri\\\/#organization\"},\"image\":{\"@id\":\"https:\\\/\\\/diariodepe.com.br\\\/cri\\\/2024\\\/12\\\/11\\\/ano-novo-chines-e-incluido-na-lista-de-patrimonios-culturais-imateriais-da-humanidade\\\/#primaryimage\"},\"thumbnailUrl\":\"https:\\\/\\\/38picres.cgtn.com\\\/photoAlbum\\\/page\\\/performance\\\/img\\\/2024\\\/12\\\/5\\\/1733365344375_813.png\",\"articleSection\":[\"China\"],\"inLanguage\":\"pt-BR\",\"potentialAction\":[{\"@type\":\"CommentAction\",\"name\":\"Comment\",\"target\":[\"https:\\\/\\\/diariodepe.com.br\\\/cri\\\/2024\\\/12\\\/11\\\/ano-novo-chines-e-incluido-na-lista-de-patrimonios-culturais-imateriais-da-humanidade\\\/#respond\"]}]},{\"@type\":\"WebPage\",\"@id\":\"https:\\\/\\\/diariodepe.com.br\\\/cri\\\/2024\\\/12\\\/11\\\/ano-novo-chines-e-incluido-na-lista-de-patrimonios-culturais-imateriais-da-humanidade\\\/\",\"url\":\"https:\\\/\\\/diariodepe.com.br\\\/cri\\\/2024\\\/12\\\/11\\\/ano-novo-chines-e-incluido-na-lista-de-patrimonios-culturais-imateriais-da-humanidade\\\/\",\"name\":\"Ano Novo Chin\u00eas \u00e9 inclu\u00eddo na lista de Patrim\u00f4nios Culturais Imateriais da Humanidade - CRI e Diario de Pernambuco\",\"isPartOf\":{\"@id\":\"https:\\\/\\\/diariodepe.com.br\\\/cri\\\/#website\"},\"primaryImageOfPage\":{\"@id\":\"https:\\\/\\\/diariodepe.com.br\\\/cri\\\/2024\\\/12\\\/11\\\/ano-novo-chines-e-incluido-na-lista-de-patrimonios-culturais-imateriais-da-humanidade\\\/#primaryimage\"},\"image\":{\"@id\":\"https:\\\/\\\/diariodepe.com.br\\\/cri\\\/2024\\\/12\\\/11\\\/ano-novo-chines-e-incluido-na-lista-de-patrimonios-culturais-imateriais-da-humanidade\\\/#primaryimage\"},\"thumbnailUrl\":\"https:\\\/\\\/38picres.cgtn.com\\\/photoAlbum\\\/page\\\/performance\\\/img\\\/2024\\\/12\\\/5\\\/1733365344375_813.png\",\"datePublished\":\"2024-12-12T02:14:19+00:00\",\"breadcrumb\":{\"@id\":\"https:\\\/\\\/diariodepe.com.br\\\/cri\\\/2024\\\/12\\\/11\\\/ano-novo-chines-e-incluido-na-lista-de-patrimonios-culturais-imateriais-da-humanidade\\\/#breadcrumb\"},\"inLanguage\":\"pt-BR\",\"potentialAction\":[{\"@type\":\"ReadAction\",\"target\":[\"https:\\\/\\\/diariodepe.com.br\\\/cri\\\/2024\\\/12\\\/11\\\/ano-novo-chines-e-incluido-na-lista-de-patrimonios-culturais-imateriais-da-humanidade\\\/\"]}]},{\"@type\":\"ImageObject\",\"inLanguage\":\"pt-BR\",\"@id\":\"https:\\\/\\\/diariodepe.com.br\\\/cri\\\/2024\\\/12\\\/11\\\/ano-novo-chines-e-incluido-na-lista-de-patrimonios-culturais-imateriais-da-humanidade\\\/#primaryimage\",\"url\":\"https:\\\/\\\/38picres.cgtn.com\\\/photoAlbum\\\/page\\\/performance\\\/img\\\/2024\\\/12\\\/5\\\/1733365344375_813.png\",\"contentUrl\":\"https:\\\/\\\/38picres.cgtn.com\\\/photoAlbum\\\/page\\\/performance\\\/img\\\/2024\\\/12\\\/5\\\/1733365344375_813.png\"},{\"@type\":\"BreadcrumbList\",\"@id\":\"https:\\\/\\\/diariodepe.com.br\\\/cri\\\/2024\\\/12\\\/11\\\/ano-novo-chines-e-incluido-na-lista-de-patrimonios-culturais-imateriais-da-humanidade\\\/#breadcrumb\",\"itemListElement\":[{\"@type\":\"ListItem\",\"position\":1,\"name\":\"In\u00edcio\",\"item\":\"https:\\\/\\\/diariodepe.com.br\\\/cri\\\/\"},{\"@type\":\"ListItem\",\"position\":2,\"name\":\"Ano Novo Chin\u00eas \u00e9 inclu\u00eddo na lista de Patrim\u00f4nios Culturais Imateriais da Humanidade\"}]},{\"@type\":\"WebSite\",\"@id\":\"https:\\\/\\\/diariodepe.com.br\\\/cri\\\/#website\",\"url\":\"https:\\\/\\\/diariodepe.com.br\\\/cri\\\/\",\"name\":\"CRI e Diario de Pernambuco\",\"description\":\"R\u00e1dio Internacional da China\",\"publisher\":{\"@id\":\"https:\\\/\\\/diariodepe.com.br\\\/cri\\\/#organization\"},\"potentialAction\":[{\"@type\":\"SearchAction\",\"target\":{\"@type\":\"EntryPoint\",\"urlTemplate\":\"https:\\\/\\\/diariodepe.com.br\\\/cri\\\/?s={search_term_string}\"},\"query-input\":{\"@type\":\"PropertyValueSpecification\",\"valueRequired\":true,\"valueName\":\"search_term_string\"}}],\"inLanguage\":\"pt-BR\"},{\"@type\":\"Organization\",\"@id\":\"https:\\\/\\\/diariodepe.com.br\\\/cri\\\/#organization\",\"name\":\"CRI e Diario de Pernambuco\",\"url\":\"https:\\\/\\\/diariodepe.com.br\\\/cri\\\/\",\"logo\":{\"@type\":\"ImageObject\",\"inLanguage\":\"pt-BR\",\"@id\":\"https:\\\/\\\/diariodepe.com.br\\\/cri\\\/#\\\/schema\\\/logo\\\/image\\\/\",\"url\":\"https:\\\/\\\/diariodepe.com.br\\\/cri\\\/wp-content\\\/uploads\\\/sites\\\/2\\\/2022\\\/12\\\/cropped-Logo.jpg\",\"contentUrl\":\"https:\\\/\\\/diariodepe.com.br\\\/cri\\\/wp-content\\\/uploads\\\/sites\\\/2\\\/2022\\\/12\\\/cropped-Logo.jpg\",\"width\":700,\"height\":59,\"caption\":\"CRI e Diario de Pernambuco\"},\"image\":{\"@id\":\"https:\\\/\\\/diariodepe.com.br\\\/cri\\\/#\\\/schema\\\/logo\\\/image\\\/\"}},{\"@type\":\"Person\",\"@id\":\"https:\\\/\\\/diariodepe.com.br\\\/cri\\\/#\\\/schema\\\/person\\\/121bb28d84f1a5b1205ef4ce9c2e0c6b\",\"name\":\"Ismael Lucas S. Pereira\",\"image\":{\"@type\":\"ImageObject\",\"inLanguage\":\"pt-BR\",\"@id\":\"https:\\\/\\\/secure.gravatar.com\\\/avatar\\\/887a0f3b5a7ceea963a48499fb883ffce6b5037362def025c52c2505b15d63e4?s=96&d=mm&r=g\",\"url\":\"https:\\\/\\\/secure.gravatar.com\\\/avatar\\\/887a0f3b5a7ceea963a48499fb883ffce6b5037362def025c52c2505b15d63e4?s=96&d=mm&r=g\",\"contentUrl\":\"https:\\\/\\\/secure.gravatar.com\\\/avatar\\\/887a0f3b5a7ceea963a48499fb883ffce6b5037362def025c52c2505b15d63e4?s=96&d=mm&r=g\",\"caption\":\"Ismael Lucas S. Pereira\"},\"url\":\"https:\\\/\\\/diariodepe.com.br\\\/cri\\\/author\\\/ismael-lucas\\\/\"}]}<\/script>\n<!-- \/ Yoast SEO plugin. -->","yoast_head_json":{"title":"Ano Novo Chin\u00eas \u00e9 inclu\u00eddo na lista de Patrim\u00f4nios Culturais Imateriais da Humanidade - CRI e Diario de Pernambuco","robots":{"index":"index","follow":"follow","max-snippet":"max-snippet:-1","max-image-preview":"max-image-preview:large","max-video-preview":"max-video-preview:-1"},"canonical":"https:\/\/diariodepe.com.br\/cri\/2024\/12\/11\/ano-novo-chines-e-incluido-na-lista-de-patrimonios-culturais-imateriais-da-humanidade\/","og_locale":"pt_BR","og_type":"article","og_title":"Ano Novo Chin\u00eas \u00e9 inclu\u00eddo na lista de Patrim\u00f4nios Culturais Imateriais da Humanidade - CRI e Diario de Pernambuco","og_description":"Na 19\u00aa sess\u00e3o do Comit\u00ea Intergovernamental para a Salvaguarda do Patrim\u00f4nio Cultural Imaterial da UNESCO, realizada ontem (4) em Assun\u00e7\u00e3o, no Paraguai, a candidatura do \u201cAno Novo Chin\u00eas &#8211; Pr\u00e1ticas Sociais do Povo Chin\u00eas na Celebra\u00e7\u00e3o do Ano Novo Tradicional\u201d...","og_url":"https:\/\/diariodepe.com.br\/cri\/2024\/12\/11\/ano-novo-chines-e-incluido-na-lista-de-patrimonios-culturais-imateriais-da-humanidade\/","og_site_name":"CRI e Diario de Pernambuco","article_published_time":"2024-12-12T02:14:19+00:00","og_image":[{"url":"https:\/\/38picres.cgtn.com\/photoAlbum\/page\/performance\/img\/2024\/12\/5\/1733365344375_813.png","type":"","width":"","height":""}],"author":"Ismael Lucas S. Pereira","twitter_card":"summary_large_image","twitter_misc":{"Escrito por":"Ismael Lucas S. Pereira"},"schema":{"@context":"https:\/\/schema.org","@graph":[{"@type":"Article","@id":"https:\/\/diariodepe.com.br\/cri\/2024\/12\/11\/ano-novo-chines-e-incluido-na-lista-de-patrimonios-culturais-imateriais-da-humanidade\/#article","isPartOf":{"@id":"https:\/\/diariodepe.com.br\/cri\/2024\/12\/11\/ano-novo-chines-e-incluido-na-lista-de-patrimonios-culturais-imateriais-da-humanidade\/"},"author":{"name":"Ismael Lucas S. Pereira","@id":"https:\/\/diariodepe.com.br\/cri\/#\/schema\/person\/121bb28d84f1a5b1205ef4ce9c2e0c6b"},"headline":"Ano Novo Chin\u00eas \u00e9 inclu\u00eddo na lista de Patrim\u00f4nios Culturais Imateriais da Humanidade","datePublished":"2024-12-12T02:14:19+00:00","mainEntityOfPage":{"@id":"https:\/\/diariodepe.com.br\/cri\/2024\/12\/11\/ano-novo-chines-e-incluido-na-lista-de-patrimonios-culturais-imateriais-da-humanidade\/"},"wordCount":90,"commentCount":0,"publisher":{"@id":"https:\/\/diariodepe.com.br\/cri\/#organization"},"image":{"@id":"https:\/\/diariodepe.com.br\/cri\/2024\/12\/11\/ano-novo-chines-e-incluido-na-lista-de-patrimonios-culturais-imateriais-da-humanidade\/#primaryimage"},"thumbnailUrl":"https:\/\/38picres.cgtn.com\/photoAlbum\/page\/performance\/img\/2024\/12\/5\/1733365344375_813.png","articleSection":["China"],"inLanguage":"pt-BR","potentialAction":[{"@type":"CommentAction","name":"Comment","target":["https:\/\/diariodepe.com.br\/cri\/2024\/12\/11\/ano-novo-chines-e-incluido-na-lista-de-patrimonios-culturais-imateriais-da-humanidade\/#respond"]}]},{"@type":"WebPage","@id":"https:\/\/diariodepe.com.br\/cri\/2024\/12\/11\/ano-novo-chines-e-incluido-na-lista-de-patrimonios-culturais-imateriais-da-humanidade\/","url":"https:\/\/diariodepe.com.br\/cri\/2024\/12\/11\/ano-novo-chines-e-incluido-na-lista-de-patrimonios-culturais-imateriais-da-humanidade\/","name":"Ano Novo Chin\u00eas \u00e9 inclu\u00eddo na lista de Patrim\u00f4nios Culturais Imateriais da Humanidade - CRI e Diario de Pernambuco","isPartOf":{"@id":"https:\/\/diariodepe.com.br\/cri\/#website"},"primaryImageOfPage":{"@id":"https:\/\/diariodepe.com.br\/cri\/2024\/12\/11\/ano-novo-chines-e-incluido-na-lista-de-patrimonios-culturais-imateriais-da-humanidade\/#primaryimage"},"image":{"@id":"https:\/\/diariodepe.com.br\/cri\/2024\/12\/11\/ano-novo-chines-e-incluido-na-lista-de-patrimonios-culturais-imateriais-da-humanidade\/#primaryimage"},"thumbnailUrl":"https:\/\/38picres.cgtn.com\/photoAlbum\/page\/performance\/img\/2024\/12\/5\/1733365344375_813.png","datePublished":"2024-12-12T02:14:19+00:00","breadcrumb":{"@id":"https:\/\/diariodepe.com.br\/cri\/2024\/12\/11\/ano-novo-chines-e-incluido-na-lista-de-patrimonios-culturais-imateriais-da-humanidade\/#breadcrumb"},"inLanguage":"pt-BR","potentialAction":[{"@type":"ReadAction","target":["https:\/\/diariodepe.com.br\/cri\/2024\/12\/11\/ano-novo-chines-e-incluido-na-lista-de-patrimonios-culturais-imateriais-da-humanidade\/"]}]},{"@type":"ImageObject","inLanguage":"pt-BR","@id":"https:\/\/diariodepe.com.br\/cri\/2024\/12\/11\/ano-novo-chines-e-incluido-na-lista-de-patrimonios-culturais-imateriais-da-humanidade\/#primaryimage","url":"https:\/\/38picres.cgtn.com\/photoAlbum\/page\/performance\/img\/2024\/12\/5\/1733365344375_813.png","contentUrl":"https:\/\/38picres.cgtn.com\/photoAlbum\/page\/performance\/img\/2024\/12\/5\/1733365344375_813.png"},{"@type":"BreadcrumbList","@id":"https:\/\/diariodepe.com.br\/cri\/2024\/12\/11\/ano-novo-chines-e-incluido-na-lista-de-patrimonios-culturais-imateriais-da-humanidade\/#breadcrumb","itemListElement":[{"@type":"ListItem","position":1,"name":"In\u00edcio","item":"https:\/\/diariodepe.com.br\/cri\/"},{"@type":"ListItem","position":2,"name":"Ano Novo Chin\u00eas \u00e9 inclu\u00eddo na lista de Patrim\u00f4nios Culturais Imateriais da Humanidade"}]},{"@type":"WebSite","@id":"https:\/\/diariodepe.com.br\/cri\/#website","url":"https:\/\/diariodepe.com.br\/cri\/","name":"CRI e Diario de Pernambuco","description":"R\u00e1dio Internacional da China","publisher":{"@id":"https:\/\/diariodepe.com.br\/cri\/#organization"},"potentialAction":[{"@type":"SearchAction","target":{"@type":"EntryPoint","urlTemplate":"https:\/\/diariodepe.com.br\/cri\/?s={search_term_string}"},"query-input":{"@type":"PropertyValueSpecification","valueRequired":true,"valueName":"search_term_string"}}],"inLanguage":"pt-BR"},{"@type":"Organization","@id":"https:\/\/diariodepe.com.br\/cri\/#organization","name":"CRI e Diario de Pernambuco","url":"https:\/\/diariodepe.com.br\/cri\/","logo":{"@type":"ImageObject","inLanguage":"pt-BR","@id":"https:\/\/diariodepe.com.br\/cri\/#\/schema\/logo\/image\/","url":"https:\/\/diariodepe.com.br\/cri\/wp-content\/uploads\/sites\/2\/2022\/12\/cropped-Logo.jpg","contentUrl":"https:\/\/diariodepe.com.br\/cri\/wp-content\/uploads\/sites\/2\/2022\/12\/cropped-Logo.jpg","width":700,"height":59,"caption":"CRI e Diario de Pernambuco"},"image":{"@id":"https:\/\/diariodepe.com.br\/cri\/#\/schema\/logo\/image\/"}},{"@type":"Person","@id":"https:\/\/diariodepe.com.br\/cri\/#\/schema\/person\/121bb28d84f1a5b1205ef4ce9c2e0c6b","name":"Ismael Lucas S. Pereira","image":{"@type":"ImageObject","inLanguage":"pt-BR","@id":"https:\/\/secure.gravatar.com\/avatar\/887a0f3b5a7ceea963a48499fb883ffce6b5037362def025c52c2505b15d63e4?s=96&d=mm&r=g","url":"https:\/\/secure.gravatar.com\/avatar\/887a0f3b5a7ceea963a48499fb883ffce6b5037362def025c52c2505b15d63e4?s=96&d=mm&r=g","contentUrl":"https:\/\/secure.gravatar.com\/avatar\/887a0f3b5a7ceea963a48499fb883ffce6b5037362def025c52c2505b15d63e4?s=96&d=mm&r=g","caption":"Ismael Lucas S. Pereira"},"url":"https:\/\/diariodepe.com.br\/cri\/author\/ismael-lucas\/"}]}},"cc_featured_image_caption":{"caption_text":false,"source_text":false,"source_url":false},"amp_enabled":true,"_links":{"self":[{"href":"https:\/\/diariodepe.com.br\/cri\/wp-json\/wp\/v2\/posts\/7148","targetHints":{"allow":["GET"]}}],"collection":[{"href":"https:\/\/diariodepe.com.br\/cri\/wp-json\/wp\/v2\/posts"}],"about":[{"href":"https:\/\/diariodepe.com.br\/cri\/wp-json\/wp\/v2\/types\/post"}],"author":[{"embeddable":true,"href":"https:\/\/diariodepe.com.br\/cri\/wp-json\/wp\/v2\/users\/2"}],"replies":[{"embeddable":true,"href":"https:\/\/diariodepe.com.br\/cri\/wp-json\/wp\/v2\/comments?post=7148"}],"version-history":[{"count":1,"href":"https:\/\/diariodepe.com.br\/cri\/wp-json\/wp\/v2\/posts\/7148\/revisions"}],"predecessor-version":[{"id":7149,"href":"https:\/\/diariodepe.com.br\/cri\/wp-json\/wp\/v2\/posts\/7148\/revisions\/7149"}],"wp:attachment":[{"href":"https:\/\/diariodepe.com.br\/cri\/wp-json\/wp\/v2\/media?parent=7148"}],"wp:term":[{"taxonomy":"category","embeddable":true,"href":"https:\/\/diariodepe.com.br\/cri\/wp-json\/wp\/v2\/categories?post=7148"},{"taxonomy":"post_tag","embeddable":true,"href":"https:\/\/diariodepe.com.br\/cri\/wp-json\/wp\/v2\/tags?post=7148"}],"curies":[{"name":"wp","href":"https:\/\/api.w.org\/{rel}","templated":true}]}}