{"id":7146,"date":"2024-12-11T23:13:55","date_gmt":"2024-12-12T02:13:55","guid":{"rendered":"https:\/\/diariodepe.com.br\/cri\/?p=7146"},"modified":"2024-12-11T23:13:55","modified_gmt":"2024-12-12T02:13:55","slug":"como-a-iniciativa-cinturao-e-rota-abre-novo-espaco-para-desenvolvimento-de-beneficio-reciproco","status":"publish","type":"post","link":"https:\/\/diariodepe.com.br\/cri\/2024\/12\/11\/como-a-iniciativa-cinturao-e-rota-abre-novo-espaco-para-desenvolvimento-de-beneficio-reciproco\/","title":{"rendered":"Como a Iniciativa Cintur\u00e3o e Rota abre novo espa\u00e7o para desenvolvimento de benef\u00edcio rec\u00edproco?"},"content":{"rendered":"<p><span lang=\"PT-BR\">Este ano marca o in\u00edcio da segunda d\u00e9cada dourada da constru\u00e7\u00e3o conjunta da Iniciativa Cintur\u00e3o e Rota (ICR). Ao longo dos \u00faltimos 11 anos, ocorreram in\u00fameras hist\u00f3rias\u00a0<\/span><span lang=\"PT\">de\u00a0<\/span><span lang=\"PT-BR\">interconex\u00e3o e coopera\u00e7\u00e3o de benef\u00edcio m\u00fatuo sob este quadro, permitindo que o mundo perceba verdadeiramente que a ICR\u00a0<\/span><span lang=\"PT\">j\u00e1 se tornou\u00a0<\/span><span lang=\"PT-BR\">o produto p\u00fablico internacional mais popular e a maior plataforma de coopera\u00e7\u00e3o global. Atualmente, com o mundo entrando em um novo per\u00edodo de turbul\u00eancia e transforma\u00e7\u00e3o, a comunidade internacional est\u00e1 atenta \u00e0s quest\u00f5es: Como avan\u00e7ar com a coopera\u00e7\u00e3o de alta qualidade do Cintur\u00e3o e Rota? Como promover ainda mais a coopera\u00e7\u00e3o de ganhos compartilhados? A resposta foi dada no 4\u00b0\u00a0<\/span><span lang=\"PT\">simp\u00f3sio sobre o desenvolvimento da ICR,\u00a0<\/span><span lang=\"PT-BR\">realizada nesta segunda-feira (2) em Beijing.<\/span><\/p>\n<p><span lang=\"PT-BR\">De 2016 a 2024, o presidente chin<\/span><span lang=\"PT\">\u00eas<\/span><span lang=\"PT-BR\">, Xi Jinping, marcou presen\u00e7a em quatro edi\u00e7\u00f5es. Numa recente reuni\u00e3o, ele reconheceu plenamente as conquistas significativas da constru\u00e7\u00e3o conjunta da Iniciativa Cintur\u00e3o e Rota e fez um planejamento abrangente para promover o desenvolvimento de alta qualidade deste projeto no presente e no futuro. O l\u00edder chin\u00eas tamb\u00e9m sublinhou a necessidade de expandir continuamente um novo espa\u00e7o de desenvolvimento de benef\u00edcio rec\u00edproco em n\u00edveis mais elevados, com mais resili\u00eancia e sustentabilidade.<\/span><\/p>\n<p><span lang=\"PT-BR\"><img decoding=\"async\" src=\"https:\/\/38picres.cgtn.com\/photoAlbum\/page\/performance\/img\/2024\/12\/4\/1733297064793_643.jpg\" width=\"100%\" height=\"auto\" \/>Atualmente, o ambiente internacional se apresenta severo e complexo. O unilateralismo e protecionismo est\u00e3o em ascens\u00e3o, enquanto os conflitos e confrontos regionais est\u00e3o se intensificando, resultando na d\u00e9bil recupera\u00e7\u00e3o da economia mundial. O Fundo Monet\u00e1rio Internacional (FMI) estimou que a taxa do crescimento econ\u00f4mico global desacelerar\u00e1 pelo terceiro ano consecutivo em 2024. Como entender os desafios na constru\u00e7\u00e3o conjunta da Iniciativa Cintur\u00e3o<\/span><span lang=\"PT\">\u00a0e Rota<\/span><span lang=\"PT-BR\">? O presidente Xi Jinping fez observa\u00e7\u00f5es importantes: a promo\u00e7\u00e3o do desenvolvimento de alta qualidade da ICR enfrenta oportunidades e desafios, mas, no geral, as oportunidades superam os desafios.<\/span><\/p>\n<p><span lang=\"PT-BR\">Como apontam os analistas, a crescente aceita\u00e7\u00e3o do conceito da comunidade com futuro compartilhado para a humanidade, o desejo comum dos pa\u00edses pela paz e desenvolvimento, a necessidade de um novo \u00edmpeto para a recupera\u00e7\u00e3o econ\u00f4mica global, e a nova onda de revolu\u00e7\u00e3o tecnol\u00f3gica e transforma\u00e7\u00e3o industrial oferecem novas oportunidades para a constru\u00e7\u00e3o conjunta da ICR.<\/span><\/p>\n<p><span lang=\"PT\">Alguns\u00a0<\/span><span lang=\"PT-BR\">pa\u00edses promovem atualmente a ideia de \u201cdesacoplamento e desassocia\u00e7\u00e3o\u201d e adotam medidas protecionistas que prejudicam a estabilidade das cadeias industriais e de suprimento globais.\u00a0<\/span><span lang=\"PT\">Neste contexto, de janeiro a outubro<\/span><span lang=\"PT-BR\">, as importa\u00e7\u00f5es e exporta\u00e7\u00f5es da China com os pa\u00edses participantes da Iniciativa Cintur\u00e3o e Rota totalizaram 16,94 trilh\u00f5es de yuans, aumentando 6,2%.<\/span><\/p>\n<p><span lang=\"PT\"><img decoding=\"async\" src=\"https:\/\/38picres.cgtn.com\/photoAlbum\/page\/performance\/img\/2024\/12\/4\/1733297075434_781.jpg\" width=\"100%\" height=\"auto\" \/>Atualmente,\u00a0<\/span><span lang=\"PT-BR\">al\u00e9m das \u00e1reas tradicionais de coopera\u00e7\u00e3o, como infraestrutura e com\u00e9rcio, os setores emergentes relacionados ao desenvolvimento verde e digital e \u00e0 inova\u00e7\u00e3o tamb\u00e9m criar\u00e3o novos pontos de crescimento. Olhando para o futuro, a constru\u00e7\u00e3o conjunta da Iniciativa Cintur\u00e3o e Rota continuar\u00e1 ancorada no desenvolvimento inovador, fortalecendo constantemente a coopera\u00e7\u00e3o em infraestrutura verde, energia e transporte, e aprofundando as coordena\u00e7\u00f5es em cidades inteligentes, internet das coisas, intelig\u00eancia artificial, big data e computa\u00e7\u00e3o em nuvem.<\/span><\/p>\n<p><span lang=\"PT-BR\">A busca pela moderniza\u00e7\u00e3o \u00e9 o objetivo comum de todas as na\u00e7\u00f5es. Na pr\u00f3xima d\u00e9cada dourada, a constru\u00e7\u00e3o de alta qualidade da Iniciativa Cintur\u00e3o e Rota injetar\u00e1 novo \u00edmpeto na economia global, oferecer\u00e1 novas oportunidades para que todos os pa\u00edses alcancem conjuntamente a moderniza\u00e7\u00e3o e promover\u00e1 uma comunidade com futuro compartilhado para a humanidade.<\/span><\/p>\n","protected":false},"excerpt":{"rendered":"<p>Este ano marca o in\u00edcio da segunda d\u00e9cada dourada da constru\u00e7\u00e3o conjunta da Iniciativa Cintur\u00e3o e Rota (ICR). Ao longo dos \u00faltimos 11 anos, ocorreram in\u00fameras hist\u00f3rias\u00a0de\u00a0interconex\u00e3o e coopera\u00e7\u00e3o de benef\u00edcio m\u00fatuo sob este quadro, permitindo que o mundo perceba&#8230;<\/p>\n","protected":false},"author":2,"featured_media":0,"comment_status":"open","ping_status":"open","sticky":false,"template":"","format":"standard","meta":{"footnotes":""},"categories":[7],"tags":[],"class_list":["post-7146","post","type-post","status-publish","format-standard","hentry","category-visao"],"yoast_head":"<!-- This site is optimized with the Yoast SEO plugin v27.4 - https:\/\/yoast.com\/product\/yoast-seo-wordpress\/ -->\n<title>Como a Iniciativa Cintur\u00e3o e Rota abre novo espa\u00e7o para desenvolvimento de benef\u00edcio rec\u00edproco? - CRI e Diario de Pernambuco<\/title>\n<meta name=\"robots\" content=\"index, follow, max-snippet:-1, max-image-preview:large, max-video-preview:-1\" \/>\n<link rel=\"canonical\" href=\"https:\/\/diariodepe.com.br\/cri\/2024\/12\/11\/como-a-iniciativa-cinturao-e-rota-abre-novo-espaco-para-desenvolvimento-de-beneficio-reciproco\/\" \/>\n<meta property=\"og:locale\" content=\"pt_BR\" \/>\n<meta property=\"og:type\" content=\"article\" \/>\n<meta property=\"og:title\" content=\"Como a Iniciativa Cintur\u00e3o e Rota abre novo espa\u00e7o para desenvolvimento de benef\u00edcio rec\u00edproco? - CRI e Diario de Pernambuco\" \/>\n<meta property=\"og:description\" content=\"Este ano marca o in\u00edcio da segunda d\u00e9cada dourada da constru\u00e7\u00e3o conjunta da Iniciativa Cintur\u00e3o e Rota (ICR). Ao longo dos \u00faltimos 11 anos, ocorreram in\u00fameras hist\u00f3rias\u00a0de\u00a0interconex\u00e3o e coopera\u00e7\u00e3o de benef\u00edcio m\u00fatuo sob este quadro, permitindo que o mundo perceba...\" \/>\n<meta property=\"og:url\" content=\"https:\/\/diariodepe.com.br\/cri\/2024\/12\/11\/como-a-iniciativa-cinturao-e-rota-abre-novo-espaco-para-desenvolvimento-de-beneficio-reciproco\/\" \/>\n<meta property=\"og:site_name\" content=\"CRI e Diario de Pernambuco\" \/>\n<meta property=\"article:published_time\" content=\"2024-12-12T02:13:55+00:00\" \/>\n<meta property=\"og:image\" content=\"https:\/\/38picres.cgtn.com\/photoAlbum\/page\/performance\/img\/2024\/12\/4\/1733297064793_643.jpg\" \/>\n<meta name=\"author\" content=\"Ismael Lucas S. Pereira\" \/>\n<meta name=\"twitter:card\" content=\"summary_large_image\" \/>\n<meta name=\"twitter:label1\" content=\"Escrito por\" \/>\n\t<meta name=\"twitter:data1\" content=\"Ismael Lucas S. Pereira\" \/>\n\t<meta name=\"twitter:label2\" content=\"Est. tempo de leitura\" \/>\n\t<meta name=\"twitter:data2\" content=\"4 minutos\" \/>\n<script type=\"application\/ld+json\" class=\"yoast-schema-graph\">{\"@context\":\"https:\\\/\\\/schema.org\",\"@graph\":[{\"@type\":\"Article\",\"@id\":\"https:\\\/\\\/diariodepe.com.br\\\/cri\\\/2024\\\/12\\\/11\\\/como-a-iniciativa-cinturao-e-rota-abre-novo-espaco-para-desenvolvimento-de-beneficio-reciproco\\\/#article\",\"isPartOf\":{\"@id\":\"https:\\\/\\\/diariodepe.com.br\\\/cri\\\/2024\\\/12\\\/11\\\/como-a-iniciativa-cinturao-e-rota-abre-novo-espaco-para-desenvolvimento-de-beneficio-reciproco\\\/\"},\"author\":{\"name\":\"Ismael Lucas S. Pereira\",\"@id\":\"https:\\\/\\\/diariodepe.com.br\\\/cri\\\/#\\\/schema\\\/person\\\/121bb28d84f1a5b1205ef4ce9c2e0c6b\"},\"headline\":\"Como a Iniciativa Cintur\u00e3o e Rota abre novo espa\u00e7o para desenvolvimento de benef\u00edcio rec\u00edproco?\",\"datePublished\":\"2024-12-12T02:13:55+00:00\",\"mainEntityOfPage\":{\"@id\":\"https:\\\/\\\/diariodepe.com.br\\\/cri\\\/2024\\\/12\\\/11\\\/como-a-iniciativa-cinturao-e-rota-abre-novo-espaco-para-desenvolvimento-de-beneficio-reciproco\\\/\"},\"wordCount\":616,\"commentCount\":0,\"publisher\":{\"@id\":\"https:\\\/\\\/diariodepe.com.br\\\/cri\\\/#organization\"},\"image\":{\"@id\":\"https:\\\/\\\/diariodepe.com.br\\\/cri\\\/2024\\\/12\\\/11\\\/como-a-iniciativa-cinturao-e-rota-abre-novo-espaco-para-desenvolvimento-de-beneficio-reciproco\\\/#primaryimage\"},\"thumbnailUrl\":\"https:\\\/\\\/38picres.cgtn.com\\\/photoAlbum\\\/page\\\/performance\\\/img\\\/2024\\\/12\\\/4\\\/1733297064793_643.jpg\",\"articleSection\":[\"Vis\u00e3o\"],\"inLanguage\":\"pt-BR\",\"potentialAction\":[{\"@type\":\"CommentAction\",\"name\":\"Comment\",\"target\":[\"https:\\\/\\\/diariodepe.com.br\\\/cri\\\/2024\\\/12\\\/11\\\/como-a-iniciativa-cinturao-e-rota-abre-novo-espaco-para-desenvolvimento-de-beneficio-reciproco\\\/#respond\"]}]},{\"@type\":\"WebPage\",\"@id\":\"https:\\\/\\\/diariodepe.com.br\\\/cri\\\/2024\\\/12\\\/11\\\/como-a-iniciativa-cinturao-e-rota-abre-novo-espaco-para-desenvolvimento-de-beneficio-reciproco\\\/\",\"url\":\"https:\\\/\\\/diariodepe.com.br\\\/cri\\\/2024\\\/12\\\/11\\\/como-a-iniciativa-cinturao-e-rota-abre-novo-espaco-para-desenvolvimento-de-beneficio-reciproco\\\/\",\"name\":\"Como a Iniciativa Cintur\u00e3o e Rota abre novo espa\u00e7o para desenvolvimento de benef\u00edcio rec\u00edproco? - CRI e Diario de Pernambuco\",\"isPartOf\":{\"@id\":\"https:\\\/\\\/diariodepe.com.br\\\/cri\\\/#website\"},\"primaryImageOfPage\":{\"@id\":\"https:\\\/\\\/diariodepe.com.br\\\/cri\\\/2024\\\/12\\\/11\\\/como-a-iniciativa-cinturao-e-rota-abre-novo-espaco-para-desenvolvimento-de-beneficio-reciproco\\\/#primaryimage\"},\"image\":{\"@id\":\"https:\\\/\\\/diariodepe.com.br\\\/cri\\\/2024\\\/12\\\/11\\\/como-a-iniciativa-cinturao-e-rota-abre-novo-espaco-para-desenvolvimento-de-beneficio-reciproco\\\/#primaryimage\"},\"thumbnailUrl\":\"https:\\\/\\\/38picres.cgtn.com\\\/photoAlbum\\\/page\\\/performance\\\/img\\\/2024\\\/12\\\/4\\\/1733297064793_643.jpg\",\"datePublished\":\"2024-12-12T02:13:55+00:00\",\"breadcrumb\":{\"@id\":\"https:\\\/\\\/diariodepe.com.br\\\/cri\\\/2024\\\/12\\\/11\\\/como-a-iniciativa-cinturao-e-rota-abre-novo-espaco-para-desenvolvimento-de-beneficio-reciproco\\\/#breadcrumb\"},\"inLanguage\":\"pt-BR\",\"potentialAction\":[{\"@type\":\"ReadAction\",\"target\":[\"https:\\\/\\\/diariodepe.com.br\\\/cri\\\/2024\\\/12\\\/11\\\/como-a-iniciativa-cinturao-e-rota-abre-novo-espaco-para-desenvolvimento-de-beneficio-reciproco\\\/\"]}]},{\"@type\":\"ImageObject\",\"inLanguage\":\"pt-BR\",\"@id\":\"https:\\\/\\\/diariodepe.com.br\\\/cri\\\/2024\\\/12\\\/11\\\/como-a-iniciativa-cinturao-e-rota-abre-novo-espaco-para-desenvolvimento-de-beneficio-reciproco\\\/#primaryimage\",\"url\":\"https:\\\/\\\/38picres.cgtn.com\\\/photoAlbum\\\/page\\\/performance\\\/img\\\/2024\\\/12\\\/4\\\/1733297064793_643.jpg\",\"contentUrl\":\"https:\\\/\\\/38picres.cgtn.com\\\/photoAlbum\\\/page\\\/performance\\\/img\\\/2024\\\/12\\\/4\\\/1733297064793_643.jpg\"},{\"@type\":\"BreadcrumbList\",\"@id\":\"https:\\\/\\\/diariodepe.com.br\\\/cri\\\/2024\\\/12\\\/11\\\/como-a-iniciativa-cinturao-e-rota-abre-novo-espaco-para-desenvolvimento-de-beneficio-reciproco\\\/#breadcrumb\",\"itemListElement\":[{\"@type\":\"ListItem\",\"position\":1,\"name\":\"In\u00edcio\",\"item\":\"https:\\\/\\\/diariodepe.com.br\\\/cri\\\/\"},{\"@type\":\"ListItem\",\"position\":2,\"name\":\"Como a Iniciativa Cintur\u00e3o e Rota abre novo espa\u00e7o para desenvolvimento de benef\u00edcio rec\u00edproco?\"}]},{\"@type\":\"WebSite\",\"@id\":\"https:\\\/\\\/diariodepe.com.br\\\/cri\\\/#website\",\"url\":\"https:\\\/\\\/diariodepe.com.br\\\/cri\\\/\",\"name\":\"CRI e Diario de Pernambuco\",\"description\":\"R\u00e1dio Internacional da China\",\"publisher\":{\"@id\":\"https:\\\/\\\/diariodepe.com.br\\\/cri\\\/#organization\"},\"potentialAction\":[{\"@type\":\"SearchAction\",\"target\":{\"@type\":\"EntryPoint\",\"urlTemplate\":\"https:\\\/\\\/diariodepe.com.br\\\/cri\\\/?s={search_term_string}\"},\"query-input\":{\"@type\":\"PropertyValueSpecification\",\"valueRequired\":true,\"valueName\":\"search_term_string\"}}],\"inLanguage\":\"pt-BR\"},{\"@type\":\"Organization\",\"@id\":\"https:\\\/\\\/diariodepe.com.br\\\/cri\\\/#organization\",\"name\":\"CRI e Diario de Pernambuco\",\"url\":\"https:\\\/\\\/diariodepe.com.br\\\/cri\\\/\",\"logo\":{\"@type\":\"ImageObject\",\"inLanguage\":\"pt-BR\",\"@id\":\"https:\\\/\\\/diariodepe.com.br\\\/cri\\\/#\\\/schema\\\/logo\\\/image\\\/\",\"url\":\"https:\\\/\\\/diariodepe.com.br\\\/cri\\\/wp-content\\\/uploads\\\/sites\\\/2\\\/2022\\\/12\\\/cropped-Logo.jpg\",\"contentUrl\":\"https:\\\/\\\/diariodepe.com.br\\\/cri\\\/wp-content\\\/uploads\\\/sites\\\/2\\\/2022\\\/12\\\/cropped-Logo.jpg\",\"width\":700,\"height\":59,\"caption\":\"CRI e Diario de Pernambuco\"},\"image\":{\"@id\":\"https:\\\/\\\/diariodepe.com.br\\\/cri\\\/#\\\/schema\\\/logo\\\/image\\\/\"}},{\"@type\":\"Person\",\"@id\":\"https:\\\/\\\/diariodepe.com.br\\\/cri\\\/#\\\/schema\\\/person\\\/121bb28d84f1a5b1205ef4ce9c2e0c6b\",\"name\":\"Ismael Lucas S. Pereira\",\"image\":{\"@type\":\"ImageObject\",\"inLanguage\":\"pt-BR\",\"@id\":\"https:\\\/\\\/secure.gravatar.com\\\/avatar\\\/887a0f3b5a7ceea963a48499fb883ffce6b5037362def025c52c2505b15d63e4?s=96&d=mm&r=g\",\"url\":\"https:\\\/\\\/secure.gravatar.com\\\/avatar\\\/887a0f3b5a7ceea963a48499fb883ffce6b5037362def025c52c2505b15d63e4?s=96&d=mm&r=g\",\"contentUrl\":\"https:\\\/\\\/secure.gravatar.com\\\/avatar\\\/887a0f3b5a7ceea963a48499fb883ffce6b5037362def025c52c2505b15d63e4?s=96&d=mm&r=g\",\"caption\":\"Ismael Lucas S. Pereira\"},\"url\":\"https:\\\/\\\/diariodepe.com.br\\\/cri\\\/author\\\/ismael-lucas\\\/\"}]}<\/script>\n<!-- \/ Yoast SEO plugin. -->","yoast_head_json":{"title":"Como a Iniciativa Cintur\u00e3o e Rota abre novo espa\u00e7o para desenvolvimento de benef\u00edcio rec\u00edproco? - CRI e Diario de Pernambuco","robots":{"index":"index","follow":"follow","max-snippet":"max-snippet:-1","max-image-preview":"max-image-preview:large","max-video-preview":"max-video-preview:-1"},"canonical":"https:\/\/diariodepe.com.br\/cri\/2024\/12\/11\/como-a-iniciativa-cinturao-e-rota-abre-novo-espaco-para-desenvolvimento-de-beneficio-reciproco\/","og_locale":"pt_BR","og_type":"article","og_title":"Como a Iniciativa Cintur\u00e3o e Rota abre novo espa\u00e7o para desenvolvimento de benef\u00edcio rec\u00edproco? - CRI e Diario de Pernambuco","og_description":"Este ano marca o in\u00edcio da segunda d\u00e9cada dourada da constru\u00e7\u00e3o conjunta da Iniciativa Cintur\u00e3o e Rota (ICR). Ao longo dos \u00faltimos 11 anos, ocorreram in\u00fameras hist\u00f3rias\u00a0de\u00a0interconex\u00e3o e coopera\u00e7\u00e3o de benef\u00edcio m\u00fatuo sob este quadro, permitindo que o mundo perceba...","og_url":"https:\/\/diariodepe.com.br\/cri\/2024\/12\/11\/como-a-iniciativa-cinturao-e-rota-abre-novo-espaco-para-desenvolvimento-de-beneficio-reciproco\/","og_site_name":"CRI e Diario de Pernambuco","article_published_time":"2024-12-12T02:13:55+00:00","og_image":[{"url":"https:\/\/38picres.cgtn.com\/photoAlbum\/page\/performance\/img\/2024\/12\/4\/1733297064793_643.jpg","type":"","width":"","height":""}],"author":"Ismael Lucas S. Pereira","twitter_card":"summary_large_image","twitter_misc":{"Escrito por":"Ismael Lucas S. Pereira","Est. tempo de leitura":"4 minutos"},"schema":{"@context":"https:\/\/schema.org","@graph":[{"@type":"Article","@id":"https:\/\/diariodepe.com.br\/cri\/2024\/12\/11\/como-a-iniciativa-cinturao-e-rota-abre-novo-espaco-para-desenvolvimento-de-beneficio-reciproco\/#article","isPartOf":{"@id":"https:\/\/diariodepe.com.br\/cri\/2024\/12\/11\/como-a-iniciativa-cinturao-e-rota-abre-novo-espaco-para-desenvolvimento-de-beneficio-reciproco\/"},"author":{"name":"Ismael Lucas S. Pereira","@id":"https:\/\/diariodepe.com.br\/cri\/#\/schema\/person\/121bb28d84f1a5b1205ef4ce9c2e0c6b"},"headline":"Como a Iniciativa Cintur\u00e3o e Rota abre novo espa\u00e7o para desenvolvimento de benef\u00edcio rec\u00edproco?","datePublished":"2024-12-12T02:13:55+00:00","mainEntityOfPage":{"@id":"https:\/\/diariodepe.com.br\/cri\/2024\/12\/11\/como-a-iniciativa-cinturao-e-rota-abre-novo-espaco-para-desenvolvimento-de-beneficio-reciproco\/"},"wordCount":616,"commentCount":0,"publisher":{"@id":"https:\/\/diariodepe.com.br\/cri\/#organization"},"image":{"@id":"https:\/\/diariodepe.com.br\/cri\/2024\/12\/11\/como-a-iniciativa-cinturao-e-rota-abre-novo-espaco-para-desenvolvimento-de-beneficio-reciproco\/#primaryimage"},"thumbnailUrl":"https:\/\/38picres.cgtn.com\/photoAlbum\/page\/performance\/img\/2024\/12\/4\/1733297064793_643.jpg","articleSection":["Vis\u00e3o"],"inLanguage":"pt-BR","potentialAction":[{"@type":"CommentAction","name":"Comment","target":["https:\/\/diariodepe.com.br\/cri\/2024\/12\/11\/como-a-iniciativa-cinturao-e-rota-abre-novo-espaco-para-desenvolvimento-de-beneficio-reciproco\/#respond"]}]},{"@type":"WebPage","@id":"https:\/\/diariodepe.com.br\/cri\/2024\/12\/11\/como-a-iniciativa-cinturao-e-rota-abre-novo-espaco-para-desenvolvimento-de-beneficio-reciproco\/","url":"https:\/\/diariodepe.com.br\/cri\/2024\/12\/11\/como-a-iniciativa-cinturao-e-rota-abre-novo-espaco-para-desenvolvimento-de-beneficio-reciproco\/","name":"Como a Iniciativa Cintur\u00e3o e Rota abre novo espa\u00e7o para desenvolvimento de benef\u00edcio rec\u00edproco? - CRI e Diario de Pernambuco","isPartOf":{"@id":"https:\/\/diariodepe.com.br\/cri\/#website"},"primaryImageOfPage":{"@id":"https:\/\/diariodepe.com.br\/cri\/2024\/12\/11\/como-a-iniciativa-cinturao-e-rota-abre-novo-espaco-para-desenvolvimento-de-beneficio-reciproco\/#primaryimage"},"image":{"@id":"https:\/\/diariodepe.com.br\/cri\/2024\/12\/11\/como-a-iniciativa-cinturao-e-rota-abre-novo-espaco-para-desenvolvimento-de-beneficio-reciproco\/#primaryimage"},"thumbnailUrl":"https:\/\/38picres.cgtn.com\/photoAlbum\/page\/performance\/img\/2024\/12\/4\/1733297064793_643.jpg","datePublished":"2024-12-12T02:13:55+00:00","breadcrumb":{"@id":"https:\/\/diariodepe.com.br\/cri\/2024\/12\/11\/como-a-iniciativa-cinturao-e-rota-abre-novo-espaco-para-desenvolvimento-de-beneficio-reciproco\/#breadcrumb"},"inLanguage":"pt-BR","potentialAction":[{"@type":"ReadAction","target":["https:\/\/diariodepe.com.br\/cri\/2024\/12\/11\/como-a-iniciativa-cinturao-e-rota-abre-novo-espaco-para-desenvolvimento-de-beneficio-reciproco\/"]}]},{"@type":"ImageObject","inLanguage":"pt-BR","@id":"https:\/\/diariodepe.com.br\/cri\/2024\/12\/11\/como-a-iniciativa-cinturao-e-rota-abre-novo-espaco-para-desenvolvimento-de-beneficio-reciproco\/#primaryimage","url":"https:\/\/38picres.cgtn.com\/photoAlbum\/page\/performance\/img\/2024\/12\/4\/1733297064793_643.jpg","contentUrl":"https:\/\/38picres.cgtn.com\/photoAlbum\/page\/performance\/img\/2024\/12\/4\/1733297064793_643.jpg"},{"@type":"BreadcrumbList","@id":"https:\/\/diariodepe.com.br\/cri\/2024\/12\/11\/como-a-iniciativa-cinturao-e-rota-abre-novo-espaco-para-desenvolvimento-de-beneficio-reciproco\/#breadcrumb","itemListElement":[{"@type":"ListItem","position":1,"name":"In\u00edcio","item":"https:\/\/diariodepe.com.br\/cri\/"},{"@type":"ListItem","position":2,"name":"Como a Iniciativa Cintur\u00e3o e Rota abre novo espa\u00e7o para desenvolvimento de benef\u00edcio rec\u00edproco?"}]},{"@type":"WebSite","@id":"https:\/\/diariodepe.com.br\/cri\/#website","url":"https:\/\/diariodepe.com.br\/cri\/","name":"CRI e Diario de Pernambuco","description":"R\u00e1dio Internacional da China","publisher":{"@id":"https:\/\/diariodepe.com.br\/cri\/#organization"},"potentialAction":[{"@type":"SearchAction","target":{"@type":"EntryPoint","urlTemplate":"https:\/\/diariodepe.com.br\/cri\/?s={search_term_string}"},"query-input":{"@type":"PropertyValueSpecification","valueRequired":true,"valueName":"search_term_string"}}],"inLanguage":"pt-BR"},{"@type":"Organization","@id":"https:\/\/diariodepe.com.br\/cri\/#organization","name":"CRI e Diario de Pernambuco","url":"https:\/\/diariodepe.com.br\/cri\/","logo":{"@type":"ImageObject","inLanguage":"pt-BR","@id":"https:\/\/diariodepe.com.br\/cri\/#\/schema\/logo\/image\/","url":"https:\/\/diariodepe.com.br\/cri\/wp-content\/uploads\/sites\/2\/2022\/12\/cropped-Logo.jpg","contentUrl":"https:\/\/diariodepe.com.br\/cri\/wp-content\/uploads\/sites\/2\/2022\/12\/cropped-Logo.jpg","width":700,"height":59,"caption":"CRI e Diario de Pernambuco"},"image":{"@id":"https:\/\/diariodepe.com.br\/cri\/#\/schema\/logo\/image\/"}},{"@type":"Person","@id":"https:\/\/diariodepe.com.br\/cri\/#\/schema\/person\/121bb28d84f1a5b1205ef4ce9c2e0c6b","name":"Ismael Lucas S. Pereira","image":{"@type":"ImageObject","inLanguage":"pt-BR","@id":"https:\/\/secure.gravatar.com\/avatar\/887a0f3b5a7ceea963a48499fb883ffce6b5037362def025c52c2505b15d63e4?s=96&d=mm&r=g","url":"https:\/\/secure.gravatar.com\/avatar\/887a0f3b5a7ceea963a48499fb883ffce6b5037362def025c52c2505b15d63e4?s=96&d=mm&r=g","contentUrl":"https:\/\/secure.gravatar.com\/avatar\/887a0f3b5a7ceea963a48499fb883ffce6b5037362def025c52c2505b15d63e4?s=96&d=mm&r=g","caption":"Ismael Lucas S. Pereira"},"url":"https:\/\/diariodepe.com.br\/cri\/author\/ismael-lucas\/"}]}},"cc_featured_image_caption":{"caption_text":false,"source_text":false,"source_url":false},"amp_enabled":true,"_links":{"self":[{"href":"https:\/\/diariodepe.com.br\/cri\/wp-json\/wp\/v2\/posts\/7146","targetHints":{"allow":["GET"]}}],"collection":[{"href":"https:\/\/diariodepe.com.br\/cri\/wp-json\/wp\/v2\/posts"}],"about":[{"href":"https:\/\/diariodepe.com.br\/cri\/wp-json\/wp\/v2\/types\/post"}],"author":[{"embeddable":true,"href":"https:\/\/diariodepe.com.br\/cri\/wp-json\/wp\/v2\/users\/2"}],"replies":[{"embeddable":true,"href":"https:\/\/diariodepe.com.br\/cri\/wp-json\/wp\/v2\/comments?post=7146"}],"version-history":[{"count":1,"href":"https:\/\/diariodepe.com.br\/cri\/wp-json\/wp\/v2\/posts\/7146\/revisions"}],"predecessor-version":[{"id":7147,"href":"https:\/\/diariodepe.com.br\/cri\/wp-json\/wp\/v2\/posts\/7146\/revisions\/7147"}],"wp:attachment":[{"href":"https:\/\/diariodepe.com.br\/cri\/wp-json\/wp\/v2\/media?parent=7146"}],"wp:term":[{"taxonomy":"category","embeddable":true,"href":"https:\/\/diariodepe.com.br\/cri\/wp-json\/wp\/v2\/categories?post=7146"},{"taxonomy":"post_tag","embeddable":true,"href":"https:\/\/diariodepe.com.br\/cri\/wp-json\/wp\/v2\/tags?post=7146"}],"curies":[{"name":"wp","href":"https:\/\/api.w.org\/{rel}","templated":true}]}}