{"id":7097,"date":"2024-12-11T04:12:20","date_gmt":"2024-12-11T07:12:20","guid":{"rendered":"https:\/\/diariodepe.com.br\/cri\/?p=7097"},"modified":"2024-12-11T04:12:20","modified_gmt":"2024-12-11T07:12:20","slug":"xi-jinping-destaca-importancia-do-trabalho-social","status":"publish","type":"post","link":"https:\/\/diariodepe.com.br\/cri\/2024\/12\/11\/xi-jinping-destaca-importancia-do-trabalho-social\/","title":{"rendered":"Xi Jinping destaca import\u00e2ncia do trabalho social"},"content":{"rendered":"<p><span lang=\"PT-BR\">A Reuni\u00e3o Central do Trabalho Social est\u00e1 sendo realizada em Beijing nos dias 5 e 6 de novembro. O presidente chin\u00eas, Xi Jinping, deu importantes instru\u00e7\u00f5es para os participantes do evento.<\/span><\/p>\n<p><span lang=\"PT-BR\">Segundo o l\u00edder chin\u00eas, o trabalho social \u00e9 uma parte importante das tarefas do Partido e do Estado, e est\u00e1 relacionado \u00e0 governan\u00e7a do Partido e a estabilidade de longo prazo do pa\u00eds, bem como \u00e0 harmonia social e \u00e0 felicidade e bem-estar do povo.<\/span><\/p>\n<p><span lang=\"PT-BR\">Xi Jinping salientou que atualmente, a estrutura social da China est\u00e1 passando por profundas mudan\u00e7as, especialmente o r\u00e1pido desenvolvimento de campos emergentes, o surgimento de novas organiza\u00e7\u00f5es econ\u00f4micas e sociais e a expans\u00e3o cont\u00ednua da escala de novos grupos empregat\u00edcios. Por isso, o trabalho social est\u00e1 enfrentando novas situa\u00e7\u00f5es e novas tarefas, e exige novas responsabilidades e novas medidas.<\/span><\/p>\n<p><span lang=\"PT-BR\">Xi Jinping, tamb\u00e9m secret\u00e1rio-geral do Comit\u00ea Central do Partido Comunista da China, apontou que os comit\u00eas do Partido de todos os n\u00edveis devem arcar com suas responsabilidades pol\u00edticas, fortalecer a lideran\u00e7a e a coordena\u00e7\u00e3o para garantir a implementa\u00e7\u00e3o das pol\u00edticas do Comit\u00ea Central sobre o trabalho social. Al\u00e9m disso, todos os departamentos envolvidos devem cumprir bem suas miss\u00f5es para fazer novas contribui\u00e7\u00f5es \u00e0 constru\u00e7\u00e3o de uma na\u00e7\u00e3o potente e \u00e0 revitaliza\u00e7\u00e3o da na\u00e7\u00e3o chinesa.<\/span><\/p>\n<p><span lang=\"PT-BR\">\u00a0<\/span><\/p>\n","protected":false},"excerpt":{"rendered":"<p>A Reuni\u00e3o Central do Trabalho Social est\u00e1 sendo realizada em Beijing nos dias 5 e 6 de novembro. O presidente chin\u00eas, Xi Jinping, deu importantes instru\u00e7\u00f5es para os participantes do evento. Segundo o l\u00edder chin\u00eas, o trabalho social \u00e9 uma&#8230;<\/p>\n","protected":false},"author":2,"featured_media":0,"comment_status":"open","ping_status":"open","sticky":false,"template":"","format":"standard","meta":{"footnotes":""},"categories":[3],"tags":[],"class_list":["post-7097","post","type-post","status-publish","format-standard","hentry","category-china"],"yoast_head":"<!-- This site is optimized with the Yoast SEO plugin v27.4 - https:\/\/yoast.com\/product\/yoast-seo-wordpress\/ -->\n<title>Xi Jinping destaca import\u00e2ncia do trabalho social - CRI e Diario de Pernambuco<\/title>\n<meta name=\"robots\" content=\"index, follow, max-snippet:-1, max-image-preview:large, max-video-preview:-1\" \/>\n<link rel=\"canonical\" href=\"https:\/\/diariodepe.com.br\/cri\/2024\/12\/11\/xi-jinping-destaca-importancia-do-trabalho-social\/\" \/>\n<meta property=\"og:locale\" content=\"pt_BR\" \/>\n<meta property=\"og:type\" content=\"article\" \/>\n<meta property=\"og:title\" content=\"Xi Jinping destaca import\u00e2ncia do trabalho social - CRI e Diario de Pernambuco\" \/>\n<meta property=\"og:description\" content=\"A Reuni\u00e3o Central do Trabalho Social est\u00e1 sendo realizada em Beijing nos dias 5 e 6 de novembro. O presidente chin\u00eas, Xi Jinping, deu importantes instru\u00e7\u00f5es para os participantes do evento. Segundo o l\u00edder chin\u00eas, o trabalho social \u00e9 uma...\" \/>\n<meta property=\"og:url\" content=\"https:\/\/diariodepe.com.br\/cri\/2024\/12\/11\/xi-jinping-destaca-importancia-do-trabalho-social\/\" \/>\n<meta property=\"og:site_name\" content=\"CRI e Diario de Pernambuco\" \/>\n<meta property=\"article:published_time\" content=\"2024-12-11T07:12:20+00:00\" \/>\n<meta name=\"author\" content=\"Ismael Lucas S. Pereira\" \/>\n<meta name=\"twitter:card\" content=\"summary_large_image\" \/>\n<meta name=\"twitter:label1\" content=\"Escrito por\" \/>\n\t<meta name=\"twitter:data1\" content=\"Ismael Lucas S. Pereira\" \/>\n\t<meta name=\"twitter:label2\" content=\"Est. tempo de leitura\" \/>\n\t<meta name=\"twitter:data2\" content=\"2 minutos\" \/>\n<script type=\"application\/ld+json\" class=\"yoast-schema-graph\">{\"@context\":\"https:\\\/\\\/schema.org\",\"@graph\":[{\"@type\":\"Article\",\"@id\":\"https:\\\/\\\/diariodepe.com.br\\\/cri\\\/2024\\\/12\\\/11\\\/xi-jinping-destaca-importancia-do-trabalho-social\\\/#article\",\"isPartOf\":{\"@id\":\"https:\\\/\\\/diariodepe.com.br\\\/cri\\\/2024\\\/12\\\/11\\\/xi-jinping-destaca-importancia-do-trabalho-social\\\/\"},\"author\":{\"name\":\"Ismael Lucas S. Pereira\",\"@id\":\"https:\\\/\\\/diariodepe.com.br\\\/cri\\\/#\\\/schema\\\/person\\\/121bb28d84f1a5b1205ef4ce9c2e0c6b\"},\"headline\":\"Xi Jinping destaca import\u00e2ncia do trabalho social\",\"datePublished\":\"2024-12-11T07:12:20+00:00\",\"mainEntityOfPage\":{\"@id\":\"https:\\\/\\\/diariodepe.com.br\\\/cri\\\/2024\\\/12\\\/11\\\/xi-jinping-destaca-importancia-do-trabalho-social\\\/\"},\"wordCount\":240,\"commentCount\":0,\"publisher\":{\"@id\":\"https:\\\/\\\/diariodepe.com.br\\\/cri\\\/#organization\"},\"articleSection\":[\"China\"],\"inLanguage\":\"pt-BR\",\"potentialAction\":[{\"@type\":\"CommentAction\",\"name\":\"Comment\",\"target\":[\"https:\\\/\\\/diariodepe.com.br\\\/cri\\\/2024\\\/12\\\/11\\\/xi-jinping-destaca-importancia-do-trabalho-social\\\/#respond\"]}]},{\"@type\":\"WebPage\",\"@id\":\"https:\\\/\\\/diariodepe.com.br\\\/cri\\\/2024\\\/12\\\/11\\\/xi-jinping-destaca-importancia-do-trabalho-social\\\/\",\"url\":\"https:\\\/\\\/diariodepe.com.br\\\/cri\\\/2024\\\/12\\\/11\\\/xi-jinping-destaca-importancia-do-trabalho-social\\\/\",\"name\":\"Xi Jinping destaca import\u00e2ncia do trabalho social - CRI e Diario de Pernambuco\",\"isPartOf\":{\"@id\":\"https:\\\/\\\/diariodepe.com.br\\\/cri\\\/#website\"},\"datePublished\":\"2024-12-11T07:12:20+00:00\",\"breadcrumb\":{\"@id\":\"https:\\\/\\\/diariodepe.com.br\\\/cri\\\/2024\\\/12\\\/11\\\/xi-jinping-destaca-importancia-do-trabalho-social\\\/#breadcrumb\"},\"inLanguage\":\"pt-BR\",\"potentialAction\":[{\"@type\":\"ReadAction\",\"target\":[\"https:\\\/\\\/diariodepe.com.br\\\/cri\\\/2024\\\/12\\\/11\\\/xi-jinping-destaca-importancia-do-trabalho-social\\\/\"]}]},{\"@type\":\"BreadcrumbList\",\"@id\":\"https:\\\/\\\/diariodepe.com.br\\\/cri\\\/2024\\\/12\\\/11\\\/xi-jinping-destaca-importancia-do-trabalho-social\\\/#breadcrumb\",\"itemListElement\":[{\"@type\":\"ListItem\",\"position\":1,\"name\":\"In\u00edcio\",\"item\":\"https:\\\/\\\/diariodepe.com.br\\\/cri\\\/\"},{\"@type\":\"ListItem\",\"position\":2,\"name\":\"Xi Jinping destaca import\u00e2ncia do trabalho social\"}]},{\"@type\":\"WebSite\",\"@id\":\"https:\\\/\\\/diariodepe.com.br\\\/cri\\\/#website\",\"url\":\"https:\\\/\\\/diariodepe.com.br\\\/cri\\\/\",\"name\":\"CRI e Diario de Pernambuco\",\"description\":\"R\u00e1dio Internacional da China\",\"publisher\":{\"@id\":\"https:\\\/\\\/diariodepe.com.br\\\/cri\\\/#organization\"},\"potentialAction\":[{\"@type\":\"SearchAction\",\"target\":{\"@type\":\"EntryPoint\",\"urlTemplate\":\"https:\\\/\\\/diariodepe.com.br\\\/cri\\\/?s={search_term_string}\"},\"query-input\":{\"@type\":\"PropertyValueSpecification\",\"valueRequired\":true,\"valueName\":\"search_term_string\"}}],\"inLanguage\":\"pt-BR\"},{\"@type\":\"Organization\",\"@id\":\"https:\\\/\\\/diariodepe.com.br\\\/cri\\\/#organization\",\"name\":\"CRI e Diario de Pernambuco\",\"url\":\"https:\\\/\\\/diariodepe.com.br\\\/cri\\\/\",\"logo\":{\"@type\":\"ImageObject\",\"inLanguage\":\"pt-BR\",\"@id\":\"https:\\\/\\\/diariodepe.com.br\\\/cri\\\/#\\\/schema\\\/logo\\\/image\\\/\",\"url\":\"https:\\\/\\\/diariodepe.com.br\\\/cri\\\/wp-content\\\/uploads\\\/sites\\\/2\\\/2022\\\/12\\\/cropped-Logo.jpg\",\"contentUrl\":\"https:\\\/\\\/diariodepe.com.br\\\/cri\\\/wp-content\\\/uploads\\\/sites\\\/2\\\/2022\\\/12\\\/cropped-Logo.jpg\",\"width\":700,\"height\":59,\"caption\":\"CRI e Diario de Pernambuco\"},\"image\":{\"@id\":\"https:\\\/\\\/diariodepe.com.br\\\/cri\\\/#\\\/schema\\\/logo\\\/image\\\/\"}},{\"@type\":\"Person\",\"@id\":\"https:\\\/\\\/diariodepe.com.br\\\/cri\\\/#\\\/schema\\\/person\\\/121bb28d84f1a5b1205ef4ce9c2e0c6b\",\"name\":\"Ismael Lucas S. Pereira\",\"image\":{\"@type\":\"ImageObject\",\"inLanguage\":\"pt-BR\",\"@id\":\"https:\\\/\\\/secure.gravatar.com\\\/avatar\\\/887a0f3b5a7ceea963a48499fb883ffce6b5037362def025c52c2505b15d63e4?s=96&d=mm&r=g\",\"url\":\"https:\\\/\\\/secure.gravatar.com\\\/avatar\\\/887a0f3b5a7ceea963a48499fb883ffce6b5037362def025c52c2505b15d63e4?s=96&d=mm&r=g\",\"contentUrl\":\"https:\\\/\\\/secure.gravatar.com\\\/avatar\\\/887a0f3b5a7ceea963a48499fb883ffce6b5037362def025c52c2505b15d63e4?s=96&d=mm&r=g\",\"caption\":\"Ismael Lucas S. Pereira\"},\"url\":\"https:\\\/\\\/diariodepe.com.br\\\/cri\\\/author\\\/ismael-lucas\\\/\"}]}<\/script>\n<!-- \/ Yoast SEO plugin. -->","yoast_head_json":{"title":"Xi Jinping destaca import\u00e2ncia do trabalho social - CRI e Diario de Pernambuco","robots":{"index":"index","follow":"follow","max-snippet":"max-snippet:-1","max-image-preview":"max-image-preview:large","max-video-preview":"max-video-preview:-1"},"canonical":"https:\/\/diariodepe.com.br\/cri\/2024\/12\/11\/xi-jinping-destaca-importancia-do-trabalho-social\/","og_locale":"pt_BR","og_type":"article","og_title":"Xi Jinping destaca import\u00e2ncia do trabalho social - CRI e Diario de Pernambuco","og_description":"A Reuni\u00e3o Central do Trabalho Social est\u00e1 sendo realizada em Beijing nos dias 5 e 6 de novembro. O presidente chin\u00eas, Xi Jinping, deu importantes instru\u00e7\u00f5es para os participantes do evento. Segundo o l\u00edder chin\u00eas, o trabalho social \u00e9 uma...","og_url":"https:\/\/diariodepe.com.br\/cri\/2024\/12\/11\/xi-jinping-destaca-importancia-do-trabalho-social\/","og_site_name":"CRI e Diario de Pernambuco","article_published_time":"2024-12-11T07:12:20+00:00","author":"Ismael Lucas S. Pereira","twitter_card":"summary_large_image","twitter_misc":{"Escrito por":"Ismael Lucas S. Pereira","Est. tempo de leitura":"2 minutos"},"schema":{"@context":"https:\/\/schema.org","@graph":[{"@type":"Article","@id":"https:\/\/diariodepe.com.br\/cri\/2024\/12\/11\/xi-jinping-destaca-importancia-do-trabalho-social\/#article","isPartOf":{"@id":"https:\/\/diariodepe.com.br\/cri\/2024\/12\/11\/xi-jinping-destaca-importancia-do-trabalho-social\/"},"author":{"name":"Ismael Lucas S. Pereira","@id":"https:\/\/diariodepe.com.br\/cri\/#\/schema\/person\/121bb28d84f1a5b1205ef4ce9c2e0c6b"},"headline":"Xi Jinping destaca import\u00e2ncia do trabalho social","datePublished":"2024-12-11T07:12:20+00:00","mainEntityOfPage":{"@id":"https:\/\/diariodepe.com.br\/cri\/2024\/12\/11\/xi-jinping-destaca-importancia-do-trabalho-social\/"},"wordCount":240,"commentCount":0,"publisher":{"@id":"https:\/\/diariodepe.com.br\/cri\/#organization"},"articleSection":["China"],"inLanguage":"pt-BR","potentialAction":[{"@type":"CommentAction","name":"Comment","target":["https:\/\/diariodepe.com.br\/cri\/2024\/12\/11\/xi-jinping-destaca-importancia-do-trabalho-social\/#respond"]}]},{"@type":"WebPage","@id":"https:\/\/diariodepe.com.br\/cri\/2024\/12\/11\/xi-jinping-destaca-importancia-do-trabalho-social\/","url":"https:\/\/diariodepe.com.br\/cri\/2024\/12\/11\/xi-jinping-destaca-importancia-do-trabalho-social\/","name":"Xi Jinping destaca import\u00e2ncia do trabalho social - CRI e Diario de Pernambuco","isPartOf":{"@id":"https:\/\/diariodepe.com.br\/cri\/#website"},"datePublished":"2024-12-11T07:12:20+00:00","breadcrumb":{"@id":"https:\/\/diariodepe.com.br\/cri\/2024\/12\/11\/xi-jinping-destaca-importancia-do-trabalho-social\/#breadcrumb"},"inLanguage":"pt-BR","potentialAction":[{"@type":"ReadAction","target":["https:\/\/diariodepe.com.br\/cri\/2024\/12\/11\/xi-jinping-destaca-importancia-do-trabalho-social\/"]}]},{"@type":"BreadcrumbList","@id":"https:\/\/diariodepe.com.br\/cri\/2024\/12\/11\/xi-jinping-destaca-importancia-do-trabalho-social\/#breadcrumb","itemListElement":[{"@type":"ListItem","position":1,"name":"In\u00edcio","item":"https:\/\/diariodepe.com.br\/cri\/"},{"@type":"ListItem","position":2,"name":"Xi Jinping destaca import\u00e2ncia do trabalho social"}]},{"@type":"WebSite","@id":"https:\/\/diariodepe.com.br\/cri\/#website","url":"https:\/\/diariodepe.com.br\/cri\/","name":"CRI e Diario de Pernambuco","description":"R\u00e1dio Internacional da China","publisher":{"@id":"https:\/\/diariodepe.com.br\/cri\/#organization"},"potentialAction":[{"@type":"SearchAction","target":{"@type":"EntryPoint","urlTemplate":"https:\/\/diariodepe.com.br\/cri\/?s={search_term_string}"},"query-input":{"@type":"PropertyValueSpecification","valueRequired":true,"valueName":"search_term_string"}}],"inLanguage":"pt-BR"},{"@type":"Organization","@id":"https:\/\/diariodepe.com.br\/cri\/#organization","name":"CRI e Diario de Pernambuco","url":"https:\/\/diariodepe.com.br\/cri\/","logo":{"@type":"ImageObject","inLanguage":"pt-BR","@id":"https:\/\/diariodepe.com.br\/cri\/#\/schema\/logo\/image\/","url":"https:\/\/diariodepe.com.br\/cri\/wp-content\/uploads\/sites\/2\/2022\/12\/cropped-Logo.jpg","contentUrl":"https:\/\/diariodepe.com.br\/cri\/wp-content\/uploads\/sites\/2\/2022\/12\/cropped-Logo.jpg","width":700,"height":59,"caption":"CRI e Diario de Pernambuco"},"image":{"@id":"https:\/\/diariodepe.com.br\/cri\/#\/schema\/logo\/image\/"}},{"@type":"Person","@id":"https:\/\/diariodepe.com.br\/cri\/#\/schema\/person\/121bb28d84f1a5b1205ef4ce9c2e0c6b","name":"Ismael Lucas S. Pereira","image":{"@type":"ImageObject","inLanguage":"pt-BR","@id":"https:\/\/secure.gravatar.com\/avatar\/887a0f3b5a7ceea963a48499fb883ffce6b5037362def025c52c2505b15d63e4?s=96&d=mm&r=g","url":"https:\/\/secure.gravatar.com\/avatar\/887a0f3b5a7ceea963a48499fb883ffce6b5037362def025c52c2505b15d63e4?s=96&d=mm&r=g","contentUrl":"https:\/\/secure.gravatar.com\/avatar\/887a0f3b5a7ceea963a48499fb883ffce6b5037362def025c52c2505b15d63e4?s=96&d=mm&r=g","caption":"Ismael Lucas S. Pereira"},"url":"https:\/\/diariodepe.com.br\/cri\/author\/ismael-lucas\/"}]}},"cc_featured_image_caption":{"caption_text":false,"source_text":false,"source_url":false},"amp_enabled":true,"_links":{"self":[{"href":"https:\/\/diariodepe.com.br\/cri\/wp-json\/wp\/v2\/posts\/7097","targetHints":{"allow":["GET"]}}],"collection":[{"href":"https:\/\/diariodepe.com.br\/cri\/wp-json\/wp\/v2\/posts"}],"about":[{"href":"https:\/\/diariodepe.com.br\/cri\/wp-json\/wp\/v2\/types\/post"}],"author":[{"embeddable":true,"href":"https:\/\/diariodepe.com.br\/cri\/wp-json\/wp\/v2\/users\/2"}],"replies":[{"embeddable":true,"href":"https:\/\/diariodepe.com.br\/cri\/wp-json\/wp\/v2\/comments?post=7097"}],"version-history":[{"count":1,"href":"https:\/\/diariodepe.com.br\/cri\/wp-json\/wp\/v2\/posts\/7097\/revisions"}],"predecessor-version":[{"id":7098,"href":"https:\/\/diariodepe.com.br\/cri\/wp-json\/wp\/v2\/posts\/7097\/revisions\/7098"}],"wp:attachment":[{"href":"https:\/\/diariodepe.com.br\/cri\/wp-json\/wp\/v2\/media?parent=7097"}],"wp:term":[{"taxonomy":"category","embeddable":true,"href":"https:\/\/diariodepe.com.br\/cri\/wp-json\/wp\/v2\/categories?post=7097"},{"taxonomy":"post_tag","embeddable":true,"href":"https:\/\/diariodepe.com.br\/cri\/wp-json\/wp\/v2\/tags?post=7097"}],"curies":[{"name":"wp","href":"https:\/\/api.w.org\/{rel}","templated":true}]}}