{"id":7062,"date":"2024-12-11T03:46:01","date_gmt":"2024-12-11T06:46:01","guid":{"rendered":"https:\/\/diariodepe.com.br\/cri\/?p=7062"},"modified":"2024-12-11T03:46:01","modified_gmt":"2024-12-11T06:46:01","slug":"xi-jinping-participa-da-16acupula-do-brics-e-faz-importante-discurso-2","status":"publish","type":"post","link":"https:\/\/diariodepe.com.br\/cri\/2024\/12\/11\/xi-jinping-participa-da-16acupula-do-brics-e-faz-importante-discurso-2\/","title":{"rendered":"Xi Jinping participa da 16\u00aaC\u00fapula do Brics e faz importante discurso"},"content":{"rendered":"<p data-spm-anchor-id=\"0.0.0.i1\">A\u00a016\u00aaC\u00fapula do Brics foi realizada na\u00a0manh\u00e3 desta quarta-feira (23), hor\u00e1rio local, no Centro de Conven\u00e7\u00f5es e Exposi\u00e7\u00f5es de Kazan, R\u00fassia. O presidente russo, Vladimir Putin,\u00a0presidiu o encontro, que contou com a participa\u00e7\u00e3o do\u00a0presidente chin\u00eas,\u00a0Xi Jinping, o presidente brasileiro, Luiz In\u00e1cio Lula da Silva\u00a0(online), o presidente eg\u00edpcio,\u00a0Abdel Fatah al Sissi, o primeiro-ministro et\u00edope,\u00a0Abiy Ahmed,\u00a0o primeiro-ministro indiano,\u00a0Narendra Modi, o presidente iraniano,\u00a0Masoud Pezeshkian, o presidente sul-africano,\u00a0Cyril Ramaphosa,\u00a0e o presidente dos Emirados \u00c1rabes Unidos,\u00a0Mohammed bin Zayed Al Nahyan,\u00a0participaram do evento.<\/p>\n<p>Xi Jinping participou\u00a0primeiramente\u00a0de uma reuni\u00e3o\u00a0restrita. Ele\u00a0deu as boas-vindas aos\u00a0novos membros\u00a0do\u00a0Brics\u00a0e convidou\u00a0alguns outros\u00a0pa\u00edses a se tornarem parceiros do\u00a0bloco. Xi Jinping\u00a0assinalou\u00a0que a expans\u00e3o\u00a0do Brics\u00a0\u00e9 um marco importante\u00a0em suja trajet\u00f3ria\u00a0de\u00a0desenvolvimento,\u00a0e um evento marcante na evolu\u00e7\u00e3o do cen\u00e1rio internacional. Os pa\u00edses\u00a0Brics\u00a0unem-se com base na sua busca\u00a0compartilhada, o que atende \u00e0\u00a0tend\u00eancia\u00a0mundial\u00a0de paz e desenvolvimento.\u00a0Seus membros\u00a0devem aproveitar a oportunidade hist\u00f3rica\u00a0de\u00a0tomar a\u00a0iniciativa,\u00a0sem precedentes, aderir \u00e0 aspira\u00e7\u00e3o inicial\u00a0de abertura, inclus\u00e3o e coopera\u00e7\u00e3o\u00a0de benef\u00edcio rec\u00edproco,\u00a0seguir a tend\u00eancia da\u00a0ascens\u00e3o do Sul\u00a0Global, procurar\u00a0os interesses comuns ao mesmo tempo reservar\u00a0as diferen\u00e7as, e trabalhar em conjunto\u00a0para\u00a0consolidar os valores comuns dos pa\u00edses Brics\u00a0e salvaguardar os\u00a0seus\u00a0interesses comuns.<\/p>\n<p>Segundo\u00a0Xi Jinping,\u00a0quanto mais turbulento o mundo se torna, mais devemos erguer bem alto a bandeira da paz, do desenvolvimento,\u00a0e\u00a0da coopera\u00e7\u00e3o\u00a0de benef\u00edcios rec\u00edprocos. Defender a paz e\u00a0um novo tipo de seguran\u00e7a que\u00a0se\u00a0traduz em\u00a0di\u00e1logo em vez do confronto,\u00a0em\u00a0parceria em vez da alian\u00e7a, deve ser uma prioridade.\u00a0Al\u00e9m disso, planejar\u00a0conjuntamente\u00a0o\u00a0caminho\u00a0de\u00a0desenvolvimento, defender a multipolariza\u00e7\u00e3o econ\u00f4mica inclusiva,\u00a0refor\u00e7ar os\u00a0alicerces\u00a0da coopera\u00e7\u00e3o, aprofundar a coopera\u00e7\u00e3o\u00a0nas \u00e1reas\u00a0tradicionais como agricultura, energia, minerais, economia e o com\u00e9rcio\u00a0e, ao mesmo tempo,\u00a0expandir a coopera\u00e7\u00e3o\u00a0nos novos aspetos, incluindo setor de baixo carbono e\u00a0intelig\u00eancia artificial.<\/p>\n<p>Na sequ\u00eancia,\u00a0Xi Jinping participou\u00a0de um encontro expandido. Ele\u00a0apresentou cinco sugest\u00f5es\u00a0sobre\u00a0o desenvolvimento futuro dos Brics.<\/p>\n<p>\u00c9\u00a0necess\u00e1rio\u00a0estabelecer\u00a0um\u00a0\u201cBrics da Paz\u201d\u00a0e ser defensores da seguran\u00e7a comum. Segundo ele, para atenuar a crise ucraniana, \u00e9 preciso aderir aos tr\u00eas princ\u00edpios de &#8220;n\u00e3o-extens\u00e3o do conflito para fora do campo de batalha, n\u00e3o-escalada da guerra e n\u00e3o-provoca\u00e7\u00e3o entre as partes envolvidas\u201d. Devemos trabalhar para promover um cessar-fogo em Gaza o mais r\u00e1pido poss\u00edvel e envidar esfor\u00e7os incessantes para uma solu\u00e7\u00e3o abrangente, justa e duradoura para a quest\u00e3o palestina.<\/p>\n<p>O l\u00edder chin\u00eas convocou os presentes\u00a0a\u00a0construir um\u00a0\u201cBrics de inova\u00e7\u00e3o\u201d\u00a0e ser pioneiros no desenvolvimento de qualidade. A China estabeleceu recentemente o Centro de Desenvolvimento e Coopera\u00e7\u00e3o de Intelig\u00eancia Artificial China-Brics, e criar\u00e1 o Centro Internacional Brics de Pesquisa para Recursos Oce\u00e2nicos Profundos, o Centro de Coopera\u00e7\u00e3o da Zona Econ\u00f4mica Especial do Brics, o Centro de Capacidade Industrial do Brics e o Centro de Coopera\u00e7\u00e3o da Ind\u00fastria Digital do Brics, a fim de fomentar novas capacidades produtivas.<\/p>\n<p>\u00c9\u00a0essencial\u00a0construir um\u00a0\u201cBrics verde\u201d\u00a0e praticar o desenvolvimento sustent\u00e1vel. Segundo ele, a China est\u00e1 disposta a expandir a coopera\u00e7\u00e3o com os pa\u00edses do Brics em ind\u00fastrias renov\u00e1veis, energia limpa e minerais verdes, a fim de promover o desenvolvimento sustent\u00e1vel de toda a cadeia industrial.<\/p>\n<p>Faz-se\u00a0necess\u00e1rio, tamb\u00e9m,\u00a0erigir\u00a0um &#8220;Brics justo&#8221; e\u00a0assumir a lideran\u00e7a na reforma do sistema de governan\u00e7a global. Segundo ele, \u00e9 preciso praticar o verdadeiro multilateralismo, aderir ao conceito de governan\u00e7a global de ampla consulta, constru\u00e7\u00e3o conjunta e benef\u00edcios partilhados. \u201cDevemos liderar a reforma da governan\u00e7a global com conceitos de equidade, justi\u00e7a, abertura e inclus\u00e3o, e refor\u00e7ar a representa\u00e7\u00e3o e a voz dos pa\u00edses no Sul global\u201d, salientou o l\u00edder. Xi Jinping pontuou, tamb\u00e9m, a import\u00e2ncia de trabalhar para promover a conectividade da infraestrutura financeira, manter a seguran\u00e7a financeira, fortalecer o Novo Banco do Desenvolvimento e fazer com que o sistema financeiro internacional reflita melhor as mudan\u00e7as no cen\u00e1rio econ\u00f4mico mundial.<\/p>\n<p>\u00c9 preciso\u00a0estabelecer\u00a0o Brics a partir de interc\u00e2mbios interpessoais e culturais.\u00a0Segundo ele,\u00a0a iniciativa sobre a coopera\u00e7\u00e3o na educa\u00e7\u00e3o digital, sob a estrutura da organiza\u00e7\u00e3o, apresentada pela China, est\u00e1 em implementa\u00e7\u00e3o. Nos pr\u00f3ximos cinco anos, ser\u00e3o estabelecidos dez centros de estudo ultramarinos nos pa\u00edses do bloco, que v\u00e3o oferecer forma\u00e7\u00f5es a mil gestores da educa\u00e7\u00e3o, docentes e alunos.<\/p>\n<p>Por fim,\u00a0Xi Jinping,\u00a0enfatizou que a China est\u00e1 disposta a trabalhar com os pa\u00edses do Brics\u00a0para criar um\u00a0novo panorama\u00a0de desenvolvimento de qualidade da\u00a0\u201cGrande Coopera\u00e7\u00e3o do Brics\u201d, promovendo\u00a0conjuntamente a constru\u00e7\u00e3o da\u00a0comunidade\u00a0de\u00a0futuro compartilhado para a humanidade.<\/p>\n<p>Sob\u00a0o tema\u00a0\u201cfortalecer o multilateralismo e promover o desenvolvimento e a seguran\u00e7a globais justos\u201d, os l\u00edderes participantes trocaram opini\u00f5es aprofundadas\u00a0acerca\u00a0da\u00a0coopera\u00e7\u00e3o\u00a0no\u00a0\u00e2mbito da organiza\u00e7\u00e3o,\u00a0e\u00a0das principais quest\u00f5es internacionais de interesse comum.<\/p>\n<p>O encontro\u00a0emitiu a\u00a0\u201cDeclara\u00e7\u00e3o de Kazan da 16\u00aaC\u00fapula\u00a0do Brics\u201d\u00a0e anunciou o estabelecimento de pa\u00edses parceiros da organiza\u00e7\u00e3o.<\/p>\n<p>Durante a reuni\u00e3o, os l\u00edderes tamb\u00e9m ouviram\u00a0o\u00a0relat\u00f3rio\u00a0de trabalho da presidente do Novo Banco de Desenvolvimento, Dilma Rousseff,\u00a0e de outros\u00a0representantes\u00a0do mecanismo\u00a0financeiro, e tiraram fotos\u00a0em\u00a0grupo.<\/p>\n","protected":false},"excerpt":{"rendered":"<p>A\u00a016\u00aaC\u00fapula do Brics foi realizada na\u00a0manh\u00e3 desta quarta-feira (23), hor\u00e1rio local, no Centro de Conven\u00e7\u00f5es e Exposi\u00e7\u00f5es de Kazan, R\u00fassia. O presidente russo, Vladimir Putin,\u00a0presidiu o encontro, que contou com a participa\u00e7\u00e3o do\u00a0presidente chin\u00eas,\u00a0Xi Jinping, o presidente brasileiro, Luiz In\u00e1cio&#8230;<\/p>\n","protected":false},"author":2,"featured_media":0,"comment_status":"open","ping_status":"open","sticky":false,"template":"","format":"standard","meta":{"footnotes":""},"categories":[8],"tags":[],"class_list":["post-7062","post","type-post","status-publish","format-standard","hentry","category-internacional"],"yoast_head":"<!-- This site is optimized with the Yoast SEO plugin v27.4 - https:\/\/yoast.com\/product\/yoast-seo-wordpress\/ -->\n<title>Xi Jinping participa da 16\u00aaC\u00fapula do Brics e faz importante discurso - CRI e Diario de Pernambuco<\/title>\n<meta name=\"robots\" content=\"index, follow, max-snippet:-1, max-image-preview:large, max-video-preview:-1\" \/>\n<link rel=\"canonical\" href=\"https:\/\/diariodepe.com.br\/cri\/2024\/12\/11\/xi-jinping-participa-da-16acupula-do-brics-e-faz-importante-discurso-2\/\" \/>\n<meta property=\"og:locale\" content=\"pt_BR\" \/>\n<meta property=\"og:type\" content=\"article\" \/>\n<meta property=\"og:title\" content=\"Xi Jinping participa da 16\u00aaC\u00fapula do Brics e faz importante discurso - CRI e Diario de Pernambuco\" \/>\n<meta property=\"og:description\" content=\"A\u00a016\u00aaC\u00fapula do Brics foi realizada na\u00a0manh\u00e3 desta quarta-feira (23), hor\u00e1rio local, no Centro de Conven\u00e7\u00f5es e Exposi\u00e7\u00f5es de Kazan, R\u00fassia. O presidente russo, Vladimir Putin,\u00a0presidiu o encontro, que contou com a participa\u00e7\u00e3o do\u00a0presidente chin\u00eas,\u00a0Xi Jinping, o presidente brasileiro, Luiz In\u00e1cio...\" \/>\n<meta property=\"og:url\" content=\"https:\/\/diariodepe.com.br\/cri\/2024\/12\/11\/xi-jinping-participa-da-16acupula-do-brics-e-faz-importante-discurso-2\/\" \/>\n<meta property=\"og:site_name\" content=\"CRI e Diario de Pernambuco\" \/>\n<meta property=\"article:published_time\" content=\"2024-12-11T06:46:01+00:00\" \/>\n<meta name=\"author\" content=\"Ismael Lucas S. Pereira\" \/>\n<meta name=\"twitter:card\" content=\"summary_large_image\" \/>\n<meta name=\"twitter:label1\" content=\"Escrito por\" \/>\n\t<meta name=\"twitter:data1\" content=\"Ismael Lucas S. Pereira\" \/>\n\t<meta name=\"twitter:label2\" content=\"Est. tempo de leitura\" \/>\n\t<meta name=\"twitter:data2\" content=\"5 minutos\" \/>\n<script type=\"application\/ld+json\" class=\"yoast-schema-graph\">{\"@context\":\"https:\\\/\\\/schema.org\",\"@graph\":[{\"@type\":\"Article\",\"@id\":\"https:\\\/\\\/diariodepe.com.br\\\/cri\\\/2024\\\/12\\\/11\\\/xi-jinping-participa-da-16acupula-do-brics-e-faz-importante-discurso-2\\\/#article\",\"isPartOf\":{\"@id\":\"https:\\\/\\\/diariodepe.com.br\\\/cri\\\/2024\\\/12\\\/11\\\/xi-jinping-participa-da-16acupula-do-brics-e-faz-importante-discurso-2\\\/\"},\"author\":{\"name\":\"Ismael Lucas S. Pereira\",\"@id\":\"https:\\\/\\\/diariodepe.com.br\\\/cri\\\/#\\\/schema\\\/person\\\/121bb28d84f1a5b1205ef4ce9c2e0c6b\"},\"headline\":\"Xi Jinping participa da 16\u00aaC\u00fapula do Brics e faz importante discurso\",\"datePublished\":\"2024-12-11T06:46:01+00:00\",\"mainEntityOfPage\":{\"@id\":\"https:\\\/\\\/diariodepe.com.br\\\/cri\\\/2024\\\/12\\\/11\\\/xi-jinping-participa-da-16acupula-do-brics-e-faz-importante-discurso-2\\\/\"},\"wordCount\":975,\"commentCount\":0,\"publisher\":{\"@id\":\"https:\\\/\\\/diariodepe.com.br\\\/cri\\\/#organization\"},\"articleSection\":[\"Internacional\"],\"inLanguage\":\"pt-BR\",\"potentialAction\":[{\"@type\":\"CommentAction\",\"name\":\"Comment\",\"target\":[\"https:\\\/\\\/diariodepe.com.br\\\/cri\\\/2024\\\/12\\\/11\\\/xi-jinping-participa-da-16acupula-do-brics-e-faz-importante-discurso-2\\\/#respond\"]}]},{\"@type\":\"WebPage\",\"@id\":\"https:\\\/\\\/diariodepe.com.br\\\/cri\\\/2024\\\/12\\\/11\\\/xi-jinping-participa-da-16acupula-do-brics-e-faz-importante-discurso-2\\\/\",\"url\":\"https:\\\/\\\/diariodepe.com.br\\\/cri\\\/2024\\\/12\\\/11\\\/xi-jinping-participa-da-16acupula-do-brics-e-faz-importante-discurso-2\\\/\",\"name\":\"Xi Jinping participa da 16\u00aaC\u00fapula do Brics e faz importante discurso - CRI e Diario de Pernambuco\",\"isPartOf\":{\"@id\":\"https:\\\/\\\/diariodepe.com.br\\\/cri\\\/#website\"},\"datePublished\":\"2024-12-11T06:46:01+00:00\",\"breadcrumb\":{\"@id\":\"https:\\\/\\\/diariodepe.com.br\\\/cri\\\/2024\\\/12\\\/11\\\/xi-jinping-participa-da-16acupula-do-brics-e-faz-importante-discurso-2\\\/#breadcrumb\"},\"inLanguage\":\"pt-BR\",\"potentialAction\":[{\"@type\":\"ReadAction\",\"target\":[\"https:\\\/\\\/diariodepe.com.br\\\/cri\\\/2024\\\/12\\\/11\\\/xi-jinping-participa-da-16acupula-do-brics-e-faz-importante-discurso-2\\\/\"]}]},{\"@type\":\"BreadcrumbList\",\"@id\":\"https:\\\/\\\/diariodepe.com.br\\\/cri\\\/2024\\\/12\\\/11\\\/xi-jinping-participa-da-16acupula-do-brics-e-faz-importante-discurso-2\\\/#breadcrumb\",\"itemListElement\":[{\"@type\":\"ListItem\",\"position\":1,\"name\":\"In\u00edcio\",\"item\":\"https:\\\/\\\/diariodepe.com.br\\\/cri\\\/\"},{\"@type\":\"ListItem\",\"position\":2,\"name\":\"Xi Jinping participa da 16\u00aaC\u00fapula do Brics e faz importante discurso\"}]},{\"@type\":\"WebSite\",\"@id\":\"https:\\\/\\\/diariodepe.com.br\\\/cri\\\/#website\",\"url\":\"https:\\\/\\\/diariodepe.com.br\\\/cri\\\/\",\"name\":\"CRI e Diario de Pernambuco\",\"description\":\"R\u00e1dio Internacional da China\",\"publisher\":{\"@id\":\"https:\\\/\\\/diariodepe.com.br\\\/cri\\\/#organization\"},\"potentialAction\":[{\"@type\":\"SearchAction\",\"target\":{\"@type\":\"EntryPoint\",\"urlTemplate\":\"https:\\\/\\\/diariodepe.com.br\\\/cri\\\/?s={search_term_string}\"},\"query-input\":{\"@type\":\"PropertyValueSpecification\",\"valueRequired\":true,\"valueName\":\"search_term_string\"}}],\"inLanguage\":\"pt-BR\"},{\"@type\":\"Organization\",\"@id\":\"https:\\\/\\\/diariodepe.com.br\\\/cri\\\/#organization\",\"name\":\"CRI e Diario de Pernambuco\",\"url\":\"https:\\\/\\\/diariodepe.com.br\\\/cri\\\/\",\"logo\":{\"@type\":\"ImageObject\",\"inLanguage\":\"pt-BR\",\"@id\":\"https:\\\/\\\/diariodepe.com.br\\\/cri\\\/#\\\/schema\\\/logo\\\/image\\\/\",\"url\":\"https:\\\/\\\/diariodepe.com.br\\\/cri\\\/wp-content\\\/uploads\\\/sites\\\/2\\\/2022\\\/12\\\/cropped-Logo.jpg\",\"contentUrl\":\"https:\\\/\\\/diariodepe.com.br\\\/cri\\\/wp-content\\\/uploads\\\/sites\\\/2\\\/2022\\\/12\\\/cropped-Logo.jpg\",\"width\":700,\"height\":59,\"caption\":\"CRI e Diario de Pernambuco\"},\"image\":{\"@id\":\"https:\\\/\\\/diariodepe.com.br\\\/cri\\\/#\\\/schema\\\/logo\\\/image\\\/\"}},{\"@type\":\"Person\",\"@id\":\"https:\\\/\\\/diariodepe.com.br\\\/cri\\\/#\\\/schema\\\/person\\\/121bb28d84f1a5b1205ef4ce9c2e0c6b\",\"name\":\"Ismael Lucas S. Pereira\",\"image\":{\"@type\":\"ImageObject\",\"inLanguage\":\"pt-BR\",\"@id\":\"https:\\\/\\\/secure.gravatar.com\\\/avatar\\\/887a0f3b5a7ceea963a48499fb883ffce6b5037362def025c52c2505b15d63e4?s=96&d=mm&r=g\",\"url\":\"https:\\\/\\\/secure.gravatar.com\\\/avatar\\\/887a0f3b5a7ceea963a48499fb883ffce6b5037362def025c52c2505b15d63e4?s=96&d=mm&r=g\",\"contentUrl\":\"https:\\\/\\\/secure.gravatar.com\\\/avatar\\\/887a0f3b5a7ceea963a48499fb883ffce6b5037362def025c52c2505b15d63e4?s=96&d=mm&r=g\",\"caption\":\"Ismael Lucas S. Pereira\"},\"url\":\"https:\\\/\\\/diariodepe.com.br\\\/cri\\\/author\\\/ismael-lucas\\\/\"}]}<\/script>\n<!-- \/ Yoast SEO plugin. -->","yoast_head_json":{"title":"Xi Jinping participa da 16\u00aaC\u00fapula do Brics e faz importante discurso - CRI e Diario de Pernambuco","robots":{"index":"index","follow":"follow","max-snippet":"max-snippet:-1","max-image-preview":"max-image-preview:large","max-video-preview":"max-video-preview:-1"},"canonical":"https:\/\/diariodepe.com.br\/cri\/2024\/12\/11\/xi-jinping-participa-da-16acupula-do-brics-e-faz-importante-discurso-2\/","og_locale":"pt_BR","og_type":"article","og_title":"Xi Jinping participa da 16\u00aaC\u00fapula do Brics e faz importante discurso - CRI e Diario de Pernambuco","og_description":"A\u00a016\u00aaC\u00fapula do Brics foi realizada na\u00a0manh\u00e3 desta quarta-feira (23), hor\u00e1rio local, no Centro de Conven\u00e7\u00f5es e Exposi\u00e7\u00f5es de Kazan, R\u00fassia. O presidente russo, Vladimir Putin,\u00a0presidiu o encontro, que contou com a participa\u00e7\u00e3o do\u00a0presidente chin\u00eas,\u00a0Xi Jinping, o presidente brasileiro, Luiz In\u00e1cio...","og_url":"https:\/\/diariodepe.com.br\/cri\/2024\/12\/11\/xi-jinping-participa-da-16acupula-do-brics-e-faz-importante-discurso-2\/","og_site_name":"CRI e Diario de Pernambuco","article_published_time":"2024-12-11T06:46:01+00:00","author":"Ismael Lucas S. Pereira","twitter_card":"summary_large_image","twitter_misc":{"Escrito por":"Ismael Lucas S. Pereira","Est. tempo de leitura":"5 minutos"},"schema":{"@context":"https:\/\/schema.org","@graph":[{"@type":"Article","@id":"https:\/\/diariodepe.com.br\/cri\/2024\/12\/11\/xi-jinping-participa-da-16acupula-do-brics-e-faz-importante-discurso-2\/#article","isPartOf":{"@id":"https:\/\/diariodepe.com.br\/cri\/2024\/12\/11\/xi-jinping-participa-da-16acupula-do-brics-e-faz-importante-discurso-2\/"},"author":{"name":"Ismael Lucas S. Pereira","@id":"https:\/\/diariodepe.com.br\/cri\/#\/schema\/person\/121bb28d84f1a5b1205ef4ce9c2e0c6b"},"headline":"Xi Jinping participa da 16\u00aaC\u00fapula do Brics e faz importante discurso","datePublished":"2024-12-11T06:46:01+00:00","mainEntityOfPage":{"@id":"https:\/\/diariodepe.com.br\/cri\/2024\/12\/11\/xi-jinping-participa-da-16acupula-do-brics-e-faz-importante-discurso-2\/"},"wordCount":975,"commentCount":0,"publisher":{"@id":"https:\/\/diariodepe.com.br\/cri\/#organization"},"articleSection":["Internacional"],"inLanguage":"pt-BR","potentialAction":[{"@type":"CommentAction","name":"Comment","target":["https:\/\/diariodepe.com.br\/cri\/2024\/12\/11\/xi-jinping-participa-da-16acupula-do-brics-e-faz-importante-discurso-2\/#respond"]}]},{"@type":"WebPage","@id":"https:\/\/diariodepe.com.br\/cri\/2024\/12\/11\/xi-jinping-participa-da-16acupula-do-brics-e-faz-importante-discurso-2\/","url":"https:\/\/diariodepe.com.br\/cri\/2024\/12\/11\/xi-jinping-participa-da-16acupula-do-brics-e-faz-importante-discurso-2\/","name":"Xi Jinping participa da 16\u00aaC\u00fapula do Brics e faz importante discurso - CRI e Diario de Pernambuco","isPartOf":{"@id":"https:\/\/diariodepe.com.br\/cri\/#website"},"datePublished":"2024-12-11T06:46:01+00:00","breadcrumb":{"@id":"https:\/\/diariodepe.com.br\/cri\/2024\/12\/11\/xi-jinping-participa-da-16acupula-do-brics-e-faz-importante-discurso-2\/#breadcrumb"},"inLanguage":"pt-BR","potentialAction":[{"@type":"ReadAction","target":["https:\/\/diariodepe.com.br\/cri\/2024\/12\/11\/xi-jinping-participa-da-16acupula-do-brics-e-faz-importante-discurso-2\/"]}]},{"@type":"BreadcrumbList","@id":"https:\/\/diariodepe.com.br\/cri\/2024\/12\/11\/xi-jinping-participa-da-16acupula-do-brics-e-faz-importante-discurso-2\/#breadcrumb","itemListElement":[{"@type":"ListItem","position":1,"name":"In\u00edcio","item":"https:\/\/diariodepe.com.br\/cri\/"},{"@type":"ListItem","position":2,"name":"Xi Jinping participa da 16\u00aaC\u00fapula do Brics e faz importante discurso"}]},{"@type":"WebSite","@id":"https:\/\/diariodepe.com.br\/cri\/#website","url":"https:\/\/diariodepe.com.br\/cri\/","name":"CRI e Diario de Pernambuco","description":"R\u00e1dio Internacional da China","publisher":{"@id":"https:\/\/diariodepe.com.br\/cri\/#organization"},"potentialAction":[{"@type":"SearchAction","target":{"@type":"EntryPoint","urlTemplate":"https:\/\/diariodepe.com.br\/cri\/?s={search_term_string}"},"query-input":{"@type":"PropertyValueSpecification","valueRequired":true,"valueName":"search_term_string"}}],"inLanguage":"pt-BR"},{"@type":"Organization","@id":"https:\/\/diariodepe.com.br\/cri\/#organization","name":"CRI e Diario de Pernambuco","url":"https:\/\/diariodepe.com.br\/cri\/","logo":{"@type":"ImageObject","inLanguage":"pt-BR","@id":"https:\/\/diariodepe.com.br\/cri\/#\/schema\/logo\/image\/","url":"https:\/\/diariodepe.com.br\/cri\/wp-content\/uploads\/sites\/2\/2022\/12\/cropped-Logo.jpg","contentUrl":"https:\/\/diariodepe.com.br\/cri\/wp-content\/uploads\/sites\/2\/2022\/12\/cropped-Logo.jpg","width":700,"height":59,"caption":"CRI e Diario de Pernambuco"},"image":{"@id":"https:\/\/diariodepe.com.br\/cri\/#\/schema\/logo\/image\/"}},{"@type":"Person","@id":"https:\/\/diariodepe.com.br\/cri\/#\/schema\/person\/121bb28d84f1a5b1205ef4ce9c2e0c6b","name":"Ismael Lucas S. Pereira","image":{"@type":"ImageObject","inLanguage":"pt-BR","@id":"https:\/\/secure.gravatar.com\/avatar\/887a0f3b5a7ceea963a48499fb883ffce6b5037362def025c52c2505b15d63e4?s=96&d=mm&r=g","url":"https:\/\/secure.gravatar.com\/avatar\/887a0f3b5a7ceea963a48499fb883ffce6b5037362def025c52c2505b15d63e4?s=96&d=mm&r=g","contentUrl":"https:\/\/secure.gravatar.com\/avatar\/887a0f3b5a7ceea963a48499fb883ffce6b5037362def025c52c2505b15d63e4?s=96&d=mm&r=g","caption":"Ismael Lucas S. Pereira"},"url":"https:\/\/diariodepe.com.br\/cri\/author\/ismael-lucas\/"}]}},"cc_featured_image_caption":{"caption_text":false,"source_text":false,"source_url":false},"amp_enabled":true,"_links":{"self":[{"href":"https:\/\/diariodepe.com.br\/cri\/wp-json\/wp\/v2\/posts\/7062","targetHints":{"allow":["GET"]}}],"collection":[{"href":"https:\/\/diariodepe.com.br\/cri\/wp-json\/wp\/v2\/posts"}],"about":[{"href":"https:\/\/diariodepe.com.br\/cri\/wp-json\/wp\/v2\/types\/post"}],"author":[{"embeddable":true,"href":"https:\/\/diariodepe.com.br\/cri\/wp-json\/wp\/v2\/users\/2"}],"replies":[{"embeddable":true,"href":"https:\/\/diariodepe.com.br\/cri\/wp-json\/wp\/v2\/comments?post=7062"}],"version-history":[{"count":1,"href":"https:\/\/diariodepe.com.br\/cri\/wp-json\/wp\/v2\/posts\/7062\/revisions"}],"predecessor-version":[{"id":7063,"href":"https:\/\/diariodepe.com.br\/cri\/wp-json\/wp\/v2\/posts\/7062\/revisions\/7063"}],"wp:attachment":[{"href":"https:\/\/diariodepe.com.br\/cri\/wp-json\/wp\/v2\/media?parent=7062"}],"wp:term":[{"taxonomy":"category","embeddable":true,"href":"https:\/\/diariodepe.com.br\/cri\/wp-json\/wp\/v2\/categories?post=7062"},{"taxonomy":"post_tag","embeddable":true,"href":"https:\/\/diariodepe.com.br\/cri\/wp-json\/wp\/v2\/tags?post=7062"}],"curies":[{"name":"wp","href":"https:\/\/api.w.org\/{rel}","templated":true}]}}