{"id":7053,"date":"2024-12-11T03:42:43","date_gmt":"2024-12-11T06:42:43","guid":{"rendered":"https:\/\/diariodepe.com.br\/cri\/?p=7053"},"modified":"2024-12-11T03:42:43","modified_gmt":"2024-12-11T06:42:43","slug":"pesquisa-da-cgtn-entrevistados-globais-acreditam-que-brics-impulsionaria-recuperacao-economica","status":"publish","type":"post","link":"https:\/\/diariodepe.com.br\/cri\/2024\/12\/11\/pesquisa-da-cgtn-entrevistados-globais-acreditam-que-brics-impulsionaria-recuperacao-economica\/","title":{"rendered":"Pesquisa da CGTN: entrevistados globais acreditam que Brics impulsionaria recupera\u00e7\u00e3o econ\u00f4mica"},"content":{"rendered":"<p class=\"photo_img_20190808\"><img decoding=\"async\" src=\"https:\/\/p2crires.cri.cn\/photoworkspace\/cri\/contentimg\/2024\/10\/21\/2024102116473657331.png\" alt=\"\" width=\"500\" \/><\/p>\n<p data-spm-anchor-id=\"0.0.0.i1\">Com a proximidade da c\u00fapula do Brics 2024, a CGTN (Rede Global de Televis\u00e3o da China) realizou uma enquete online. Segundo a pesquisa, a grande maioria dos entrevistados espera que o mecanismo de coopera\u00e7\u00e3o do Brics injete mais impulso na fr\u00e1gil economia mundial e na complexa governan\u00e7a global.<\/p>\n<p>O mecanismo de coopera\u00e7\u00e3o do Brics nasceu no contexto da ascens\u00e3o coletiva dos pa\u00edses de mercados emergentes e pa\u00edses em desenvolvimento. Ap\u00f3s anos de trabalho, o bloco agora abrange uma estrutura de coopera\u00e7\u00e3o multissetorial, multidimensional e em m\u00faltiplos n\u00edveis. Entre os entrevistados, 92,87% acreditam que esse mecanismo promove a coopera\u00e7\u00e3o entre o \u201cSul Global\u201d. Al\u00e9m disso, 94,2% consideram que a influ\u00eancia do mecanismo de coopera\u00e7\u00e3o do Brics est\u00e1 em constante expans\u00e3o, e 94,1% afirmam que os pa\u00edses do bloco podem impulsionar ainda mais a recupera\u00e7\u00e3o da economia mundial.<\/p>\n<p>H\u00e1 muito tempo, o mecanismo de coopera\u00e7\u00e3o do Brics tem colocado ativamente em pr\u00e1tica o esp\u00edrito de abertura, inclus\u00e3o, coopera\u00e7\u00e3o e ganhos rec\u00edprocos, tornando-se cada vez mais uma for\u00e7a de grande relev\u00e2ncia na promo\u00e7\u00e3o da coopera\u00e7\u00e3o global e do multilateralismo. Nesse sentido, 89,6% dos participantes acreditam que o mecanismo ajuda a construir uma ordem internacional mais justa, democr\u00e1tica e razo\u00e1vel. Somado a isso, 91,65% afirmam que a filosofia e a experi\u00eancia de desenvolvimento da China oferecem importantes refer\u00eancias para os pa\u00edses emergentes alcan\u00e7arem a moderniza\u00e7\u00e3o.<\/p>\n<p>Essa pesquisa, publicada pela CGTN em ingl\u00eas, espanhol, \u00e1rabe, franc\u00eas e russo, contou com a participa\u00e7\u00e3o de 18.961 pessoas em 24 horas.<\/p>\n","protected":false},"excerpt":{"rendered":"<p>Com a proximidade da c\u00fapula do Brics 2024, a CGTN (Rede Global de Televis\u00e3o da China) realizou uma enquete online. Segundo a pesquisa, a grande maioria dos entrevistados espera que o mecanismo de coopera\u00e7\u00e3o do Brics injete mais impulso na&#8230;<\/p>\n","protected":false},"author":2,"featured_media":0,"comment_status":"open","ping_status":"open","sticky":false,"template":"","format":"standard","meta":{"footnotes":""},"categories":[1],"tags":[],"class_list":["post-7053","post","type-post","status-publish","format-standard","hentry","category-estudio-paulista"],"yoast_head":"<!-- This site is optimized with the Yoast SEO plugin v27.4 - https:\/\/yoast.com\/product\/yoast-seo-wordpress\/ -->\n<title>Pesquisa da CGTN: entrevistados globais acreditam que Brics impulsionaria recupera\u00e7\u00e3o econ\u00f4mica - CRI e Diario de Pernambuco<\/title>\n<meta name=\"robots\" content=\"index, follow, max-snippet:-1, max-image-preview:large, max-video-preview:-1\" \/>\n<link rel=\"canonical\" href=\"https:\/\/diariodepe.com.br\/cri\/2024\/12\/11\/pesquisa-da-cgtn-entrevistados-globais-acreditam-que-brics-impulsionaria-recuperacao-economica\/\" \/>\n<meta property=\"og:locale\" content=\"pt_BR\" \/>\n<meta property=\"og:type\" content=\"article\" \/>\n<meta property=\"og:title\" content=\"Pesquisa da CGTN: entrevistados globais acreditam que Brics impulsionaria recupera\u00e7\u00e3o econ\u00f4mica - CRI e Diario de Pernambuco\" \/>\n<meta property=\"og:description\" content=\"Com a proximidade da c\u00fapula do Brics 2024, a CGTN (Rede Global de Televis\u00e3o da China) realizou uma enquete online. Segundo a pesquisa, a grande maioria dos entrevistados espera que o mecanismo de coopera\u00e7\u00e3o do Brics injete mais impulso na...\" \/>\n<meta property=\"og:url\" content=\"https:\/\/diariodepe.com.br\/cri\/2024\/12\/11\/pesquisa-da-cgtn-entrevistados-globais-acreditam-que-brics-impulsionaria-recuperacao-economica\/\" \/>\n<meta property=\"og:site_name\" content=\"CRI e Diario de Pernambuco\" \/>\n<meta property=\"article:published_time\" content=\"2024-12-11T06:42:43+00:00\" \/>\n<meta property=\"og:image\" content=\"https:\/\/p2crires.cri.cn\/photoworkspace\/cri\/contentimg\/2024\/10\/21\/2024102116473657331.png\" \/>\n<meta name=\"author\" content=\"Ismael Lucas S. Pereira\" \/>\n<meta name=\"twitter:card\" content=\"summary_large_image\" \/>\n<meta name=\"twitter:label1\" content=\"Escrito por\" \/>\n\t<meta name=\"twitter:data1\" content=\"Ismael Lucas S. Pereira\" \/>\n\t<meta name=\"twitter:label2\" content=\"Est. tempo de leitura\" \/>\n\t<meta name=\"twitter:data2\" content=\"2 minutos\" \/>\n<script type=\"application\/ld+json\" class=\"yoast-schema-graph\">{\"@context\":\"https:\\\/\\\/schema.org\",\"@graph\":[{\"@type\":\"Article\",\"@id\":\"https:\\\/\\\/diariodepe.com.br\\\/cri\\\/2024\\\/12\\\/11\\\/pesquisa-da-cgtn-entrevistados-globais-acreditam-que-brics-impulsionaria-recuperacao-economica\\\/#article\",\"isPartOf\":{\"@id\":\"https:\\\/\\\/diariodepe.com.br\\\/cri\\\/2024\\\/12\\\/11\\\/pesquisa-da-cgtn-entrevistados-globais-acreditam-que-brics-impulsionaria-recuperacao-economica\\\/\"},\"author\":{\"name\":\"Ismael Lucas S. Pereira\",\"@id\":\"https:\\\/\\\/diariodepe.com.br\\\/cri\\\/#\\\/schema\\\/person\\\/121bb28d84f1a5b1205ef4ce9c2e0c6b\"},\"headline\":\"Pesquisa da CGTN: entrevistados globais acreditam que Brics impulsionaria recupera\u00e7\u00e3o econ\u00f4mica\",\"datePublished\":\"2024-12-11T06:42:43+00:00\",\"mainEntityOfPage\":{\"@id\":\"https:\\\/\\\/diariodepe.com.br\\\/cri\\\/2024\\\/12\\\/11\\\/pesquisa-da-cgtn-entrevistados-globais-acreditam-que-brics-impulsionaria-recuperacao-economica\\\/\"},\"wordCount\":288,\"commentCount\":0,\"publisher\":{\"@id\":\"https:\\\/\\\/diariodepe.com.br\\\/cri\\\/#organization\"},\"image\":{\"@id\":\"https:\\\/\\\/diariodepe.com.br\\\/cri\\\/2024\\\/12\\\/11\\\/pesquisa-da-cgtn-entrevistados-globais-acreditam-que-brics-impulsionaria-recuperacao-economica\\\/#primaryimage\"},\"thumbnailUrl\":\"https:\\\/\\\/p2crires.cri.cn\\\/photoworkspace\\\/cri\\\/contentimg\\\/2024\\\/10\\\/21\\\/2024102116473657331.png\",\"articleSection\":[\"Est\u00fadio Paulista\"],\"inLanguage\":\"pt-BR\",\"potentialAction\":[{\"@type\":\"CommentAction\",\"name\":\"Comment\",\"target\":[\"https:\\\/\\\/diariodepe.com.br\\\/cri\\\/2024\\\/12\\\/11\\\/pesquisa-da-cgtn-entrevistados-globais-acreditam-que-brics-impulsionaria-recuperacao-economica\\\/#respond\"]}]},{\"@type\":\"WebPage\",\"@id\":\"https:\\\/\\\/diariodepe.com.br\\\/cri\\\/2024\\\/12\\\/11\\\/pesquisa-da-cgtn-entrevistados-globais-acreditam-que-brics-impulsionaria-recuperacao-economica\\\/\",\"url\":\"https:\\\/\\\/diariodepe.com.br\\\/cri\\\/2024\\\/12\\\/11\\\/pesquisa-da-cgtn-entrevistados-globais-acreditam-que-brics-impulsionaria-recuperacao-economica\\\/\",\"name\":\"Pesquisa da CGTN: entrevistados globais acreditam que Brics impulsionaria recupera\u00e7\u00e3o econ\u00f4mica - CRI e Diario de Pernambuco\",\"isPartOf\":{\"@id\":\"https:\\\/\\\/diariodepe.com.br\\\/cri\\\/#website\"},\"primaryImageOfPage\":{\"@id\":\"https:\\\/\\\/diariodepe.com.br\\\/cri\\\/2024\\\/12\\\/11\\\/pesquisa-da-cgtn-entrevistados-globais-acreditam-que-brics-impulsionaria-recuperacao-economica\\\/#primaryimage\"},\"image\":{\"@id\":\"https:\\\/\\\/diariodepe.com.br\\\/cri\\\/2024\\\/12\\\/11\\\/pesquisa-da-cgtn-entrevistados-globais-acreditam-que-brics-impulsionaria-recuperacao-economica\\\/#primaryimage\"},\"thumbnailUrl\":\"https:\\\/\\\/p2crires.cri.cn\\\/photoworkspace\\\/cri\\\/contentimg\\\/2024\\\/10\\\/21\\\/2024102116473657331.png\",\"datePublished\":\"2024-12-11T06:42:43+00:00\",\"breadcrumb\":{\"@id\":\"https:\\\/\\\/diariodepe.com.br\\\/cri\\\/2024\\\/12\\\/11\\\/pesquisa-da-cgtn-entrevistados-globais-acreditam-que-brics-impulsionaria-recuperacao-economica\\\/#breadcrumb\"},\"inLanguage\":\"pt-BR\",\"potentialAction\":[{\"@type\":\"ReadAction\",\"target\":[\"https:\\\/\\\/diariodepe.com.br\\\/cri\\\/2024\\\/12\\\/11\\\/pesquisa-da-cgtn-entrevistados-globais-acreditam-que-brics-impulsionaria-recuperacao-economica\\\/\"]}]},{\"@type\":\"ImageObject\",\"inLanguage\":\"pt-BR\",\"@id\":\"https:\\\/\\\/diariodepe.com.br\\\/cri\\\/2024\\\/12\\\/11\\\/pesquisa-da-cgtn-entrevistados-globais-acreditam-que-brics-impulsionaria-recuperacao-economica\\\/#primaryimage\",\"url\":\"https:\\\/\\\/p2crires.cri.cn\\\/photoworkspace\\\/cri\\\/contentimg\\\/2024\\\/10\\\/21\\\/2024102116473657331.png\",\"contentUrl\":\"https:\\\/\\\/p2crires.cri.cn\\\/photoworkspace\\\/cri\\\/contentimg\\\/2024\\\/10\\\/21\\\/2024102116473657331.png\"},{\"@type\":\"BreadcrumbList\",\"@id\":\"https:\\\/\\\/diariodepe.com.br\\\/cri\\\/2024\\\/12\\\/11\\\/pesquisa-da-cgtn-entrevistados-globais-acreditam-que-brics-impulsionaria-recuperacao-economica\\\/#breadcrumb\",\"itemListElement\":[{\"@type\":\"ListItem\",\"position\":1,\"name\":\"In\u00edcio\",\"item\":\"https:\\\/\\\/diariodepe.com.br\\\/cri\\\/\"},{\"@type\":\"ListItem\",\"position\":2,\"name\":\"Pesquisa da CGTN: entrevistados globais acreditam que Brics impulsionaria recupera\u00e7\u00e3o econ\u00f4mica\"}]},{\"@type\":\"WebSite\",\"@id\":\"https:\\\/\\\/diariodepe.com.br\\\/cri\\\/#website\",\"url\":\"https:\\\/\\\/diariodepe.com.br\\\/cri\\\/\",\"name\":\"CRI e Diario de Pernambuco\",\"description\":\"R\u00e1dio Internacional da China\",\"publisher\":{\"@id\":\"https:\\\/\\\/diariodepe.com.br\\\/cri\\\/#organization\"},\"potentialAction\":[{\"@type\":\"SearchAction\",\"target\":{\"@type\":\"EntryPoint\",\"urlTemplate\":\"https:\\\/\\\/diariodepe.com.br\\\/cri\\\/?s={search_term_string}\"},\"query-input\":{\"@type\":\"PropertyValueSpecification\",\"valueRequired\":true,\"valueName\":\"search_term_string\"}}],\"inLanguage\":\"pt-BR\"},{\"@type\":\"Organization\",\"@id\":\"https:\\\/\\\/diariodepe.com.br\\\/cri\\\/#organization\",\"name\":\"CRI e Diario de Pernambuco\",\"url\":\"https:\\\/\\\/diariodepe.com.br\\\/cri\\\/\",\"logo\":{\"@type\":\"ImageObject\",\"inLanguage\":\"pt-BR\",\"@id\":\"https:\\\/\\\/diariodepe.com.br\\\/cri\\\/#\\\/schema\\\/logo\\\/image\\\/\",\"url\":\"https:\\\/\\\/diariodepe.com.br\\\/cri\\\/wp-content\\\/uploads\\\/sites\\\/2\\\/2022\\\/12\\\/cropped-Logo.jpg\",\"contentUrl\":\"https:\\\/\\\/diariodepe.com.br\\\/cri\\\/wp-content\\\/uploads\\\/sites\\\/2\\\/2022\\\/12\\\/cropped-Logo.jpg\",\"width\":700,\"height\":59,\"caption\":\"CRI e Diario de Pernambuco\"},\"image\":{\"@id\":\"https:\\\/\\\/diariodepe.com.br\\\/cri\\\/#\\\/schema\\\/logo\\\/image\\\/\"}},{\"@type\":\"Person\",\"@id\":\"https:\\\/\\\/diariodepe.com.br\\\/cri\\\/#\\\/schema\\\/person\\\/121bb28d84f1a5b1205ef4ce9c2e0c6b\",\"name\":\"Ismael Lucas S. Pereira\",\"image\":{\"@type\":\"ImageObject\",\"inLanguage\":\"pt-BR\",\"@id\":\"https:\\\/\\\/secure.gravatar.com\\\/avatar\\\/887a0f3b5a7ceea963a48499fb883ffce6b5037362def025c52c2505b15d63e4?s=96&d=mm&r=g\",\"url\":\"https:\\\/\\\/secure.gravatar.com\\\/avatar\\\/887a0f3b5a7ceea963a48499fb883ffce6b5037362def025c52c2505b15d63e4?s=96&d=mm&r=g\",\"contentUrl\":\"https:\\\/\\\/secure.gravatar.com\\\/avatar\\\/887a0f3b5a7ceea963a48499fb883ffce6b5037362def025c52c2505b15d63e4?s=96&d=mm&r=g\",\"caption\":\"Ismael Lucas S. Pereira\"},\"url\":\"https:\\\/\\\/diariodepe.com.br\\\/cri\\\/author\\\/ismael-lucas\\\/\"}]}<\/script>\n<!-- \/ Yoast SEO plugin. -->","yoast_head_json":{"title":"Pesquisa da CGTN: entrevistados globais acreditam que Brics impulsionaria recupera\u00e7\u00e3o econ\u00f4mica - CRI e Diario de Pernambuco","robots":{"index":"index","follow":"follow","max-snippet":"max-snippet:-1","max-image-preview":"max-image-preview:large","max-video-preview":"max-video-preview:-1"},"canonical":"https:\/\/diariodepe.com.br\/cri\/2024\/12\/11\/pesquisa-da-cgtn-entrevistados-globais-acreditam-que-brics-impulsionaria-recuperacao-economica\/","og_locale":"pt_BR","og_type":"article","og_title":"Pesquisa da CGTN: entrevistados globais acreditam que Brics impulsionaria recupera\u00e7\u00e3o econ\u00f4mica - CRI e Diario de Pernambuco","og_description":"Com a proximidade da c\u00fapula do Brics 2024, a CGTN (Rede Global de Televis\u00e3o da China) realizou uma enquete online. Segundo a pesquisa, a grande maioria dos entrevistados espera que o mecanismo de coopera\u00e7\u00e3o do Brics injete mais impulso na...","og_url":"https:\/\/diariodepe.com.br\/cri\/2024\/12\/11\/pesquisa-da-cgtn-entrevistados-globais-acreditam-que-brics-impulsionaria-recuperacao-economica\/","og_site_name":"CRI e Diario de Pernambuco","article_published_time":"2024-12-11T06:42:43+00:00","og_image":[{"url":"https:\/\/p2crires.cri.cn\/photoworkspace\/cri\/contentimg\/2024\/10\/21\/2024102116473657331.png","type":"","width":"","height":""}],"author":"Ismael Lucas S. Pereira","twitter_card":"summary_large_image","twitter_misc":{"Escrito por":"Ismael Lucas S. Pereira","Est. tempo de leitura":"2 minutos"},"schema":{"@context":"https:\/\/schema.org","@graph":[{"@type":"Article","@id":"https:\/\/diariodepe.com.br\/cri\/2024\/12\/11\/pesquisa-da-cgtn-entrevistados-globais-acreditam-que-brics-impulsionaria-recuperacao-economica\/#article","isPartOf":{"@id":"https:\/\/diariodepe.com.br\/cri\/2024\/12\/11\/pesquisa-da-cgtn-entrevistados-globais-acreditam-que-brics-impulsionaria-recuperacao-economica\/"},"author":{"name":"Ismael Lucas S. Pereira","@id":"https:\/\/diariodepe.com.br\/cri\/#\/schema\/person\/121bb28d84f1a5b1205ef4ce9c2e0c6b"},"headline":"Pesquisa da CGTN: entrevistados globais acreditam que Brics impulsionaria recupera\u00e7\u00e3o econ\u00f4mica","datePublished":"2024-12-11T06:42:43+00:00","mainEntityOfPage":{"@id":"https:\/\/diariodepe.com.br\/cri\/2024\/12\/11\/pesquisa-da-cgtn-entrevistados-globais-acreditam-que-brics-impulsionaria-recuperacao-economica\/"},"wordCount":288,"commentCount":0,"publisher":{"@id":"https:\/\/diariodepe.com.br\/cri\/#organization"},"image":{"@id":"https:\/\/diariodepe.com.br\/cri\/2024\/12\/11\/pesquisa-da-cgtn-entrevistados-globais-acreditam-que-brics-impulsionaria-recuperacao-economica\/#primaryimage"},"thumbnailUrl":"https:\/\/p2crires.cri.cn\/photoworkspace\/cri\/contentimg\/2024\/10\/21\/2024102116473657331.png","articleSection":["Est\u00fadio Paulista"],"inLanguage":"pt-BR","potentialAction":[{"@type":"CommentAction","name":"Comment","target":["https:\/\/diariodepe.com.br\/cri\/2024\/12\/11\/pesquisa-da-cgtn-entrevistados-globais-acreditam-que-brics-impulsionaria-recuperacao-economica\/#respond"]}]},{"@type":"WebPage","@id":"https:\/\/diariodepe.com.br\/cri\/2024\/12\/11\/pesquisa-da-cgtn-entrevistados-globais-acreditam-que-brics-impulsionaria-recuperacao-economica\/","url":"https:\/\/diariodepe.com.br\/cri\/2024\/12\/11\/pesquisa-da-cgtn-entrevistados-globais-acreditam-que-brics-impulsionaria-recuperacao-economica\/","name":"Pesquisa da CGTN: entrevistados globais acreditam que Brics impulsionaria recupera\u00e7\u00e3o econ\u00f4mica - CRI e Diario de Pernambuco","isPartOf":{"@id":"https:\/\/diariodepe.com.br\/cri\/#website"},"primaryImageOfPage":{"@id":"https:\/\/diariodepe.com.br\/cri\/2024\/12\/11\/pesquisa-da-cgtn-entrevistados-globais-acreditam-que-brics-impulsionaria-recuperacao-economica\/#primaryimage"},"image":{"@id":"https:\/\/diariodepe.com.br\/cri\/2024\/12\/11\/pesquisa-da-cgtn-entrevistados-globais-acreditam-que-brics-impulsionaria-recuperacao-economica\/#primaryimage"},"thumbnailUrl":"https:\/\/p2crires.cri.cn\/photoworkspace\/cri\/contentimg\/2024\/10\/21\/2024102116473657331.png","datePublished":"2024-12-11T06:42:43+00:00","breadcrumb":{"@id":"https:\/\/diariodepe.com.br\/cri\/2024\/12\/11\/pesquisa-da-cgtn-entrevistados-globais-acreditam-que-brics-impulsionaria-recuperacao-economica\/#breadcrumb"},"inLanguage":"pt-BR","potentialAction":[{"@type":"ReadAction","target":["https:\/\/diariodepe.com.br\/cri\/2024\/12\/11\/pesquisa-da-cgtn-entrevistados-globais-acreditam-que-brics-impulsionaria-recuperacao-economica\/"]}]},{"@type":"ImageObject","inLanguage":"pt-BR","@id":"https:\/\/diariodepe.com.br\/cri\/2024\/12\/11\/pesquisa-da-cgtn-entrevistados-globais-acreditam-que-brics-impulsionaria-recuperacao-economica\/#primaryimage","url":"https:\/\/p2crires.cri.cn\/photoworkspace\/cri\/contentimg\/2024\/10\/21\/2024102116473657331.png","contentUrl":"https:\/\/p2crires.cri.cn\/photoworkspace\/cri\/contentimg\/2024\/10\/21\/2024102116473657331.png"},{"@type":"BreadcrumbList","@id":"https:\/\/diariodepe.com.br\/cri\/2024\/12\/11\/pesquisa-da-cgtn-entrevistados-globais-acreditam-que-brics-impulsionaria-recuperacao-economica\/#breadcrumb","itemListElement":[{"@type":"ListItem","position":1,"name":"In\u00edcio","item":"https:\/\/diariodepe.com.br\/cri\/"},{"@type":"ListItem","position":2,"name":"Pesquisa da CGTN: entrevistados globais acreditam que Brics impulsionaria recupera\u00e7\u00e3o econ\u00f4mica"}]},{"@type":"WebSite","@id":"https:\/\/diariodepe.com.br\/cri\/#website","url":"https:\/\/diariodepe.com.br\/cri\/","name":"CRI e Diario de Pernambuco","description":"R\u00e1dio Internacional da China","publisher":{"@id":"https:\/\/diariodepe.com.br\/cri\/#organization"},"potentialAction":[{"@type":"SearchAction","target":{"@type":"EntryPoint","urlTemplate":"https:\/\/diariodepe.com.br\/cri\/?s={search_term_string}"},"query-input":{"@type":"PropertyValueSpecification","valueRequired":true,"valueName":"search_term_string"}}],"inLanguage":"pt-BR"},{"@type":"Organization","@id":"https:\/\/diariodepe.com.br\/cri\/#organization","name":"CRI e Diario de Pernambuco","url":"https:\/\/diariodepe.com.br\/cri\/","logo":{"@type":"ImageObject","inLanguage":"pt-BR","@id":"https:\/\/diariodepe.com.br\/cri\/#\/schema\/logo\/image\/","url":"https:\/\/diariodepe.com.br\/cri\/wp-content\/uploads\/sites\/2\/2022\/12\/cropped-Logo.jpg","contentUrl":"https:\/\/diariodepe.com.br\/cri\/wp-content\/uploads\/sites\/2\/2022\/12\/cropped-Logo.jpg","width":700,"height":59,"caption":"CRI e Diario de Pernambuco"},"image":{"@id":"https:\/\/diariodepe.com.br\/cri\/#\/schema\/logo\/image\/"}},{"@type":"Person","@id":"https:\/\/diariodepe.com.br\/cri\/#\/schema\/person\/121bb28d84f1a5b1205ef4ce9c2e0c6b","name":"Ismael Lucas S. Pereira","image":{"@type":"ImageObject","inLanguage":"pt-BR","@id":"https:\/\/secure.gravatar.com\/avatar\/887a0f3b5a7ceea963a48499fb883ffce6b5037362def025c52c2505b15d63e4?s=96&d=mm&r=g","url":"https:\/\/secure.gravatar.com\/avatar\/887a0f3b5a7ceea963a48499fb883ffce6b5037362def025c52c2505b15d63e4?s=96&d=mm&r=g","contentUrl":"https:\/\/secure.gravatar.com\/avatar\/887a0f3b5a7ceea963a48499fb883ffce6b5037362def025c52c2505b15d63e4?s=96&d=mm&r=g","caption":"Ismael Lucas S. Pereira"},"url":"https:\/\/diariodepe.com.br\/cri\/author\/ismael-lucas\/"}]}},"cc_featured_image_caption":{"caption_text":false,"source_text":false,"source_url":false},"amp_enabled":true,"_links":{"self":[{"href":"https:\/\/diariodepe.com.br\/cri\/wp-json\/wp\/v2\/posts\/7053","targetHints":{"allow":["GET"]}}],"collection":[{"href":"https:\/\/diariodepe.com.br\/cri\/wp-json\/wp\/v2\/posts"}],"about":[{"href":"https:\/\/diariodepe.com.br\/cri\/wp-json\/wp\/v2\/types\/post"}],"author":[{"embeddable":true,"href":"https:\/\/diariodepe.com.br\/cri\/wp-json\/wp\/v2\/users\/2"}],"replies":[{"embeddable":true,"href":"https:\/\/diariodepe.com.br\/cri\/wp-json\/wp\/v2\/comments?post=7053"}],"version-history":[{"count":1,"href":"https:\/\/diariodepe.com.br\/cri\/wp-json\/wp\/v2\/posts\/7053\/revisions"}],"predecessor-version":[{"id":7054,"href":"https:\/\/diariodepe.com.br\/cri\/wp-json\/wp\/v2\/posts\/7053\/revisions\/7054"}],"wp:attachment":[{"href":"https:\/\/diariodepe.com.br\/cri\/wp-json\/wp\/v2\/media?parent=7053"}],"wp:term":[{"taxonomy":"category","embeddable":true,"href":"https:\/\/diariodepe.com.br\/cri\/wp-json\/wp\/v2\/categories?post=7053"},{"taxonomy":"post_tag","embeddable":true,"href":"https:\/\/diariodepe.com.br\/cri\/wp-json\/wp\/v2\/tags?post=7053"}],"curies":[{"name":"wp","href":"https:\/\/api.w.org\/{rel}","templated":true}]}}