{"id":7051,"date":"2024-12-11T03:42:06","date_gmt":"2024-12-11T06:42:06","guid":{"rendered":"https:\/\/diariodepe.com.br\/cri\/?p=7051"},"modified":"2024-12-11T03:42:06","modified_gmt":"2024-12-11T06:42:06","slug":"xi-jinping-enfatiza-promocao-de-abertura-de-alto-padrao-para-reforma-e-desenvolvimento","status":"publish","type":"post","link":"https:\/\/diariodepe.com.br\/cri\/2024\/12\/11\/xi-jinping-enfatiza-promocao-de-abertura-de-alto-padrao-para-reforma-e-desenvolvimento\/","title":{"rendered":"Xi Jinping enfatiza promo\u00e7\u00e3o de abertura de alto padr\u00e3o para reforma e desenvolvimento"},"content":{"rendered":"<p>O presidente chin\u00eas, Xi Jinping, instou as zonas de desenvolvimento econ\u00f4mico e tecnol\u00f3gico nas esferas estatais do pa\u00eds a estimularem continuamente a vitalidade inovadora e o impulso end\u00f3geno e a promoverem uma abertura de alto padr\u00e3o, para o aprofundamento da reforma e do desenvolvimento de alta qualidade.<\/p>\n<p>Xi Jinping, tamb\u00e9m secret\u00e1rio-geral do Comit\u00ea Central do Partido Comunista da China (PCCh) e presidente da Comiss\u00e3o Militar Central, fez as observa\u00e7\u00f5es em uma recente instru\u00e7\u00e3o sobre o trabalho dessas \u00e1reas.<\/p>\n<p>Um simp\u00f3sio em comemora\u00e7\u00e3o ao 40\u00ba anivers\u00e1rio das zonas de desenvolvimento econ\u00f4mico e tecnol\u00f3gico estatais foi realizado neste domingo (20), em Tianjin. No evento, o membro do Bir\u00f4 Pol\u00edtico do Comit\u00ea Central do PCCh e vice-premi\u00ea chin\u00eas, He Lifeng, transmitiu a instru\u00e7\u00e3o de Xi Jinping e proferiu um discurso.<\/p>\n","protected":false},"excerpt":{"rendered":"<p>O presidente chin\u00eas, Xi Jinping, instou as zonas de desenvolvimento econ\u00f4mico e tecnol\u00f3gico nas esferas estatais do pa\u00eds a estimularem continuamente a vitalidade inovadora e o impulso end\u00f3geno e a promoverem uma abertura de alto padr\u00e3o, para o aprofundamento da&#8230;<\/p>\n","protected":false},"author":2,"featured_media":0,"comment_status":"open","ping_status":"open","sticky":false,"template":"","format":"standard","meta":{"footnotes":""},"categories":[3],"tags":[],"class_list":["post-7051","post","type-post","status-publish","format-standard","hentry","category-china"],"yoast_head":"<!-- This site is optimized with the Yoast SEO plugin v27.4 - https:\/\/yoast.com\/product\/yoast-seo-wordpress\/ -->\n<title>Xi Jinping enfatiza promo\u00e7\u00e3o de abertura de alto padr\u00e3o para reforma e desenvolvimento - CRI e Diario de Pernambuco<\/title>\n<meta name=\"robots\" content=\"index, follow, max-snippet:-1, max-image-preview:large, max-video-preview:-1\" \/>\n<link rel=\"canonical\" href=\"https:\/\/diariodepe.com.br\/cri\/2024\/12\/11\/xi-jinping-enfatiza-promocao-de-abertura-de-alto-padrao-para-reforma-e-desenvolvimento\/\" \/>\n<meta property=\"og:locale\" content=\"pt_BR\" \/>\n<meta property=\"og:type\" content=\"article\" \/>\n<meta property=\"og:title\" content=\"Xi Jinping enfatiza promo\u00e7\u00e3o de abertura de alto padr\u00e3o para reforma e desenvolvimento - CRI e Diario de Pernambuco\" \/>\n<meta property=\"og:description\" content=\"O presidente chin\u00eas, Xi Jinping, instou as zonas de desenvolvimento econ\u00f4mico e tecnol\u00f3gico nas esferas estatais do pa\u00eds a estimularem continuamente a vitalidade inovadora e o impulso end\u00f3geno e a promoverem uma abertura de alto padr\u00e3o, para o aprofundamento da...\" \/>\n<meta property=\"og:url\" content=\"https:\/\/diariodepe.com.br\/cri\/2024\/12\/11\/xi-jinping-enfatiza-promocao-de-abertura-de-alto-padrao-para-reforma-e-desenvolvimento\/\" \/>\n<meta property=\"og:site_name\" content=\"CRI e Diario de Pernambuco\" \/>\n<meta property=\"article:published_time\" content=\"2024-12-11T06:42:06+00:00\" \/>\n<meta name=\"author\" content=\"Ismael Lucas S. Pereira\" \/>\n<meta name=\"twitter:card\" content=\"summary_large_image\" \/>\n<meta name=\"twitter:label1\" content=\"Escrito por\" \/>\n\t<meta name=\"twitter:data1\" content=\"Ismael Lucas S. Pereira\" \/>\n<script type=\"application\/ld+json\" class=\"yoast-schema-graph\">{\"@context\":\"https:\\\/\\\/schema.org\",\"@graph\":[{\"@type\":\"Article\",\"@id\":\"https:\\\/\\\/diariodepe.com.br\\\/cri\\\/2024\\\/12\\\/11\\\/xi-jinping-enfatiza-promocao-de-abertura-de-alto-padrao-para-reforma-e-desenvolvimento\\\/#article\",\"isPartOf\":{\"@id\":\"https:\\\/\\\/diariodepe.com.br\\\/cri\\\/2024\\\/12\\\/11\\\/xi-jinping-enfatiza-promocao-de-abertura-de-alto-padrao-para-reforma-e-desenvolvimento\\\/\"},\"author\":{\"name\":\"Ismael Lucas S. Pereira\",\"@id\":\"https:\\\/\\\/diariodepe.com.br\\\/cri\\\/#\\\/schema\\\/person\\\/121bb28d84f1a5b1205ef4ce9c2e0c6b\"},\"headline\":\"Xi Jinping enfatiza promo\u00e7\u00e3o de abertura de alto padr\u00e3o para reforma e desenvolvimento\",\"datePublished\":\"2024-12-11T06:42:06+00:00\",\"mainEntityOfPage\":{\"@id\":\"https:\\\/\\\/diariodepe.com.br\\\/cri\\\/2024\\\/12\\\/11\\\/xi-jinping-enfatiza-promocao-de-abertura-de-alto-padrao-para-reforma-e-desenvolvimento\\\/\"},\"wordCount\":159,\"commentCount\":0,\"publisher\":{\"@id\":\"https:\\\/\\\/diariodepe.com.br\\\/cri\\\/#organization\"},\"articleSection\":[\"China\"],\"inLanguage\":\"pt-BR\",\"potentialAction\":[{\"@type\":\"CommentAction\",\"name\":\"Comment\",\"target\":[\"https:\\\/\\\/diariodepe.com.br\\\/cri\\\/2024\\\/12\\\/11\\\/xi-jinping-enfatiza-promocao-de-abertura-de-alto-padrao-para-reforma-e-desenvolvimento\\\/#respond\"]}]},{\"@type\":\"WebPage\",\"@id\":\"https:\\\/\\\/diariodepe.com.br\\\/cri\\\/2024\\\/12\\\/11\\\/xi-jinping-enfatiza-promocao-de-abertura-de-alto-padrao-para-reforma-e-desenvolvimento\\\/\",\"url\":\"https:\\\/\\\/diariodepe.com.br\\\/cri\\\/2024\\\/12\\\/11\\\/xi-jinping-enfatiza-promocao-de-abertura-de-alto-padrao-para-reforma-e-desenvolvimento\\\/\",\"name\":\"Xi Jinping enfatiza promo\u00e7\u00e3o de abertura de alto padr\u00e3o para reforma e desenvolvimento - CRI e Diario de Pernambuco\",\"isPartOf\":{\"@id\":\"https:\\\/\\\/diariodepe.com.br\\\/cri\\\/#website\"},\"datePublished\":\"2024-12-11T06:42:06+00:00\",\"breadcrumb\":{\"@id\":\"https:\\\/\\\/diariodepe.com.br\\\/cri\\\/2024\\\/12\\\/11\\\/xi-jinping-enfatiza-promocao-de-abertura-de-alto-padrao-para-reforma-e-desenvolvimento\\\/#breadcrumb\"},\"inLanguage\":\"pt-BR\",\"potentialAction\":[{\"@type\":\"ReadAction\",\"target\":[\"https:\\\/\\\/diariodepe.com.br\\\/cri\\\/2024\\\/12\\\/11\\\/xi-jinping-enfatiza-promocao-de-abertura-de-alto-padrao-para-reforma-e-desenvolvimento\\\/\"]}]},{\"@type\":\"BreadcrumbList\",\"@id\":\"https:\\\/\\\/diariodepe.com.br\\\/cri\\\/2024\\\/12\\\/11\\\/xi-jinping-enfatiza-promocao-de-abertura-de-alto-padrao-para-reforma-e-desenvolvimento\\\/#breadcrumb\",\"itemListElement\":[{\"@type\":\"ListItem\",\"position\":1,\"name\":\"In\u00edcio\",\"item\":\"https:\\\/\\\/diariodepe.com.br\\\/cri\\\/\"},{\"@type\":\"ListItem\",\"position\":2,\"name\":\"Xi Jinping enfatiza promo\u00e7\u00e3o de abertura de alto padr\u00e3o para reforma e desenvolvimento\"}]},{\"@type\":\"WebSite\",\"@id\":\"https:\\\/\\\/diariodepe.com.br\\\/cri\\\/#website\",\"url\":\"https:\\\/\\\/diariodepe.com.br\\\/cri\\\/\",\"name\":\"CRI e Diario de Pernambuco\",\"description\":\"R\u00e1dio Internacional da China\",\"publisher\":{\"@id\":\"https:\\\/\\\/diariodepe.com.br\\\/cri\\\/#organization\"},\"potentialAction\":[{\"@type\":\"SearchAction\",\"target\":{\"@type\":\"EntryPoint\",\"urlTemplate\":\"https:\\\/\\\/diariodepe.com.br\\\/cri\\\/?s={search_term_string}\"},\"query-input\":{\"@type\":\"PropertyValueSpecification\",\"valueRequired\":true,\"valueName\":\"search_term_string\"}}],\"inLanguage\":\"pt-BR\"},{\"@type\":\"Organization\",\"@id\":\"https:\\\/\\\/diariodepe.com.br\\\/cri\\\/#organization\",\"name\":\"CRI e Diario de Pernambuco\",\"url\":\"https:\\\/\\\/diariodepe.com.br\\\/cri\\\/\",\"logo\":{\"@type\":\"ImageObject\",\"inLanguage\":\"pt-BR\",\"@id\":\"https:\\\/\\\/diariodepe.com.br\\\/cri\\\/#\\\/schema\\\/logo\\\/image\\\/\",\"url\":\"https:\\\/\\\/diariodepe.com.br\\\/cri\\\/wp-content\\\/uploads\\\/sites\\\/2\\\/2022\\\/12\\\/cropped-Logo.jpg\",\"contentUrl\":\"https:\\\/\\\/diariodepe.com.br\\\/cri\\\/wp-content\\\/uploads\\\/sites\\\/2\\\/2022\\\/12\\\/cropped-Logo.jpg\",\"width\":700,\"height\":59,\"caption\":\"CRI e Diario de Pernambuco\"},\"image\":{\"@id\":\"https:\\\/\\\/diariodepe.com.br\\\/cri\\\/#\\\/schema\\\/logo\\\/image\\\/\"}},{\"@type\":\"Person\",\"@id\":\"https:\\\/\\\/diariodepe.com.br\\\/cri\\\/#\\\/schema\\\/person\\\/121bb28d84f1a5b1205ef4ce9c2e0c6b\",\"name\":\"Ismael Lucas S. Pereira\",\"image\":{\"@type\":\"ImageObject\",\"inLanguage\":\"pt-BR\",\"@id\":\"https:\\\/\\\/secure.gravatar.com\\\/avatar\\\/887a0f3b5a7ceea963a48499fb883ffce6b5037362def025c52c2505b15d63e4?s=96&d=mm&r=g\",\"url\":\"https:\\\/\\\/secure.gravatar.com\\\/avatar\\\/887a0f3b5a7ceea963a48499fb883ffce6b5037362def025c52c2505b15d63e4?s=96&d=mm&r=g\",\"contentUrl\":\"https:\\\/\\\/secure.gravatar.com\\\/avatar\\\/887a0f3b5a7ceea963a48499fb883ffce6b5037362def025c52c2505b15d63e4?s=96&d=mm&r=g\",\"caption\":\"Ismael Lucas S. Pereira\"},\"url\":\"https:\\\/\\\/diariodepe.com.br\\\/cri\\\/author\\\/ismael-lucas\\\/\"}]}<\/script>\n<!-- \/ Yoast SEO plugin. -->","yoast_head_json":{"title":"Xi Jinping enfatiza promo\u00e7\u00e3o de abertura de alto padr\u00e3o para reforma e desenvolvimento - CRI e Diario de Pernambuco","robots":{"index":"index","follow":"follow","max-snippet":"max-snippet:-1","max-image-preview":"max-image-preview:large","max-video-preview":"max-video-preview:-1"},"canonical":"https:\/\/diariodepe.com.br\/cri\/2024\/12\/11\/xi-jinping-enfatiza-promocao-de-abertura-de-alto-padrao-para-reforma-e-desenvolvimento\/","og_locale":"pt_BR","og_type":"article","og_title":"Xi Jinping enfatiza promo\u00e7\u00e3o de abertura de alto padr\u00e3o para reforma e desenvolvimento - CRI e Diario de Pernambuco","og_description":"O presidente chin\u00eas, Xi Jinping, instou as zonas de desenvolvimento econ\u00f4mico e tecnol\u00f3gico nas esferas estatais do pa\u00eds a estimularem continuamente a vitalidade inovadora e o impulso end\u00f3geno e a promoverem uma abertura de alto padr\u00e3o, para o aprofundamento da...","og_url":"https:\/\/diariodepe.com.br\/cri\/2024\/12\/11\/xi-jinping-enfatiza-promocao-de-abertura-de-alto-padrao-para-reforma-e-desenvolvimento\/","og_site_name":"CRI e Diario de Pernambuco","article_published_time":"2024-12-11T06:42:06+00:00","author":"Ismael Lucas S. Pereira","twitter_card":"summary_large_image","twitter_misc":{"Escrito por":"Ismael Lucas S. Pereira"},"schema":{"@context":"https:\/\/schema.org","@graph":[{"@type":"Article","@id":"https:\/\/diariodepe.com.br\/cri\/2024\/12\/11\/xi-jinping-enfatiza-promocao-de-abertura-de-alto-padrao-para-reforma-e-desenvolvimento\/#article","isPartOf":{"@id":"https:\/\/diariodepe.com.br\/cri\/2024\/12\/11\/xi-jinping-enfatiza-promocao-de-abertura-de-alto-padrao-para-reforma-e-desenvolvimento\/"},"author":{"name":"Ismael Lucas S. Pereira","@id":"https:\/\/diariodepe.com.br\/cri\/#\/schema\/person\/121bb28d84f1a5b1205ef4ce9c2e0c6b"},"headline":"Xi Jinping enfatiza promo\u00e7\u00e3o de abertura de alto padr\u00e3o para reforma e desenvolvimento","datePublished":"2024-12-11T06:42:06+00:00","mainEntityOfPage":{"@id":"https:\/\/diariodepe.com.br\/cri\/2024\/12\/11\/xi-jinping-enfatiza-promocao-de-abertura-de-alto-padrao-para-reforma-e-desenvolvimento\/"},"wordCount":159,"commentCount":0,"publisher":{"@id":"https:\/\/diariodepe.com.br\/cri\/#organization"},"articleSection":["China"],"inLanguage":"pt-BR","potentialAction":[{"@type":"CommentAction","name":"Comment","target":["https:\/\/diariodepe.com.br\/cri\/2024\/12\/11\/xi-jinping-enfatiza-promocao-de-abertura-de-alto-padrao-para-reforma-e-desenvolvimento\/#respond"]}]},{"@type":"WebPage","@id":"https:\/\/diariodepe.com.br\/cri\/2024\/12\/11\/xi-jinping-enfatiza-promocao-de-abertura-de-alto-padrao-para-reforma-e-desenvolvimento\/","url":"https:\/\/diariodepe.com.br\/cri\/2024\/12\/11\/xi-jinping-enfatiza-promocao-de-abertura-de-alto-padrao-para-reforma-e-desenvolvimento\/","name":"Xi Jinping enfatiza promo\u00e7\u00e3o de abertura de alto padr\u00e3o para reforma e desenvolvimento - CRI e Diario de Pernambuco","isPartOf":{"@id":"https:\/\/diariodepe.com.br\/cri\/#website"},"datePublished":"2024-12-11T06:42:06+00:00","breadcrumb":{"@id":"https:\/\/diariodepe.com.br\/cri\/2024\/12\/11\/xi-jinping-enfatiza-promocao-de-abertura-de-alto-padrao-para-reforma-e-desenvolvimento\/#breadcrumb"},"inLanguage":"pt-BR","potentialAction":[{"@type":"ReadAction","target":["https:\/\/diariodepe.com.br\/cri\/2024\/12\/11\/xi-jinping-enfatiza-promocao-de-abertura-de-alto-padrao-para-reforma-e-desenvolvimento\/"]}]},{"@type":"BreadcrumbList","@id":"https:\/\/diariodepe.com.br\/cri\/2024\/12\/11\/xi-jinping-enfatiza-promocao-de-abertura-de-alto-padrao-para-reforma-e-desenvolvimento\/#breadcrumb","itemListElement":[{"@type":"ListItem","position":1,"name":"In\u00edcio","item":"https:\/\/diariodepe.com.br\/cri\/"},{"@type":"ListItem","position":2,"name":"Xi Jinping enfatiza promo\u00e7\u00e3o de abertura de alto padr\u00e3o para reforma e desenvolvimento"}]},{"@type":"WebSite","@id":"https:\/\/diariodepe.com.br\/cri\/#website","url":"https:\/\/diariodepe.com.br\/cri\/","name":"CRI e Diario de Pernambuco","description":"R\u00e1dio Internacional da China","publisher":{"@id":"https:\/\/diariodepe.com.br\/cri\/#organization"},"potentialAction":[{"@type":"SearchAction","target":{"@type":"EntryPoint","urlTemplate":"https:\/\/diariodepe.com.br\/cri\/?s={search_term_string}"},"query-input":{"@type":"PropertyValueSpecification","valueRequired":true,"valueName":"search_term_string"}}],"inLanguage":"pt-BR"},{"@type":"Organization","@id":"https:\/\/diariodepe.com.br\/cri\/#organization","name":"CRI e Diario de Pernambuco","url":"https:\/\/diariodepe.com.br\/cri\/","logo":{"@type":"ImageObject","inLanguage":"pt-BR","@id":"https:\/\/diariodepe.com.br\/cri\/#\/schema\/logo\/image\/","url":"https:\/\/diariodepe.com.br\/cri\/wp-content\/uploads\/sites\/2\/2022\/12\/cropped-Logo.jpg","contentUrl":"https:\/\/diariodepe.com.br\/cri\/wp-content\/uploads\/sites\/2\/2022\/12\/cropped-Logo.jpg","width":700,"height":59,"caption":"CRI e Diario de Pernambuco"},"image":{"@id":"https:\/\/diariodepe.com.br\/cri\/#\/schema\/logo\/image\/"}},{"@type":"Person","@id":"https:\/\/diariodepe.com.br\/cri\/#\/schema\/person\/121bb28d84f1a5b1205ef4ce9c2e0c6b","name":"Ismael Lucas S. Pereira","image":{"@type":"ImageObject","inLanguage":"pt-BR","@id":"https:\/\/secure.gravatar.com\/avatar\/887a0f3b5a7ceea963a48499fb883ffce6b5037362def025c52c2505b15d63e4?s=96&d=mm&r=g","url":"https:\/\/secure.gravatar.com\/avatar\/887a0f3b5a7ceea963a48499fb883ffce6b5037362def025c52c2505b15d63e4?s=96&d=mm&r=g","contentUrl":"https:\/\/secure.gravatar.com\/avatar\/887a0f3b5a7ceea963a48499fb883ffce6b5037362def025c52c2505b15d63e4?s=96&d=mm&r=g","caption":"Ismael Lucas S. Pereira"},"url":"https:\/\/diariodepe.com.br\/cri\/author\/ismael-lucas\/"}]}},"cc_featured_image_caption":{"caption_text":false,"source_text":false,"source_url":false},"amp_enabled":true,"_links":{"self":[{"href":"https:\/\/diariodepe.com.br\/cri\/wp-json\/wp\/v2\/posts\/7051","targetHints":{"allow":["GET"]}}],"collection":[{"href":"https:\/\/diariodepe.com.br\/cri\/wp-json\/wp\/v2\/posts"}],"about":[{"href":"https:\/\/diariodepe.com.br\/cri\/wp-json\/wp\/v2\/types\/post"}],"author":[{"embeddable":true,"href":"https:\/\/diariodepe.com.br\/cri\/wp-json\/wp\/v2\/users\/2"}],"replies":[{"embeddable":true,"href":"https:\/\/diariodepe.com.br\/cri\/wp-json\/wp\/v2\/comments?post=7051"}],"version-history":[{"count":1,"href":"https:\/\/diariodepe.com.br\/cri\/wp-json\/wp\/v2\/posts\/7051\/revisions"}],"predecessor-version":[{"id":7052,"href":"https:\/\/diariodepe.com.br\/cri\/wp-json\/wp\/v2\/posts\/7051\/revisions\/7052"}],"wp:attachment":[{"href":"https:\/\/diariodepe.com.br\/cri\/wp-json\/wp\/v2\/media?parent=7051"}],"wp:term":[{"taxonomy":"category","embeddable":true,"href":"https:\/\/diariodepe.com.br\/cri\/wp-json\/wp\/v2\/categories?post=7051"},{"taxonomy":"post_tag","embeddable":true,"href":"https:\/\/diariodepe.com.br\/cri\/wp-json\/wp\/v2\/tags?post=7051"}],"curies":[{"name":"wp","href":"https:\/\/api.w.org\/{rel}","templated":true}]}}