{"id":7045,"date":"2024-12-11T03:40:26","date_gmt":"2024-12-11T06:40:26","guid":{"rendered":"https:\/\/diariodepe.com.br\/cri\/?p=7045"},"modified":"2024-12-11T03:40:26","modified_gmt":"2024-12-11T06:40:26","slug":"leslie-gabriel-valiant-nao-devemos-entregar-o-direito-de-controle-as-maquinas","status":"publish","type":"post","link":"https:\/\/diariodepe.com.br\/cri\/2024\/12\/11\/leslie-gabriel-valiant-nao-devemos-entregar-o-direito-de-controle-as-maquinas\/","title":{"rendered":"Leslie Gabriel Valiant: N\u00e3o devemos entregar o direito de controle \u00e0s m\u00e1quinas"},"content":{"rendered":"<p>De 24 a 26 de julho, a Confer\u00eancia Internacional de Ci\u00eancias B\u00e1sicas foi realizada em Beijing, onde o professor de Harvard e cientista da computa\u00e7\u00e3o de renome mundial Leslie Gabriel Valiant foi homenageado com o pr\u00eamio Lifetime Achievement Award por suas contribui\u00e7\u00f5es \u00e0 ci\u00eancia. Ele tamb\u00e9m recebeu o Pr\u00eamio Turing. Em uma entrevista exclusiva com o Grupo de M\u00eddia da China\u00a0(CMG, na sigla em ingl\u00eas), Valiant elogiou os esfor\u00e7os da China para promover pesquisa nas \u00e1reas de\u00a0matem\u00e1tica, ci\u00eancia da computa\u00e7\u00e3o e ci\u00eancia b\u00e1sica.<\/p>\n<p>Em 1984, ele recebeu um pr\u00eamio por seu trabalho. Valiant introduziu a teoria do aprendizado PAC (Aprendizagem Provavelmente\u00a0Aproximadamente Correta), que forneceu uma base te\u00f3rica para o desenvolvimento da intelig\u00eancia artificial e deu in\u00edcio a uma nova era no aprendizado de m\u00e1quina.<\/p>\n<p>Em seu livro The Importance of Being Learnable, ele enfatiza que a capacidade de aprender \u00e9 exclusiva da humanidade e \u00e9 a base de todas as suas conquistas e civiliza\u00e7\u00f5es. &#8220;Acredito que todas as pessoas podem ser educadas. O que aprendemos molda nosso comportamento. Embora as diferen\u00e7as gen\u00e9ticas possam afetar nossas habilidades, a capacidade de aprender nos d\u00e1 um enorme potencial&#8221;, disse Valiant.<\/p>\n<p>Quando perguntado se as m\u00e1quinas se tornar\u00e3o mais inteligentes que os humanos, ele afirmou que n\u00e3o devemos nos preocupar com esse cen\u00e1rio, mas \u00e9 importante n\u00e3o entregar o controle a elas. &#8220;Os computadores s\u00e3o ajudantes que nos beneficiam, independentemente de nossa profiss\u00e3o. N\u00e3o acho que a intelig\u00eancia artificial ter\u00e1 consequ\u00eancias negativas.&#8221;<\/p>\n<p class=\"photo_img_20190808\"><img decoding=\"async\" src=\"https:\/\/p2crires.cri.cn\/photoworkspace\/cri\/contentimg\/2024\/10\/19\/2024101917312345487.jpg\" alt=\"\" width=\"1000\" \/><\/p>\n","protected":false},"excerpt":{"rendered":"<p>De 24 a 26 de julho, a Confer\u00eancia Internacional de Ci\u00eancias B\u00e1sicas foi realizada em Beijing, onde o professor de Harvard e cientista da computa\u00e7\u00e3o de renome mundial Leslie Gabriel Valiant foi homenageado com o pr\u00eamio Lifetime Achievement Award por&#8230;<\/p>\n","protected":false},"author":2,"featured_media":0,"comment_status":"open","ping_status":"open","sticky":false,"template":"","format":"standard","meta":{"footnotes":""},"categories":[3],"tags":[],"class_list":["post-7045","post","type-post","status-publish","format-standard","hentry","category-china"],"yoast_head":"<!-- This site is optimized with the Yoast SEO plugin v27.4 - https:\/\/yoast.com\/product\/yoast-seo-wordpress\/ -->\n<title>Leslie Gabriel Valiant: N\u00e3o devemos entregar o direito de controle \u00e0s m\u00e1quinas - CRI e Diario de Pernambuco<\/title>\n<meta name=\"robots\" content=\"index, follow, max-snippet:-1, max-image-preview:large, max-video-preview:-1\" \/>\n<link rel=\"canonical\" href=\"https:\/\/diariodepe.com.br\/cri\/2024\/12\/11\/leslie-gabriel-valiant-nao-devemos-entregar-o-direito-de-controle-as-maquinas\/\" \/>\n<meta property=\"og:locale\" content=\"pt_BR\" \/>\n<meta property=\"og:type\" content=\"article\" \/>\n<meta property=\"og:title\" content=\"Leslie Gabriel Valiant: N\u00e3o devemos entregar o direito de controle \u00e0s m\u00e1quinas - CRI e Diario de Pernambuco\" \/>\n<meta property=\"og:description\" content=\"De 24 a 26 de julho, a Confer\u00eancia Internacional de Ci\u00eancias B\u00e1sicas foi realizada em Beijing, onde o professor de Harvard e cientista da computa\u00e7\u00e3o de renome mundial Leslie Gabriel Valiant foi homenageado com o pr\u00eamio Lifetime Achievement Award por...\" \/>\n<meta property=\"og:url\" content=\"https:\/\/diariodepe.com.br\/cri\/2024\/12\/11\/leslie-gabriel-valiant-nao-devemos-entregar-o-direito-de-controle-as-maquinas\/\" \/>\n<meta property=\"og:site_name\" content=\"CRI e Diario de Pernambuco\" \/>\n<meta property=\"article:published_time\" content=\"2024-12-11T06:40:26+00:00\" \/>\n<meta property=\"og:image\" content=\"https:\/\/p2crires.cri.cn\/photoworkspace\/cri\/contentimg\/2024\/10\/19\/2024101917312345487.jpg\" \/>\n<meta name=\"author\" content=\"Ismael Lucas S. Pereira\" \/>\n<meta name=\"twitter:card\" content=\"summary_large_image\" \/>\n<meta name=\"twitter:label1\" content=\"Escrito por\" \/>\n\t<meta name=\"twitter:data1\" content=\"Ismael Lucas S. Pereira\" \/>\n\t<meta name=\"twitter:label2\" content=\"Est. tempo de leitura\" \/>\n\t<meta name=\"twitter:data2\" content=\"2 minutos\" \/>\n<script type=\"application\/ld+json\" class=\"yoast-schema-graph\">{\"@context\":\"https:\\\/\\\/schema.org\",\"@graph\":[{\"@type\":\"Article\",\"@id\":\"https:\\\/\\\/diariodepe.com.br\\\/cri\\\/2024\\\/12\\\/11\\\/leslie-gabriel-valiant-nao-devemos-entregar-o-direito-de-controle-as-maquinas\\\/#article\",\"isPartOf\":{\"@id\":\"https:\\\/\\\/diariodepe.com.br\\\/cri\\\/2024\\\/12\\\/11\\\/leslie-gabriel-valiant-nao-devemos-entregar-o-direito-de-controle-as-maquinas\\\/\"},\"author\":{\"name\":\"Ismael Lucas S. Pereira\",\"@id\":\"https:\\\/\\\/diariodepe.com.br\\\/cri\\\/#\\\/schema\\\/person\\\/121bb28d84f1a5b1205ef4ce9c2e0c6b\"},\"headline\":\"Leslie Gabriel Valiant: N\u00e3o devemos entregar o direito de controle \u00e0s m\u00e1quinas\",\"datePublished\":\"2024-12-11T06:40:26+00:00\",\"mainEntityOfPage\":{\"@id\":\"https:\\\/\\\/diariodepe.com.br\\\/cri\\\/2024\\\/12\\\/11\\\/leslie-gabriel-valiant-nao-devemos-entregar-o-direito-de-controle-as-maquinas\\\/\"},\"wordCount\":283,\"commentCount\":0,\"publisher\":{\"@id\":\"https:\\\/\\\/diariodepe.com.br\\\/cri\\\/#organization\"},\"image\":{\"@id\":\"https:\\\/\\\/diariodepe.com.br\\\/cri\\\/2024\\\/12\\\/11\\\/leslie-gabriel-valiant-nao-devemos-entregar-o-direito-de-controle-as-maquinas\\\/#primaryimage\"},\"thumbnailUrl\":\"https:\\\/\\\/p2crires.cri.cn\\\/photoworkspace\\\/cri\\\/contentimg\\\/2024\\\/10\\\/19\\\/2024101917312345487.jpg\",\"articleSection\":[\"China\"],\"inLanguage\":\"pt-BR\",\"potentialAction\":[{\"@type\":\"CommentAction\",\"name\":\"Comment\",\"target\":[\"https:\\\/\\\/diariodepe.com.br\\\/cri\\\/2024\\\/12\\\/11\\\/leslie-gabriel-valiant-nao-devemos-entregar-o-direito-de-controle-as-maquinas\\\/#respond\"]}]},{\"@type\":\"WebPage\",\"@id\":\"https:\\\/\\\/diariodepe.com.br\\\/cri\\\/2024\\\/12\\\/11\\\/leslie-gabriel-valiant-nao-devemos-entregar-o-direito-de-controle-as-maquinas\\\/\",\"url\":\"https:\\\/\\\/diariodepe.com.br\\\/cri\\\/2024\\\/12\\\/11\\\/leslie-gabriel-valiant-nao-devemos-entregar-o-direito-de-controle-as-maquinas\\\/\",\"name\":\"Leslie Gabriel Valiant: N\u00e3o devemos entregar o direito de controle \u00e0s m\u00e1quinas - CRI e Diario de Pernambuco\",\"isPartOf\":{\"@id\":\"https:\\\/\\\/diariodepe.com.br\\\/cri\\\/#website\"},\"primaryImageOfPage\":{\"@id\":\"https:\\\/\\\/diariodepe.com.br\\\/cri\\\/2024\\\/12\\\/11\\\/leslie-gabriel-valiant-nao-devemos-entregar-o-direito-de-controle-as-maquinas\\\/#primaryimage\"},\"image\":{\"@id\":\"https:\\\/\\\/diariodepe.com.br\\\/cri\\\/2024\\\/12\\\/11\\\/leslie-gabriel-valiant-nao-devemos-entregar-o-direito-de-controle-as-maquinas\\\/#primaryimage\"},\"thumbnailUrl\":\"https:\\\/\\\/p2crires.cri.cn\\\/photoworkspace\\\/cri\\\/contentimg\\\/2024\\\/10\\\/19\\\/2024101917312345487.jpg\",\"datePublished\":\"2024-12-11T06:40:26+00:00\",\"breadcrumb\":{\"@id\":\"https:\\\/\\\/diariodepe.com.br\\\/cri\\\/2024\\\/12\\\/11\\\/leslie-gabriel-valiant-nao-devemos-entregar-o-direito-de-controle-as-maquinas\\\/#breadcrumb\"},\"inLanguage\":\"pt-BR\",\"potentialAction\":[{\"@type\":\"ReadAction\",\"target\":[\"https:\\\/\\\/diariodepe.com.br\\\/cri\\\/2024\\\/12\\\/11\\\/leslie-gabriel-valiant-nao-devemos-entregar-o-direito-de-controle-as-maquinas\\\/\"]}]},{\"@type\":\"ImageObject\",\"inLanguage\":\"pt-BR\",\"@id\":\"https:\\\/\\\/diariodepe.com.br\\\/cri\\\/2024\\\/12\\\/11\\\/leslie-gabriel-valiant-nao-devemos-entregar-o-direito-de-controle-as-maquinas\\\/#primaryimage\",\"url\":\"https:\\\/\\\/p2crires.cri.cn\\\/photoworkspace\\\/cri\\\/contentimg\\\/2024\\\/10\\\/19\\\/2024101917312345487.jpg\",\"contentUrl\":\"https:\\\/\\\/p2crires.cri.cn\\\/photoworkspace\\\/cri\\\/contentimg\\\/2024\\\/10\\\/19\\\/2024101917312345487.jpg\"},{\"@type\":\"BreadcrumbList\",\"@id\":\"https:\\\/\\\/diariodepe.com.br\\\/cri\\\/2024\\\/12\\\/11\\\/leslie-gabriel-valiant-nao-devemos-entregar-o-direito-de-controle-as-maquinas\\\/#breadcrumb\",\"itemListElement\":[{\"@type\":\"ListItem\",\"position\":1,\"name\":\"In\u00edcio\",\"item\":\"https:\\\/\\\/diariodepe.com.br\\\/cri\\\/\"},{\"@type\":\"ListItem\",\"position\":2,\"name\":\"Leslie Gabriel Valiant: N\u00e3o devemos entregar o direito de controle \u00e0s m\u00e1quinas\"}]},{\"@type\":\"WebSite\",\"@id\":\"https:\\\/\\\/diariodepe.com.br\\\/cri\\\/#website\",\"url\":\"https:\\\/\\\/diariodepe.com.br\\\/cri\\\/\",\"name\":\"CRI e Diario de Pernambuco\",\"description\":\"R\u00e1dio Internacional da China\",\"publisher\":{\"@id\":\"https:\\\/\\\/diariodepe.com.br\\\/cri\\\/#organization\"},\"potentialAction\":[{\"@type\":\"SearchAction\",\"target\":{\"@type\":\"EntryPoint\",\"urlTemplate\":\"https:\\\/\\\/diariodepe.com.br\\\/cri\\\/?s={search_term_string}\"},\"query-input\":{\"@type\":\"PropertyValueSpecification\",\"valueRequired\":true,\"valueName\":\"search_term_string\"}}],\"inLanguage\":\"pt-BR\"},{\"@type\":\"Organization\",\"@id\":\"https:\\\/\\\/diariodepe.com.br\\\/cri\\\/#organization\",\"name\":\"CRI e Diario de Pernambuco\",\"url\":\"https:\\\/\\\/diariodepe.com.br\\\/cri\\\/\",\"logo\":{\"@type\":\"ImageObject\",\"inLanguage\":\"pt-BR\",\"@id\":\"https:\\\/\\\/diariodepe.com.br\\\/cri\\\/#\\\/schema\\\/logo\\\/image\\\/\",\"url\":\"https:\\\/\\\/diariodepe.com.br\\\/cri\\\/wp-content\\\/uploads\\\/sites\\\/2\\\/2022\\\/12\\\/cropped-Logo.jpg\",\"contentUrl\":\"https:\\\/\\\/diariodepe.com.br\\\/cri\\\/wp-content\\\/uploads\\\/sites\\\/2\\\/2022\\\/12\\\/cropped-Logo.jpg\",\"width\":700,\"height\":59,\"caption\":\"CRI e Diario de Pernambuco\"},\"image\":{\"@id\":\"https:\\\/\\\/diariodepe.com.br\\\/cri\\\/#\\\/schema\\\/logo\\\/image\\\/\"}},{\"@type\":\"Person\",\"@id\":\"https:\\\/\\\/diariodepe.com.br\\\/cri\\\/#\\\/schema\\\/person\\\/121bb28d84f1a5b1205ef4ce9c2e0c6b\",\"name\":\"Ismael Lucas S. Pereira\",\"image\":{\"@type\":\"ImageObject\",\"inLanguage\":\"pt-BR\",\"@id\":\"https:\\\/\\\/secure.gravatar.com\\\/avatar\\\/887a0f3b5a7ceea963a48499fb883ffce6b5037362def025c52c2505b15d63e4?s=96&d=mm&r=g\",\"url\":\"https:\\\/\\\/secure.gravatar.com\\\/avatar\\\/887a0f3b5a7ceea963a48499fb883ffce6b5037362def025c52c2505b15d63e4?s=96&d=mm&r=g\",\"contentUrl\":\"https:\\\/\\\/secure.gravatar.com\\\/avatar\\\/887a0f3b5a7ceea963a48499fb883ffce6b5037362def025c52c2505b15d63e4?s=96&d=mm&r=g\",\"caption\":\"Ismael Lucas S. Pereira\"},\"url\":\"https:\\\/\\\/diariodepe.com.br\\\/cri\\\/author\\\/ismael-lucas\\\/\"}]}<\/script>\n<!-- \/ Yoast SEO plugin. -->","yoast_head_json":{"title":"Leslie Gabriel Valiant: N\u00e3o devemos entregar o direito de controle \u00e0s m\u00e1quinas - CRI e Diario de Pernambuco","robots":{"index":"index","follow":"follow","max-snippet":"max-snippet:-1","max-image-preview":"max-image-preview:large","max-video-preview":"max-video-preview:-1"},"canonical":"https:\/\/diariodepe.com.br\/cri\/2024\/12\/11\/leslie-gabriel-valiant-nao-devemos-entregar-o-direito-de-controle-as-maquinas\/","og_locale":"pt_BR","og_type":"article","og_title":"Leslie Gabriel Valiant: N\u00e3o devemos entregar o direito de controle \u00e0s m\u00e1quinas - CRI e Diario de Pernambuco","og_description":"De 24 a 26 de julho, a Confer\u00eancia Internacional de Ci\u00eancias B\u00e1sicas foi realizada em Beijing, onde o professor de Harvard e cientista da computa\u00e7\u00e3o de renome mundial Leslie Gabriel Valiant foi homenageado com o pr\u00eamio Lifetime Achievement Award por...","og_url":"https:\/\/diariodepe.com.br\/cri\/2024\/12\/11\/leslie-gabriel-valiant-nao-devemos-entregar-o-direito-de-controle-as-maquinas\/","og_site_name":"CRI e Diario de Pernambuco","article_published_time":"2024-12-11T06:40:26+00:00","og_image":[{"url":"https:\/\/p2crires.cri.cn\/photoworkspace\/cri\/contentimg\/2024\/10\/19\/2024101917312345487.jpg","type":"","width":"","height":""}],"author":"Ismael Lucas S. Pereira","twitter_card":"summary_large_image","twitter_misc":{"Escrito por":"Ismael Lucas S. Pereira","Est. tempo de leitura":"2 minutos"},"schema":{"@context":"https:\/\/schema.org","@graph":[{"@type":"Article","@id":"https:\/\/diariodepe.com.br\/cri\/2024\/12\/11\/leslie-gabriel-valiant-nao-devemos-entregar-o-direito-de-controle-as-maquinas\/#article","isPartOf":{"@id":"https:\/\/diariodepe.com.br\/cri\/2024\/12\/11\/leslie-gabriel-valiant-nao-devemos-entregar-o-direito-de-controle-as-maquinas\/"},"author":{"name":"Ismael Lucas S. Pereira","@id":"https:\/\/diariodepe.com.br\/cri\/#\/schema\/person\/121bb28d84f1a5b1205ef4ce9c2e0c6b"},"headline":"Leslie Gabriel Valiant: N\u00e3o devemos entregar o direito de controle \u00e0s m\u00e1quinas","datePublished":"2024-12-11T06:40:26+00:00","mainEntityOfPage":{"@id":"https:\/\/diariodepe.com.br\/cri\/2024\/12\/11\/leslie-gabriel-valiant-nao-devemos-entregar-o-direito-de-controle-as-maquinas\/"},"wordCount":283,"commentCount":0,"publisher":{"@id":"https:\/\/diariodepe.com.br\/cri\/#organization"},"image":{"@id":"https:\/\/diariodepe.com.br\/cri\/2024\/12\/11\/leslie-gabriel-valiant-nao-devemos-entregar-o-direito-de-controle-as-maquinas\/#primaryimage"},"thumbnailUrl":"https:\/\/p2crires.cri.cn\/photoworkspace\/cri\/contentimg\/2024\/10\/19\/2024101917312345487.jpg","articleSection":["China"],"inLanguage":"pt-BR","potentialAction":[{"@type":"CommentAction","name":"Comment","target":["https:\/\/diariodepe.com.br\/cri\/2024\/12\/11\/leslie-gabriel-valiant-nao-devemos-entregar-o-direito-de-controle-as-maquinas\/#respond"]}]},{"@type":"WebPage","@id":"https:\/\/diariodepe.com.br\/cri\/2024\/12\/11\/leslie-gabriel-valiant-nao-devemos-entregar-o-direito-de-controle-as-maquinas\/","url":"https:\/\/diariodepe.com.br\/cri\/2024\/12\/11\/leslie-gabriel-valiant-nao-devemos-entregar-o-direito-de-controle-as-maquinas\/","name":"Leslie Gabriel Valiant: N\u00e3o devemos entregar o direito de controle \u00e0s m\u00e1quinas - CRI e Diario de Pernambuco","isPartOf":{"@id":"https:\/\/diariodepe.com.br\/cri\/#website"},"primaryImageOfPage":{"@id":"https:\/\/diariodepe.com.br\/cri\/2024\/12\/11\/leslie-gabriel-valiant-nao-devemos-entregar-o-direito-de-controle-as-maquinas\/#primaryimage"},"image":{"@id":"https:\/\/diariodepe.com.br\/cri\/2024\/12\/11\/leslie-gabriel-valiant-nao-devemos-entregar-o-direito-de-controle-as-maquinas\/#primaryimage"},"thumbnailUrl":"https:\/\/p2crires.cri.cn\/photoworkspace\/cri\/contentimg\/2024\/10\/19\/2024101917312345487.jpg","datePublished":"2024-12-11T06:40:26+00:00","breadcrumb":{"@id":"https:\/\/diariodepe.com.br\/cri\/2024\/12\/11\/leslie-gabriel-valiant-nao-devemos-entregar-o-direito-de-controle-as-maquinas\/#breadcrumb"},"inLanguage":"pt-BR","potentialAction":[{"@type":"ReadAction","target":["https:\/\/diariodepe.com.br\/cri\/2024\/12\/11\/leslie-gabriel-valiant-nao-devemos-entregar-o-direito-de-controle-as-maquinas\/"]}]},{"@type":"ImageObject","inLanguage":"pt-BR","@id":"https:\/\/diariodepe.com.br\/cri\/2024\/12\/11\/leslie-gabriel-valiant-nao-devemos-entregar-o-direito-de-controle-as-maquinas\/#primaryimage","url":"https:\/\/p2crires.cri.cn\/photoworkspace\/cri\/contentimg\/2024\/10\/19\/2024101917312345487.jpg","contentUrl":"https:\/\/p2crires.cri.cn\/photoworkspace\/cri\/contentimg\/2024\/10\/19\/2024101917312345487.jpg"},{"@type":"BreadcrumbList","@id":"https:\/\/diariodepe.com.br\/cri\/2024\/12\/11\/leslie-gabriel-valiant-nao-devemos-entregar-o-direito-de-controle-as-maquinas\/#breadcrumb","itemListElement":[{"@type":"ListItem","position":1,"name":"In\u00edcio","item":"https:\/\/diariodepe.com.br\/cri\/"},{"@type":"ListItem","position":2,"name":"Leslie Gabriel Valiant: N\u00e3o devemos entregar o direito de controle \u00e0s m\u00e1quinas"}]},{"@type":"WebSite","@id":"https:\/\/diariodepe.com.br\/cri\/#website","url":"https:\/\/diariodepe.com.br\/cri\/","name":"CRI e Diario de Pernambuco","description":"R\u00e1dio Internacional da China","publisher":{"@id":"https:\/\/diariodepe.com.br\/cri\/#organization"},"potentialAction":[{"@type":"SearchAction","target":{"@type":"EntryPoint","urlTemplate":"https:\/\/diariodepe.com.br\/cri\/?s={search_term_string}"},"query-input":{"@type":"PropertyValueSpecification","valueRequired":true,"valueName":"search_term_string"}}],"inLanguage":"pt-BR"},{"@type":"Organization","@id":"https:\/\/diariodepe.com.br\/cri\/#organization","name":"CRI e Diario de Pernambuco","url":"https:\/\/diariodepe.com.br\/cri\/","logo":{"@type":"ImageObject","inLanguage":"pt-BR","@id":"https:\/\/diariodepe.com.br\/cri\/#\/schema\/logo\/image\/","url":"https:\/\/diariodepe.com.br\/cri\/wp-content\/uploads\/sites\/2\/2022\/12\/cropped-Logo.jpg","contentUrl":"https:\/\/diariodepe.com.br\/cri\/wp-content\/uploads\/sites\/2\/2022\/12\/cropped-Logo.jpg","width":700,"height":59,"caption":"CRI e Diario de Pernambuco"},"image":{"@id":"https:\/\/diariodepe.com.br\/cri\/#\/schema\/logo\/image\/"}},{"@type":"Person","@id":"https:\/\/diariodepe.com.br\/cri\/#\/schema\/person\/121bb28d84f1a5b1205ef4ce9c2e0c6b","name":"Ismael Lucas S. Pereira","image":{"@type":"ImageObject","inLanguage":"pt-BR","@id":"https:\/\/secure.gravatar.com\/avatar\/887a0f3b5a7ceea963a48499fb883ffce6b5037362def025c52c2505b15d63e4?s=96&d=mm&r=g","url":"https:\/\/secure.gravatar.com\/avatar\/887a0f3b5a7ceea963a48499fb883ffce6b5037362def025c52c2505b15d63e4?s=96&d=mm&r=g","contentUrl":"https:\/\/secure.gravatar.com\/avatar\/887a0f3b5a7ceea963a48499fb883ffce6b5037362def025c52c2505b15d63e4?s=96&d=mm&r=g","caption":"Ismael Lucas S. Pereira"},"url":"https:\/\/diariodepe.com.br\/cri\/author\/ismael-lucas\/"}]}},"cc_featured_image_caption":{"caption_text":false,"source_text":false,"source_url":false},"amp_enabled":true,"_links":{"self":[{"href":"https:\/\/diariodepe.com.br\/cri\/wp-json\/wp\/v2\/posts\/7045","targetHints":{"allow":["GET"]}}],"collection":[{"href":"https:\/\/diariodepe.com.br\/cri\/wp-json\/wp\/v2\/posts"}],"about":[{"href":"https:\/\/diariodepe.com.br\/cri\/wp-json\/wp\/v2\/types\/post"}],"author":[{"embeddable":true,"href":"https:\/\/diariodepe.com.br\/cri\/wp-json\/wp\/v2\/users\/2"}],"replies":[{"embeddable":true,"href":"https:\/\/diariodepe.com.br\/cri\/wp-json\/wp\/v2\/comments?post=7045"}],"version-history":[{"count":1,"href":"https:\/\/diariodepe.com.br\/cri\/wp-json\/wp\/v2\/posts\/7045\/revisions"}],"predecessor-version":[{"id":7046,"href":"https:\/\/diariodepe.com.br\/cri\/wp-json\/wp\/v2\/posts\/7045\/revisions\/7046"}],"wp:attachment":[{"href":"https:\/\/diariodepe.com.br\/cri\/wp-json\/wp\/v2\/media?parent=7045"}],"wp:term":[{"taxonomy":"category","embeddable":true,"href":"https:\/\/diariodepe.com.br\/cri\/wp-json\/wp\/v2\/categories?post=7045"},{"taxonomy":"post_tag","embeddable":true,"href":"https:\/\/diariodepe.com.br\/cri\/wp-json\/wp\/v2\/tags?post=7045"}],"curies":[{"name":"wp","href":"https:\/\/api.w.org\/{rel}","templated":true}]}}