{"id":7043,"date":"2024-12-11T03:39:55","date_gmt":"2024-12-11T06:39:55","guid":{"rendered":"https:\/\/diariodepe.com.br\/cri\/?p=7043"},"modified":"2024-12-11T03:39:55","modified_gmt":"2024-12-11T06:39:55","slug":"xi-jinping-destaca-importancia-da-ciencia-e-tecnologia-no-avanco-da-modernizacao-chinesa","status":"publish","type":"post","link":"https:\/\/diariodepe.com.br\/cri\/2024\/12\/11\/xi-jinping-destaca-importancia-da-ciencia-e-tecnologia-no-avanco-da-modernizacao-chinesa\/","title":{"rendered":"Xi Jinping destaca import\u00e2ncia da ci\u00eancia e tecnologia no avan\u00e7o da moderniza\u00e7\u00e3o chinesa"},"content":{"rendered":"<p data-spm-anchor-id=\"0.0.0.i1\">Xi Jinping, secret\u00e1rio-geral do Comit\u00ea Central do Partido Comunista da China (PCCh), enfatizou que a ci\u00eancia e a tecnologia devem estar na vanguarda no avan\u00e7o da moderniza\u00e7\u00e3o chinesa.<\/p>\n<p>Xi fez as observa\u00e7\u00f5es durante sua visita \u00e0 Cidade da Ci\u00eancia de Binhu em Hefei, na Prov\u00edncia de Anhui, leste da China, na tarde desta quinta-feira.<\/p>\n<p>Xi examinou uma s\u00e9rie de grandes inova\u00e7\u00f5es cient\u00edficas e tecnol\u00f3gicas alcan\u00e7adas por Anhui nos \u00faltimos anos e trocou opini\u00f5es com pesquisadores e l\u00edderes corporativos.<\/p>\n<p>Observando que a inova\u00e7\u00e3o cient\u00edfica e tecnol\u00f3gica \u00e9 um caminho essencial para a moderniza\u00e7\u00e3o, Xi disse que o Comit\u00ea Central do PCCh tem em grande estima os cientistas e tecn\u00f3logos e os valoriza imensamente.<\/p>\n<p>Ele os encorajou a tomar medidas ousadas, continuar trabalhando duro e contribuir com mais engenhosidade e experi\u00eancia para alcan\u00e7ar a autossufici\u00eancia e a for\u00e7a em ci\u00eancia e tecnologia.<\/p>\n","protected":false},"excerpt":{"rendered":"<p>Xi Jinping, secret\u00e1rio-geral do Comit\u00ea Central do Partido Comunista da China (PCCh), enfatizou que a ci\u00eancia e a tecnologia devem estar na vanguarda no avan\u00e7o da moderniza\u00e7\u00e3o chinesa. Xi fez as observa\u00e7\u00f5es durante sua visita \u00e0 Cidade da Ci\u00eancia de&#8230;<\/p>\n","protected":false},"author":2,"featured_media":0,"comment_status":"open","ping_status":"open","sticky":false,"template":"","format":"standard","meta":{"footnotes":""},"categories":[3],"tags":[],"class_list":["post-7043","post","type-post","status-publish","format-standard","hentry","category-china"],"yoast_head":"<!-- This site is optimized with the Yoast SEO plugin v27.4 - https:\/\/yoast.com\/product\/yoast-seo-wordpress\/ -->\n<title>Xi Jinping destaca import\u00e2ncia da ci\u00eancia e tecnologia no avan\u00e7o da moderniza\u00e7\u00e3o chinesa - CRI e Diario de Pernambuco<\/title>\n<meta name=\"robots\" content=\"index, follow, max-snippet:-1, max-image-preview:large, max-video-preview:-1\" \/>\n<link rel=\"canonical\" href=\"https:\/\/diariodepe.com.br\/cri\/2024\/12\/11\/xi-jinping-destaca-importancia-da-ciencia-e-tecnologia-no-avanco-da-modernizacao-chinesa\/\" \/>\n<meta property=\"og:locale\" content=\"pt_BR\" \/>\n<meta property=\"og:type\" content=\"article\" \/>\n<meta property=\"og:title\" content=\"Xi Jinping destaca import\u00e2ncia da ci\u00eancia e tecnologia no avan\u00e7o da moderniza\u00e7\u00e3o chinesa - CRI e Diario de Pernambuco\" \/>\n<meta property=\"og:description\" content=\"Xi Jinping, secret\u00e1rio-geral do Comit\u00ea Central do Partido Comunista da China (PCCh), enfatizou que a ci\u00eancia e a tecnologia devem estar na vanguarda no avan\u00e7o da moderniza\u00e7\u00e3o chinesa. Xi fez as observa\u00e7\u00f5es durante sua visita \u00e0 Cidade da Ci\u00eancia de...\" \/>\n<meta property=\"og:url\" content=\"https:\/\/diariodepe.com.br\/cri\/2024\/12\/11\/xi-jinping-destaca-importancia-da-ciencia-e-tecnologia-no-avanco-da-modernizacao-chinesa\/\" \/>\n<meta property=\"og:site_name\" content=\"CRI e Diario de Pernambuco\" \/>\n<meta property=\"article:published_time\" content=\"2024-12-11T06:39:55+00:00\" \/>\n<meta name=\"author\" content=\"Ismael Lucas S. Pereira\" \/>\n<meta name=\"twitter:card\" content=\"summary_large_image\" \/>\n<meta name=\"twitter:label1\" content=\"Escrito por\" \/>\n\t<meta name=\"twitter:data1\" content=\"Ismael Lucas S. Pereira\" \/>\n<script type=\"application\/ld+json\" class=\"yoast-schema-graph\">{\"@context\":\"https:\\\/\\\/schema.org\",\"@graph\":[{\"@type\":\"Article\",\"@id\":\"https:\\\/\\\/diariodepe.com.br\\\/cri\\\/2024\\\/12\\\/11\\\/xi-jinping-destaca-importancia-da-ciencia-e-tecnologia-no-avanco-da-modernizacao-chinesa\\\/#article\",\"isPartOf\":{\"@id\":\"https:\\\/\\\/diariodepe.com.br\\\/cri\\\/2024\\\/12\\\/11\\\/xi-jinping-destaca-importancia-da-ciencia-e-tecnologia-no-avanco-da-modernizacao-chinesa\\\/\"},\"author\":{\"name\":\"Ismael Lucas S. Pereira\",\"@id\":\"https:\\\/\\\/diariodepe.com.br\\\/cri\\\/#\\\/schema\\\/person\\\/121bb28d84f1a5b1205ef4ce9c2e0c6b\"},\"headline\":\"Xi Jinping destaca import\u00e2ncia da ci\u00eancia e tecnologia no avan\u00e7o da moderniza\u00e7\u00e3o chinesa\",\"datePublished\":\"2024-12-11T06:39:55+00:00\",\"mainEntityOfPage\":{\"@id\":\"https:\\\/\\\/diariodepe.com.br\\\/cri\\\/2024\\\/12\\\/11\\\/xi-jinping-destaca-importancia-da-ciencia-e-tecnologia-no-avanco-da-modernizacao-chinesa\\\/\"},\"wordCount\":179,\"commentCount\":0,\"publisher\":{\"@id\":\"https:\\\/\\\/diariodepe.com.br\\\/cri\\\/#organization\"},\"articleSection\":[\"China\"],\"inLanguage\":\"pt-BR\",\"potentialAction\":[{\"@type\":\"CommentAction\",\"name\":\"Comment\",\"target\":[\"https:\\\/\\\/diariodepe.com.br\\\/cri\\\/2024\\\/12\\\/11\\\/xi-jinping-destaca-importancia-da-ciencia-e-tecnologia-no-avanco-da-modernizacao-chinesa\\\/#respond\"]}]},{\"@type\":\"WebPage\",\"@id\":\"https:\\\/\\\/diariodepe.com.br\\\/cri\\\/2024\\\/12\\\/11\\\/xi-jinping-destaca-importancia-da-ciencia-e-tecnologia-no-avanco-da-modernizacao-chinesa\\\/\",\"url\":\"https:\\\/\\\/diariodepe.com.br\\\/cri\\\/2024\\\/12\\\/11\\\/xi-jinping-destaca-importancia-da-ciencia-e-tecnologia-no-avanco-da-modernizacao-chinesa\\\/\",\"name\":\"Xi Jinping destaca import\u00e2ncia da ci\u00eancia e tecnologia no avan\u00e7o da moderniza\u00e7\u00e3o chinesa - CRI e Diario de Pernambuco\",\"isPartOf\":{\"@id\":\"https:\\\/\\\/diariodepe.com.br\\\/cri\\\/#website\"},\"datePublished\":\"2024-12-11T06:39:55+00:00\",\"breadcrumb\":{\"@id\":\"https:\\\/\\\/diariodepe.com.br\\\/cri\\\/2024\\\/12\\\/11\\\/xi-jinping-destaca-importancia-da-ciencia-e-tecnologia-no-avanco-da-modernizacao-chinesa\\\/#breadcrumb\"},\"inLanguage\":\"pt-BR\",\"potentialAction\":[{\"@type\":\"ReadAction\",\"target\":[\"https:\\\/\\\/diariodepe.com.br\\\/cri\\\/2024\\\/12\\\/11\\\/xi-jinping-destaca-importancia-da-ciencia-e-tecnologia-no-avanco-da-modernizacao-chinesa\\\/\"]}]},{\"@type\":\"BreadcrumbList\",\"@id\":\"https:\\\/\\\/diariodepe.com.br\\\/cri\\\/2024\\\/12\\\/11\\\/xi-jinping-destaca-importancia-da-ciencia-e-tecnologia-no-avanco-da-modernizacao-chinesa\\\/#breadcrumb\",\"itemListElement\":[{\"@type\":\"ListItem\",\"position\":1,\"name\":\"In\u00edcio\",\"item\":\"https:\\\/\\\/diariodepe.com.br\\\/cri\\\/\"},{\"@type\":\"ListItem\",\"position\":2,\"name\":\"Xi Jinping destaca import\u00e2ncia da ci\u00eancia e tecnologia no avan\u00e7o da moderniza\u00e7\u00e3o chinesa\"}]},{\"@type\":\"WebSite\",\"@id\":\"https:\\\/\\\/diariodepe.com.br\\\/cri\\\/#website\",\"url\":\"https:\\\/\\\/diariodepe.com.br\\\/cri\\\/\",\"name\":\"CRI e Diario de Pernambuco\",\"description\":\"R\u00e1dio Internacional da China\",\"publisher\":{\"@id\":\"https:\\\/\\\/diariodepe.com.br\\\/cri\\\/#organization\"},\"potentialAction\":[{\"@type\":\"SearchAction\",\"target\":{\"@type\":\"EntryPoint\",\"urlTemplate\":\"https:\\\/\\\/diariodepe.com.br\\\/cri\\\/?s={search_term_string}\"},\"query-input\":{\"@type\":\"PropertyValueSpecification\",\"valueRequired\":true,\"valueName\":\"search_term_string\"}}],\"inLanguage\":\"pt-BR\"},{\"@type\":\"Organization\",\"@id\":\"https:\\\/\\\/diariodepe.com.br\\\/cri\\\/#organization\",\"name\":\"CRI e Diario de Pernambuco\",\"url\":\"https:\\\/\\\/diariodepe.com.br\\\/cri\\\/\",\"logo\":{\"@type\":\"ImageObject\",\"inLanguage\":\"pt-BR\",\"@id\":\"https:\\\/\\\/diariodepe.com.br\\\/cri\\\/#\\\/schema\\\/logo\\\/image\\\/\",\"url\":\"https:\\\/\\\/diariodepe.com.br\\\/cri\\\/wp-content\\\/uploads\\\/sites\\\/2\\\/2022\\\/12\\\/cropped-Logo.jpg\",\"contentUrl\":\"https:\\\/\\\/diariodepe.com.br\\\/cri\\\/wp-content\\\/uploads\\\/sites\\\/2\\\/2022\\\/12\\\/cropped-Logo.jpg\",\"width\":700,\"height\":59,\"caption\":\"CRI e Diario de Pernambuco\"},\"image\":{\"@id\":\"https:\\\/\\\/diariodepe.com.br\\\/cri\\\/#\\\/schema\\\/logo\\\/image\\\/\"}},{\"@type\":\"Person\",\"@id\":\"https:\\\/\\\/diariodepe.com.br\\\/cri\\\/#\\\/schema\\\/person\\\/121bb28d84f1a5b1205ef4ce9c2e0c6b\",\"name\":\"Ismael Lucas S. Pereira\",\"image\":{\"@type\":\"ImageObject\",\"inLanguage\":\"pt-BR\",\"@id\":\"https:\\\/\\\/secure.gravatar.com\\\/avatar\\\/887a0f3b5a7ceea963a48499fb883ffce6b5037362def025c52c2505b15d63e4?s=96&d=mm&r=g\",\"url\":\"https:\\\/\\\/secure.gravatar.com\\\/avatar\\\/887a0f3b5a7ceea963a48499fb883ffce6b5037362def025c52c2505b15d63e4?s=96&d=mm&r=g\",\"contentUrl\":\"https:\\\/\\\/secure.gravatar.com\\\/avatar\\\/887a0f3b5a7ceea963a48499fb883ffce6b5037362def025c52c2505b15d63e4?s=96&d=mm&r=g\",\"caption\":\"Ismael Lucas S. Pereira\"},\"url\":\"https:\\\/\\\/diariodepe.com.br\\\/cri\\\/author\\\/ismael-lucas\\\/\"}]}<\/script>\n<!-- \/ Yoast SEO plugin. -->","yoast_head_json":{"title":"Xi Jinping destaca import\u00e2ncia da ci\u00eancia e tecnologia no avan\u00e7o da moderniza\u00e7\u00e3o chinesa - CRI e Diario de Pernambuco","robots":{"index":"index","follow":"follow","max-snippet":"max-snippet:-1","max-image-preview":"max-image-preview:large","max-video-preview":"max-video-preview:-1"},"canonical":"https:\/\/diariodepe.com.br\/cri\/2024\/12\/11\/xi-jinping-destaca-importancia-da-ciencia-e-tecnologia-no-avanco-da-modernizacao-chinesa\/","og_locale":"pt_BR","og_type":"article","og_title":"Xi Jinping destaca import\u00e2ncia da ci\u00eancia e tecnologia no avan\u00e7o da moderniza\u00e7\u00e3o chinesa - CRI e Diario de Pernambuco","og_description":"Xi Jinping, secret\u00e1rio-geral do Comit\u00ea Central do Partido Comunista da China (PCCh), enfatizou que a ci\u00eancia e a tecnologia devem estar na vanguarda no avan\u00e7o da moderniza\u00e7\u00e3o chinesa. Xi fez as observa\u00e7\u00f5es durante sua visita \u00e0 Cidade da Ci\u00eancia de...","og_url":"https:\/\/diariodepe.com.br\/cri\/2024\/12\/11\/xi-jinping-destaca-importancia-da-ciencia-e-tecnologia-no-avanco-da-modernizacao-chinesa\/","og_site_name":"CRI e Diario de Pernambuco","article_published_time":"2024-12-11T06:39:55+00:00","author":"Ismael Lucas S. Pereira","twitter_card":"summary_large_image","twitter_misc":{"Escrito por":"Ismael Lucas S. Pereira"},"schema":{"@context":"https:\/\/schema.org","@graph":[{"@type":"Article","@id":"https:\/\/diariodepe.com.br\/cri\/2024\/12\/11\/xi-jinping-destaca-importancia-da-ciencia-e-tecnologia-no-avanco-da-modernizacao-chinesa\/#article","isPartOf":{"@id":"https:\/\/diariodepe.com.br\/cri\/2024\/12\/11\/xi-jinping-destaca-importancia-da-ciencia-e-tecnologia-no-avanco-da-modernizacao-chinesa\/"},"author":{"name":"Ismael Lucas S. Pereira","@id":"https:\/\/diariodepe.com.br\/cri\/#\/schema\/person\/121bb28d84f1a5b1205ef4ce9c2e0c6b"},"headline":"Xi Jinping destaca import\u00e2ncia da ci\u00eancia e tecnologia no avan\u00e7o da moderniza\u00e7\u00e3o chinesa","datePublished":"2024-12-11T06:39:55+00:00","mainEntityOfPage":{"@id":"https:\/\/diariodepe.com.br\/cri\/2024\/12\/11\/xi-jinping-destaca-importancia-da-ciencia-e-tecnologia-no-avanco-da-modernizacao-chinesa\/"},"wordCount":179,"commentCount":0,"publisher":{"@id":"https:\/\/diariodepe.com.br\/cri\/#organization"},"articleSection":["China"],"inLanguage":"pt-BR","potentialAction":[{"@type":"CommentAction","name":"Comment","target":["https:\/\/diariodepe.com.br\/cri\/2024\/12\/11\/xi-jinping-destaca-importancia-da-ciencia-e-tecnologia-no-avanco-da-modernizacao-chinesa\/#respond"]}]},{"@type":"WebPage","@id":"https:\/\/diariodepe.com.br\/cri\/2024\/12\/11\/xi-jinping-destaca-importancia-da-ciencia-e-tecnologia-no-avanco-da-modernizacao-chinesa\/","url":"https:\/\/diariodepe.com.br\/cri\/2024\/12\/11\/xi-jinping-destaca-importancia-da-ciencia-e-tecnologia-no-avanco-da-modernizacao-chinesa\/","name":"Xi Jinping destaca import\u00e2ncia da ci\u00eancia e tecnologia no avan\u00e7o da moderniza\u00e7\u00e3o chinesa - CRI e Diario de Pernambuco","isPartOf":{"@id":"https:\/\/diariodepe.com.br\/cri\/#website"},"datePublished":"2024-12-11T06:39:55+00:00","breadcrumb":{"@id":"https:\/\/diariodepe.com.br\/cri\/2024\/12\/11\/xi-jinping-destaca-importancia-da-ciencia-e-tecnologia-no-avanco-da-modernizacao-chinesa\/#breadcrumb"},"inLanguage":"pt-BR","potentialAction":[{"@type":"ReadAction","target":["https:\/\/diariodepe.com.br\/cri\/2024\/12\/11\/xi-jinping-destaca-importancia-da-ciencia-e-tecnologia-no-avanco-da-modernizacao-chinesa\/"]}]},{"@type":"BreadcrumbList","@id":"https:\/\/diariodepe.com.br\/cri\/2024\/12\/11\/xi-jinping-destaca-importancia-da-ciencia-e-tecnologia-no-avanco-da-modernizacao-chinesa\/#breadcrumb","itemListElement":[{"@type":"ListItem","position":1,"name":"In\u00edcio","item":"https:\/\/diariodepe.com.br\/cri\/"},{"@type":"ListItem","position":2,"name":"Xi Jinping destaca import\u00e2ncia da ci\u00eancia e tecnologia no avan\u00e7o da moderniza\u00e7\u00e3o chinesa"}]},{"@type":"WebSite","@id":"https:\/\/diariodepe.com.br\/cri\/#website","url":"https:\/\/diariodepe.com.br\/cri\/","name":"CRI e Diario de Pernambuco","description":"R\u00e1dio Internacional da China","publisher":{"@id":"https:\/\/diariodepe.com.br\/cri\/#organization"},"potentialAction":[{"@type":"SearchAction","target":{"@type":"EntryPoint","urlTemplate":"https:\/\/diariodepe.com.br\/cri\/?s={search_term_string}"},"query-input":{"@type":"PropertyValueSpecification","valueRequired":true,"valueName":"search_term_string"}}],"inLanguage":"pt-BR"},{"@type":"Organization","@id":"https:\/\/diariodepe.com.br\/cri\/#organization","name":"CRI e Diario de Pernambuco","url":"https:\/\/diariodepe.com.br\/cri\/","logo":{"@type":"ImageObject","inLanguage":"pt-BR","@id":"https:\/\/diariodepe.com.br\/cri\/#\/schema\/logo\/image\/","url":"https:\/\/diariodepe.com.br\/cri\/wp-content\/uploads\/sites\/2\/2022\/12\/cropped-Logo.jpg","contentUrl":"https:\/\/diariodepe.com.br\/cri\/wp-content\/uploads\/sites\/2\/2022\/12\/cropped-Logo.jpg","width":700,"height":59,"caption":"CRI e Diario de Pernambuco"},"image":{"@id":"https:\/\/diariodepe.com.br\/cri\/#\/schema\/logo\/image\/"}},{"@type":"Person","@id":"https:\/\/diariodepe.com.br\/cri\/#\/schema\/person\/121bb28d84f1a5b1205ef4ce9c2e0c6b","name":"Ismael Lucas S. Pereira","image":{"@type":"ImageObject","inLanguage":"pt-BR","@id":"https:\/\/secure.gravatar.com\/avatar\/887a0f3b5a7ceea963a48499fb883ffce6b5037362def025c52c2505b15d63e4?s=96&d=mm&r=g","url":"https:\/\/secure.gravatar.com\/avatar\/887a0f3b5a7ceea963a48499fb883ffce6b5037362def025c52c2505b15d63e4?s=96&d=mm&r=g","contentUrl":"https:\/\/secure.gravatar.com\/avatar\/887a0f3b5a7ceea963a48499fb883ffce6b5037362def025c52c2505b15d63e4?s=96&d=mm&r=g","caption":"Ismael Lucas S. Pereira"},"url":"https:\/\/diariodepe.com.br\/cri\/author\/ismael-lucas\/"}]}},"cc_featured_image_caption":{"caption_text":false,"source_text":false,"source_url":false},"amp_enabled":true,"_links":{"self":[{"href":"https:\/\/diariodepe.com.br\/cri\/wp-json\/wp\/v2\/posts\/7043","targetHints":{"allow":["GET"]}}],"collection":[{"href":"https:\/\/diariodepe.com.br\/cri\/wp-json\/wp\/v2\/posts"}],"about":[{"href":"https:\/\/diariodepe.com.br\/cri\/wp-json\/wp\/v2\/types\/post"}],"author":[{"embeddable":true,"href":"https:\/\/diariodepe.com.br\/cri\/wp-json\/wp\/v2\/users\/2"}],"replies":[{"embeddable":true,"href":"https:\/\/diariodepe.com.br\/cri\/wp-json\/wp\/v2\/comments?post=7043"}],"version-history":[{"count":1,"href":"https:\/\/diariodepe.com.br\/cri\/wp-json\/wp\/v2\/posts\/7043\/revisions"}],"predecessor-version":[{"id":7044,"href":"https:\/\/diariodepe.com.br\/cri\/wp-json\/wp\/v2\/posts\/7043\/revisions\/7044"}],"wp:attachment":[{"href":"https:\/\/diariodepe.com.br\/cri\/wp-json\/wp\/v2\/media?parent=7043"}],"wp:term":[{"taxonomy":"category","embeddable":true,"href":"https:\/\/diariodepe.com.br\/cri\/wp-json\/wp\/v2\/categories?post=7043"},{"taxonomy":"post_tag","embeddable":true,"href":"https:\/\/diariodepe.com.br\/cri\/wp-json\/wp\/v2\/tags?post=7043"}],"curies":[{"name":"wp","href":"https:\/\/api.w.org\/{rel}","templated":true}]}}