{"id":7037,"date":"2024-12-11T03:38:08","date_gmt":"2024-12-11T06:38:08","guid":{"rendered":"https:\/\/diariodepe.com.br\/cri\/?p=7037"},"modified":"2024-12-11T03:38:08","modified_gmt":"2024-12-11T06:38:08","slug":"primeiro-ministro-chines-pede-aprofundamento-da-cooperacao-da-ocs-2","status":"publish","type":"post","link":"https:\/\/diariodepe.com.br\/cri\/2024\/12\/11\/primeiro-ministro-chines-pede-aprofundamento-da-cooperacao-da-ocs-2\/","title":{"rendered":"Primeiro-ministro chin\u00eas pede aprofundamento da coopera\u00e7\u00e3o da OCS"},"content":{"rendered":"<p data-spm-anchor-id=\"0.0.0.i1\">O primeiro-ministro chin\u00eas, Li Qiang, pediu nesta quarta-feira o aprofundamento e a expans\u00e3o da coopera\u00e7\u00e3o dentro da Organiza\u00e7\u00e3o de Coopera\u00e7\u00e3o de Shanghai (OCS) durante a 23\u00aa Reuni\u00e3o do Conselho de Chefes de Governo dos Estados-Membros da OCS.<\/p>\n<p>A OCS \u00e9 uma plataforma importante para salvaguardar a paz e a estabilidade regionais e promover o desenvolvimento e a prosperidade de todos os pa\u00edses, observou Li, acrescentando que na C\u00fapula de Astana em julho, o presidente chin\u00eas Xi Jinping e os l\u00edderes dos Estados-membros da OCS chegaram a um importante consenso sobre a constru\u00e7\u00e3o conjunta de uma casa comum com solidariedade e confian\u00e7a m\u00fatua, paz e tranquilidade, prosperidade e desenvolvimento, boa vizinhan\u00e7a e amizade, bem como justi\u00e7a e equidade.<\/p>\n<p class=\"photo_img_20190808\"><img decoding=\"async\" src=\"https:\/\/p5crires.cri.cn\/photoworkspace\/cri\/contentimg\/2024\/10\/17\/2024101718483725347.jpeg\" alt=\"\" width=\"1000\" \/><\/p>\n<p>Para construir uma casa comum, s\u00e3o necess\u00e1rias uma base pol\u00edtica mais s\u00f3lida, garantias de seguran\u00e7a mais confi\u00e1veis, la\u00e7os econ\u00f4micos mais estreitos, v\u00ednculo emocional mais profundo e coopera\u00e7\u00e3o multilateral mais coordenada, disse o premi\u00ea.<\/p>\n<p>Li disse que a China est\u00e1 pronta para trabalhar com todas as partes para traduzir o consenso alcan\u00e7ado pelos chefes de Estado em a\u00e7\u00f5es efetivas e transformar em realidade a vis\u00e3o de construir uma casa comum caracterizada por solidariedade e confian\u00e7a m\u00fatua, paz e tranquilidade, prosperidade e desenvolvimento, boa vizinhan\u00e7a e amizade, bem como equidade e justi\u00e7a.<\/p>\n<p>Li apresentou quatro propostas para aprofundar a coopera\u00e7\u00e3o da OCS. Primeiro, fortalecer o alinhamento estrat\u00e9gico com base em miss\u00f5es e tarefas. Os Estados-membros da OCS devem formular a estrat\u00e9gia de desenvolvimento da OCS para a pr\u00f3xima d\u00e9cada, tra\u00e7ar um roteiro para a coopera\u00e7\u00e3o em v\u00e1rios campos, fortalecer a comunica\u00e7\u00e3o estrat\u00e9gica, eliminar diferen\u00e7as e aumentar a confian\u00e7a m\u00fatua por meio do di\u00e1logo.<\/p>\n<p>Segundo, expandir a coopera\u00e7\u00e3o pr\u00e1tica de acordo com as necessidades de desenvolvimento. Li solicitou aos Estados-membros da OCS a aprofundar a coopera\u00e7\u00e3o em campos como redu\u00e7\u00e3o da pobreza, economia digital e desenvolvimento verde, facilitar o com\u00e9rcio e o investimento regionais, aumentar a conectividade, manter cadeias industriais e de suprimentos est\u00e1veis e desimpedidas e promover o estabelecimento do Banco de Desenvolvimento da OCS.<\/p>\n<p>Terceiro, focar nos principais riscos e responder ativamente a eles. Os Estados-membros da OCS devem intensificar a\u00e7\u00f5es conjuntas para combater as &#8220;tr\u00eas for\u00e7as&#8221; e acelerar a constru\u00e7\u00e3o de um centro universal para abordar os desafios e amea\u00e7as \u00e0 seguran\u00e7a dos Estados-membros da OCS e do Centro Antidrogas, disse ele.<\/p>\n<p>Quarto, expandir os interc\u00e2mbios interpessoais em resposta \u00e0s expectativas do p\u00fablico. Os Estados-membros da OCS devem dar pleno uso ao Comit\u00ea de Boa Vizinhan\u00e7a, Amizade e Coopera\u00e7\u00e3o da OCS, construir a alian\u00e7a de educa\u00e7\u00e3o digital da OCS, organizar eventos sob programas exclusivos, como o F\u00f3rum de Amizade Interpessoal, e levar adiante e desenvolver a causa da amizade interpessoal, disse ele.<\/p>\n<p>Os participantes da reuni\u00e3o disseram que os Estados-membros da OCS, aderindo ao &#8220;Esp\u00edrito de Shanghai&#8221;, consolidaram continuamente o respeito e a confian\u00e7a m\u00fatuos, fortaleceram a amizade e a coopera\u00e7\u00e3o de boa vizinhan\u00e7a e melhoraram constantemente o n\u00edvel de integra\u00e7\u00e3o econ\u00f4mica regional, o que promoveu fortemente a paz, a estabilidade e o desenvolvimento regionais.<\/p>\n<p>Diante de um ambiente internacional complexo e vol\u00e1til, todas as partes precisam implementar ativamente os resultados da C\u00fapula de Astana, trabalhar em estreita colabora\u00e7\u00e3o com solidariedade e coordena\u00e7\u00e3o e fortalecer a sinergia entre a Iniciativa Cintur\u00e3o e Rota e a Uni\u00e3o Econ\u00f4mica da Eur\u00e1sia, observaram.<\/p>\n<p>As partes tamb\u00e9m devem aprofundar a coopera\u00e7\u00e3o em economia e com\u00e9rcio, seguran\u00e7a, conectividade, energia, finan\u00e7as, desenvolvimento verde e redu\u00e7\u00e3o da pobreza, fortalecer os la\u00e7os interpessoais, praticar o multilateralismo genu\u00edno e defender conjuntamente a justi\u00e7a e a equidade internacionais, de modo a promover a paz duradoura e a prosperidade comum na regi\u00e3o e no mundo, acrescentaram.<\/p>\n<p>Li assinou e emitiu uma declara\u00e7\u00e3o conjunta com os l\u00edderes participantes dos Estados-membros da OCS e aprovou resolu\u00e7\u00f5es relevantes relacionadas ao desenvolvimento da OCS.<\/p>\n<p>Os participantes da reuni\u00e3o tamb\u00e9m inclu\u00edram o primeiro-ministro bielorrusso, Roman Golovchenko, o primeiro-ministro do Cazaquist\u00e3o, Olzhas Bektenov, o primeiro-ministro do Quirguist\u00e3o, Akylbek Japarov, o primeiro-ministro russo, Mikhail Mishustin, o primeiro-ministro tadjique, Kokhir Rasulzoda, o primeiro-ministro uzbeque, Abdulla Aripov, o ministro das Rela\u00e7\u00f5es Exteriores da \u00cdndia, Subrahmanyam Jaishankar, o ministro iraniano da Ind\u00fastria, Com\u00e9rcio e Minera\u00e7\u00e3o, Seyed Mohammad Atabak, e o primeiro-ministro da Mong\u00f3lia, Luvsannamsrai Oyun-Erdene.<\/p>\n<p>O convidado do pa\u00eds anfitri\u00e3o, o vice-primeiro-ministro e ministro das Rela\u00e7\u00f5es Exteriores do Turcomenist\u00e3o, Rashid Meredov, tamb\u00e9m participou, com a reuni\u00e3o presidida pelo primeiro-ministro paquistan\u00eas Shehbaz Sharif.<\/p>\n","protected":false},"excerpt":{"rendered":"<p>O primeiro-ministro chin\u00eas, Li Qiang, pediu nesta quarta-feira o aprofundamento e a expans\u00e3o da coopera\u00e7\u00e3o dentro da Organiza\u00e7\u00e3o de Coopera\u00e7\u00e3o de Shanghai (OCS) durante a 23\u00aa Reuni\u00e3o do Conselho de Chefes de Governo dos Estados-Membros da OCS. A OCS \u00e9&#8230;<\/p>\n","protected":false},"author":2,"featured_media":0,"comment_status":"open","ping_status":"open","sticky":false,"template":"","format":"standard","meta":{"footnotes":""},"categories":[3],"tags":[],"class_list":["post-7037","post","type-post","status-publish","format-standard","hentry","category-china"],"yoast_head":"<!-- This site is optimized with the Yoast SEO plugin v27.4 - https:\/\/yoast.com\/product\/yoast-seo-wordpress\/ -->\n<title>Primeiro-ministro chin\u00eas pede aprofundamento da coopera\u00e7\u00e3o da OCS - CRI e Diario de Pernambuco<\/title>\n<meta name=\"robots\" content=\"index, follow, max-snippet:-1, max-image-preview:large, max-video-preview:-1\" \/>\n<link rel=\"canonical\" href=\"https:\/\/diariodepe.com.br\/cri\/2024\/12\/11\/primeiro-ministro-chines-pede-aprofundamento-da-cooperacao-da-ocs-2\/\" \/>\n<meta property=\"og:locale\" content=\"pt_BR\" \/>\n<meta property=\"og:type\" content=\"article\" \/>\n<meta property=\"og:title\" content=\"Primeiro-ministro chin\u00eas pede aprofundamento da coopera\u00e7\u00e3o da OCS - CRI e Diario de Pernambuco\" \/>\n<meta property=\"og:description\" content=\"O primeiro-ministro chin\u00eas, Li Qiang, pediu nesta quarta-feira o aprofundamento e a expans\u00e3o da coopera\u00e7\u00e3o dentro da Organiza\u00e7\u00e3o de Coopera\u00e7\u00e3o de Shanghai (OCS) durante a 23\u00aa Reuni\u00e3o do Conselho de Chefes de Governo dos Estados-Membros da OCS. A OCS \u00e9...\" \/>\n<meta property=\"og:url\" content=\"https:\/\/diariodepe.com.br\/cri\/2024\/12\/11\/primeiro-ministro-chines-pede-aprofundamento-da-cooperacao-da-ocs-2\/\" \/>\n<meta property=\"og:site_name\" content=\"CRI e Diario de Pernambuco\" \/>\n<meta property=\"article:published_time\" content=\"2024-12-11T06:38:08+00:00\" \/>\n<meta property=\"og:image\" content=\"https:\/\/p5crires.cri.cn\/photoworkspace\/cri\/contentimg\/2024\/10\/17\/2024101718483725347.jpeg\" \/>\n<meta name=\"author\" content=\"Ismael Lucas S. Pereira\" \/>\n<meta name=\"twitter:card\" content=\"summary_large_image\" \/>\n<meta name=\"twitter:label1\" content=\"Escrito por\" \/>\n\t<meta name=\"twitter:data1\" content=\"Ismael Lucas S. Pereira\" \/>\n\t<meta name=\"twitter:label2\" content=\"Est. tempo de leitura\" \/>\n\t<meta name=\"twitter:data2\" content=\"5 minutos\" \/>\n<script type=\"application\/ld+json\" class=\"yoast-schema-graph\">{\"@context\":\"https:\\\/\\\/schema.org\",\"@graph\":[{\"@type\":\"Article\",\"@id\":\"https:\\\/\\\/diariodepe.com.br\\\/cri\\\/2024\\\/12\\\/11\\\/primeiro-ministro-chines-pede-aprofundamento-da-cooperacao-da-ocs-2\\\/#article\",\"isPartOf\":{\"@id\":\"https:\\\/\\\/diariodepe.com.br\\\/cri\\\/2024\\\/12\\\/11\\\/primeiro-ministro-chines-pede-aprofundamento-da-cooperacao-da-ocs-2\\\/\"},\"author\":{\"name\":\"Ismael Lucas S. Pereira\",\"@id\":\"https:\\\/\\\/diariodepe.com.br\\\/cri\\\/#\\\/schema\\\/person\\\/121bb28d84f1a5b1205ef4ce9c2e0c6b\"},\"headline\":\"Primeiro-ministro chin\u00eas pede aprofundamento da coopera\u00e7\u00e3o da OCS\",\"datePublished\":\"2024-12-11T06:38:08+00:00\",\"mainEntityOfPage\":{\"@id\":\"https:\\\/\\\/diariodepe.com.br\\\/cri\\\/2024\\\/12\\\/11\\\/primeiro-ministro-chines-pede-aprofundamento-da-cooperacao-da-ocs-2\\\/\"},\"wordCount\":828,\"commentCount\":0,\"publisher\":{\"@id\":\"https:\\\/\\\/diariodepe.com.br\\\/cri\\\/#organization\"},\"image\":{\"@id\":\"https:\\\/\\\/diariodepe.com.br\\\/cri\\\/2024\\\/12\\\/11\\\/primeiro-ministro-chines-pede-aprofundamento-da-cooperacao-da-ocs-2\\\/#primaryimage\"},\"thumbnailUrl\":\"https:\\\/\\\/p5crires.cri.cn\\\/photoworkspace\\\/cri\\\/contentimg\\\/2024\\\/10\\\/17\\\/2024101718483725347.jpeg\",\"articleSection\":[\"China\"],\"inLanguage\":\"pt-BR\",\"potentialAction\":[{\"@type\":\"CommentAction\",\"name\":\"Comment\",\"target\":[\"https:\\\/\\\/diariodepe.com.br\\\/cri\\\/2024\\\/12\\\/11\\\/primeiro-ministro-chines-pede-aprofundamento-da-cooperacao-da-ocs-2\\\/#respond\"]}]},{\"@type\":\"WebPage\",\"@id\":\"https:\\\/\\\/diariodepe.com.br\\\/cri\\\/2024\\\/12\\\/11\\\/primeiro-ministro-chines-pede-aprofundamento-da-cooperacao-da-ocs-2\\\/\",\"url\":\"https:\\\/\\\/diariodepe.com.br\\\/cri\\\/2024\\\/12\\\/11\\\/primeiro-ministro-chines-pede-aprofundamento-da-cooperacao-da-ocs-2\\\/\",\"name\":\"Primeiro-ministro chin\u00eas pede aprofundamento da coopera\u00e7\u00e3o da OCS - CRI e Diario de Pernambuco\",\"isPartOf\":{\"@id\":\"https:\\\/\\\/diariodepe.com.br\\\/cri\\\/#website\"},\"primaryImageOfPage\":{\"@id\":\"https:\\\/\\\/diariodepe.com.br\\\/cri\\\/2024\\\/12\\\/11\\\/primeiro-ministro-chines-pede-aprofundamento-da-cooperacao-da-ocs-2\\\/#primaryimage\"},\"image\":{\"@id\":\"https:\\\/\\\/diariodepe.com.br\\\/cri\\\/2024\\\/12\\\/11\\\/primeiro-ministro-chines-pede-aprofundamento-da-cooperacao-da-ocs-2\\\/#primaryimage\"},\"thumbnailUrl\":\"https:\\\/\\\/p5crires.cri.cn\\\/photoworkspace\\\/cri\\\/contentimg\\\/2024\\\/10\\\/17\\\/2024101718483725347.jpeg\",\"datePublished\":\"2024-12-11T06:38:08+00:00\",\"breadcrumb\":{\"@id\":\"https:\\\/\\\/diariodepe.com.br\\\/cri\\\/2024\\\/12\\\/11\\\/primeiro-ministro-chines-pede-aprofundamento-da-cooperacao-da-ocs-2\\\/#breadcrumb\"},\"inLanguage\":\"pt-BR\",\"potentialAction\":[{\"@type\":\"ReadAction\",\"target\":[\"https:\\\/\\\/diariodepe.com.br\\\/cri\\\/2024\\\/12\\\/11\\\/primeiro-ministro-chines-pede-aprofundamento-da-cooperacao-da-ocs-2\\\/\"]}]},{\"@type\":\"ImageObject\",\"inLanguage\":\"pt-BR\",\"@id\":\"https:\\\/\\\/diariodepe.com.br\\\/cri\\\/2024\\\/12\\\/11\\\/primeiro-ministro-chines-pede-aprofundamento-da-cooperacao-da-ocs-2\\\/#primaryimage\",\"url\":\"https:\\\/\\\/p5crires.cri.cn\\\/photoworkspace\\\/cri\\\/contentimg\\\/2024\\\/10\\\/17\\\/2024101718483725347.jpeg\",\"contentUrl\":\"https:\\\/\\\/p5crires.cri.cn\\\/photoworkspace\\\/cri\\\/contentimg\\\/2024\\\/10\\\/17\\\/2024101718483725347.jpeg\"},{\"@type\":\"BreadcrumbList\",\"@id\":\"https:\\\/\\\/diariodepe.com.br\\\/cri\\\/2024\\\/12\\\/11\\\/primeiro-ministro-chines-pede-aprofundamento-da-cooperacao-da-ocs-2\\\/#breadcrumb\",\"itemListElement\":[{\"@type\":\"ListItem\",\"position\":1,\"name\":\"In\u00edcio\",\"item\":\"https:\\\/\\\/diariodepe.com.br\\\/cri\\\/\"},{\"@type\":\"ListItem\",\"position\":2,\"name\":\"Primeiro-ministro chin\u00eas pede aprofundamento da coopera\u00e7\u00e3o da OCS\"}]},{\"@type\":\"WebSite\",\"@id\":\"https:\\\/\\\/diariodepe.com.br\\\/cri\\\/#website\",\"url\":\"https:\\\/\\\/diariodepe.com.br\\\/cri\\\/\",\"name\":\"CRI e Diario de Pernambuco\",\"description\":\"R\u00e1dio Internacional da China\",\"publisher\":{\"@id\":\"https:\\\/\\\/diariodepe.com.br\\\/cri\\\/#organization\"},\"potentialAction\":[{\"@type\":\"SearchAction\",\"target\":{\"@type\":\"EntryPoint\",\"urlTemplate\":\"https:\\\/\\\/diariodepe.com.br\\\/cri\\\/?s={search_term_string}\"},\"query-input\":{\"@type\":\"PropertyValueSpecification\",\"valueRequired\":true,\"valueName\":\"search_term_string\"}}],\"inLanguage\":\"pt-BR\"},{\"@type\":\"Organization\",\"@id\":\"https:\\\/\\\/diariodepe.com.br\\\/cri\\\/#organization\",\"name\":\"CRI e Diario de Pernambuco\",\"url\":\"https:\\\/\\\/diariodepe.com.br\\\/cri\\\/\",\"logo\":{\"@type\":\"ImageObject\",\"inLanguage\":\"pt-BR\",\"@id\":\"https:\\\/\\\/diariodepe.com.br\\\/cri\\\/#\\\/schema\\\/logo\\\/image\\\/\",\"url\":\"https:\\\/\\\/diariodepe.com.br\\\/cri\\\/wp-content\\\/uploads\\\/sites\\\/2\\\/2022\\\/12\\\/cropped-Logo.jpg\",\"contentUrl\":\"https:\\\/\\\/diariodepe.com.br\\\/cri\\\/wp-content\\\/uploads\\\/sites\\\/2\\\/2022\\\/12\\\/cropped-Logo.jpg\",\"width\":700,\"height\":59,\"caption\":\"CRI e Diario de Pernambuco\"},\"image\":{\"@id\":\"https:\\\/\\\/diariodepe.com.br\\\/cri\\\/#\\\/schema\\\/logo\\\/image\\\/\"}},{\"@type\":\"Person\",\"@id\":\"https:\\\/\\\/diariodepe.com.br\\\/cri\\\/#\\\/schema\\\/person\\\/121bb28d84f1a5b1205ef4ce9c2e0c6b\",\"name\":\"Ismael Lucas S. Pereira\",\"image\":{\"@type\":\"ImageObject\",\"inLanguage\":\"pt-BR\",\"@id\":\"https:\\\/\\\/secure.gravatar.com\\\/avatar\\\/887a0f3b5a7ceea963a48499fb883ffce6b5037362def025c52c2505b15d63e4?s=96&d=mm&r=g\",\"url\":\"https:\\\/\\\/secure.gravatar.com\\\/avatar\\\/887a0f3b5a7ceea963a48499fb883ffce6b5037362def025c52c2505b15d63e4?s=96&d=mm&r=g\",\"contentUrl\":\"https:\\\/\\\/secure.gravatar.com\\\/avatar\\\/887a0f3b5a7ceea963a48499fb883ffce6b5037362def025c52c2505b15d63e4?s=96&d=mm&r=g\",\"caption\":\"Ismael Lucas S. Pereira\"},\"url\":\"https:\\\/\\\/diariodepe.com.br\\\/cri\\\/author\\\/ismael-lucas\\\/\"}]}<\/script>\n<!-- \/ Yoast SEO plugin. -->","yoast_head_json":{"title":"Primeiro-ministro chin\u00eas pede aprofundamento da coopera\u00e7\u00e3o da OCS - CRI e Diario de Pernambuco","robots":{"index":"index","follow":"follow","max-snippet":"max-snippet:-1","max-image-preview":"max-image-preview:large","max-video-preview":"max-video-preview:-1"},"canonical":"https:\/\/diariodepe.com.br\/cri\/2024\/12\/11\/primeiro-ministro-chines-pede-aprofundamento-da-cooperacao-da-ocs-2\/","og_locale":"pt_BR","og_type":"article","og_title":"Primeiro-ministro chin\u00eas pede aprofundamento da coopera\u00e7\u00e3o da OCS - CRI e Diario de Pernambuco","og_description":"O primeiro-ministro chin\u00eas, Li Qiang, pediu nesta quarta-feira o aprofundamento e a expans\u00e3o da coopera\u00e7\u00e3o dentro da Organiza\u00e7\u00e3o de Coopera\u00e7\u00e3o de Shanghai (OCS) durante a 23\u00aa Reuni\u00e3o do Conselho de Chefes de Governo dos Estados-Membros da OCS. A OCS \u00e9...","og_url":"https:\/\/diariodepe.com.br\/cri\/2024\/12\/11\/primeiro-ministro-chines-pede-aprofundamento-da-cooperacao-da-ocs-2\/","og_site_name":"CRI e Diario de Pernambuco","article_published_time":"2024-12-11T06:38:08+00:00","og_image":[{"url":"https:\/\/p5crires.cri.cn\/photoworkspace\/cri\/contentimg\/2024\/10\/17\/2024101718483725347.jpeg","type":"","width":"","height":""}],"author":"Ismael Lucas S. Pereira","twitter_card":"summary_large_image","twitter_misc":{"Escrito por":"Ismael Lucas S. Pereira","Est. tempo de leitura":"5 minutos"},"schema":{"@context":"https:\/\/schema.org","@graph":[{"@type":"Article","@id":"https:\/\/diariodepe.com.br\/cri\/2024\/12\/11\/primeiro-ministro-chines-pede-aprofundamento-da-cooperacao-da-ocs-2\/#article","isPartOf":{"@id":"https:\/\/diariodepe.com.br\/cri\/2024\/12\/11\/primeiro-ministro-chines-pede-aprofundamento-da-cooperacao-da-ocs-2\/"},"author":{"name":"Ismael Lucas S. Pereira","@id":"https:\/\/diariodepe.com.br\/cri\/#\/schema\/person\/121bb28d84f1a5b1205ef4ce9c2e0c6b"},"headline":"Primeiro-ministro chin\u00eas pede aprofundamento da coopera\u00e7\u00e3o da OCS","datePublished":"2024-12-11T06:38:08+00:00","mainEntityOfPage":{"@id":"https:\/\/diariodepe.com.br\/cri\/2024\/12\/11\/primeiro-ministro-chines-pede-aprofundamento-da-cooperacao-da-ocs-2\/"},"wordCount":828,"commentCount":0,"publisher":{"@id":"https:\/\/diariodepe.com.br\/cri\/#organization"},"image":{"@id":"https:\/\/diariodepe.com.br\/cri\/2024\/12\/11\/primeiro-ministro-chines-pede-aprofundamento-da-cooperacao-da-ocs-2\/#primaryimage"},"thumbnailUrl":"https:\/\/p5crires.cri.cn\/photoworkspace\/cri\/contentimg\/2024\/10\/17\/2024101718483725347.jpeg","articleSection":["China"],"inLanguage":"pt-BR","potentialAction":[{"@type":"CommentAction","name":"Comment","target":["https:\/\/diariodepe.com.br\/cri\/2024\/12\/11\/primeiro-ministro-chines-pede-aprofundamento-da-cooperacao-da-ocs-2\/#respond"]}]},{"@type":"WebPage","@id":"https:\/\/diariodepe.com.br\/cri\/2024\/12\/11\/primeiro-ministro-chines-pede-aprofundamento-da-cooperacao-da-ocs-2\/","url":"https:\/\/diariodepe.com.br\/cri\/2024\/12\/11\/primeiro-ministro-chines-pede-aprofundamento-da-cooperacao-da-ocs-2\/","name":"Primeiro-ministro chin\u00eas pede aprofundamento da coopera\u00e7\u00e3o da OCS - CRI e Diario de Pernambuco","isPartOf":{"@id":"https:\/\/diariodepe.com.br\/cri\/#website"},"primaryImageOfPage":{"@id":"https:\/\/diariodepe.com.br\/cri\/2024\/12\/11\/primeiro-ministro-chines-pede-aprofundamento-da-cooperacao-da-ocs-2\/#primaryimage"},"image":{"@id":"https:\/\/diariodepe.com.br\/cri\/2024\/12\/11\/primeiro-ministro-chines-pede-aprofundamento-da-cooperacao-da-ocs-2\/#primaryimage"},"thumbnailUrl":"https:\/\/p5crires.cri.cn\/photoworkspace\/cri\/contentimg\/2024\/10\/17\/2024101718483725347.jpeg","datePublished":"2024-12-11T06:38:08+00:00","breadcrumb":{"@id":"https:\/\/diariodepe.com.br\/cri\/2024\/12\/11\/primeiro-ministro-chines-pede-aprofundamento-da-cooperacao-da-ocs-2\/#breadcrumb"},"inLanguage":"pt-BR","potentialAction":[{"@type":"ReadAction","target":["https:\/\/diariodepe.com.br\/cri\/2024\/12\/11\/primeiro-ministro-chines-pede-aprofundamento-da-cooperacao-da-ocs-2\/"]}]},{"@type":"ImageObject","inLanguage":"pt-BR","@id":"https:\/\/diariodepe.com.br\/cri\/2024\/12\/11\/primeiro-ministro-chines-pede-aprofundamento-da-cooperacao-da-ocs-2\/#primaryimage","url":"https:\/\/p5crires.cri.cn\/photoworkspace\/cri\/contentimg\/2024\/10\/17\/2024101718483725347.jpeg","contentUrl":"https:\/\/p5crires.cri.cn\/photoworkspace\/cri\/contentimg\/2024\/10\/17\/2024101718483725347.jpeg"},{"@type":"BreadcrumbList","@id":"https:\/\/diariodepe.com.br\/cri\/2024\/12\/11\/primeiro-ministro-chines-pede-aprofundamento-da-cooperacao-da-ocs-2\/#breadcrumb","itemListElement":[{"@type":"ListItem","position":1,"name":"In\u00edcio","item":"https:\/\/diariodepe.com.br\/cri\/"},{"@type":"ListItem","position":2,"name":"Primeiro-ministro chin\u00eas pede aprofundamento da coopera\u00e7\u00e3o da OCS"}]},{"@type":"WebSite","@id":"https:\/\/diariodepe.com.br\/cri\/#website","url":"https:\/\/diariodepe.com.br\/cri\/","name":"CRI e Diario de Pernambuco","description":"R\u00e1dio Internacional da China","publisher":{"@id":"https:\/\/diariodepe.com.br\/cri\/#organization"},"potentialAction":[{"@type":"SearchAction","target":{"@type":"EntryPoint","urlTemplate":"https:\/\/diariodepe.com.br\/cri\/?s={search_term_string}"},"query-input":{"@type":"PropertyValueSpecification","valueRequired":true,"valueName":"search_term_string"}}],"inLanguage":"pt-BR"},{"@type":"Organization","@id":"https:\/\/diariodepe.com.br\/cri\/#organization","name":"CRI e Diario de Pernambuco","url":"https:\/\/diariodepe.com.br\/cri\/","logo":{"@type":"ImageObject","inLanguage":"pt-BR","@id":"https:\/\/diariodepe.com.br\/cri\/#\/schema\/logo\/image\/","url":"https:\/\/diariodepe.com.br\/cri\/wp-content\/uploads\/sites\/2\/2022\/12\/cropped-Logo.jpg","contentUrl":"https:\/\/diariodepe.com.br\/cri\/wp-content\/uploads\/sites\/2\/2022\/12\/cropped-Logo.jpg","width":700,"height":59,"caption":"CRI e Diario de Pernambuco"},"image":{"@id":"https:\/\/diariodepe.com.br\/cri\/#\/schema\/logo\/image\/"}},{"@type":"Person","@id":"https:\/\/diariodepe.com.br\/cri\/#\/schema\/person\/121bb28d84f1a5b1205ef4ce9c2e0c6b","name":"Ismael Lucas S. Pereira","image":{"@type":"ImageObject","inLanguage":"pt-BR","@id":"https:\/\/secure.gravatar.com\/avatar\/887a0f3b5a7ceea963a48499fb883ffce6b5037362def025c52c2505b15d63e4?s=96&d=mm&r=g","url":"https:\/\/secure.gravatar.com\/avatar\/887a0f3b5a7ceea963a48499fb883ffce6b5037362def025c52c2505b15d63e4?s=96&d=mm&r=g","contentUrl":"https:\/\/secure.gravatar.com\/avatar\/887a0f3b5a7ceea963a48499fb883ffce6b5037362def025c52c2505b15d63e4?s=96&d=mm&r=g","caption":"Ismael Lucas S. Pereira"},"url":"https:\/\/diariodepe.com.br\/cri\/author\/ismael-lucas\/"}]}},"cc_featured_image_caption":{"caption_text":false,"source_text":false,"source_url":false},"amp_enabled":true,"_links":{"self":[{"href":"https:\/\/diariodepe.com.br\/cri\/wp-json\/wp\/v2\/posts\/7037","targetHints":{"allow":["GET"]}}],"collection":[{"href":"https:\/\/diariodepe.com.br\/cri\/wp-json\/wp\/v2\/posts"}],"about":[{"href":"https:\/\/diariodepe.com.br\/cri\/wp-json\/wp\/v2\/types\/post"}],"author":[{"embeddable":true,"href":"https:\/\/diariodepe.com.br\/cri\/wp-json\/wp\/v2\/users\/2"}],"replies":[{"embeddable":true,"href":"https:\/\/diariodepe.com.br\/cri\/wp-json\/wp\/v2\/comments?post=7037"}],"version-history":[{"count":1,"href":"https:\/\/diariodepe.com.br\/cri\/wp-json\/wp\/v2\/posts\/7037\/revisions"}],"predecessor-version":[{"id":7038,"href":"https:\/\/diariodepe.com.br\/cri\/wp-json\/wp\/v2\/posts\/7037\/revisions\/7038"}],"wp:attachment":[{"href":"https:\/\/diariodepe.com.br\/cri\/wp-json\/wp\/v2\/media?parent=7037"}],"wp:term":[{"taxonomy":"category","embeddable":true,"href":"https:\/\/diariodepe.com.br\/cri\/wp-json\/wp\/v2\/categories?post=7037"},{"taxonomy":"post_tag","embeddable":true,"href":"https:\/\/diariodepe.com.br\/cri\/wp-json\/wp\/v2\/tags?post=7037"}],"curies":[{"name":"wp","href":"https:\/\/api.w.org\/{rel}","templated":true}]}}