{"id":7025,"date":"2024-12-11T03:34:38","date_gmt":"2024-12-11T06:34:38","guid":{"rendered":"https:\/\/diariodepe.com.br\/cri\/?p=7025"},"modified":"2024-12-11T03:34:38","modified_gmt":"2024-12-11T06:34:38","slug":"136a-feira-de-cantao-e-aberta-trazendo-oportunidades-de-mercado-mais-amplas-para-parceiros-comerciais-2","status":"publish","type":"post","link":"https:\/\/diariodepe.com.br\/cri\/2024\/12\/11\/136a-feira-de-cantao-e-aberta-trazendo-oportunidades-de-mercado-mais-amplas-para-parceiros-comerciais-2\/","title":{"rendered":"136\u00aa Feira de Cant\u00e3o \u00e9 aberta, trazendo oportunidades de mercado mais amplas para parceiros comerciais"},"content":{"rendered":"<p data-spm-anchor-id=\"0.0.0.i1\">A 136\u00aa Feira de Importa\u00e7\u00e3o e Exporta\u00e7\u00e3o da China, popularmente conhecida como Feira de Cant\u00e3o, teve in\u00edcio em Guangzhou, capital da Prov\u00edncia de Guangdong, no sul da China, nesta ter\u00e7a-feira.<\/p>\n<p>Com o tema &#8220;Servindo ao desenvolvimento de alta qualidade, promovendo a abertura de alto n\u00edvel&#8221;, esta edi\u00e7\u00e3o da feira apresenta mais de 30 mil expositores com 1,15 milh\u00e3o de novos produtos.<\/p>\n<p>Muitas novas empresas, produtos, tecnologias e modelos de neg\u00f3cios est\u00e3o fazendo sua estreia, atraindo 147 mil compradores estrangeiros que se pr\u00e9-registraram para a feira.<\/p>\n<p>De acordo com Chu Shijia, diretor do Centro de Com\u00e9rcio Exterior da China, mais de 8 mil expositores foram reconhecidos como empresas nacionais de alta tecnologia, &#8220;pequenos gigantes&#8221; especializados em setores de nicho ou campe\u00f5es de fabrica\u00e7\u00e3o, representando um aumento de mais de 40% em rela\u00e7\u00e3o \u00e0 edi\u00e7\u00e3o anterior da Feira de Cant\u00e3o.<\/p>\n<p>Cerca de 390 mil produtos digitais e inteligentes ser\u00e3o exibidos, um aumento de 300% em compara\u00e7\u00e3o com a 135\u00aa Feira de Cant\u00e3o, enquanto o n\u00famero de produtos ecol\u00f3gicos e de baixo carbono aumentar\u00e1 em 130%, para 1,04 milh\u00e3o.<\/p>\n<p>Uma pesquisa realizada antes da feira pelos organizadores indicou que 94% dos expositores trariam novos produtos e 64,8% apresentariam produtos com direitos de propriedade intelectual independentes. Mais de 1 milh\u00e3o de novos itens e produtos com direitos de propriedade intelectual est\u00e3o em exibi\u00e7\u00e3o, juntamente com uma variedade de rob\u00f4s humanoides, dispositivos inteligentes e produtos n\u00e3o tripulados que fazem sua estreia na feira.<\/p>\n<p>A plataforma online da 136\u00aa Feira de Cant\u00e3o foi ainda mais otimizada, com um host digital virtual e um aplicativo dedicado \u00e0 Feira de Cant\u00e3o.<\/p>\n<p>A escala da exposi\u00e7\u00e3o online expandiu-se significativamente, com cerca de 48 mil empresas enviando aproximadamente 3,75 milh\u00f5es de produtos para a plataforma, um aumento de 60% e 50%, respectivamente, em compara\u00e7\u00e3o com a feira anterior, ambos m\u00e1ximos hist\u00f3ricos.<\/p>\n<p>At\u00e9 segunda-feira, compradores de 209 pa\u00edses e regi\u00f5es haviam se pr\u00e9-registrado para o evento. Al\u00e9m disso, 241 dos 250 maiores varejistas do mundo e as principais corpora\u00e7\u00f5es multinacionais est\u00e3o participando da feira.<\/p>\n<p>&#8220;Com base em indicadores como pr\u00e9-registros, reservas de hot\u00e9is e reservas de voos, espera-se uma maior participa\u00e7\u00e3o de compradores estrangeiros na 136\u00aa Feira de Cant\u00e3o&#8221;, disse Chu.<\/p>\n<p>A feira destaca o desenvolvimento de alta qualidade dos produtos e marcas chineses, e a China est\u00e1 confiante em sua capacidade de oferecer mais e melhores produtos &#8211; tanto &#8220;fabricados na China&#8221; quanto &#8220;criados na China&#8221; &#8211; para o mundo, observou Chu.<\/p>\n<p>A feira ser\u00e1 realizada em tr\u00eas fases, entre 15 de outubro e 4 de novembro, e contar\u00e1 com 55 \u00e1reas de exposi\u00e7\u00e3o, cobrindo 1,55 milh\u00e3o de metros quadrados. A primeira fase, que vai de 15 a 19 de outubro, apresentar\u00e1 novos t\u00f3picos, como energia de hidrog\u00eanio, e contar\u00e1 com uma \u00e1rea dedicada a produtos de armazenamento de energia, atraindo mais de 110 novas empresas de energia.<\/p>\n<p>Lan\u00e7ada em 1957 e realizada duas vezes por ano, a Feira de Cant\u00e3o \u00e9 considerada um importante indicador do com\u00e9rcio exterior da China.<\/p>\n","protected":false},"excerpt":{"rendered":"<p>A 136\u00aa Feira de Importa\u00e7\u00e3o e Exporta\u00e7\u00e3o da China, popularmente conhecida como Feira de Cant\u00e3o, teve in\u00edcio em Guangzhou, capital da Prov\u00edncia de Guangdong, no sul da China, nesta ter\u00e7a-feira. Com o tema &#8220;Servindo ao desenvolvimento de alta qualidade, promovendo&#8230;<\/p>\n","protected":false},"author":2,"featured_media":0,"comment_status":"open","ping_status":"open","sticky":false,"template":"","format":"standard","meta":{"footnotes":""},"categories":[3],"tags":[],"class_list":["post-7025","post","type-post","status-publish","format-standard","hentry","category-china"],"yoast_head":"<!-- This site is optimized with the Yoast SEO plugin v27.4 - https:\/\/yoast.com\/product\/yoast-seo-wordpress\/ -->\n<title>136\u00aa Feira de Cant\u00e3o \u00e9 aberta, trazendo oportunidades de mercado mais amplas para parceiros comerciais - CRI e Diario de Pernambuco<\/title>\n<meta name=\"robots\" content=\"index, follow, max-snippet:-1, max-image-preview:large, max-video-preview:-1\" \/>\n<link rel=\"canonical\" href=\"https:\/\/diariodepe.com.br\/cri\/2024\/12\/11\/136a-feira-de-cantao-e-aberta-trazendo-oportunidades-de-mercado-mais-amplas-para-parceiros-comerciais-2\/\" \/>\n<meta property=\"og:locale\" content=\"pt_BR\" \/>\n<meta property=\"og:type\" content=\"article\" \/>\n<meta property=\"og:title\" content=\"136\u00aa Feira de Cant\u00e3o \u00e9 aberta, trazendo oportunidades de mercado mais amplas para parceiros comerciais - CRI e Diario de Pernambuco\" \/>\n<meta property=\"og:description\" content=\"A 136\u00aa Feira de Importa\u00e7\u00e3o e Exporta\u00e7\u00e3o da China, popularmente conhecida como Feira de Cant\u00e3o, teve in\u00edcio em Guangzhou, capital da Prov\u00edncia de Guangdong, no sul da China, nesta ter\u00e7a-feira. Com o tema &#8220;Servindo ao desenvolvimento de alta qualidade, promovendo...\" \/>\n<meta property=\"og:url\" content=\"https:\/\/diariodepe.com.br\/cri\/2024\/12\/11\/136a-feira-de-cantao-e-aberta-trazendo-oportunidades-de-mercado-mais-amplas-para-parceiros-comerciais-2\/\" \/>\n<meta property=\"og:site_name\" content=\"CRI e Diario de Pernambuco\" \/>\n<meta property=\"article:published_time\" content=\"2024-12-11T06:34:38+00:00\" \/>\n<meta name=\"author\" content=\"Ismael Lucas S. Pereira\" \/>\n<meta name=\"twitter:card\" content=\"summary_large_image\" \/>\n<meta name=\"twitter:label1\" content=\"Escrito por\" \/>\n\t<meta name=\"twitter:data1\" content=\"Ismael Lucas S. Pereira\" \/>\n\t<meta name=\"twitter:label2\" content=\"Est. tempo de leitura\" \/>\n\t<meta name=\"twitter:data2\" content=\"3 minutos\" \/>\n<script type=\"application\/ld+json\" class=\"yoast-schema-graph\">{\"@context\":\"https:\\\/\\\/schema.org\",\"@graph\":[{\"@type\":\"Article\",\"@id\":\"https:\\\/\\\/diariodepe.com.br\\\/cri\\\/2024\\\/12\\\/11\\\/136a-feira-de-cantao-e-aberta-trazendo-oportunidades-de-mercado-mais-amplas-para-parceiros-comerciais-2\\\/#article\",\"isPartOf\":{\"@id\":\"https:\\\/\\\/diariodepe.com.br\\\/cri\\\/2024\\\/12\\\/11\\\/136a-feira-de-cantao-e-aberta-trazendo-oportunidades-de-mercado-mais-amplas-para-parceiros-comerciais-2\\\/\"},\"author\":{\"name\":\"Ismael Lucas S. Pereira\",\"@id\":\"https:\\\/\\\/diariodepe.com.br\\\/cri\\\/#\\\/schema\\\/person\\\/121bb28d84f1a5b1205ef4ce9c2e0c6b\"},\"headline\":\"136\u00aa Feira de Cant\u00e3o \u00e9 aberta, trazendo oportunidades de mercado mais amplas para parceiros comerciais\",\"datePublished\":\"2024-12-11T06:34:38+00:00\",\"mainEntityOfPage\":{\"@id\":\"https:\\\/\\\/diariodepe.com.br\\\/cri\\\/2024\\\/12\\\/11\\\/136a-feira-de-cantao-e-aberta-trazendo-oportunidades-de-mercado-mais-amplas-para-parceiros-comerciais-2\\\/\"},\"wordCount\":525,\"commentCount\":0,\"publisher\":{\"@id\":\"https:\\\/\\\/diariodepe.com.br\\\/cri\\\/#organization\"},\"articleSection\":[\"China\"],\"inLanguage\":\"pt-BR\",\"potentialAction\":[{\"@type\":\"CommentAction\",\"name\":\"Comment\",\"target\":[\"https:\\\/\\\/diariodepe.com.br\\\/cri\\\/2024\\\/12\\\/11\\\/136a-feira-de-cantao-e-aberta-trazendo-oportunidades-de-mercado-mais-amplas-para-parceiros-comerciais-2\\\/#respond\"]}]},{\"@type\":\"WebPage\",\"@id\":\"https:\\\/\\\/diariodepe.com.br\\\/cri\\\/2024\\\/12\\\/11\\\/136a-feira-de-cantao-e-aberta-trazendo-oportunidades-de-mercado-mais-amplas-para-parceiros-comerciais-2\\\/\",\"url\":\"https:\\\/\\\/diariodepe.com.br\\\/cri\\\/2024\\\/12\\\/11\\\/136a-feira-de-cantao-e-aberta-trazendo-oportunidades-de-mercado-mais-amplas-para-parceiros-comerciais-2\\\/\",\"name\":\"136\u00aa Feira de Cant\u00e3o \u00e9 aberta, trazendo oportunidades de mercado mais amplas para parceiros comerciais - CRI e Diario de Pernambuco\",\"isPartOf\":{\"@id\":\"https:\\\/\\\/diariodepe.com.br\\\/cri\\\/#website\"},\"datePublished\":\"2024-12-11T06:34:38+00:00\",\"breadcrumb\":{\"@id\":\"https:\\\/\\\/diariodepe.com.br\\\/cri\\\/2024\\\/12\\\/11\\\/136a-feira-de-cantao-e-aberta-trazendo-oportunidades-de-mercado-mais-amplas-para-parceiros-comerciais-2\\\/#breadcrumb\"},\"inLanguage\":\"pt-BR\",\"potentialAction\":[{\"@type\":\"ReadAction\",\"target\":[\"https:\\\/\\\/diariodepe.com.br\\\/cri\\\/2024\\\/12\\\/11\\\/136a-feira-de-cantao-e-aberta-trazendo-oportunidades-de-mercado-mais-amplas-para-parceiros-comerciais-2\\\/\"]}]},{\"@type\":\"BreadcrumbList\",\"@id\":\"https:\\\/\\\/diariodepe.com.br\\\/cri\\\/2024\\\/12\\\/11\\\/136a-feira-de-cantao-e-aberta-trazendo-oportunidades-de-mercado-mais-amplas-para-parceiros-comerciais-2\\\/#breadcrumb\",\"itemListElement\":[{\"@type\":\"ListItem\",\"position\":1,\"name\":\"In\u00edcio\",\"item\":\"https:\\\/\\\/diariodepe.com.br\\\/cri\\\/\"},{\"@type\":\"ListItem\",\"position\":2,\"name\":\"136\u00aa Feira de Cant\u00e3o \u00e9 aberta, trazendo oportunidades de mercado mais amplas para parceiros comerciais\"}]},{\"@type\":\"WebSite\",\"@id\":\"https:\\\/\\\/diariodepe.com.br\\\/cri\\\/#website\",\"url\":\"https:\\\/\\\/diariodepe.com.br\\\/cri\\\/\",\"name\":\"CRI e Diario de Pernambuco\",\"description\":\"R\u00e1dio Internacional da China\",\"publisher\":{\"@id\":\"https:\\\/\\\/diariodepe.com.br\\\/cri\\\/#organization\"},\"potentialAction\":[{\"@type\":\"SearchAction\",\"target\":{\"@type\":\"EntryPoint\",\"urlTemplate\":\"https:\\\/\\\/diariodepe.com.br\\\/cri\\\/?s={search_term_string}\"},\"query-input\":{\"@type\":\"PropertyValueSpecification\",\"valueRequired\":true,\"valueName\":\"search_term_string\"}}],\"inLanguage\":\"pt-BR\"},{\"@type\":\"Organization\",\"@id\":\"https:\\\/\\\/diariodepe.com.br\\\/cri\\\/#organization\",\"name\":\"CRI e Diario de Pernambuco\",\"url\":\"https:\\\/\\\/diariodepe.com.br\\\/cri\\\/\",\"logo\":{\"@type\":\"ImageObject\",\"inLanguage\":\"pt-BR\",\"@id\":\"https:\\\/\\\/diariodepe.com.br\\\/cri\\\/#\\\/schema\\\/logo\\\/image\\\/\",\"url\":\"https:\\\/\\\/diariodepe.com.br\\\/cri\\\/wp-content\\\/uploads\\\/sites\\\/2\\\/2022\\\/12\\\/cropped-Logo.jpg\",\"contentUrl\":\"https:\\\/\\\/diariodepe.com.br\\\/cri\\\/wp-content\\\/uploads\\\/sites\\\/2\\\/2022\\\/12\\\/cropped-Logo.jpg\",\"width\":700,\"height\":59,\"caption\":\"CRI e Diario de Pernambuco\"},\"image\":{\"@id\":\"https:\\\/\\\/diariodepe.com.br\\\/cri\\\/#\\\/schema\\\/logo\\\/image\\\/\"}},{\"@type\":\"Person\",\"@id\":\"https:\\\/\\\/diariodepe.com.br\\\/cri\\\/#\\\/schema\\\/person\\\/121bb28d84f1a5b1205ef4ce9c2e0c6b\",\"name\":\"Ismael Lucas S. Pereira\",\"image\":{\"@type\":\"ImageObject\",\"inLanguage\":\"pt-BR\",\"@id\":\"https:\\\/\\\/secure.gravatar.com\\\/avatar\\\/887a0f3b5a7ceea963a48499fb883ffce6b5037362def025c52c2505b15d63e4?s=96&d=mm&r=g\",\"url\":\"https:\\\/\\\/secure.gravatar.com\\\/avatar\\\/887a0f3b5a7ceea963a48499fb883ffce6b5037362def025c52c2505b15d63e4?s=96&d=mm&r=g\",\"contentUrl\":\"https:\\\/\\\/secure.gravatar.com\\\/avatar\\\/887a0f3b5a7ceea963a48499fb883ffce6b5037362def025c52c2505b15d63e4?s=96&d=mm&r=g\",\"caption\":\"Ismael Lucas S. Pereira\"},\"url\":\"https:\\\/\\\/diariodepe.com.br\\\/cri\\\/author\\\/ismael-lucas\\\/\"}]}<\/script>\n<!-- \/ Yoast SEO plugin. -->","yoast_head_json":{"title":"136\u00aa Feira de Cant\u00e3o \u00e9 aberta, trazendo oportunidades de mercado mais amplas para parceiros comerciais - CRI e Diario de Pernambuco","robots":{"index":"index","follow":"follow","max-snippet":"max-snippet:-1","max-image-preview":"max-image-preview:large","max-video-preview":"max-video-preview:-1"},"canonical":"https:\/\/diariodepe.com.br\/cri\/2024\/12\/11\/136a-feira-de-cantao-e-aberta-trazendo-oportunidades-de-mercado-mais-amplas-para-parceiros-comerciais-2\/","og_locale":"pt_BR","og_type":"article","og_title":"136\u00aa Feira de Cant\u00e3o \u00e9 aberta, trazendo oportunidades de mercado mais amplas para parceiros comerciais - CRI e Diario de Pernambuco","og_description":"A 136\u00aa Feira de Importa\u00e7\u00e3o e Exporta\u00e7\u00e3o da China, popularmente conhecida como Feira de Cant\u00e3o, teve in\u00edcio em Guangzhou, capital da Prov\u00edncia de Guangdong, no sul da China, nesta ter\u00e7a-feira. Com o tema &#8220;Servindo ao desenvolvimento de alta qualidade, promovendo...","og_url":"https:\/\/diariodepe.com.br\/cri\/2024\/12\/11\/136a-feira-de-cantao-e-aberta-trazendo-oportunidades-de-mercado-mais-amplas-para-parceiros-comerciais-2\/","og_site_name":"CRI e Diario de Pernambuco","article_published_time":"2024-12-11T06:34:38+00:00","author":"Ismael Lucas S. Pereira","twitter_card":"summary_large_image","twitter_misc":{"Escrito por":"Ismael Lucas S. Pereira","Est. tempo de leitura":"3 minutos"},"schema":{"@context":"https:\/\/schema.org","@graph":[{"@type":"Article","@id":"https:\/\/diariodepe.com.br\/cri\/2024\/12\/11\/136a-feira-de-cantao-e-aberta-trazendo-oportunidades-de-mercado-mais-amplas-para-parceiros-comerciais-2\/#article","isPartOf":{"@id":"https:\/\/diariodepe.com.br\/cri\/2024\/12\/11\/136a-feira-de-cantao-e-aberta-trazendo-oportunidades-de-mercado-mais-amplas-para-parceiros-comerciais-2\/"},"author":{"name":"Ismael Lucas S. Pereira","@id":"https:\/\/diariodepe.com.br\/cri\/#\/schema\/person\/121bb28d84f1a5b1205ef4ce9c2e0c6b"},"headline":"136\u00aa Feira de Cant\u00e3o \u00e9 aberta, trazendo oportunidades de mercado mais amplas para parceiros comerciais","datePublished":"2024-12-11T06:34:38+00:00","mainEntityOfPage":{"@id":"https:\/\/diariodepe.com.br\/cri\/2024\/12\/11\/136a-feira-de-cantao-e-aberta-trazendo-oportunidades-de-mercado-mais-amplas-para-parceiros-comerciais-2\/"},"wordCount":525,"commentCount":0,"publisher":{"@id":"https:\/\/diariodepe.com.br\/cri\/#organization"},"articleSection":["China"],"inLanguage":"pt-BR","potentialAction":[{"@type":"CommentAction","name":"Comment","target":["https:\/\/diariodepe.com.br\/cri\/2024\/12\/11\/136a-feira-de-cantao-e-aberta-trazendo-oportunidades-de-mercado-mais-amplas-para-parceiros-comerciais-2\/#respond"]}]},{"@type":"WebPage","@id":"https:\/\/diariodepe.com.br\/cri\/2024\/12\/11\/136a-feira-de-cantao-e-aberta-trazendo-oportunidades-de-mercado-mais-amplas-para-parceiros-comerciais-2\/","url":"https:\/\/diariodepe.com.br\/cri\/2024\/12\/11\/136a-feira-de-cantao-e-aberta-trazendo-oportunidades-de-mercado-mais-amplas-para-parceiros-comerciais-2\/","name":"136\u00aa Feira de Cant\u00e3o \u00e9 aberta, trazendo oportunidades de mercado mais amplas para parceiros comerciais - CRI e Diario de Pernambuco","isPartOf":{"@id":"https:\/\/diariodepe.com.br\/cri\/#website"},"datePublished":"2024-12-11T06:34:38+00:00","breadcrumb":{"@id":"https:\/\/diariodepe.com.br\/cri\/2024\/12\/11\/136a-feira-de-cantao-e-aberta-trazendo-oportunidades-de-mercado-mais-amplas-para-parceiros-comerciais-2\/#breadcrumb"},"inLanguage":"pt-BR","potentialAction":[{"@type":"ReadAction","target":["https:\/\/diariodepe.com.br\/cri\/2024\/12\/11\/136a-feira-de-cantao-e-aberta-trazendo-oportunidades-de-mercado-mais-amplas-para-parceiros-comerciais-2\/"]}]},{"@type":"BreadcrumbList","@id":"https:\/\/diariodepe.com.br\/cri\/2024\/12\/11\/136a-feira-de-cantao-e-aberta-trazendo-oportunidades-de-mercado-mais-amplas-para-parceiros-comerciais-2\/#breadcrumb","itemListElement":[{"@type":"ListItem","position":1,"name":"In\u00edcio","item":"https:\/\/diariodepe.com.br\/cri\/"},{"@type":"ListItem","position":2,"name":"136\u00aa Feira de Cant\u00e3o \u00e9 aberta, trazendo oportunidades de mercado mais amplas para parceiros comerciais"}]},{"@type":"WebSite","@id":"https:\/\/diariodepe.com.br\/cri\/#website","url":"https:\/\/diariodepe.com.br\/cri\/","name":"CRI e Diario de Pernambuco","description":"R\u00e1dio Internacional da China","publisher":{"@id":"https:\/\/diariodepe.com.br\/cri\/#organization"},"potentialAction":[{"@type":"SearchAction","target":{"@type":"EntryPoint","urlTemplate":"https:\/\/diariodepe.com.br\/cri\/?s={search_term_string}"},"query-input":{"@type":"PropertyValueSpecification","valueRequired":true,"valueName":"search_term_string"}}],"inLanguage":"pt-BR"},{"@type":"Organization","@id":"https:\/\/diariodepe.com.br\/cri\/#organization","name":"CRI e Diario de Pernambuco","url":"https:\/\/diariodepe.com.br\/cri\/","logo":{"@type":"ImageObject","inLanguage":"pt-BR","@id":"https:\/\/diariodepe.com.br\/cri\/#\/schema\/logo\/image\/","url":"https:\/\/diariodepe.com.br\/cri\/wp-content\/uploads\/sites\/2\/2022\/12\/cropped-Logo.jpg","contentUrl":"https:\/\/diariodepe.com.br\/cri\/wp-content\/uploads\/sites\/2\/2022\/12\/cropped-Logo.jpg","width":700,"height":59,"caption":"CRI e Diario de Pernambuco"},"image":{"@id":"https:\/\/diariodepe.com.br\/cri\/#\/schema\/logo\/image\/"}},{"@type":"Person","@id":"https:\/\/diariodepe.com.br\/cri\/#\/schema\/person\/121bb28d84f1a5b1205ef4ce9c2e0c6b","name":"Ismael Lucas S. Pereira","image":{"@type":"ImageObject","inLanguage":"pt-BR","@id":"https:\/\/secure.gravatar.com\/avatar\/887a0f3b5a7ceea963a48499fb883ffce6b5037362def025c52c2505b15d63e4?s=96&d=mm&r=g","url":"https:\/\/secure.gravatar.com\/avatar\/887a0f3b5a7ceea963a48499fb883ffce6b5037362def025c52c2505b15d63e4?s=96&d=mm&r=g","contentUrl":"https:\/\/secure.gravatar.com\/avatar\/887a0f3b5a7ceea963a48499fb883ffce6b5037362def025c52c2505b15d63e4?s=96&d=mm&r=g","caption":"Ismael Lucas S. Pereira"},"url":"https:\/\/diariodepe.com.br\/cri\/author\/ismael-lucas\/"}]}},"cc_featured_image_caption":{"caption_text":false,"source_text":false,"source_url":false},"amp_enabled":true,"_links":{"self":[{"href":"https:\/\/diariodepe.com.br\/cri\/wp-json\/wp\/v2\/posts\/7025","targetHints":{"allow":["GET"]}}],"collection":[{"href":"https:\/\/diariodepe.com.br\/cri\/wp-json\/wp\/v2\/posts"}],"about":[{"href":"https:\/\/diariodepe.com.br\/cri\/wp-json\/wp\/v2\/types\/post"}],"author":[{"embeddable":true,"href":"https:\/\/diariodepe.com.br\/cri\/wp-json\/wp\/v2\/users\/2"}],"replies":[{"embeddable":true,"href":"https:\/\/diariodepe.com.br\/cri\/wp-json\/wp\/v2\/comments?post=7025"}],"version-history":[{"count":1,"href":"https:\/\/diariodepe.com.br\/cri\/wp-json\/wp\/v2\/posts\/7025\/revisions"}],"predecessor-version":[{"id":7026,"href":"https:\/\/diariodepe.com.br\/cri\/wp-json\/wp\/v2\/posts\/7025\/revisions\/7026"}],"wp:attachment":[{"href":"https:\/\/diariodepe.com.br\/cri\/wp-json\/wp\/v2\/media?parent=7025"}],"wp:term":[{"taxonomy":"category","embeddable":true,"href":"https:\/\/diariodepe.com.br\/cri\/wp-json\/wp\/v2\/categories?post=7025"},{"taxonomy":"post_tag","embeddable":true,"href":"https:\/\/diariodepe.com.br\/cri\/wp-json\/wp\/v2\/tags?post=7025"}],"curies":[{"name":"wp","href":"https:\/\/api.w.org\/{rel}","templated":true}]}}