{"id":7021,"date":"2024-12-10T23:51:24","date_gmt":"2024-12-11T02:51:24","guid":{"rendered":"https:\/\/diariodepe.com.br\/cri\/?p=7021"},"modified":"2024-12-10T23:57:19","modified_gmt":"2024-12-11T02:57:19","slug":"china-pede-promocao-conjunta-e-desenvolvimento-saudavel-da-causa-internacional-dos-direitos-humanos","status":"publish","type":"post","link":"https:\/\/diariodepe.com.br\/cri\/2024\/12\/10\/china-pede-promocao-conjunta-e-desenvolvimento-saudavel-da-causa-internacional-dos-direitos-humanos\/","title":{"rendered":"China pede promo\u00e7\u00e3o conjunta e desenvolvimento saud\u00e1vel da causa internacional dos direitos humanos"},"content":{"rendered":"<p><span lang=\"PT-BR\">A porta-voz do Minist\u00e9rio das Rela\u00e7\u00f5es Exteriores da China, Mao Ning, apontou que a parte chinesa apela a todos os lados para que respeitem os prop\u00f3sitos e os princ\u00edpios da Carta das Na\u00e7\u00f5es Unidas e realizem di\u00e1logo e coopera\u00e7\u00e3o construtivos, no intuito de promover conjuntamente o desenvolvimento saud\u00e1vel da causa internacional dos direitos humanos. O pa\u00eds asi\u00e1tico espera que certos pa\u00edses abandonem a \u201cdiplomacia do microfone\u201d e parem de interferir nos assuntos internos de outras na\u00e7\u00f5es sob o pretexto das chamadas quest\u00f5es de direitos humanos.<\/span><\/p>\n<p><span lang=\"PT-BR\">\u00a0<\/span><span lang=\"PT-BR\">Quanto aos trabalhos da China sobre a prote\u00e7\u00e3o dos direitos humanos e \u00e0s acusa\u00e7\u00f5es de alguns pa\u00edses ocidentais contra os direitos humanos no pa\u00eds, Mao Ning pontuou que a Declara\u00e7\u00e3o Universal dos Direitos Humanos emitida h\u00e1 76 anos possui um grande significado na hist\u00f3ria do desenvolvimento da civiliza\u00e7\u00e3o humana e teve uma influ\u00eancia profunda no desenvolvimento da causa internacional dos direitos humanos.<\/span><\/p>\n<p><span lang=\"PT-BR\">\u201cA China sempre atribuiu grande import\u00e2ncia ao respeito e \u00e0 prote\u00e7\u00e3o dos direitos humanos, aderiu \u00e0 abordagem centrada no povo e abriu um caminho de desenvolvimento dos direitos humanos que esteja em conformidade com a tend\u00eancia dos tempos e se adapte \u00e0 situa\u00e7\u00e3o nacional. O pa\u00eds alcan\u00e7ou conquistas hist\u00f3ricas no setor\u201d, disse a porta-voz.<\/span><\/p>\n<p><span lang=\"PT-BR\">\u00a0<\/span><span lang=\"PT-BR\">Mao Ning enfatizou que a China obteve a maior vit\u00f3ria da humanidade na luta contra a pobreza conforme programado e alcan\u00e7ou as metas da sua redu\u00e7\u00e3o 10 anos antes do previsto na Agenda 2030 para o Desenvolvimento Sustent\u00e1vel. O pa\u00eds prop\u00f4s uma s\u00e9rie de iniciativas para a promo\u00e7\u00e3o dos direitos humanos por meio da colabora\u00e7\u00e3o e do desenvolvimento no Conselho de Direitos Humanos, fazendo contribui\u00e7\u00f5es ativas para o desenvolvimento saud\u00e1vel da governan\u00e7a global no setor.<\/span><\/p>\n","protected":false},"excerpt":{"rendered":"<p>A porta-voz do Minist\u00e9rio das Rela\u00e7\u00f5es Exteriores da China, Mao Ning, apontou que a parte chinesa apela a todos os lados para que respeitem os prop\u00f3sitos e os princ\u00edpios da Carta das Na\u00e7\u00f5es Unidas e realizem di\u00e1logo e coopera\u00e7\u00e3o construtivos,&#8230;<\/p>\n","protected":false},"author":2,"featured_media":0,"comment_status":"open","ping_status":"open","sticky":false,"template":"","format":"standard","meta":{"footnotes":""},"categories":[3],"tags":[],"class_list":["post-7021","post","type-post","status-publish","format-standard","hentry","category-china"],"yoast_head":"<!-- This site is optimized with the Yoast SEO plugin v27.4 - https:\/\/yoast.com\/product\/yoast-seo-wordpress\/ -->\n<title>China pede promo\u00e7\u00e3o conjunta e desenvolvimento saud\u00e1vel da causa internacional dos direitos humanos - CRI e Diario de Pernambuco<\/title>\n<meta name=\"robots\" content=\"index, follow, max-snippet:-1, max-image-preview:large, max-video-preview:-1\" \/>\n<link rel=\"canonical\" href=\"https:\/\/diariodepe.com.br\/cri\/2024\/12\/10\/china-pede-promocao-conjunta-e-desenvolvimento-saudavel-da-causa-internacional-dos-direitos-humanos\/\" \/>\n<meta property=\"og:locale\" content=\"pt_BR\" \/>\n<meta property=\"og:type\" content=\"article\" \/>\n<meta property=\"og:title\" content=\"China pede promo\u00e7\u00e3o conjunta e desenvolvimento saud\u00e1vel da causa internacional dos direitos humanos - CRI e Diario de Pernambuco\" \/>\n<meta property=\"og:description\" content=\"A porta-voz do Minist\u00e9rio das Rela\u00e7\u00f5es Exteriores da China, Mao Ning, apontou que a parte chinesa apela a todos os lados para que respeitem os prop\u00f3sitos e os princ\u00edpios da Carta das Na\u00e7\u00f5es Unidas e realizem di\u00e1logo e coopera\u00e7\u00e3o construtivos,...\" \/>\n<meta property=\"og:url\" content=\"https:\/\/diariodepe.com.br\/cri\/2024\/12\/10\/china-pede-promocao-conjunta-e-desenvolvimento-saudavel-da-causa-internacional-dos-direitos-humanos\/\" \/>\n<meta property=\"og:site_name\" content=\"CRI e Diario de Pernambuco\" \/>\n<meta property=\"article:published_time\" content=\"2024-12-11T02:51:24+00:00\" \/>\n<meta property=\"article:modified_time\" content=\"2024-12-11T02:57:19+00:00\" \/>\n<meta name=\"author\" content=\"Ismael Lucas S. Pereira\" \/>\n<meta name=\"twitter:card\" content=\"summary_large_image\" \/>\n<meta name=\"twitter:label1\" content=\"Escrito por\" \/>\n\t<meta name=\"twitter:data1\" content=\"Ismael Lucas S. Pereira\" \/>\n\t<meta name=\"twitter:label2\" content=\"Est. tempo de leitura\" \/>\n\t<meta name=\"twitter:data2\" content=\"2 minutos\" \/>\n<script type=\"application\/ld+json\" class=\"yoast-schema-graph\">{\"@context\":\"https:\\\/\\\/schema.org\",\"@graph\":[{\"@type\":\"Article\",\"@id\":\"https:\\\/\\\/diariodepe.com.br\\\/cri\\\/2024\\\/12\\\/10\\\/china-pede-promocao-conjunta-e-desenvolvimento-saudavel-da-causa-internacional-dos-direitos-humanos\\\/#article\",\"isPartOf\":{\"@id\":\"https:\\\/\\\/diariodepe.com.br\\\/cri\\\/2024\\\/12\\\/10\\\/china-pede-promocao-conjunta-e-desenvolvimento-saudavel-da-causa-internacional-dos-direitos-humanos\\\/\"},\"author\":{\"name\":\"Ismael Lucas S. Pereira\",\"@id\":\"https:\\\/\\\/diariodepe.com.br\\\/cri\\\/#\\\/schema\\\/person\\\/121bb28d84f1a5b1205ef4ce9c2e0c6b\"},\"headline\":\"China pede promo\u00e7\u00e3o conjunta e desenvolvimento saud\u00e1vel da causa internacional dos direitos humanos\",\"datePublished\":\"2024-12-11T02:51:24+00:00\",\"dateModified\":\"2024-12-11T02:57:19+00:00\",\"mainEntityOfPage\":{\"@id\":\"https:\\\/\\\/diariodepe.com.br\\\/cri\\\/2024\\\/12\\\/10\\\/china-pede-promocao-conjunta-e-desenvolvimento-saudavel-da-causa-internacional-dos-direitos-humanos\\\/\"},\"wordCount\":325,\"commentCount\":0,\"publisher\":{\"@id\":\"https:\\\/\\\/diariodepe.com.br\\\/cri\\\/#organization\"},\"articleSection\":[\"China\"],\"inLanguage\":\"pt-BR\",\"potentialAction\":[{\"@type\":\"CommentAction\",\"name\":\"Comment\",\"target\":[\"https:\\\/\\\/diariodepe.com.br\\\/cri\\\/2024\\\/12\\\/10\\\/china-pede-promocao-conjunta-e-desenvolvimento-saudavel-da-causa-internacional-dos-direitos-humanos\\\/#respond\"]}]},{\"@type\":\"WebPage\",\"@id\":\"https:\\\/\\\/diariodepe.com.br\\\/cri\\\/2024\\\/12\\\/10\\\/china-pede-promocao-conjunta-e-desenvolvimento-saudavel-da-causa-internacional-dos-direitos-humanos\\\/\",\"url\":\"https:\\\/\\\/diariodepe.com.br\\\/cri\\\/2024\\\/12\\\/10\\\/china-pede-promocao-conjunta-e-desenvolvimento-saudavel-da-causa-internacional-dos-direitos-humanos\\\/\",\"name\":\"China pede promo\u00e7\u00e3o conjunta e desenvolvimento saud\u00e1vel da causa internacional dos direitos humanos - CRI e Diario de Pernambuco\",\"isPartOf\":{\"@id\":\"https:\\\/\\\/diariodepe.com.br\\\/cri\\\/#website\"},\"datePublished\":\"2024-12-11T02:51:24+00:00\",\"dateModified\":\"2024-12-11T02:57:19+00:00\",\"breadcrumb\":{\"@id\":\"https:\\\/\\\/diariodepe.com.br\\\/cri\\\/2024\\\/12\\\/10\\\/china-pede-promocao-conjunta-e-desenvolvimento-saudavel-da-causa-internacional-dos-direitos-humanos\\\/#breadcrumb\"},\"inLanguage\":\"pt-BR\",\"potentialAction\":[{\"@type\":\"ReadAction\",\"target\":[\"https:\\\/\\\/diariodepe.com.br\\\/cri\\\/2024\\\/12\\\/10\\\/china-pede-promocao-conjunta-e-desenvolvimento-saudavel-da-causa-internacional-dos-direitos-humanos\\\/\"]}]},{\"@type\":\"BreadcrumbList\",\"@id\":\"https:\\\/\\\/diariodepe.com.br\\\/cri\\\/2024\\\/12\\\/10\\\/china-pede-promocao-conjunta-e-desenvolvimento-saudavel-da-causa-internacional-dos-direitos-humanos\\\/#breadcrumb\",\"itemListElement\":[{\"@type\":\"ListItem\",\"position\":1,\"name\":\"In\u00edcio\",\"item\":\"https:\\\/\\\/diariodepe.com.br\\\/cri\\\/\"},{\"@type\":\"ListItem\",\"position\":2,\"name\":\"China pede promo\u00e7\u00e3o conjunta e desenvolvimento saud\u00e1vel da causa internacional dos direitos humanos\"}]},{\"@type\":\"WebSite\",\"@id\":\"https:\\\/\\\/diariodepe.com.br\\\/cri\\\/#website\",\"url\":\"https:\\\/\\\/diariodepe.com.br\\\/cri\\\/\",\"name\":\"CRI e Diario de Pernambuco\",\"description\":\"R\u00e1dio Internacional da China\",\"publisher\":{\"@id\":\"https:\\\/\\\/diariodepe.com.br\\\/cri\\\/#organization\"},\"potentialAction\":[{\"@type\":\"SearchAction\",\"target\":{\"@type\":\"EntryPoint\",\"urlTemplate\":\"https:\\\/\\\/diariodepe.com.br\\\/cri\\\/?s={search_term_string}\"},\"query-input\":{\"@type\":\"PropertyValueSpecification\",\"valueRequired\":true,\"valueName\":\"search_term_string\"}}],\"inLanguage\":\"pt-BR\"},{\"@type\":\"Organization\",\"@id\":\"https:\\\/\\\/diariodepe.com.br\\\/cri\\\/#organization\",\"name\":\"CRI e Diario de Pernambuco\",\"url\":\"https:\\\/\\\/diariodepe.com.br\\\/cri\\\/\",\"logo\":{\"@type\":\"ImageObject\",\"inLanguage\":\"pt-BR\",\"@id\":\"https:\\\/\\\/diariodepe.com.br\\\/cri\\\/#\\\/schema\\\/logo\\\/image\\\/\",\"url\":\"https:\\\/\\\/diariodepe.com.br\\\/cri\\\/wp-content\\\/uploads\\\/sites\\\/2\\\/2022\\\/12\\\/cropped-Logo.jpg\",\"contentUrl\":\"https:\\\/\\\/diariodepe.com.br\\\/cri\\\/wp-content\\\/uploads\\\/sites\\\/2\\\/2022\\\/12\\\/cropped-Logo.jpg\",\"width\":700,\"height\":59,\"caption\":\"CRI e Diario de Pernambuco\"},\"image\":{\"@id\":\"https:\\\/\\\/diariodepe.com.br\\\/cri\\\/#\\\/schema\\\/logo\\\/image\\\/\"}},{\"@type\":\"Person\",\"@id\":\"https:\\\/\\\/diariodepe.com.br\\\/cri\\\/#\\\/schema\\\/person\\\/121bb28d84f1a5b1205ef4ce9c2e0c6b\",\"name\":\"Ismael Lucas S. Pereira\",\"image\":{\"@type\":\"ImageObject\",\"inLanguage\":\"pt-BR\",\"@id\":\"https:\\\/\\\/secure.gravatar.com\\\/avatar\\\/887a0f3b5a7ceea963a48499fb883ffce6b5037362def025c52c2505b15d63e4?s=96&d=mm&r=g\",\"url\":\"https:\\\/\\\/secure.gravatar.com\\\/avatar\\\/887a0f3b5a7ceea963a48499fb883ffce6b5037362def025c52c2505b15d63e4?s=96&d=mm&r=g\",\"contentUrl\":\"https:\\\/\\\/secure.gravatar.com\\\/avatar\\\/887a0f3b5a7ceea963a48499fb883ffce6b5037362def025c52c2505b15d63e4?s=96&d=mm&r=g\",\"caption\":\"Ismael Lucas S. Pereira\"},\"url\":\"https:\\\/\\\/diariodepe.com.br\\\/cri\\\/author\\\/ismael-lucas\\\/\"}]}<\/script>\n<!-- \/ Yoast SEO plugin. -->","yoast_head_json":{"title":"China pede promo\u00e7\u00e3o conjunta e desenvolvimento saud\u00e1vel da causa internacional dos direitos humanos - CRI e Diario de Pernambuco","robots":{"index":"index","follow":"follow","max-snippet":"max-snippet:-1","max-image-preview":"max-image-preview:large","max-video-preview":"max-video-preview:-1"},"canonical":"https:\/\/diariodepe.com.br\/cri\/2024\/12\/10\/china-pede-promocao-conjunta-e-desenvolvimento-saudavel-da-causa-internacional-dos-direitos-humanos\/","og_locale":"pt_BR","og_type":"article","og_title":"China pede promo\u00e7\u00e3o conjunta e desenvolvimento saud\u00e1vel da causa internacional dos direitos humanos - CRI e Diario de Pernambuco","og_description":"A porta-voz do Minist\u00e9rio das Rela\u00e7\u00f5es Exteriores da China, Mao Ning, apontou que a parte chinesa apela a todos os lados para que respeitem os prop\u00f3sitos e os princ\u00edpios da Carta das Na\u00e7\u00f5es Unidas e realizem di\u00e1logo e coopera\u00e7\u00e3o construtivos,...","og_url":"https:\/\/diariodepe.com.br\/cri\/2024\/12\/10\/china-pede-promocao-conjunta-e-desenvolvimento-saudavel-da-causa-internacional-dos-direitos-humanos\/","og_site_name":"CRI e Diario de Pernambuco","article_published_time":"2024-12-11T02:51:24+00:00","article_modified_time":"2024-12-11T02:57:19+00:00","author":"Ismael Lucas S. Pereira","twitter_card":"summary_large_image","twitter_misc":{"Escrito por":"Ismael Lucas S. Pereira","Est. tempo de leitura":"2 minutos"},"schema":{"@context":"https:\/\/schema.org","@graph":[{"@type":"Article","@id":"https:\/\/diariodepe.com.br\/cri\/2024\/12\/10\/china-pede-promocao-conjunta-e-desenvolvimento-saudavel-da-causa-internacional-dos-direitos-humanos\/#article","isPartOf":{"@id":"https:\/\/diariodepe.com.br\/cri\/2024\/12\/10\/china-pede-promocao-conjunta-e-desenvolvimento-saudavel-da-causa-internacional-dos-direitos-humanos\/"},"author":{"name":"Ismael Lucas S. Pereira","@id":"https:\/\/diariodepe.com.br\/cri\/#\/schema\/person\/121bb28d84f1a5b1205ef4ce9c2e0c6b"},"headline":"China pede promo\u00e7\u00e3o conjunta e desenvolvimento saud\u00e1vel da causa internacional dos direitos humanos","datePublished":"2024-12-11T02:51:24+00:00","dateModified":"2024-12-11T02:57:19+00:00","mainEntityOfPage":{"@id":"https:\/\/diariodepe.com.br\/cri\/2024\/12\/10\/china-pede-promocao-conjunta-e-desenvolvimento-saudavel-da-causa-internacional-dos-direitos-humanos\/"},"wordCount":325,"commentCount":0,"publisher":{"@id":"https:\/\/diariodepe.com.br\/cri\/#organization"},"articleSection":["China"],"inLanguage":"pt-BR","potentialAction":[{"@type":"CommentAction","name":"Comment","target":["https:\/\/diariodepe.com.br\/cri\/2024\/12\/10\/china-pede-promocao-conjunta-e-desenvolvimento-saudavel-da-causa-internacional-dos-direitos-humanos\/#respond"]}]},{"@type":"WebPage","@id":"https:\/\/diariodepe.com.br\/cri\/2024\/12\/10\/china-pede-promocao-conjunta-e-desenvolvimento-saudavel-da-causa-internacional-dos-direitos-humanos\/","url":"https:\/\/diariodepe.com.br\/cri\/2024\/12\/10\/china-pede-promocao-conjunta-e-desenvolvimento-saudavel-da-causa-internacional-dos-direitos-humanos\/","name":"China pede promo\u00e7\u00e3o conjunta e desenvolvimento saud\u00e1vel da causa internacional dos direitos humanos - CRI e Diario de Pernambuco","isPartOf":{"@id":"https:\/\/diariodepe.com.br\/cri\/#website"},"datePublished":"2024-12-11T02:51:24+00:00","dateModified":"2024-12-11T02:57:19+00:00","breadcrumb":{"@id":"https:\/\/diariodepe.com.br\/cri\/2024\/12\/10\/china-pede-promocao-conjunta-e-desenvolvimento-saudavel-da-causa-internacional-dos-direitos-humanos\/#breadcrumb"},"inLanguage":"pt-BR","potentialAction":[{"@type":"ReadAction","target":["https:\/\/diariodepe.com.br\/cri\/2024\/12\/10\/china-pede-promocao-conjunta-e-desenvolvimento-saudavel-da-causa-internacional-dos-direitos-humanos\/"]}]},{"@type":"BreadcrumbList","@id":"https:\/\/diariodepe.com.br\/cri\/2024\/12\/10\/china-pede-promocao-conjunta-e-desenvolvimento-saudavel-da-causa-internacional-dos-direitos-humanos\/#breadcrumb","itemListElement":[{"@type":"ListItem","position":1,"name":"In\u00edcio","item":"https:\/\/diariodepe.com.br\/cri\/"},{"@type":"ListItem","position":2,"name":"China pede promo\u00e7\u00e3o conjunta e desenvolvimento saud\u00e1vel da causa internacional dos direitos humanos"}]},{"@type":"WebSite","@id":"https:\/\/diariodepe.com.br\/cri\/#website","url":"https:\/\/diariodepe.com.br\/cri\/","name":"CRI e Diario de Pernambuco","description":"R\u00e1dio Internacional da China","publisher":{"@id":"https:\/\/diariodepe.com.br\/cri\/#organization"},"potentialAction":[{"@type":"SearchAction","target":{"@type":"EntryPoint","urlTemplate":"https:\/\/diariodepe.com.br\/cri\/?s={search_term_string}"},"query-input":{"@type":"PropertyValueSpecification","valueRequired":true,"valueName":"search_term_string"}}],"inLanguage":"pt-BR"},{"@type":"Organization","@id":"https:\/\/diariodepe.com.br\/cri\/#organization","name":"CRI e Diario de Pernambuco","url":"https:\/\/diariodepe.com.br\/cri\/","logo":{"@type":"ImageObject","inLanguage":"pt-BR","@id":"https:\/\/diariodepe.com.br\/cri\/#\/schema\/logo\/image\/","url":"https:\/\/diariodepe.com.br\/cri\/wp-content\/uploads\/sites\/2\/2022\/12\/cropped-Logo.jpg","contentUrl":"https:\/\/diariodepe.com.br\/cri\/wp-content\/uploads\/sites\/2\/2022\/12\/cropped-Logo.jpg","width":700,"height":59,"caption":"CRI e Diario de Pernambuco"},"image":{"@id":"https:\/\/diariodepe.com.br\/cri\/#\/schema\/logo\/image\/"}},{"@type":"Person","@id":"https:\/\/diariodepe.com.br\/cri\/#\/schema\/person\/121bb28d84f1a5b1205ef4ce9c2e0c6b","name":"Ismael Lucas S. Pereira","image":{"@type":"ImageObject","inLanguage":"pt-BR","@id":"https:\/\/secure.gravatar.com\/avatar\/887a0f3b5a7ceea963a48499fb883ffce6b5037362def025c52c2505b15d63e4?s=96&d=mm&r=g","url":"https:\/\/secure.gravatar.com\/avatar\/887a0f3b5a7ceea963a48499fb883ffce6b5037362def025c52c2505b15d63e4?s=96&d=mm&r=g","contentUrl":"https:\/\/secure.gravatar.com\/avatar\/887a0f3b5a7ceea963a48499fb883ffce6b5037362def025c52c2505b15d63e4?s=96&d=mm&r=g","caption":"Ismael Lucas S. Pereira"},"url":"https:\/\/diariodepe.com.br\/cri\/author\/ismael-lucas\/"}]}},"cc_featured_image_caption":{"caption_text":false,"source_text":false,"source_url":false},"amp_enabled":true,"_links":{"self":[{"href":"https:\/\/diariodepe.com.br\/cri\/wp-json\/wp\/v2\/posts\/7021","targetHints":{"allow":["GET"]}}],"collection":[{"href":"https:\/\/diariodepe.com.br\/cri\/wp-json\/wp\/v2\/posts"}],"about":[{"href":"https:\/\/diariodepe.com.br\/cri\/wp-json\/wp\/v2\/types\/post"}],"author":[{"embeddable":true,"href":"https:\/\/diariodepe.com.br\/cri\/wp-json\/wp\/v2\/users\/2"}],"replies":[{"embeddable":true,"href":"https:\/\/diariodepe.com.br\/cri\/wp-json\/wp\/v2\/comments?post=7021"}],"version-history":[{"count":2,"href":"https:\/\/diariodepe.com.br\/cri\/wp-json\/wp\/v2\/posts\/7021\/revisions"}],"predecessor-version":[{"id":7024,"href":"https:\/\/diariodepe.com.br\/cri\/wp-json\/wp\/v2\/posts\/7021\/revisions\/7024"}],"wp:attachment":[{"href":"https:\/\/diariodepe.com.br\/cri\/wp-json\/wp\/v2\/media?parent=7021"}],"wp:term":[{"taxonomy":"category","embeddable":true,"href":"https:\/\/diariodepe.com.br\/cri\/wp-json\/wp\/v2\/categories?post=7021"},{"taxonomy":"post_tag","embeddable":true,"href":"https:\/\/diariodepe.com.br\/cri\/wp-json\/wp\/v2\/tags?post=7021"}],"curies":[{"name":"wp","href":"https:\/\/api.w.org\/{rel}","templated":true}]}}