{"id":702,"date":"2023-03-01T04:04:35","date_gmt":"2023-03-01T07:04:35","guid":{"rendered":"https:\/\/diariodepe.com.br\/cri\/?p=702"},"modified":"2023-03-01T04:04:36","modified_gmt":"2023-03-01T07:04:36","slug":"comentario-japao-esta-prejudicando-o-mundo-inteiro","status":"publish","type":"post","link":"https:\/\/diariodepe.com.br\/cri\/2023\/03\/01\/comentario-japao-esta-prejudicando-o-mundo-inteiro\/","title":{"rendered":"Coment\u00e1rio: Jap\u00e3o est\u00e1 prejudicando o mundo inteiro"},"content":{"rendered":"\n<p>O acidente nuclear da usina de Fukushima j\u00e1 completou 12 anos, mas o governo japon\u00eas n\u00e3o recuperou sua credibilidade p\u00fablica, ao contr\u00e1rio, est\u00e1 cada vez mais longe do caminho certo.<\/p>\n\n\n\n<p>O ministro da Economia do Jap\u00e3o, Yasutoshi Nishimura, apresentou o plano de despejar a \u00e1gua contaminada no mar no dia 25 em Fukushima. Como sempre, pescadores locais manifestaram forte oposi\u00e7\u00e3o. Quando foi questionado qual era o crit\u00e9rio para definir se o p\u00fablico concorda ou n\u00e3o com o plano, Yasutoshi Nishimura disse que n\u00e3o h\u00e1 um crit\u00e9rio.<\/p>\n\n\n\n<p>Em abril de 2021, o governo japon\u00eas divulgou seu plano de despejar \u00e1gua radioativa no mar a partir da primavera de 2023. Deste o in\u00edcio, esta decis\u00e3o foi criticada pela comunidade internacional, mas o Jap\u00e3o nunca parou de impulsionar o plano. Em julho do ano passado, enquanto o grupo de trabalho da Ag\u00eancia Internacional de Energia At\u00f4mica (AIEA) estava fazendo investiga\u00e7\u00f5es, o governo japon\u00eas aprovou oficialmente o projeto.<\/p>\n\n\n\n<p>Segundo a pesquisa realizada pelo Instituto Coreano de Ci\u00eancia e Tecnologia Oce\u00e2nica da Coreia do Sul, o elemento radioativo, tr\u00edtio, na \u00e1gua contaminada do Jap\u00e3o poder\u00e1 se espalhar para toda a \u00e1rea norte do Pac\u00edfico por dez anos. Al\u00e9m disso, o especialista do Greenpeace Shaun Burnie indicou que a \u00e1gua de Fukushima conta com muitos outros elementos que n\u00e3o podem ser filtrados, como o carbono 14, cujo per\u00edodo de meia-vida \u00e9 de mais de 5000 anos.<\/p>\n\n\n\n<p>Na rec\u00e9m-realizada C\u00fapula Especial do F\u00f3rum dos Pa\u00edses Insulares do Pac\u00edfico, os participantes manifestaram mais uma vez sua veemente oposi\u00e7\u00e3o \u00e0 decis\u00e3o do Jap\u00e3o. Segundo eles, este n\u00e3o \u00e9 um assunto dom\u00e9stico do Jap\u00e3o, mas um importante caso que poder\u00e1 influenciar o mundo inteiro. Na reuni\u00e3o do Conselho de Seguran\u00e7a das Na\u00e7\u00f5es Unidas realizada no dia 14, representantes da China e da R\u00fassia sublinharam que a conduta japonesa poder\u00e1 prejudicar gravemente o meio ambiente mar\u00edtimo, o sistema ecol\u00f3gico e a sa\u00fade de todos.<\/p>\n\n\n\n<p>Mesmo com amplas cr\u00edticas, a parte japonesa continua acelerando a aplica\u00e7\u00e3o do plano. A ag\u00eancia de not\u00edcias Kyodo revelou no dia 22 que o Jap\u00e3o tentar\u00e1 colocar seu plano de despejar a \u00e1gua de Fukushima no mar na declara\u00e7\u00e3o conjunta da C\u00fapula do G7 que ser\u00e1 realizada em maio deste ano.<\/p>\n\n\n\n<p>O mar \u00e9 a base para a sobreviv\u00eancia e desenvolvimento da humanidade. Como um pa\u00eds signat\u00e1rio da Conven\u00e7\u00e3o das Na\u00e7\u00f5es Unidas sobre o Direito do Mar, o Jap\u00e3o tem a responsabilidade e o dever de proteger o meio ambiente mar\u00edtimo. No entanto, escolher a maneira mais f\u00e1cil e econ\u00f4mica para tratar da sua \u00e1gua radioativa \u00e9 uma conduta muito ego\u00edsta.<br><\/p>\n","protected":false},"excerpt":{"rendered":"<p>O acidente nuclear da usina de Fukushima j\u00e1 completou 12 anos, mas o governo japon\u00eas n\u00e3o recuperou sua credibilidade p\u00fablica, ao contr\u00e1rio, est\u00e1 cada vez mais longe do caminho certo. O ministro da Economia do Jap\u00e3o, Yasutoshi Nishimura, apresentou o&#8230;<\/p>\n","protected":false},"author":2,"featured_media":0,"comment_status":"open","ping_status":"open","sticky":false,"template":"","format":"standard","meta":{"footnotes":""},"categories":[7],"tags":[],"class_list":["post-702","post","type-post","status-publish","format-standard","hentry","category-visao"],"yoast_head":"<!-- This site is optimized with the Yoast SEO plugin v27.4 - https:\/\/yoast.com\/product\/yoast-seo-wordpress\/ -->\n<title>Coment\u00e1rio: Jap\u00e3o est\u00e1 prejudicando o mundo inteiro - CRI e Diario de Pernambuco<\/title>\n<meta name=\"robots\" content=\"index, follow, max-snippet:-1, max-image-preview:large, max-video-preview:-1\" \/>\n<link rel=\"canonical\" href=\"https:\/\/diariodepe.com.br\/cri\/2023\/03\/01\/comentario-japao-esta-prejudicando-o-mundo-inteiro\/\" \/>\n<meta property=\"og:locale\" content=\"pt_BR\" \/>\n<meta property=\"og:type\" content=\"article\" \/>\n<meta property=\"og:title\" content=\"Coment\u00e1rio: Jap\u00e3o est\u00e1 prejudicando o mundo inteiro - CRI e Diario de Pernambuco\" \/>\n<meta property=\"og:description\" content=\"O acidente nuclear da usina de Fukushima j\u00e1 completou 12 anos, mas o governo japon\u00eas n\u00e3o recuperou sua credibilidade p\u00fablica, ao contr\u00e1rio, est\u00e1 cada vez mais longe do caminho certo. O ministro da Economia do Jap\u00e3o, Yasutoshi Nishimura, apresentou o...\" \/>\n<meta property=\"og:url\" content=\"https:\/\/diariodepe.com.br\/cri\/2023\/03\/01\/comentario-japao-esta-prejudicando-o-mundo-inteiro\/\" \/>\n<meta property=\"og:site_name\" content=\"CRI e Diario de Pernambuco\" \/>\n<meta property=\"article:published_time\" content=\"2023-03-01T07:04:35+00:00\" \/>\n<meta property=\"article:modified_time\" content=\"2023-03-01T07:04:36+00:00\" \/>\n<meta name=\"author\" content=\"Ismael Lucas S. Pereira\" \/>\n<meta name=\"twitter:card\" content=\"summary_large_image\" \/>\n<meta name=\"twitter:label1\" content=\"Escrito por\" \/>\n\t<meta name=\"twitter:data1\" content=\"Ismael Lucas S. Pereira\" \/>\n\t<meta name=\"twitter:label2\" content=\"Est. tempo de leitura\" \/>\n\t<meta name=\"twitter:data2\" content=\"3 minutos\" \/>\n<script type=\"application\/ld+json\" class=\"yoast-schema-graph\">{\"@context\":\"https:\\\/\\\/schema.org\",\"@graph\":[{\"@type\":\"Article\",\"@id\":\"https:\\\/\\\/diariodepe.com.br\\\/cri\\\/2023\\\/03\\\/01\\\/comentario-japao-esta-prejudicando-o-mundo-inteiro\\\/#article\",\"isPartOf\":{\"@id\":\"https:\\\/\\\/diariodepe.com.br\\\/cri\\\/2023\\\/03\\\/01\\\/comentario-japao-esta-prejudicando-o-mundo-inteiro\\\/\"},\"author\":{\"name\":\"Ismael Lucas S. Pereira\",\"@id\":\"https:\\\/\\\/diariodepe.com.br\\\/cri\\\/#\\\/schema\\\/person\\\/121bb28d84f1a5b1205ef4ce9c2e0c6b\"},\"headline\":\"Coment\u00e1rio: Jap\u00e3o est\u00e1 prejudicando o mundo inteiro\",\"datePublished\":\"2023-03-01T07:04:35+00:00\",\"dateModified\":\"2023-03-01T07:04:36+00:00\",\"mainEntityOfPage\":{\"@id\":\"https:\\\/\\\/diariodepe.com.br\\\/cri\\\/2023\\\/03\\\/01\\\/comentario-japao-esta-prejudicando-o-mundo-inteiro\\\/\"},\"wordCount\":482,\"commentCount\":0,\"publisher\":{\"@id\":\"https:\\\/\\\/diariodepe.com.br\\\/cri\\\/#organization\"},\"articleSection\":[\"Vis\u00e3o\"],\"inLanguage\":\"pt-BR\",\"potentialAction\":[{\"@type\":\"CommentAction\",\"name\":\"Comment\",\"target\":[\"https:\\\/\\\/diariodepe.com.br\\\/cri\\\/2023\\\/03\\\/01\\\/comentario-japao-esta-prejudicando-o-mundo-inteiro\\\/#respond\"]}]},{\"@type\":\"WebPage\",\"@id\":\"https:\\\/\\\/diariodepe.com.br\\\/cri\\\/2023\\\/03\\\/01\\\/comentario-japao-esta-prejudicando-o-mundo-inteiro\\\/\",\"url\":\"https:\\\/\\\/diariodepe.com.br\\\/cri\\\/2023\\\/03\\\/01\\\/comentario-japao-esta-prejudicando-o-mundo-inteiro\\\/\",\"name\":\"Coment\u00e1rio: Jap\u00e3o est\u00e1 prejudicando o mundo inteiro - CRI e Diario de Pernambuco\",\"isPartOf\":{\"@id\":\"https:\\\/\\\/diariodepe.com.br\\\/cri\\\/#website\"},\"datePublished\":\"2023-03-01T07:04:35+00:00\",\"dateModified\":\"2023-03-01T07:04:36+00:00\",\"breadcrumb\":{\"@id\":\"https:\\\/\\\/diariodepe.com.br\\\/cri\\\/2023\\\/03\\\/01\\\/comentario-japao-esta-prejudicando-o-mundo-inteiro\\\/#breadcrumb\"},\"inLanguage\":\"pt-BR\",\"potentialAction\":[{\"@type\":\"ReadAction\",\"target\":[\"https:\\\/\\\/diariodepe.com.br\\\/cri\\\/2023\\\/03\\\/01\\\/comentario-japao-esta-prejudicando-o-mundo-inteiro\\\/\"]}]},{\"@type\":\"BreadcrumbList\",\"@id\":\"https:\\\/\\\/diariodepe.com.br\\\/cri\\\/2023\\\/03\\\/01\\\/comentario-japao-esta-prejudicando-o-mundo-inteiro\\\/#breadcrumb\",\"itemListElement\":[{\"@type\":\"ListItem\",\"position\":1,\"name\":\"In\u00edcio\",\"item\":\"https:\\\/\\\/diariodepe.com.br\\\/cri\\\/\"},{\"@type\":\"ListItem\",\"position\":2,\"name\":\"Coment\u00e1rio: Jap\u00e3o est\u00e1 prejudicando o mundo inteiro\"}]},{\"@type\":\"WebSite\",\"@id\":\"https:\\\/\\\/diariodepe.com.br\\\/cri\\\/#website\",\"url\":\"https:\\\/\\\/diariodepe.com.br\\\/cri\\\/\",\"name\":\"CRI e Diario de Pernambuco\",\"description\":\"R\u00e1dio Internacional da China\",\"publisher\":{\"@id\":\"https:\\\/\\\/diariodepe.com.br\\\/cri\\\/#organization\"},\"potentialAction\":[{\"@type\":\"SearchAction\",\"target\":{\"@type\":\"EntryPoint\",\"urlTemplate\":\"https:\\\/\\\/diariodepe.com.br\\\/cri\\\/?s={search_term_string}\"},\"query-input\":{\"@type\":\"PropertyValueSpecification\",\"valueRequired\":true,\"valueName\":\"search_term_string\"}}],\"inLanguage\":\"pt-BR\"},{\"@type\":\"Organization\",\"@id\":\"https:\\\/\\\/diariodepe.com.br\\\/cri\\\/#organization\",\"name\":\"CRI e Diario de Pernambuco\",\"url\":\"https:\\\/\\\/diariodepe.com.br\\\/cri\\\/\",\"logo\":{\"@type\":\"ImageObject\",\"inLanguage\":\"pt-BR\",\"@id\":\"https:\\\/\\\/diariodepe.com.br\\\/cri\\\/#\\\/schema\\\/logo\\\/image\\\/\",\"url\":\"https:\\\/\\\/diariodepe.com.br\\\/cri\\\/wp-content\\\/uploads\\\/sites\\\/2\\\/2022\\\/12\\\/cropped-Logo.jpg\",\"contentUrl\":\"https:\\\/\\\/diariodepe.com.br\\\/cri\\\/wp-content\\\/uploads\\\/sites\\\/2\\\/2022\\\/12\\\/cropped-Logo.jpg\",\"width\":700,\"height\":59,\"caption\":\"CRI e Diario de Pernambuco\"},\"image\":{\"@id\":\"https:\\\/\\\/diariodepe.com.br\\\/cri\\\/#\\\/schema\\\/logo\\\/image\\\/\"}},{\"@type\":\"Person\",\"@id\":\"https:\\\/\\\/diariodepe.com.br\\\/cri\\\/#\\\/schema\\\/person\\\/121bb28d84f1a5b1205ef4ce9c2e0c6b\",\"name\":\"Ismael Lucas S. Pereira\",\"image\":{\"@type\":\"ImageObject\",\"inLanguage\":\"pt-BR\",\"@id\":\"https:\\\/\\\/secure.gravatar.com\\\/avatar\\\/887a0f3b5a7ceea963a48499fb883ffce6b5037362def025c52c2505b15d63e4?s=96&d=mm&r=g\",\"url\":\"https:\\\/\\\/secure.gravatar.com\\\/avatar\\\/887a0f3b5a7ceea963a48499fb883ffce6b5037362def025c52c2505b15d63e4?s=96&d=mm&r=g\",\"contentUrl\":\"https:\\\/\\\/secure.gravatar.com\\\/avatar\\\/887a0f3b5a7ceea963a48499fb883ffce6b5037362def025c52c2505b15d63e4?s=96&d=mm&r=g\",\"caption\":\"Ismael Lucas S. Pereira\"},\"url\":\"https:\\\/\\\/diariodepe.com.br\\\/cri\\\/author\\\/ismael-lucas\\\/\"}]}<\/script>\n<!-- \/ Yoast SEO plugin. -->","yoast_head_json":{"title":"Coment\u00e1rio: Jap\u00e3o est\u00e1 prejudicando o mundo inteiro - CRI e Diario de Pernambuco","robots":{"index":"index","follow":"follow","max-snippet":"max-snippet:-1","max-image-preview":"max-image-preview:large","max-video-preview":"max-video-preview:-1"},"canonical":"https:\/\/diariodepe.com.br\/cri\/2023\/03\/01\/comentario-japao-esta-prejudicando-o-mundo-inteiro\/","og_locale":"pt_BR","og_type":"article","og_title":"Coment\u00e1rio: Jap\u00e3o est\u00e1 prejudicando o mundo inteiro - CRI e Diario de Pernambuco","og_description":"O acidente nuclear da usina de Fukushima j\u00e1 completou 12 anos, mas o governo japon\u00eas n\u00e3o recuperou sua credibilidade p\u00fablica, ao contr\u00e1rio, est\u00e1 cada vez mais longe do caminho certo. O ministro da Economia do Jap\u00e3o, Yasutoshi Nishimura, apresentou o...","og_url":"https:\/\/diariodepe.com.br\/cri\/2023\/03\/01\/comentario-japao-esta-prejudicando-o-mundo-inteiro\/","og_site_name":"CRI e Diario de Pernambuco","article_published_time":"2023-03-01T07:04:35+00:00","article_modified_time":"2023-03-01T07:04:36+00:00","author":"Ismael Lucas S. Pereira","twitter_card":"summary_large_image","twitter_misc":{"Escrito por":"Ismael Lucas S. Pereira","Est. tempo de leitura":"3 minutos"},"schema":{"@context":"https:\/\/schema.org","@graph":[{"@type":"Article","@id":"https:\/\/diariodepe.com.br\/cri\/2023\/03\/01\/comentario-japao-esta-prejudicando-o-mundo-inteiro\/#article","isPartOf":{"@id":"https:\/\/diariodepe.com.br\/cri\/2023\/03\/01\/comentario-japao-esta-prejudicando-o-mundo-inteiro\/"},"author":{"name":"Ismael Lucas S. Pereira","@id":"https:\/\/diariodepe.com.br\/cri\/#\/schema\/person\/121bb28d84f1a5b1205ef4ce9c2e0c6b"},"headline":"Coment\u00e1rio: Jap\u00e3o est\u00e1 prejudicando o mundo inteiro","datePublished":"2023-03-01T07:04:35+00:00","dateModified":"2023-03-01T07:04:36+00:00","mainEntityOfPage":{"@id":"https:\/\/diariodepe.com.br\/cri\/2023\/03\/01\/comentario-japao-esta-prejudicando-o-mundo-inteiro\/"},"wordCount":482,"commentCount":0,"publisher":{"@id":"https:\/\/diariodepe.com.br\/cri\/#organization"},"articleSection":["Vis\u00e3o"],"inLanguage":"pt-BR","potentialAction":[{"@type":"CommentAction","name":"Comment","target":["https:\/\/diariodepe.com.br\/cri\/2023\/03\/01\/comentario-japao-esta-prejudicando-o-mundo-inteiro\/#respond"]}]},{"@type":"WebPage","@id":"https:\/\/diariodepe.com.br\/cri\/2023\/03\/01\/comentario-japao-esta-prejudicando-o-mundo-inteiro\/","url":"https:\/\/diariodepe.com.br\/cri\/2023\/03\/01\/comentario-japao-esta-prejudicando-o-mundo-inteiro\/","name":"Coment\u00e1rio: Jap\u00e3o est\u00e1 prejudicando o mundo inteiro - CRI e Diario de Pernambuco","isPartOf":{"@id":"https:\/\/diariodepe.com.br\/cri\/#website"},"datePublished":"2023-03-01T07:04:35+00:00","dateModified":"2023-03-01T07:04:36+00:00","breadcrumb":{"@id":"https:\/\/diariodepe.com.br\/cri\/2023\/03\/01\/comentario-japao-esta-prejudicando-o-mundo-inteiro\/#breadcrumb"},"inLanguage":"pt-BR","potentialAction":[{"@type":"ReadAction","target":["https:\/\/diariodepe.com.br\/cri\/2023\/03\/01\/comentario-japao-esta-prejudicando-o-mundo-inteiro\/"]}]},{"@type":"BreadcrumbList","@id":"https:\/\/diariodepe.com.br\/cri\/2023\/03\/01\/comentario-japao-esta-prejudicando-o-mundo-inteiro\/#breadcrumb","itemListElement":[{"@type":"ListItem","position":1,"name":"In\u00edcio","item":"https:\/\/diariodepe.com.br\/cri\/"},{"@type":"ListItem","position":2,"name":"Coment\u00e1rio: Jap\u00e3o est\u00e1 prejudicando o mundo inteiro"}]},{"@type":"WebSite","@id":"https:\/\/diariodepe.com.br\/cri\/#website","url":"https:\/\/diariodepe.com.br\/cri\/","name":"CRI e Diario de Pernambuco","description":"R\u00e1dio Internacional da China","publisher":{"@id":"https:\/\/diariodepe.com.br\/cri\/#organization"},"potentialAction":[{"@type":"SearchAction","target":{"@type":"EntryPoint","urlTemplate":"https:\/\/diariodepe.com.br\/cri\/?s={search_term_string}"},"query-input":{"@type":"PropertyValueSpecification","valueRequired":true,"valueName":"search_term_string"}}],"inLanguage":"pt-BR"},{"@type":"Organization","@id":"https:\/\/diariodepe.com.br\/cri\/#organization","name":"CRI e Diario de Pernambuco","url":"https:\/\/diariodepe.com.br\/cri\/","logo":{"@type":"ImageObject","inLanguage":"pt-BR","@id":"https:\/\/diariodepe.com.br\/cri\/#\/schema\/logo\/image\/","url":"https:\/\/diariodepe.com.br\/cri\/wp-content\/uploads\/sites\/2\/2022\/12\/cropped-Logo.jpg","contentUrl":"https:\/\/diariodepe.com.br\/cri\/wp-content\/uploads\/sites\/2\/2022\/12\/cropped-Logo.jpg","width":700,"height":59,"caption":"CRI e Diario de Pernambuco"},"image":{"@id":"https:\/\/diariodepe.com.br\/cri\/#\/schema\/logo\/image\/"}},{"@type":"Person","@id":"https:\/\/diariodepe.com.br\/cri\/#\/schema\/person\/121bb28d84f1a5b1205ef4ce9c2e0c6b","name":"Ismael Lucas S. Pereira","image":{"@type":"ImageObject","inLanguage":"pt-BR","@id":"https:\/\/secure.gravatar.com\/avatar\/887a0f3b5a7ceea963a48499fb883ffce6b5037362def025c52c2505b15d63e4?s=96&d=mm&r=g","url":"https:\/\/secure.gravatar.com\/avatar\/887a0f3b5a7ceea963a48499fb883ffce6b5037362def025c52c2505b15d63e4?s=96&d=mm&r=g","contentUrl":"https:\/\/secure.gravatar.com\/avatar\/887a0f3b5a7ceea963a48499fb883ffce6b5037362def025c52c2505b15d63e4?s=96&d=mm&r=g","caption":"Ismael Lucas S. Pereira"},"url":"https:\/\/diariodepe.com.br\/cri\/author\/ismael-lucas\/"}]}},"cc_featured_image_caption":{"caption_text":"","source_text":"","source_url":""},"amp_enabled":true,"_links":{"self":[{"href":"https:\/\/diariodepe.com.br\/cri\/wp-json\/wp\/v2\/posts\/702","targetHints":{"allow":["GET"]}}],"collection":[{"href":"https:\/\/diariodepe.com.br\/cri\/wp-json\/wp\/v2\/posts"}],"about":[{"href":"https:\/\/diariodepe.com.br\/cri\/wp-json\/wp\/v2\/types\/post"}],"author":[{"embeddable":true,"href":"https:\/\/diariodepe.com.br\/cri\/wp-json\/wp\/v2\/users\/2"}],"replies":[{"embeddable":true,"href":"https:\/\/diariodepe.com.br\/cri\/wp-json\/wp\/v2\/comments?post=702"}],"version-history":[{"count":1,"href":"https:\/\/diariodepe.com.br\/cri\/wp-json\/wp\/v2\/posts\/702\/revisions"}],"predecessor-version":[{"id":703,"href":"https:\/\/diariodepe.com.br\/cri\/wp-json\/wp\/v2\/posts\/702\/revisions\/703"}],"wp:attachment":[{"href":"https:\/\/diariodepe.com.br\/cri\/wp-json\/wp\/v2\/media?parent=702"}],"wp:term":[{"taxonomy":"category","embeddable":true,"href":"https:\/\/diariodepe.com.br\/cri\/wp-json\/wp\/v2\/categories?post=702"},{"taxonomy":"post_tag","embeddable":true,"href":"https:\/\/diariodepe.com.br\/cri\/wp-json\/wp\/v2\/tags?post=702"}],"curies":[{"name":"wp","href":"https:\/\/api.w.org\/{rel}","templated":true}]}}